{"id":10386,"date":"2024-01-29T11:34:14","date_gmt":"2024-01-29T10:34:14","guid":{"rendered":"https:\/\/lecasierfrancais.fr\/?p=10386"},"modified":"2024-06-04T16:15:39","modified_gmt":"2024-06-04T14:15:39","slug":"circuit-court-nos-modes-de-consommation-evoluent","status":"publish","type":"post","link":"https:\/\/lecasierfrancais.fr\/index.php\/2024\/01\/29\/circuit-court-nos-modes-de-consommation-evoluent\/","title":{"rendered":"CIRCUIT COURT : nos modes de consommation \u00e9voluent"},"content":{"rendered":"[vc_row type=\u00a0\u00bbin_container\u00a0\u00bb full_screen_row_position=\u00a0\u00bbmiddle\u00a0\u00bb scene_position=\u00a0\u00bbcenter\u00a0\u00bb text_color=\u00a0\u00bbdark\u00a0\u00bb text_align=\u00a0\u00bbleft\u00a0\u00bb overlay_strength=\u00a0\u00bb0.3&Prime; shape_divider_position=\u00a0\u00bbbottom\u00a0\u00bb][vc_column column_padding=\u00a0\u00bbno-extra-padding\u00a0\u00bb column_padding_position=\u00a0\u00bball\u00a0\u00bb background_color_opacity=\u00a0\u00bb1&Prime; background_hover_color_opacity=\u00a0\u00bb1&Prime; column_shadow=\u00a0\u00bbnone\u00a0\u00bb column_border_radius=\u00a0\u00bbnone\u00a0\u00bb width=\u00a0\u00bb1\/1&Prime; tablet_text_alignment=\u00a0\u00bbdefault\u00a0\u00bb phone_text_alignment=\u00a0\u00bbdefault\u00a0\u00bb column_border_width=\u00a0\u00bbnone\u00a0\u00bb column_border_style=\u00a0\u00bbsolid\u00a0\u00bb][vc_column_text]<em>Vendre en circuit court, le souhait de nombreux producteurs. \u00c0 l&rsquo;heure o\u00f9 nos modes de consommation \u00e9voluent, Le Casier Fran\u00e7ais r\u00e9volutionne le circuit court et la vente directe avec l&rsquo;apparition des casiers distributeurs. Producteurs et consommateurs se retrouvent dans ce nouveau canal de distribution qui valorise avant tout le savoir-faire des agriculteurs, producteurs, commer\u00e7ants et artisans et accro\u00eet leur chiffre d&rsquo;affaires.<\/em>[\/vc_column_text][\/vc_column][\/vc_row][vc_row type=\u00a0\u00bbin_container\u00a0\u00bb full_screen_row_position=\u00a0\u00bbmiddle\u00a0\u00bb scene_position=\u00a0\u00bbcenter\u00a0\u00bb text_color=\u00a0\u00bbdark\u00a0\u00bb text_align=\u00a0\u00bbleft\u00a0\u00bb overlay_strength=\u00a0\u00bb0.3&Prime; shape_divider_position=\u00a0\u00bbbottom\u00a0\u00bb][vc_column column_padding=\u00a0\u00bbno-extra-padding\u00a0\u00bb column_padding_position=\u00a0\u00bball\u00a0\u00bb background_color_opacity=\u00a0\u00bb1&Prime; background_hover_color_opacity=\u00a0\u00bb1&Prime; column_shadow=\u00a0\u00bbnone\u00a0\u00bb column_border_radius=\u00a0\u00bbnone\u00a0\u00bb width=\u00a0\u00bb1\/1&Prime; tablet_text_alignment=\u00a0\u00bbdefault\u00a0\u00bb phone_text_alignment=\u00a0\u00bbdefault\u00a0\u00bb column_border_width=\u00a0\u00bbnone\u00a0\u00bb column_border_style=\u00a0\u00bbsolid\u00a0\u00bb]<div class=\"img-with-aniamtion-wrap center\" data-max-width=\"100%\" data-border-radius=\"none\"><div class=\"inner\"><a href=\"https:\/\/lecasierfrancais.fr\/wp-content\/uploads\/2024\/01\/01-1-scaled-e1706174512401.jpg\" class=\"pp center\"><img decoding=\"async\" data-shadow=\"none\" data-shadow-direction=\"middle\" class=\"img-with-animation \" data-delay=\"0\" height=\"394\" width=\"700\" data-animation=\"none\" src=\"https:\/\/lecasierfrancais.fr\/wp-content\/uploads\/2024\/01\/01-1-scaled-e1706174512401.jpg\"  alt=\"De nos producteurs \u00e0 nos casiers, livraison de fruits et l\u00e9gumes pour le circuit court\" \/><\/a><\/div><\/div>[\/vc_column][\/vc_row][vc_row type=\u00a0\u00bbin_container\u00a0\u00bb full_screen_row_position=\u00a0\u00bbmiddle\u00a0\u00bb scene_position=\u00a0\u00bbcenter\u00a0\u00bb text_color=\u00a0\u00bbdark\u00a0\u00bb text_align=\u00a0\u00bbleft\u00a0\u00bb overlay_strength=\u00a0\u00bb0.3&Prime; shape_divider_position=\u00a0\u00bbbottom\u00a0\u00bb][vc_column column_padding=\u00a0\u00bbno-extra-padding\u00a0\u00bb column_padding_position=\u00a0\u00bball\u00a0\u00bb background_color_opacity=\u00a0\u00bb1&Prime; background_hover_color_opacity=\u00a0\u00bb1&Prime; column_shadow=\u00a0\u00bbnone\u00a0\u00bb column_border_radius=\u00a0\u00bbnone\u00a0\u00bb width=\u00a0\u00bb1\/1&Prime; tablet_text_alignment=\u00a0\u00bbdefault\u00a0\u00bb phone_text_alignment=\u00a0\u00bbdefault\u00a0\u00bb column_border_width=\u00a0\u00bbnone\u00a0\u00bb column_border_style=\u00a0\u00bbsolid\u00a0\u00bb][vc_custom_heading text=\u00a0\u00bb\u00c0 l&rsquo;heure du consommer local\u00a0\u00bb use_theme_fonts=\u00a0\u00bbyes\u00a0\u00bb][vc_column_text]En observant les habitude des m\u00e9nages fran\u00e7ais, on constate que le <strong>circuit court <\/strong>prend une place de plus en plus importante dans nos modes de consommation. Revenir \u00e0 des commerces plus petits, de proximit\u00e9 et dont on conna\u00eet l\u2019origine des produits sont les int\u00e9r\u00eats d\u2019aujourd\u2019hui. De plus en plus de familles s\u2019\u00e9loignent des grands supermarch\u00e9s. Si leurs aspects pratiques, rapides et facilement accessibles ont fait fureur pendant des dizaines d\u2019ann\u00e9es, on ressent aujourd\u2019hui le besoin de revenir aux fondamentaux.<\/p>\n<p>Ce qu\u2019on veut d\u00e9sormais, c\u2019est <strong>manger des produits frais, de saison, locaux et de qualit\u00e9 sup\u00e9rieure<\/strong>. Les consommateurs ont besoin de conna\u00eetre la provenance des produits qu\u2019ils ach\u00e8tent et savoir ce qu\u2019ils ont dans l\u2019assiette.<\/p>\n<p>Bien \u00e9videmment, le <strong>facteur \u00e9cologique<\/strong> rentre \u00e9galement en consid\u00e9ration. En effet, une consommation locale et de saison permet de r\u00e9duire l\u2019empreinte carbone li\u00e9e au transport et \u00e0 la cultivation sous serre.<\/p>\n<p>Enfin, manger local permet \u00e9galement au consommateur de <strong>soutenir les producteurs locaux qui l\u2019entourent et de valoriser leur savoir-faire.<\/strong>[\/vc_column_text][\/vc_column][\/vc_row][vc_row type=\u00a0\u00bbin_container\u00a0\u00bb full_screen_row_position=\u00a0\u00bbmiddle\u00a0\u00bb scene_position=\u00a0\u00bbcenter\u00a0\u00bb text_color=\u00a0\u00bbdark\u00a0\u00bb text_align=\u00a0\u00bbleft\u00a0\u00bb overlay_strength=\u00a0\u00bb0.3&Prime; shape_divider_position=\u00a0\u00bbbottom\u00a0\u00bb][vc_column column_padding=\u00a0\u00bbno-extra-padding\u00a0\u00bb column_padding_position=\u00a0\u00bball\u00a0\u00bb background_color_opacity=\u00a0\u00bb1&Prime; background_hover_color_opacity=\u00a0\u00bb1&Prime; column_shadow=\u00a0\u00bbnone\u00a0\u00bb column_border_radius=\u00a0\u00bbnone\u00a0\u00bb width=\u00a0\u00bb1\/1&Prime; tablet_text_alignment=\u00a0\u00bbdefault\u00a0\u00bb phone_text_alignment=\u00a0\u00bbdefault\u00a0\u00bb column_border_width=\u00a0\u00bbnone\u00a0\u00bb column_border_style=\u00a0\u00bbsolid\u00a0\u00bb][vc_custom_heading text=\u00a0\u00bbMoins d&rsquo;interm\u00e9diaires, plus de b\u00e9n\u00e9fices\u00a0\u00bb use_theme_fonts=\u00a0\u00bbyes\u00a0\u00bb][vc_column_text]C\u2019est le cercle vertueux du circuit court. R\u00e9duire les interm\u00e9diaires entre le producteur et le consommateur, c\u2019est la garantie de <strong>vendre ses produits au prix juste<\/strong> et de <strong>b\u00e9n\u00e9ficier d\u2019une marge plus \u00e9lev\u00e9e.<\/strong>\u00a0 En effet, dans un sch\u00e9ma de commercialisation, les frais de transport et le court des produits am\u00e8nent souvent le producteur \u00e0 rogner ses b\u00e9n\u00e9fices.[\/vc_column_text][\/vc_column][\/vc_row][vc_row type=\u00a0\u00bbin_container\u00a0\u00bb full_screen_row_position=\u00a0\u00bbmiddle\u00a0\u00bb scene_position=\u00a0\u00bbcenter\u00a0\u00bb text_color=\u00a0\u00bbdark\u00a0\u00bb text_align=\u00a0\u00bbleft\u00a0\u00bb overlay_strength=\u00a0\u00bb0.3&Prime; shape_divider_position=\u00a0\u00bbbottom\u00a0\u00bb][vc_column column_padding=\u00a0\u00bbno-extra-padding\u00a0\u00bb column_padding_position=\u00a0\u00bball\u00a0\u00bb background_color_opacity=\u00a0\u00bb1&Prime; background_hover_color_opacity=\u00a0\u00bb1&Prime; column_shadow=\u00a0\u00bbnone\u00a0\u00bb column_border_radius=\u00a0\u00bbnone\u00a0\u00bb width=\u00a0\u00bb1\/1&Prime; tablet_text_alignment=\u00a0\u00bbdefault\u00a0\u00bb phone_text_alignment=\u00a0\u00bbdefault\u00a0\u00bb column_border_width=\u00a0\u00bbnone\u00a0\u00bb column_border_style=\u00a0\u00bbsolid\u00a0\u00bb]<div class=\"img-with-aniamtion-wrap center\" data-max-width=\"100%\" data-border-radius=\"none\"><div class=\"inner\"><a href=\"https:\/\/lecasierfrancais.fr\/wp-content\/uploads\/2024\/01\/20170101011608_IMG_5091-scaled-e1706174709988.jpg\" class=\"pp center\"><img decoding=\"async\" data-shadow=\"none\" data-shadow-direction=\"middle\" class=\"img-with-animation \" data-delay=\"0\" height=\"526\" width=\"700\" data-animation=\"none\" src=\"https:\/\/lecasierfrancais.fr\/wp-content\/uploads\/2024\/01\/20170101011608_IMG_5091-scaled-e1706174709988.jpg\"  alt=\"chargement du casier avec des salades\" \/><\/a><\/div><\/div>[\/vc_column][\/vc_row][vc_row type=\u00a0\u00bbin_container\u00a0\u00bb full_screen_row_position=\u00a0\u00bbmiddle\u00a0\u00bb scene_position=\u00a0\u00bbcenter\u00a0\u00bb text_color=\u00a0\u00bbdark\u00a0\u00bb text_align=\u00a0\u00bbleft\u00a0\u00bb overlay_strength=\u00a0\u00bb0.3&Prime; shape_divider_position=\u00a0\u00bbbottom\u00a0\u00bb][vc_column column_padding=\u00a0\u00bbno-extra-padding\u00a0\u00bb column_padding_position=\u00a0\u00bball\u00a0\u00bb background_color_opacity=\u00a0\u00bb1&Prime; background_hover_color_opacity=\u00a0\u00bb1&Prime; column_shadow=\u00a0\u00bbnone\u00a0\u00bb column_border_radius=\u00a0\u00bbnone\u00a0\u00bb width=\u00a0\u00bb1\/1&Prime; tablet_text_alignment=\u00a0\u00bbdefault\u00a0\u00bb phone_text_alignment=\u00a0\u00bbdefault\u00a0\u00bb column_border_width=\u00a0\u00bbnone\u00a0\u00bb column_border_style=\u00a0\u00bbsolid\u00a0\u00bb][vc_custom_heading text=\u00a0\u00bbLe circuit court, c&rsquo;est entre vous et votre consommateur\u00a0\u00bb use_theme_fonts=\u00a0\u00bbyes\u00a0\u00bb][vc_column_text]Le<a href=\"https:\/\/lp.lecasierfrancais.fr\/\" target=\"_blank\" rel=\"noopener\"> circuit court<\/a>, sans surprise, <strong>profite aussi bien au producteur qu\u2019au consommateur.<\/strong> Il offre une r\u00e9mun\u00e9ration juste au producteur qui valorise son travail et son produit tout en restant accessible pour le consommateur.<\/p>\n<p>Moins de transport pour les fruits et l\u00e9gumes, c\u2019est aussi permettre la production de produits arriv\u00e9s \u00e0 maturit\u00e9 avec du go\u00fbt et tous les nutriments qu\u2019ils m\u00e9ritent. <strong>Il n\u2019y a que chez le producteur que le consommateur trouve des produits d\u2019une telle qualit\u00e9<\/strong> et fra\u00eecheur\u00a0![\/vc_column_text][\/vc_column][\/vc_row][vc_row type=\u00a0\u00bbin_container\u00a0\u00bb full_screen_row_position=\u00a0\u00bbmiddle\u00a0\u00bb scene_position=\u00a0\u00bbcenter\u00a0\u00bb text_color=\u00a0\u00bbdark\u00a0\u00bb text_align=\u00a0\u00bbleft\u00a0\u00bb overlay_strength=\u00a0\u00bb0.3&Prime; shape_divider_position=\u00a0\u00bbbottom\u00a0\u00bb][vc_column column_padding=\u00a0\u00bbno-extra-padding\u00a0\u00bb column_padding_position=\u00a0\u00bball\u00a0\u00bb background_color_opacity=\u00a0\u00bb1&Prime; background_hover_color_opacity=\u00a0\u00bb1&Prime; column_shadow=\u00a0\u00bbnone\u00a0\u00bb column_border_radius=\u00a0\u00bbnone\u00a0\u00bb width=\u00a0\u00bb1\/1&Prime; tablet_text_alignment=\u00a0\u00bbdefault\u00a0\u00bb phone_text_alignment=\u00a0\u00bbdefault\u00a0\u00bb column_border_width=\u00a0\u00bbnone\u00a0\u00bb column_border_style=\u00a0\u00bbsolid\u00a0\u00bb]<div class=\"img-with-aniamtion-wrap center\" data-max-width=\"100%\" data-border-radius=\"none\"><div class=\"inner\"><a href=\"https:\/\/lecasierfrancais.fr\/wp-content\/uploads\/2024\/01\/20170101010921_IMG_5035-scaled-e1709639665736.jpg\" class=\"pp center\"><img decoding=\"async\" data-shadow=\"none\" data-shadow-direction=\"middle\" class=\"img-with-animation \" data-delay=\"0\" height=\"376\" width=\"500\" data-animation=\"none\" src=\"https:\/\/lecasierfrancais.fr\/wp-content\/uploads\/2024\/01\/20170101010921_IMG_5035-scaled-e1709639665736.jpg\"  alt=\"casier r\u00e9cup\u00e9ration de commande\" \/><\/a><\/div><\/div>[\/vc_column][\/vc_row][vc_row type=\u00a0\u00bbin_container\u00a0\u00bb full_screen_row_position=\u00a0\u00bbmiddle\u00a0\u00bb scene_position=\u00a0\u00bbcenter\u00a0\u00bb text_color=\u00a0\u00bbdark\u00a0\u00bb text_align=\u00a0\u00bbleft\u00a0\u00bb overlay_strength=\u00a0\u00bb0.3&Prime; shape_divider_position=\u00a0\u00bbbottom\u00a0\u00bb][vc_column column_padding=\u00a0\u00bbno-extra-padding\u00a0\u00bb column_padding_position=\u00a0\u00bball\u00a0\u00bb background_color_opacity=\u00a0\u00bb1&Prime; background_hover_color_opacity=\u00a0\u00bb1&Prime; column_shadow=\u00a0\u00bbnone\u00a0\u00bb column_border_radius=\u00a0\u00bbnone\u00a0\u00bb width=\u00a0\u00bb1\/1&Prime; tablet_text_alignment=\u00a0\u00bbdefault\u00a0\u00bb phone_text_alignment=\u00a0\u00bbdefault\u00a0\u00bb column_border_width=\u00a0\u00bbnone\u00a0\u00bb column_border_style=\u00a0\u00bbsolid\u00a0\u00bb][vc_custom_heading text=\u00a0\u00bbDes consommateurs toujours plus satisfaits\u00a0\u00bb use_theme_fonts=\u00a0\u00bbyes\u00a0\u00bb][vc_column_text]Savoir d\u2019o\u00f9 viennent les ingr\u00e9dients que l\u2019on a dans l\u2019assiette, mieux conna\u00eetre les producteurs locaux et leur fa\u00e7on de travailler\u2026 Les avantages du circuit court pour le consommateur semblent \u00e9vidents. En plus, le circuit court <strong>limite consid\u00e9rablement les kilom\u00e8tres parcourus<\/strong> par les fruits et l\u00e9gumes qui viennent parfois du bout du monde. Il encourage \u00e9galement, par ce m\u00eame biais, \u00e0 consommer des produits de saison et \u00e0 r\u00e9duire le (sur)emballage. Le consommateur mange <strong>\u00e9coresponsable<\/strong> et <strong>soutient ceux qui le nourrissent !<\/strong>[\/vc_column_text][\/vc_column][\/vc_row][vc_row type=\u00a0\u00bbin_container\u00a0\u00bb full_screen_row_position=\u00a0\u00bbmiddle\u00a0\u00bb scene_position=\u00a0\u00bbcenter\u00a0\u00bb text_color=\u00a0\u00bbdark\u00a0\u00bb text_align=\u00a0\u00bbleft\u00a0\u00bb overlay_strength=\u00a0\u00bb0.3&Prime; shape_divider_position=\u00a0\u00bbbottom\u00a0\u00bb][vc_column column_padding=\u00a0\u00bbno-extra-padding\u00a0\u00bb column_padding_position=\u00a0\u00bball\u00a0\u00bb background_color_opacity=\u00a0\u00bb1&Prime; background_hover_color_opacity=\u00a0\u00bb1&Prime; column_shadow=\u00a0\u00bbnone\u00a0\u00bb column_border_radius=\u00a0\u00bbnone\u00a0\u00bb width=\u00a0\u00bb1\/1&Prime; tablet_text_alignment=\u00a0\u00bbdefault\u00a0\u00bb phone_text_alignment=\u00a0\u00bbdefault\u00a0\u00bb column_border_width=\u00a0\u00bbnone\u00a0\u00bb column_border_style=\u00a0\u00bbsolid\u00a0\u00bb][vc_custom_heading text=\u00a0\u00bbLe distributeur alimentaire : en marche vers le circuit court\u00a0\u00bb use_theme_fonts=\u00a0\u00bbyes\u00a0\u00bb][vc_column_text]Les <a href=\"https:\/\/lecasierfrancais.fr\/index.php\/nos-solutions-modulables\/\" target=\"_blank\" rel=\"noopener\">casiers de produits locaux<\/a> ont donc une vocation commune pour le consommateur et le producteur\u00a0: <strong>le circuit court.<\/strong> Celui-ci r\u00e9pond aux besoins de tous et r\u00e9duit les interm\u00e9diaires entre le champ et l\u2019assiette. Gr\u00e2ce aux <strong>casiers de distribution<\/strong>, nous avan\u00e7ons ensemble dans une seule direction, celle d\u2019une agriculture locale et durable. Nos solutions de vente en circuit court par casiers aident producteurs et agriculteurs \u00e0 valoriser leurs productions locales. Gr\u00e2ce \u00e0 cela, d\u00e9j\u00e0 <strong>plus de 7 millions de ventes en circuit court dans les casiers Le Casier Fran\u00e7ais<\/strong> et plus de 40 millions d&rsquo;euros rendus aux agriculteurs.[\/vc_column_text][\/vc_column][\/vc_row][vc_row type=\u00a0\u00bbin_container\u00a0\u00bb full_screen_row_position=\u00a0\u00bbmiddle\u00a0\u00bb scene_position=\u00a0\u00bbcenter\u00a0\u00bb text_color=\u00a0\u00bbdark\u00a0\u00bb text_align=\u00a0\u00bbleft\u00a0\u00bb overlay_strength=\u00a0\u00bb0.3&Prime; shape_divider_position=\u00a0\u00bbbottom\u00a0\u00bb][vc_column column_padding=\u00a0\u00bbno-extra-padding\u00a0\u00bb column_padding_position=\u00a0\u00bball\u00a0\u00bb background_color_opacity=\u00a0\u00bb1&Prime; background_hover_color_opacity=\u00a0\u00bb1&Prime; column_shadow=\u00a0\u00bbnone\u00a0\u00bb column_border_radius=\u00a0\u00bbnone\u00a0\u00bb width=\u00a0\u00bb1\/1&Prime; tablet_text_alignment=\u00a0\u00bbdefault\u00a0\u00bb phone_text_alignment=\u00a0\u00bbdefault\u00a0\u00bb column_border_width=\u00a0\u00bbnone\u00a0\u00bb column_border_style=\u00a0\u00bbsolid\u00a0\u00bb]<div class=\"nectar-social  hide-share-count items_2\"><a class='facebook-share nectar-sharing' href='#' title='Partager ceci'> <i class='fa fa-facebook'><\/i> <span class='count'><\/span><\/a><a class='linkedin-share nectar-sharing' href='#' title='Partager ceci'> <i class='fa fa-linkedin'><\/i> <span class='count'><\/span><\/a><\/div>[\/vc_column][\/vc_row]\n","protected":false},"excerpt":{"rendered":"<p>[vc_row type=\u00a0\u00bbin_container\u00a0\u00bb full_screen_row_position=\u00a0\u00bbmiddle\u00a0\u00bb scene_position=\u00a0\u00bbcenter\u00a0\u00bb text_color=\u00a0\u00bbdark\u00a0\u00bb text_align=\u00a0\u00bbleft\u00a0\u00bb overlay_strength=\u00a0\u00bb0.3&Prime; shape_divider_position=\u00a0\u00bbbottom\u00a0\u00bb][vc_column column_padding=\u00a0\u00bbno-extra-padding\u00a0\u00bb column_padding_position=\u00a0\u00bball\u00a0\u00bb background_color_opacity=\u00a0\u00bb1&Prime; background_hover_color_opacity=\u00a0\u00bb1&Prime; column_shadow=\u00a0\u00bbnone\u00a0\u00bb column_border_radius=\u00a0\u00bbnone\u00a0\u00bb width=\u00a0\u00bb1\/1&Prime;&#8230;<\/p>\n","protected":false},"author":8,"featured_media":9888,"comment_status":"open","ping_status":"open","sticky":false,"template":"","format":"standard","meta":{"footnotes":""},"categories":[405],"tags":[569,560,570,417,571,421,572],"class_list":{"0":"post-10386","1":"post","2":"type-post","3":"status-publish","4":"format-standard","5":"has-post-thumbnail","7":"category-news","8":"tag-casiers-automatiques","9":"tag-casiers-connectes","10":"tag-casiers-distributeurs","11":"tag-circuit-court","12":"tag-consommation","13":"tag-le-casier-francais","14":"tag-producteurs"},"yoast_head":"<!-- This site is optimized with the Yoast SEO Premium plugin v26.6 (Yoast SEO v26.6) - https:\/\/yoast.com\/wordpress\/plugins\/seo\/ -->\n<title>CIRCUIT COURT : nos modes de consommation \u00e9voluent - Le Casier Fran\u00e7ais<\/title>\n<meta name=\"description\" content=\"Du champs \u00e0 l&#039;assiette ou comment le circuit court conna\u00eet un succ\u00e8s grandissant. Le Casier Fran\u00e7ais valorise le savoir-faire des producteurs.\" \/>\n<meta name=\"robots\" content=\"index, follow, max-snippet:-1, max-image-preview:large, max-video-preview:-1\" \/>\n<link rel=\"canonical\" href=\"https:\/\/lecasierfrancais.fr\/index.php\/2024\/01\/29\/circuit-court-nos-modes-de-consommation-evoluent\/\" \/>\n<meta property=\"og:locale\" content=\"fr_FR\" \/>\n<meta property=\"og:type\" content=\"article\" \/>\n<meta property=\"og:title\" content=\"CIRCUIT COURT : nos modes de consommation \u00e9voluent\" \/>\n<meta property=\"og:description\" content=\"Du champs \u00e0 l&#039;assiette ou comment le circuit court conna\u00eet un succ\u00e8s grandissant. Le Casier Fran\u00e7ais valorise le savoir-faire des producteurs.\" \/>\n<meta property=\"og:url\" content=\"https:\/\/lecasierfrancais.fr\/index.php\/2024\/01\/29\/circuit-court-nos-modes-de-consommation-evoluent\/\" \/>\n<meta property=\"og:site_name\" content=\"Le Casier Fran\u00e7ais\" \/>\n<meta property=\"article:publisher\" content=\"https:\/\/www.facebook.com\/lecasierfrancais\/\" \/>\n<meta property=\"article:published_time\" content=\"2024-01-29T10:34:14+00:00\" \/>\n<meta property=\"article:modified_time\" content=\"2024-06-04T14:15:39+00:00\" \/>\n<meta property=\"og:image\" content=\"https:\/\/lecasierfrancais.fr\/wp-content\/uploads\/2022\/08\/ClickandCasecollect_Tomates.jpg\" \/>\n\t<meta property=\"og:image:width\" content=\"2557\" \/>\n\t<meta property=\"og:image:height\" content=\"1920\" \/>\n\t<meta property=\"og:image:type\" content=\"image\/jpeg\" \/>\n<meta name=\"author\" content=\"Le Casier Francais\" \/>\n<meta name=\"twitter:card\" content=\"summary_large_image\" \/>\n<meta name=\"twitter:label1\" content=\"\u00c9crit par\" \/>\n\t<meta name=\"twitter:data1\" content=\"Le Casier Francais\" \/>\n\t<meta name=\"twitter:label2\" content=\"Dur\u00e9e de lecture estim\u00e9e\" \/>\n\t<meta name=\"twitter:data2\" content=\"7 minutes\" \/>\n<script type=\"application\/ld+json\" class=\"yoast-schema-graph\">{\"@context\":\"https:\/\/schema.org\",\"@graph\":[{\"@type\":\"WebPage\",\"@id\":\"https:\/\/lecasierfrancais.fr\/index.php\/2024\/01\/29\/circuit-court-nos-modes-de-consommation-evoluent\/\",\"url\":\"https:\/\/lecasierfrancais.fr\/index.php\/2024\/01\/29\/circuit-court-nos-modes-de-consommation-evoluent\/\",\"name\":\"CIRCUIT COURT : nos modes de consommation \u00e9voluent - Le Casier Fran\u00e7ais\",\"isPartOf\":{\"@id\":\"https:\/\/lecasierfrancais.fr\/#website\"},\"primaryImageOfPage\":{\"@id\":\"https:\/\/lecasierfrancais.fr\/index.php\/2024\/01\/29\/circuit-court-nos-modes-de-consommation-evoluent\/#primaryimage\"},\"image\":{\"@id\":\"https:\/\/lecasierfrancais.fr\/index.php\/2024\/01\/29\/circuit-court-nos-modes-de-consommation-evoluent\/#primaryimage\"},\"thumbnailUrl\":\"https:\/\/lecasierfrancais.fr\/wp-content\/uploads\/2022\/08\/ClickandCasecollect_Tomates.jpg\",\"datePublished\":\"2024-01-29T10:34:14+00:00\",\"dateModified\":\"2024-06-04T14:15:39+00:00\",\"author\":{\"@id\":\"https:\/\/lecasierfrancais.fr\/#\/schema\/person\/7ca32438b040d2a673afe220fe3c2fbd\"},\"description\":\"Du champs \u00e0 l'assiette ou comment le circuit court conna\u00eet un succ\u00e8s grandissant. Le Casier Fran\u00e7ais valorise le savoir-faire des producteurs.\",\"breadcrumb\":{\"@id\":\"https:\/\/lecasierfrancais.fr\/index.php\/2024\/01\/29\/circuit-court-nos-modes-de-consommation-evoluent\/#breadcrumb\"},\"inLanguage\":\"fr-FR\",\"potentialAction\":[{\"@type\":\"ReadAction\",\"target\":[\"https:\/\/lecasierfrancais.fr\/index.php\/2024\/01\/29\/circuit-court-nos-modes-de-consommation-evoluent\/\"]}]},{\"@type\":\"ImageObject\",\"inLanguage\":\"fr-FR\",\"@id\":\"https:\/\/lecasierfrancais.fr\/index.php\/2024\/01\/29\/circuit-court-nos-modes-de-consommation-evoluent\/#primaryimage\",\"url\":\"https:\/\/lecasierfrancais.fr\/wp-content\/uploads\/2022\/08\/ClickandCasecollect_Tomates.jpg\",\"contentUrl\":\"https:\/\/lecasierfrancais.fr\/wp-content\/uploads\/2022\/08\/ClickandCasecollect_Tomates.jpg\",\"width\":2557,\"height\":1920,\"caption\":\"Panier fruits et l\u00e9gumes qui sort du casier\"},{\"@type\":\"BreadcrumbList\",\"@id\":\"https:\/\/lecasierfrancais.fr\/index.php\/2024\/01\/29\/circuit-court-nos-modes-de-consommation-evoluent\/#breadcrumb\",\"itemListElement\":[{\"@type\":\"ListItem\",\"position\":1,\"name\":\"Accueil\",\"item\":\"https:\/\/lecasierfrancais.fr\/\"},{\"@type\":\"ListItem\",\"position\":2,\"name\":\"CIRCUIT COURT : nos modes de consommation \u00e9voluent\"}]},{\"@type\":\"WebSite\",\"@id\":\"https:\/\/lecasierfrancais.fr\/#website\",\"url\":\"https:\/\/lecasierfrancais.fr\/\",\"name\":\"Le Casier Fran\u00e7ais\",\"description\":\"Fabricant de casiers connect\u00e9s pour la vente directe de vos produits\",\"potentialAction\":[{\"@type\":\"SearchAction\",\"target\":{\"@type\":\"EntryPoint\",\"urlTemplate\":\"https:\/\/lecasierfrancais.fr\/?s={search_term_string}\"},\"query-input\":{\"@type\":\"PropertyValueSpecification\",\"valueRequired\":true,\"valueName\":\"search_term_string\"}}],\"inLanguage\":\"fr-FR\"},{\"@type\":\"Person\",\"@id\":\"https:\/\/lecasierfrancais.fr\/#\/schema\/person\/7ca32438b040d2a673afe220fe3c2fbd\",\"name\":\"Le Casier Francais\",\"image\":{\"@type\":\"ImageObject\",\"inLanguage\":\"fr-FR\",\"@id\":\"https:\/\/lecasierfrancais.fr\/#\/schema\/person\/image\/\",\"url\":\"https:\/\/secure.gravatar.com\/avatar\/f29776dfd97a4c78aee2ab31cb63a0f4097b8cc071a068daac2d914eb26fbbd4?s=96&d=mm&r=g\",\"contentUrl\":\"https:\/\/secure.gravatar.com\/avatar\/f29776dfd97a4c78aee2ab31cb63a0f4097b8cc071a068daac2d914eb26fbbd4?s=96&d=mm&r=g\",\"caption\":\"Le Casier Francais\"},\"url\":\"https:\/\/lecasierfrancais.fr\/index.php\/author\/le-casier-francais\/\"}]}<\/script>\n<!-- \/ Yoast SEO Premium plugin. -->","yoast_head_json":{"title":"CIRCUIT COURT : nos modes de consommation \u00e9voluent - Le Casier Fran\u00e7ais","description":"Du champs \u00e0 l'assiette ou comment le circuit court conna\u00eet un succ\u00e8s grandissant. Le Casier Fran\u00e7ais valorise le savoir-faire des producteurs.","robots":{"index":"index","follow":"follow","max-snippet":"max-snippet:-1","max-image-preview":"max-image-preview:large","max-video-preview":"max-video-preview:-1"},"canonical":"https:\/\/lecasierfrancais.fr\/index.php\/2024\/01\/29\/circuit-court-nos-modes-de-consommation-evoluent\/","og_locale":"fr_FR","og_type":"article","og_title":"CIRCUIT COURT : nos modes de consommation \u00e9voluent","og_description":"Du champs \u00e0 l'assiette ou comment le circuit court conna\u00eet un succ\u00e8s grandissant. Le Casier Fran\u00e7ais valorise le savoir-faire des producteurs.","og_url":"https:\/\/lecasierfrancais.fr\/index.php\/2024\/01\/29\/circuit-court-nos-modes-de-consommation-evoluent\/","og_site_name":"Le Casier Fran\u00e7ais","article_publisher":"https:\/\/www.facebook.com\/lecasierfrancais\/","article_published_time":"2024-01-29T10:34:14+00:00","article_modified_time":"2024-06-04T14:15:39+00:00","og_image":[{"width":2557,"height":1920,"url":"https:\/\/lecasierfrancais.fr\/wp-content\/uploads\/2022\/08\/ClickandCasecollect_Tomates.jpg","type":"image\/jpeg"}],"author":"Le Casier Francais","twitter_card":"summary_large_image","twitter_misc":{"\u00c9crit par":"Le Casier Francais","Dur\u00e9e de lecture estim\u00e9e":"7 minutes"},"schema":{"@context":"https:\/\/schema.org","@graph":[{"@type":"WebPage","@id":"https:\/\/lecasierfrancais.fr\/index.php\/2024\/01\/29\/circuit-court-nos-modes-de-consommation-evoluent\/","url":"https:\/\/lecasierfrancais.fr\/index.php\/2024\/01\/29\/circuit-court-nos-modes-de-consommation-evoluent\/","name":"CIRCUIT COURT : nos modes de consommation \u00e9voluent - Le Casier Fran\u00e7ais","isPartOf":{"@id":"https:\/\/lecasierfrancais.fr\/#website"},"primaryImageOfPage":{"@id":"https:\/\/lecasierfrancais.fr\/index.php\/2024\/01\/29\/circuit-court-nos-modes-de-consommation-evoluent\/#primaryimage"},"image":{"@id":"https:\/\/lecasierfrancais.fr\/index.php\/2024\/01\/29\/circuit-court-nos-modes-de-consommation-evoluent\/#primaryimage"},"thumbnailUrl":"https:\/\/lecasierfrancais.fr\/wp-content\/uploads\/2022\/08\/ClickandCasecollect_Tomates.jpg","datePublished":"2024-01-29T10:34:14+00:00","dateModified":"2024-06-04T14:15:39+00:00","author":{"@id":"https:\/\/lecasierfrancais.fr\/#\/schema\/person\/7ca32438b040d2a673afe220fe3c2fbd"},"description":"Du champs \u00e0 l'assiette ou comment le circuit court conna\u00eet un succ\u00e8s grandissant. Le Casier Fran\u00e7ais valorise le savoir-faire des producteurs.","breadcrumb":{"@id":"https:\/\/lecasierfrancais.fr\/index.php\/2024\/01\/29\/circuit-court-nos-modes-de-consommation-evoluent\/#breadcrumb"},"inLanguage":"fr-FR","potentialAction":[{"@type":"ReadAction","target":["https:\/\/lecasierfrancais.fr\/index.php\/2024\/01\/29\/circuit-court-nos-modes-de-consommation-evoluent\/"]}]},{"@type":"ImageObject","inLanguage":"fr-FR","@id":"https:\/\/lecasierfrancais.fr\/index.php\/2024\/01\/29\/circuit-court-nos-modes-de-consommation-evoluent\/#primaryimage","url":"https:\/\/lecasierfrancais.fr\/wp-content\/uploads\/2022\/08\/ClickandCasecollect_Tomates.jpg","contentUrl":"https:\/\/lecasierfrancais.fr\/wp-content\/uploads\/2022\/08\/ClickandCasecollect_Tomates.jpg","width":2557,"height":1920,"caption":"Panier fruits et l\u00e9gumes qui sort du casier"},{"@type":"BreadcrumbList","@id":"https:\/\/lecasierfrancais.fr\/index.php\/2024\/01\/29\/circuit-court-nos-modes-de-consommation-evoluent\/#breadcrumb","itemListElement":[{"@type":"ListItem","position":1,"name":"Accueil","item":"https:\/\/lecasierfrancais.fr\/"},{"@type":"ListItem","position":2,"name":"CIRCUIT COURT : nos modes de consommation \u00e9voluent"}]},{"@type":"WebSite","@id":"https:\/\/lecasierfrancais.fr\/#website","url":"https:\/\/lecasierfrancais.fr\/","name":"Le Casier Fran\u00e7ais","description":"Fabricant de casiers connect\u00e9s pour la vente directe de vos produits","potentialAction":[{"@type":"SearchAction","target":{"@type":"EntryPoint","urlTemplate":"https:\/\/lecasierfrancais.fr\/?s={search_term_string}"},"query-input":{"@type":"PropertyValueSpecification","valueRequired":true,"valueName":"search_term_string"}}],"inLanguage":"fr-FR"},{"@type":"Person","@id":"https:\/\/lecasierfrancais.fr\/#\/schema\/person\/7ca32438b040d2a673afe220fe3c2fbd","name":"Le Casier Francais","image":{"@type":"ImageObject","inLanguage":"fr-FR","@id":"https:\/\/lecasierfrancais.fr\/#\/schema\/person\/image\/","url":"https:\/\/secure.gravatar.com\/avatar\/f29776dfd97a4c78aee2ab31cb63a0f4097b8cc071a068daac2d914eb26fbbd4?s=96&d=mm&r=g","contentUrl":"https:\/\/secure.gravatar.com\/avatar\/f29776dfd97a4c78aee2ab31cb63a0f4097b8cc071a068daac2d914eb26fbbd4?s=96&d=mm&r=g","caption":"Le Casier Francais"},"url":"https:\/\/lecasierfrancais.fr\/index.php\/author\/le-casier-francais\/"}]}},"_links":{"self":[{"href":"https:\/\/lecasierfrancais.fr\/index.php\/wp-json\/wp\/v2\/posts\/10386","targetHints":{"allow":["GET"]}}],"collection":[{"href":"https:\/\/lecasierfrancais.fr\/index.php\/wp-json\/wp\/v2\/posts"}],"about":[{"href":"https:\/\/lecasierfrancais.fr\/index.php\/wp-json\/wp\/v2\/types\/post"}],"author":[{"embeddable":true,"href":"https:\/\/lecasierfrancais.fr\/index.php\/wp-json\/wp\/v2\/users\/8"}],"replies":[{"embeddable":true,"href":"https:\/\/lecasierfrancais.fr\/index.php\/wp-json\/wp\/v2\/comments?post=10386"}],"version-history":[{"count":19,"href":"https:\/\/lecasierfrancais.fr\/index.php\/wp-json\/wp\/v2\/posts\/10386\/revisions"}],"predecessor-version":[{"id":10432,"href":"https:\/\/lecasierfrancais.fr\/index.php\/wp-json\/wp\/v2\/posts\/10386\/revisions\/10432"}],"wp:featuredmedia":[{"embeddable":true,"href":"https:\/\/lecasierfrancais.fr\/index.php\/wp-json\/wp\/v2\/media\/9888"}],"wp:attachment":[{"href":"https:\/\/lecasierfrancais.fr\/index.php\/wp-json\/wp\/v2\/media?parent=10386"}],"wp:term":[{"taxonomy":"category","embeddable":true,"href":"https:\/\/lecasierfrancais.fr\/index.php\/wp-json\/wp\/v2\/categories?post=10386"},{"taxonomy":"post_tag","embeddable":true,"href":"https:\/\/lecasierfrancais.fr\/index.php\/wp-json\/wp\/v2\/tags?post=10386"}],"curies":[{"name":"wp","href":"https:\/\/api.w.org\/{rel}","templated":true}]}}