{"id":10466,"date":"2024-02-22T19:06:33","date_gmt":"2024-02-22T18:06:33","guid":{"rendered":"https:\/\/lecasierfrancais.fr\/?p=10466"},"modified":"2024-06-04T16:15:39","modified_gmt":"2024-06-04T14:15:39","slug":"bakery-box-by-la-fagette-casiers-pour-boulangerie","status":"publish","type":"post","link":"https:\/\/lecasierfrancais.fr\/index.php\/2024\/02\/22\/bakery-box-by-la-fagette-casiers-pour-boulangerie\/","title":{"rendered":"Bakery Box by La Fagette :  les casiers pour boulangerie deviennent un magasin concept (42) \ud83e\udd56"},"content":{"rendered":"[vc_row type=\u00a0\u00bbin_container\u00a0\u00bb full_screen_row_position=\u00a0\u00bbmiddle\u00a0\u00bb scene_position=\u00a0\u00bbcenter\u00a0\u00bb text_color=\u00a0\u00bbdark\u00a0\u00bb text_align=\u00a0\u00bbleft\u00a0\u00bb overlay_strength=\u00a0\u00bb0.3&Prime; shape_divider_position=\u00a0\u00bbbottom\u00a0\u00bb][vc_column column_padding=\u00a0\u00bbno-extra-padding\u00a0\u00bb column_padding_position=\u00a0\u00bball\u00a0\u00bb background_color_opacity=\u00a0\u00bb1&Prime; background_hover_color_opacity=\u00a0\u00bb1&Prime; column_shadow=\u00a0\u00bbnone\u00a0\u00bb column_border_radius=\u00a0\u00bbnone\u00a0\u00bb width=\u00a0\u00bb1\/1&Prime; tablet_text_alignment=\u00a0\u00bbdefault\u00a0\u00bb phone_text_alignment=\u00a0\u00bbdefault\u00a0\u00bb column_border_width=\u00a0\u00bbnone\u00a0\u00bb column_border_style=\u00a0\u00bbsolid\u00a0\u00bb][vc_column_text]<strong><em>Montbrison, dans la Loire, c\u2019est l\u00e0 que Adrien Fages et sa famille tiennent les boulangeries La Fagette. En mai 2021, presque sur un coup de t\u00eate, Adrien se lance dans la vente directe par casiers. Alors, direction la Loire pour parler de ses casiers connect\u00e9s.<\/em><\/strong>[\/vc_column_text][\/vc_column][\/vc_row][vc_row type=\u00a0\u00bbin_container\u00a0\u00bb full_screen_row_position=\u00a0\u00bbmiddle\u00a0\u00bb scene_position=\u00a0\u00bbcenter\u00a0\u00bb text_color=\u00a0\u00bbdark\u00a0\u00bb text_align=\u00a0\u00bbleft\u00a0\u00bb overlay_strength=\u00a0\u00bb0.3&Prime; shape_divider_position=\u00a0\u00bbbottom\u00a0\u00bb][vc_column column_padding=\u00a0\u00bbno-extra-padding\u00a0\u00bb column_padding_position=\u00a0\u00bball\u00a0\u00bb background_color_opacity=\u00a0\u00bb1&Prime; background_hover_color_opacity=\u00a0\u00bb1&Prime; column_shadow=\u00a0\u00bbnone\u00a0\u00bb column_border_radius=\u00a0\u00bbnone\u00a0\u00bb width=\u00a0\u00bb1\/1&Prime; tablet_text_alignment=\u00a0\u00bbdefault\u00a0\u00bb phone_text_alignment=\u00a0\u00bbdefault\u00a0\u00bb column_border_width=\u00a0\u00bbnone\u00a0\u00bb column_border_style=\u00a0\u00bbsolid\u00a0\u00bb]<div class=\"img-with-aniamtion-wrap center\" data-max-width=\"100%\" data-border-radius=\"none\"><div class=\"inner\"><a href=\"https:\/\/lecasierfrancais.fr\/wp-content\/uploads\/2024\/02\/129236262-e1708622985939.jpg\" class=\"pp center\"><img decoding=\"async\" data-shadow=\"none\" data-shadow-direction=\"middle\" class=\"img-with-animation \" data-delay=\"0\" height=\"375\" width=\"500\" data-animation=\"none\" src=\"https:\/\/lecasierfrancais.fr\/wp-content\/uploads\/2024\/02\/129236262-e1708622985939.jpg\"  alt=\"Les casiers pour boulangerie de Bakery Box\" \/><\/a><\/div><\/div>[\/vc_column][\/vc_row][vc_row type=\u00a0\u00bbin_container\u00a0\u00bb full_screen_row_position=\u00a0\u00bbmiddle\u00a0\u00bb scene_position=\u00a0\u00bbcenter\u00a0\u00bb text_color=\u00a0\u00bbdark\u00a0\u00bb text_align=\u00a0\u00bbleft\u00a0\u00bb overlay_strength=\u00a0\u00bb0.3&Prime; shape_divider_position=\u00a0\u00bbbottom\u00a0\u00bb][vc_column column_padding=\u00a0\u00bbno-extra-padding\u00a0\u00bb column_padding_position=\u00a0\u00bball\u00a0\u00bb background_color_opacity=\u00a0\u00bb1&Prime; background_hover_color_opacity=\u00a0\u00bb1&Prime; column_shadow=\u00a0\u00bbnone\u00a0\u00bb column_border_radius=\u00a0\u00bbnone\u00a0\u00bb width=\u00a0\u00bb1\/1&Prime; tablet_text_alignment=\u00a0\u00bbdefault\u00a0\u00bb phone_text_alignment=\u00a0\u00bbdefault\u00a0\u00bb column_border_width=\u00a0\u00bbnone\u00a0\u00bb column_border_style=\u00a0\u00bbsolid\u00a0\u00bb][vc_custom_heading text=\u00a0\u00bbUn nouveau point de vente arrive \u00e0 Montbrison : les casiers pour boulangerie\u00a0\u00bb use_theme_fonts=\u00a0\u00bbyes\u00a0\u00bb][vc_column_text]En mai 2021, Adrien, boulanger de Montbrison, entend parler des <strong>distributeurs alimentaires.<\/strong> Plus que de simples distributeurs de pain, ces <a href=\"https:\/\/lecasierfrancais.fr\/index.php\/nos-solutions-modulables\/#Froid\" target=\"_blank\" rel=\"noopener\">casiers pour boulangerie sont r\u00e9frig\u00e9r\u00e9s<\/a> et pourraient s\u2019adapter \u00e0 l\u2019ensemble de sa marchandise. Il contacte le Casier Fran\u00e7ais et, tr\u00e8s vite, \u00a0passe commande d\u2019<a href=\"https:\/\/lecasierfrancais.fr\/index.php\/nos-solutions-modulables\/#Modules\" target=\"_blank\" rel=\"noopener\">un <strong>b\u00e2timent modulaire et de 102 casiers.<\/strong> <\/a>\u00ab<em>\u00a0Je me suis vraiment senti \u00e9cout\u00e9 et accompagn\u00e9 par Maxime, le commercial en charge de mon projet\u00a0!\u00a0\u00bb<\/em> nous livre-t-il.<\/p>\n<p>Il les installe <strong>devant sa boulangerie<\/strong> et les remplit avec les m\u00eames produits que dans son magasin. Il attend de voir le r\u00e9sultat\u2026[\/vc_column_text][\/vc_column][\/vc_row][vc_row type=\u00a0\u00bbin_container\u00a0\u00bb full_screen_row_position=\u00a0\u00bbmiddle\u00a0\u00bb scene_position=\u00a0\u00bbcenter\u00a0\u00bb text_color=\u00a0\u00bbdark\u00a0\u00bb text_align=\u00a0\u00bbleft\u00a0\u00bb overlay_strength=\u00a0\u00bb0.3&Prime; shape_divider_position=\u00a0\u00bbbottom\u00a0\u00bb][vc_column column_padding=\u00a0\u00bbno-extra-padding\u00a0\u00bb column_padding_position=\u00a0\u00bball\u00a0\u00bb background_color_opacity=\u00a0\u00bb1&Prime; background_hover_color_opacity=\u00a0\u00bb1&Prime; column_shadow=\u00a0\u00bbnone\u00a0\u00bb column_border_radius=\u00a0\u00bbnone\u00a0\u00bb width=\u00a0\u00bb1\/1&Prime; tablet_text_alignment=\u00a0\u00bbdefault\u00a0\u00bb phone_text_alignment=\u00a0\u00bbdefault\u00a0\u00bb column_border_width=\u00a0\u00bbnone\u00a0\u00bb column_border_style=\u00a0\u00bbsolid\u00a0\u00bb][vc_custom_heading text=\u00a0\u00bbLe Kiosque, une gestion optimale et intuitive des casiers pour boulangerie\u00a0\u00bb use_theme_fonts=\u00a0\u00bbyes\u00a0\u00bb][vc_column_text]Pour le boulanger qui a install\u00e9 ses casiers devant son fournil, le r\u00e9approvisionnement a \u00e9t\u00e9 tr\u00e8s simple \u00e0 g\u00e9rer. <strong><a href=\"https:\/\/lecasierfrancais.fr\/index.php\/le_kiosque\/\" target=\"_blank\" rel=\"noopener\">Le Kiosque<\/a>, notre solution de gestion au quotidien<\/strong> des casiers, est tr\u00e8s intuitive et s\u2019utilise facilement. <em>\u00ab C\u2019est devenu fluide aujourd\u2019hui. \u00bb<\/em> explique-t-il.<\/p>\n<p>Dans un premier temps, les casiers lui servaient \u00e0 mettre \u00e0 la vente tout ce qui n\u2019avait pas \u00e9t\u00e9 vendu en magasin dans la journ\u00e9e. Et puis, avec le temps, Adrien s\u2019aper\u00e7oit sur le Kiosque que la demande de la semaine est diff\u00e9rente du week-end. Alors, il <strong>adapte son offre<\/strong>. Encore plus de baguettes en semaine pour accompagner le repas du soir et des p\u00e2tisseries le week-end pour partager en famille.[\/vc_column_text][\/vc_column][\/vc_row][vc_row type=\u00a0\u00bbin_container\u00a0\u00bb full_screen_row_position=\u00a0\u00bbmiddle\u00a0\u00bb scene_position=\u00a0\u00bbcenter\u00a0\u00bb text_color=\u00a0\u00bbdark\u00a0\u00bb text_align=\u00a0\u00bbleft\u00a0\u00bb overlay_strength=\u00a0\u00bb0.3&Prime; shape_divider_position=\u00a0\u00bbbottom\u00a0\u00bb][vc_column column_padding=\u00a0\u00bbno-extra-padding\u00a0\u00bb column_padding_position=\u00a0\u00bball\u00a0\u00bb background_color_opacity=\u00a0\u00bb1&Prime; background_hover_color_opacity=\u00a0\u00bb1&Prime; column_shadow=\u00a0\u00bbnone\u00a0\u00bb column_border_radius=\u00a0\u00bbnone\u00a0\u00bb width=\u00a0\u00bb1\/1&Prime; tablet_text_alignment=\u00a0\u00bbdefault\u00a0\u00bb phone_text_alignment=\u00a0\u00bbdefault\u00a0\u00bb column_border_width=\u00a0\u00bbnone\u00a0\u00bb column_border_style=\u00a0\u00bbsolid\u00a0\u00bb]<div class=\"img-with-aniamtion-wrap center\" data-max-width=\"100%\" data-border-radius=\"none\"><div class=\"inner\"><a href=\"https:\/\/lecasierfrancais.fr\/wp-content\/uploads\/2024\/02\/pour-adrien-fages-le-consommateur-n-est-pas-dupe-photo-progres-philippe-vacher-1642244580-e1708622951264.jpg\" class=\"pp center\"><img decoding=\"async\" data-shadow=\"none\" data-shadow-direction=\"middle\" class=\"img-with-animation \" data-delay=\"0\" height=\"485\" width=\"500\" data-animation=\"none\" src=\"https:\/\/lecasierfrancais.fr\/wp-content\/uploads\/2024\/02\/pour-adrien-fages-le-consommateur-n-est-pas-dupe-photo-progres-philippe-vacher-1642244580-e1708622951264.jpg\"  alt=\"Adrien Fages, le boulanger \u00e0 l'initiative des casiers pour boulangerie \u00e0 Montbrison\" \/><\/a><\/div><\/div>[vc_column_text]\n<p style=\"text-align: center;\"><span style=\"font-size: 8pt;\"><em>Photo pour Le Progr\u00e8s par Philippe Vacher<\/em><\/span><\/p>\n[\/vc_column_text][\/vc_column][\/vc_row][vc_row type=\u00a0\u00bbin_container\u00a0\u00bb full_screen_row_position=\u00a0\u00bbmiddle\u00a0\u00bb scene_position=\u00a0\u00bbcenter\u00a0\u00bb text_color=\u00a0\u00bbdark\u00a0\u00bb text_align=\u00a0\u00bbleft\u00a0\u00bb overlay_strength=\u00a0\u00bb0.3&Prime; shape_divider_position=\u00a0\u00bbbottom\u00a0\u00bb][vc_column column_padding=\u00a0\u00bbno-extra-padding\u00a0\u00bb column_padding_position=\u00a0\u00bball\u00a0\u00bb background_color_opacity=\u00a0\u00bb1&Prime; background_hover_color_opacity=\u00a0\u00bb1&Prime; column_shadow=\u00a0\u00bbnone\u00a0\u00bb column_border_radius=\u00a0\u00bbnone\u00a0\u00bb width=\u00a0\u00bb1\/1&Prime; tablet_text_alignment=\u00a0\u00bbdefault\u00a0\u00bb phone_text_alignment=\u00a0\u00bbdefault\u00a0\u00bb column_border_width=\u00a0\u00bbnone\u00a0\u00bb column_border_style=\u00a0\u00bbsolid\u00a0\u00bb][vc_custom_heading text=\u00a0\u00bbFournir du pain \u00e0 toute heure gr\u00e2ce aux casiers boulangerie\u00a0\u00bb use_theme_fonts=\u00a0\u00bbyes\u00a0\u00bb][vc_column_text]Selon notre boulanger, l\u2019avantage des casiers \u00e0 pain est, tout d\u2019abord, de r\u00e9duire le temps d\u2019attente en magasin. <em>\u00ab\u00a0Il n\u2019y a rien de plus frustrant quand on vient acheter sa baguette en magasin que de se retrouver dans une file d\u2019attente de 20 ou 30 personnes, qui commandent des g\u00e2teaux\u00a0\u00bb<\/em> expose-t-il. C\u2019est donc avant tout <strong>le gain de temps pour le consommateur<\/strong> qui prime.[\/vc_column_text][\/vc_column][\/vc_row][vc_row type=\u00a0\u00bbin_container\u00a0\u00bb full_screen_row_position=\u00a0\u00bbmiddle\u00a0\u00bb scene_position=\u00a0\u00bbcenter\u00a0\u00bb text_color=\u00a0\u00bbdark\u00a0\u00bb text_align=\u00a0\u00bbleft\u00a0\u00bb overlay_strength=\u00a0\u00bb0.3&Prime; shape_divider_position=\u00a0\u00bbbottom\u00a0\u00bb][vc_column column_padding=\u00a0\u00bbno-extra-padding\u00a0\u00bb column_padding_position=\u00a0\u00bball\u00a0\u00bb background_color_opacity=\u00a0\u00bb1&Prime; background_hover_color_opacity=\u00a0\u00bb1&Prime; column_shadow=\u00a0\u00bbnone\u00a0\u00bb column_border_radius=\u00a0\u00bbnone\u00a0\u00bb width=\u00a0\u00bb1\/1&Prime; tablet_text_alignment=\u00a0\u00bbdefault\u00a0\u00bb phone_text_alignment=\u00a0\u00bbdefault\u00a0\u00bb column_border_width=\u00a0\u00bbnone\u00a0\u00bb column_border_style=\u00a0\u00bbsolid\u00a0\u00bb]<div class=\"img-with-aniamtion-wrap center\" data-max-width=\"100%\" data-border-radius=\"none\"><div class=\"inner\"><a href=\"https:\/\/lecasierfrancais.fr\/wp-content\/uploads\/2024\/02\/Fages-Bakery-box-2-e1708622973985.jpg\" class=\"pp center\"><img decoding=\"async\" data-shadow=\"none\" data-shadow-direction=\"middle\" class=\"img-with-animation \" data-delay=\"0\" height=\"375\" width=\"500\" data-animation=\"none\" src=\"https:\/\/lecasierfrancais.fr\/wp-content\/uploads\/2024\/02\/Fages-Bakery-box-2-e1708622973985.jpg\"  alt=\"\" \/><\/a><\/div><\/div>[\/vc_column][\/vc_row][vc_row type=\u00a0\u00bbin_container\u00a0\u00bb full_screen_row_position=\u00a0\u00bbmiddle\u00a0\u00bb scene_position=\u00a0\u00bbcenter\u00a0\u00bb text_color=\u00a0\u00bbdark\u00a0\u00bb text_align=\u00a0\u00bbleft\u00a0\u00bb overlay_strength=\u00a0\u00bb0.3&Prime; shape_divider_position=\u00a0\u00bbbottom\u00a0\u00bb][vc_column column_padding=\u00a0\u00bbno-extra-padding\u00a0\u00bb column_padding_position=\u00a0\u00bball\u00a0\u00bb background_color_opacity=\u00a0\u00bb1&Prime; background_hover_color_opacity=\u00a0\u00bb1&Prime; column_shadow=\u00a0\u00bbnone\u00a0\u00bb column_border_radius=\u00a0\u00bbnone\u00a0\u00bb width=\u00a0\u00bb1\/1&Prime; tablet_text_alignment=\u00a0\u00bbdefault\u00a0\u00bb phone_text_alignment=\u00a0\u00bbdefault\u00a0\u00bb column_border_width=\u00a0\u00bbnone\u00a0\u00bb column_border_style=\u00a0\u00bbsolid\u00a0\u00bb][vc_custom_heading text=\u00a0\u00bbUn nouveau cr\u00e9neau \u00e0 succ\u00e8s pour la vente du pain\u00a0\u00bb use_theme_fonts=\u00a0\u00bbyes\u00a0\u00bb][vc_column_text]Ses employ\u00e9s aussi ont \u00e0 y gagner. En effet, gr\u00e2ce aux casiers, Adrien d\u00e9cide de <strong>fermer son magasin 1h plus t\u00f4t<\/strong> le soir\u00a0: 19h au lieu de 20h. Cela lib\u00e8re les employ\u00e9s et les casiers assurent les ventes. <em>\u00ab On a remarqu\u00e9 que le cr\u00e9neau 19h30 21h30 \u00e9tait tr\u00e8s pris\u00e9. Les gens viennent acheter leur pain apr\u00e8s le boulot, juste avant le d\u00eener ou pour compl\u00e9ter l\u2019ap\u00e9ro. C\u2019est un cr\u00e9neau que nous n\u2019aurions pas pu occuper en physique ! \u00bb<\/em> Les enjeux du <a href=\"https:\/\/lecasierfrancais.fr\/\" target=\"_blank\" rel=\"noopener\">circuit court<\/a> profitent aussi bien \u00e0 l&rsquo;artisan, son \u00e9quipe de vente qu&rsquo;au consommateur.[\/vc_column_text][\/vc_column][\/vc_row][vc_row type=\u00a0\u00bbin_container\u00a0\u00bb full_screen_row_position=\u00a0\u00bbmiddle\u00a0\u00bb scene_position=\u00a0\u00bbcenter\u00a0\u00bb text_color=\u00a0\u00bbdark\u00a0\u00bb text_align=\u00a0\u00bbleft\u00a0\u00bb overlay_strength=\u00a0\u00bb0.3&Prime; shape_divider_position=\u00a0\u00bbbottom\u00a0\u00bb][vc_column column_padding=\u00a0\u00bbno-extra-padding\u00a0\u00bb column_padding_position=\u00a0\u00bball\u00a0\u00bb background_color_opacity=\u00a0\u00bb1&Prime; background_hover_color_opacity=\u00a0\u00bb1&Prime; column_shadow=\u00a0\u00bbnone\u00a0\u00bb column_border_radius=\u00a0\u00bbnone\u00a0\u00bb width=\u00a0\u00bb1\/1&Prime; tablet_text_alignment=\u00a0\u00bbdefault\u00a0\u00bb phone_text_alignment=\u00a0\u00bbdefault\u00a0\u00bb column_border_width=\u00a0\u00bbnone\u00a0\u00bb column_border_style=\u00a0\u00bbsolid\u00a0\u00bb][vc_custom_heading text=\u00a0\u00bbUne client\u00e8le active ravie de trouver des casiers pour le pain\u00a0\u00bb use_theme_fonts=\u00a0\u00bbyes\u00a0\u00bb][vc_column_text]L\u2019arriv\u00e9e des casiers distributeurs a fait vivre diff\u00e9remment l\u2019activit\u00e9 de la <a href=\"https:\/\/boulangeriefagesfr.wordpress.com\/\" target=\"_blank\" rel=\"noopener\">boulangerie Fages<\/a>. Bien s\u00fbr, ils ont<strong> fid\u00e9lis\u00e9 leur client\u00e8le<\/strong> dans un secteur concurrentiel par l\u2019offre mais surtout par l\u2019amplitude horaire. <em>\u00ab\u00a0On se rend compte que, \u00a0quand le magasin est ouvert, les clients viennent et, quand on est ferm\u00e9s, ils se rendent facilement dans les casiers\u00a0\u00bb<\/em> observe-t-il.<\/p>\n<p>Et aussi, ils ont pu faire venir dans leur Bakery box (les casiers) <strong>une nouvelle client\u00e8le\u00a0:<\/strong> ceux qui n\u2019avaient pas forc\u00e9ment envie de voir du monde pour faire leurs achats ou des personnes qui ont des horaires d\u00e9cal\u00e9s. <em>\u00ab\u00a0Je me souviens d\u2019une infirmi\u00e8re qui m\u2019a remerci\u00e9 pour le pain dans les casiers. Quand elle finissait \u00e0 22h ou \u00e0 midi le dimanche, c\u2019est le seul endroit o\u00f9 elle pouvait encore trouver du pain dans le coin\u00a0!\u00a0J\u2019ai l\u2019impression d\u2019avoir r\u00e9pondu \u00e0 une certaine attente de la part de la client\u00e8le.\u00bb<\/em>[\/vc_column_text][\/vc_column][\/vc_row][vc_row type=\u00a0\u00bbin_container\u00a0\u00bb full_screen_row_position=\u00a0\u00bbmiddle\u00a0\u00bb scene_position=\u00a0\u00bbcenter\u00a0\u00bb text_color=\u00a0\u00bbdark\u00a0\u00bb text_align=\u00a0\u00bbleft\u00a0\u00bb overlay_strength=\u00a0\u00bb0.3&Prime; shape_divider_position=\u00a0\u00bbbottom\u00a0\u00bb][vc_column column_padding=\u00a0\u00bbno-extra-padding\u00a0\u00bb column_padding_position=\u00a0\u00bball\u00a0\u00bb background_color_opacity=\u00a0\u00bb1&Prime; background_hover_color_opacity=\u00a0\u00bb1&Prime; column_shadow=\u00a0\u00bbnone\u00a0\u00bb column_border_radius=\u00a0\u00bbnone\u00a0\u00bb width=\u00a0\u00bb1\/1&Prime; tablet_text_alignment=\u00a0\u00bbdefault\u00a0\u00bb phone_text_alignment=\u00a0\u00bbdefault\u00a0\u00bb column_border_width=\u00a0\u00bbnone\u00a0\u00bb column_border_style=\u00a0\u00bbsolid\u00a0\u00bb]<div class=\"img-with-aniamtion-wrap center\" data-max-width=\"100%\" data-border-radius=\"none\"><div class=\"inner\"><a href=\"https:\/\/lecasierfrancais.fr\/wp-content\/uploads\/2024\/02\/199297931_1642827122583041_9196131589090684250_n-e1708622962790.png\" class=\"pp center\"><img decoding=\"async\" data-shadow=\"none\" data-shadow-direction=\"middle\" class=\"img-with-animation \" data-delay=\"0\" height=\"419\" width=\"500\" data-animation=\"none\" src=\"https:\/\/lecasierfrancais.fr\/wp-content\/uploads\/2024\/02\/199297931_1642827122583041_9196131589090684250_n-e1708622962790.png\"  alt=\"Le savoir-faire boulanger au service des casiers pour boulangerie\" \/><\/a><\/div><\/div>[\/vc_column][\/vc_row][vc_row type=\u00a0\u00bbin_container\u00a0\u00bb full_screen_row_position=\u00a0\u00bbmiddle\u00a0\u00bb scene_position=\u00a0\u00bbcenter\u00a0\u00bb text_color=\u00a0\u00bbdark\u00a0\u00bb text_align=\u00a0\u00bbleft\u00a0\u00bb overlay_strength=\u00a0\u00bb0.3&Prime; shape_divider_position=\u00a0\u00bbbottom\u00a0\u00bb][vc_column column_padding=\u00a0\u00bbno-extra-padding\u00a0\u00bb column_padding_position=\u00a0\u00bball\u00a0\u00bb background_color_opacity=\u00a0\u00bb1&Prime; background_hover_color_opacity=\u00a0\u00bb1&Prime; column_shadow=\u00a0\u00bbnone\u00a0\u00bb column_border_radius=\u00a0\u00bbnone\u00a0\u00bb width=\u00a0\u00bb1\/1&Prime; tablet_text_alignment=\u00a0\u00bbdefault\u00a0\u00bb phone_text_alignment=\u00a0\u00bbdefault\u00a0\u00bb column_border_width=\u00a0\u00bbnone\u00a0\u00bb column_border_style=\u00a0\u00bbsolid\u00a0\u00bb][vc_custom_heading text=\u00a0\u00bbSa boulangerie prend de l\u2019ampleur gr\u00e2ce aux casiers de boulangerie\u00a0\u00bb use_theme_fonts=\u00a0\u00bbyes\u00a0\u00bb][vc_column_text]Les distributeurs alimentaires ont bien des avantages pour le commerce d\u2019Adrien. Il a <strong>d\u00e9velopp\u00e9 son chiffre d\u2019affaires<\/strong> et a permis de contrer la concurrence des cha\u00eenes de boulangeries. Il explique alors\u00a0: <em>\u00ab\u00a0Au final, cela permet aussi de valoriser notre savoir-faire et nos produits artisanaux\u00a0!\u00a0\u00bb<\/em><\/p>\n<p>Selon le boulanger, c\u2019est une affaire qui peut vite \u00eatre <strong>rentable<\/strong>. Avec un produit de qualit\u00e9 et pas de salari\u00e9s sp\u00e9cifiques pour la gestion des casiers, il estime ne pas prendre de risque en investissant dans les produits du Casier Fran\u00e7ais. Si avant il se contentait de remplir avec les invendus du jour, il peut dor\u00e9navant <strong>augmenter sa production de pain<\/strong>\u2026 sp\u00e9cialement pour le distributeur automatique.[\/vc_column_text][\/vc_column][\/vc_row][vc_row type=\u00a0\u00bbin_container\u00a0\u00bb full_screen_row_position=\u00a0\u00bbmiddle\u00a0\u00bb scene_position=\u00a0\u00bbcenter\u00a0\u00bb text_color=\u00a0\u00bbdark\u00a0\u00bb text_align=\u00a0\u00bbleft\u00a0\u00bb overlay_strength=\u00a0\u00bb0.3&Prime; shape_divider_position=\u00a0\u00bbbottom\u00a0\u00bb][vc_column column_padding=\u00a0\u00bbno-extra-padding\u00a0\u00bb column_padding_position=\u00a0\u00bball\u00a0\u00bb background_color_opacity=\u00a0\u00bb1&Prime; background_hover_color_opacity=\u00a0\u00bb1&Prime; column_shadow=\u00a0\u00bbnone\u00a0\u00bb column_border_radius=\u00a0\u00bbnone\u00a0\u00bb width=\u00a0\u00bb1\/1&Prime; tablet_text_alignment=\u00a0\u00bbdefault\u00a0\u00bb phone_text_alignment=\u00a0\u00bbdefault\u00a0\u00bb column_border_width=\u00a0\u00bbnone\u00a0\u00bb column_border_style=\u00a0\u00bbsolid\u00a0\u00bb][vc_custom_heading text=\u00a0\u00bbSes projets de casiers connect\u00e9s\u00a0\u00bb use_theme_fonts=\u00a0\u00bbyes\u00a0\u00bb][vc_column_text]Et pour la suite, alors ? Adrien vient tout juste d\u2019implanter une <strong>seconde s\u00e9rie de casiers<\/strong> devant l\u2019un de ses \u00e9tablissements. Il a en tout, aujourd\u2019hui, presque <strong>300 casiers pour distribuer son pain<\/strong>. <em>\u00ab Dans la Loire, les boulangeries ferment les unes apr\u00e8s les autres quand les boulangers prennent leur retraite. Il n\u2019y a pas toujours de repreneurs. Cela nous laisse un boulevard d\u2019opportunit\u00e9s. \u00bb<\/em> Avec son concept unique dans le coin, Adrien affirme \u00eatre beaucoup sollicit\u00e9 pour d\u2019autres aventures \u00e0 casiers. Il se laisse le temps de r\u00e9fl\u00e9chir \u00e0 tout \u00e7a.[\/vc_column_text][\/vc_column][\/vc_row][vc_row type=\u00a0\u00bbin_container\u00a0\u00bb full_screen_row_position=\u00a0\u00bbmiddle\u00a0\u00bb scene_position=\u00a0\u00bbcenter\u00a0\u00bb text_color=\u00a0\u00bbdark\u00a0\u00bb text_align=\u00a0\u00bbleft\u00a0\u00bb overlay_strength=\u00a0\u00bb0.3&Prime; shape_divider_position=\u00a0\u00bbbottom\u00a0\u00bb][vc_column column_padding=\u00a0\u00bbno-extra-padding\u00a0\u00bb column_padding_position=\u00a0\u00bball\u00a0\u00bb background_color_opacity=\u00a0\u00bb1&Prime; background_hover_color_opacity=\u00a0\u00bb1&Prime; column_shadow=\u00a0\u00bbnone\u00a0\u00bb column_border_radius=\u00a0\u00bbnone\u00a0\u00bb width=\u00a0\u00bb1\/1&Prime; tablet_text_alignment=\u00a0\u00bbdefault\u00a0\u00bb phone_text_alignment=\u00a0\u00bbdefault\u00a0\u00bb column_border_width=\u00a0\u00bbnone\u00a0\u00bb column_border_style=\u00a0\u00bbsolid\u00a0\u00bb][vc_zigzag color=\u00a0\u00bbvista_blue\u00a0\u00bb el_border_width=\u00a0\u00bb15&Prime;][\/vc_column][\/vc_row][vc_row type=\u00a0\u00bbin_container\u00a0\u00bb full_screen_row_position=\u00a0\u00bbmiddle\u00a0\u00bb scene_position=\u00a0\u00bbcenter\u00a0\u00bb text_color=\u00a0\u00bbdark\u00a0\u00bb text_align=\u00a0\u00bbleft\u00a0\u00bb overlay_strength=\u00a0\u00bb0.3&Prime; shape_divider_position=\u00a0\u00bbbottom\u00a0\u00bb][vc_column column_padding=\u00a0\u00bbno-extra-padding\u00a0\u00bb column_padding_position=\u00a0\u00bball\u00a0\u00bb background_color_opacity=\u00a0\u00bb1&Prime; background_hover_color_opacity=\u00a0\u00bb1&Prime; column_shadow=\u00a0\u00bbnone\u00a0\u00bb column_border_radius=\u00a0\u00bbnone\u00a0\u00bb width=\u00a0\u00bb1\/1&Prime; tablet_text_alignment=\u00a0\u00bbdefault\u00a0\u00bb phone_text_alignment=\u00a0\u00bbdefault\u00a0\u00bb column_border_width=\u00a0\u00bbnone\u00a0\u00bb column_border_style=\u00a0\u00bbsolid\u00a0\u00bb][vc_column_text]<strong>Retrouvez les 2 points de vente par casiers boulangerie aux adresses suivantes :<\/strong><\/p>\n<p>\ud83d\udccdZAC Granges &#8211; 77 avenue de Saint-\u00c9tienne\u00a0 \u00e0 Montbrison<br \/>\net 59 avenue Charles de Gaulle \u00e0 Montbrison<\/p>\n<p><strong>Et suivez leur actualit\u00e9 sur les r\u00e9seaux sociaux :<\/strong><br \/>\nInstagram : <a href=\"https:\/\/www.instagram.com\/bakeryboxbyfages\/?hl=fr\" target=\"_blank\" rel=\"noopener\">@bakeryboxbyfages<\/a>[\/vc_column_text][\/vc_column][\/vc_row][vc_row type=\u00a0\u00bbin_container\u00a0\u00bb full_screen_row_position=\u00a0\u00bbmiddle\u00a0\u00bb scene_position=\u00a0\u00bbcenter\u00a0\u00bb text_color=\u00a0\u00bbdark\u00a0\u00bb text_align=\u00a0\u00bbleft\u00a0\u00bb overlay_strength=\u00a0\u00bb0.3&Prime; shape_divider_position=\u00a0\u00bbbottom\u00a0\u00bb][vc_column column_padding=\u00a0\u00bbno-extra-padding\u00a0\u00bb column_padding_position=\u00a0\u00bball\u00a0\u00bb background_color_opacity=\u00a0\u00bb1&Prime; background_hover_color_opacity=\u00a0\u00bb1&Prime; column_shadow=\u00a0\u00bbnone\u00a0\u00bb column_border_radius=\u00a0\u00bbnone\u00a0\u00bb width=\u00a0\u00bb1\/1&Prime; tablet_text_alignment=\u00a0\u00bbdefault\u00a0\u00bb phone_text_alignment=\u00a0\u00bbdefault\u00a0\u00bb column_border_width=\u00a0\u00bbnone\u00a0\u00bb column_border_style=\u00a0\u00bbsolid\u00a0\u00bb]<div class=\"nectar-social  hide-share-count items_2\"><a class='facebook-share nectar-sharing' href='#' title='Partager ceci'> <i class='fa fa-facebook'><\/i> <span class='count'><\/span><\/a><a class='linkedin-share nectar-sharing' href='#' title='Partager ceci'> <i class='fa fa-linkedin'><\/i> <span class='count'><\/span><\/a><\/div>[\/vc_column][\/vc_row]\n","protected":false},"excerpt":{"rendered":"<p>[vc_row type=\u00a0\u00bbin_container\u00a0\u00bb full_screen_row_position=\u00a0\u00bbmiddle\u00a0\u00bb scene_position=\u00a0\u00bbcenter\u00a0\u00bb text_color=\u00a0\u00bbdark\u00a0\u00bb text_align=\u00a0\u00bbleft\u00a0\u00bb overlay_strength=\u00a0\u00bb0.3&Prime; shape_divider_position=\u00a0\u00bbbottom\u00a0\u00bb][vc_column column_padding=\u00a0\u00bbno-extra-padding\u00a0\u00bb column_padding_position=\u00a0\u00bball\u00a0\u00bb background_color_opacity=\u00a0\u00bb1&Prime; background_hover_color_opacity=\u00a0\u00bb1&Prime; column_shadow=\u00a0\u00bbnone\u00a0\u00bb column_border_radius=\u00a0\u00bbnone\u00a0\u00bb width=\u00a0\u00bb1\/1&Prime;&#8230;<\/p>\n","protected":false},"author":8,"featured_media":10471,"comment_status":"open","ping_status":"open","sticky":false,"template":"","format":"standard","meta":{"footnotes":""},"categories":[564],"tags":[591,590,453,570,558,418,421,567,592,593,568],"class_list":{"0":"post-10466","1":"post","2":"type-post","3":"status-publish","4":"format-standard","5":"has-post-thumbnail","7":"category-portraits-de-producteurs","8":"tag-boulanger","9":"tag-boulangerie","10":"tag-casier-automatique","11":"tag-casiers-distributeurs","12":"tag-casiersconnectes","13":"tag-distributeur-automatique","14":"tag-le-casier-francais","15":"tag-libre-service","16":"tag-pain","17":"tag-patisserie","18":"tag-portrait"},"yoast_head":"<!-- This site is optimized with the Yoast SEO Premium plugin v26.6 (Yoast SEO v26.6) - https:\/\/yoast.com\/wordpress\/plugins\/seo\/ -->\n<title>Bakery Box by La Fagette : les casiers pour boulangerie deviennent un magasin concept (42) \ud83e\udd56 - Le Casier Fran\u00e7ais<\/title>\n<meta name=\"description\" content=\"Adrien Fages a ouvert devant ses 2 magasins des casiers pour boulangerie afin de donner acc\u00e8s libre \u00e0 ses clients au pain et aux p\u00e2tisseries.\" \/>\n<meta name=\"robots\" content=\"index, follow, max-snippet:-1, max-image-preview:large, max-video-preview:-1\" \/>\n<link rel=\"canonical\" href=\"https:\/\/lecasierfrancais.fr\/index.php\/2024\/02\/22\/bakery-box-by-la-fagette-casiers-pour-boulangerie\/\" \/>\n<meta property=\"og:locale\" content=\"fr_FR\" \/>\n<meta property=\"og:type\" content=\"article\" \/>\n<meta property=\"og:title\" content=\"Bakery Box by La Fagette : les casiers pour boulangerie deviennent un magasin concept (42) \ud83e\udd56\" \/>\n<meta property=\"og:description\" content=\"Adrien Fages a ouvert devant ses 2 magasins des casiers pour boulangerie afin de donner acc\u00e8s libre \u00e0 ses clients au pain et aux p\u00e2tisseries.\" \/>\n<meta property=\"og:url\" content=\"https:\/\/lecasierfrancais.fr\/index.php\/2024\/02\/22\/bakery-box-by-la-fagette-casiers-pour-boulangerie\/\" \/>\n<meta property=\"og:site_name\" content=\"Le Casier Fran\u00e7ais\" \/>\n<meta property=\"article:publisher\" content=\"https:\/\/www.facebook.com\/lecasierfrancais\/\" \/>\n<meta property=\"article:published_time\" content=\"2024-02-22T18:06:33+00:00\" \/>\n<meta property=\"article:modified_time\" content=\"2024-06-04T14:15:39+00:00\" \/>\n<meta property=\"og:image\" content=\"https:\/\/lecasierfrancais.fr\/wp-content\/uploads\/2024\/02\/129236263-e1708622995927.jpg\" \/>\n\t<meta property=\"og:image:width\" content=\"500\" \/>\n\t<meta property=\"og:image:height\" content=\"375\" \/>\n\t<meta property=\"og:image:type\" content=\"image\/jpeg\" \/>\n<meta name=\"author\" content=\"Le Casier Francais\" \/>\n<meta name=\"twitter:card\" content=\"summary_large_image\" \/>\n<meta name=\"twitter:label1\" content=\"\u00c9crit par\" \/>\n\t<meta name=\"twitter:data1\" content=\"Le Casier Francais\" \/>\n\t<meta name=\"twitter:label2\" content=\"Dur\u00e9e de lecture estim\u00e9e\" \/>\n\t<meta name=\"twitter:data2\" content=\"11 minutes\" \/>\n<script type=\"application\/ld+json\" class=\"yoast-schema-graph\">{\"@context\":\"https:\/\/schema.org\",\"@graph\":[{\"@type\":\"WebPage\",\"@id\":\"https:\/\/lecasierfrancais.fr\/index.php\/2024\/02\/22\/bakery-box-by-la-fagette-casiers-pour-boulangerie\/\",\"url\":\"https:\/\/lecasierfrancais.fr\/index.php\/2024\/02\/22\/bakery-box-by-la-fagette-casiers-pour-boulangerie\/\",\"name\":\"Bakery Box by La Fagette : les casiers pour boulangerie deviennent un magasin concept (42) \ud83e\udd56 - Le Casier Fran\u00e7ais\",\"isPartOf\":{\"@id\":\"https:\/\/lecasierfrancais.fr\/#website\"},\"primaryImageOfPage\":{\"@id\":\"https:\/\/lecasierfrancais.fr\/index.php\/2024\/02\/22\/bakery-box-by-la-fagette-casiers-pour-boulangerie\/#primaryimage\"},\"image\":{\"@id\":\"https:\/\/lecasierfrancais.fr\/index.php\/2024\/02\/22\/bakery-box-by-la-fagette-casiers-pour-boulangerie\/#primaryimage\"},\"thumbnailUrl\":\"https:\/\/lecasierfrancais.fr\/wp-content\/uploads\/2024\/02\/129236263-e1708622995927.jpg\",\"datePublished\":\"2024-02-22T18:06:33+00:00\",\"dateModified\":\"2024-06-04T14:15:39+00:00\",\"author\":{\"@id\":\"https:\/\/lecasierfrancais.fr\/#\/schema\/person\/7ca32438b040d2a673afe220fe3c2fbd\"},\"description\":\"Adrien Fages a ouvert devant ses 2 magasins des casiers pour boulangerie afin de donner acc\u00e8s libre \u00e0 ses clients au pain et aux p\u00e2tisseries.\",\"breadcrumb\":{\"@id\":\"https:\/\/lecasierfrancais.fr\/index.php\/2024\/02\/22\/bakery-box-by-la-fagette-casiers-pour-boulangerie\/#breadcrumb\"},\"inLanguage\":\"fr-FR\",\"potentialAction\":[{\"@type\":\"ReadAction\",\"target\":[\"https:\/\/lecasierfrancais.fr\/index.php\/2024\/02\/22\/bakery-box-by-la-fagette-casiers-pour-boulangerie\/\"]}]},{\"@type\":\"ImageObject\",\"inLanguage\":\"fr-FR\",\"@id\":\"https:\/\/lecasierfrancais.fr\/index.php\/2024\/02\/22\/bakery-box-by-la-fagette-casiers-pour-boulangerie\/#primaryimage\",\"url\":\"https:\/\/lecasierfrancais.fr\/wp-content\/uploads\/2024\/02\/129236263-e1708622995927.jpg\",\"contentUrl\":\"https:\/\/lecasierfrancais.fr\/wp-content\/uploads\/2024\/02\/129236263-e1708622995927.jpg\",\"width\":500,\"height\":375,\"caption\":\"La Boutique de casier de Bakery Box by La Fagette\"},{\"@type\":\"BreadcrumbList\",\"@id\":\"https:\/\/lecasierfrancais.fr\/index.php\/2024\/02\/22\/bakery-box-by-la-fagette-casiers-pour-boulangerie\/#breadcrumb\",\"itemListElement\":[{\"@type\":\"ListItem\",\"position\":1,\"name\":\"Accueil\",\"item\":\"https:\/\/lecasierfrancais.fr\/\"},{\"@type\":\"ListItem\",\"position\":2,\"name\":\"Bakery Box by La Fagette : les casiers pour boulangerie deviennent un magasin concept (42) \ud83e\udd56\"}]},{\"@type\":\"WebSite\",\"@id\":\"https:\/\/lecasierfrancais.fr\/#website\",\"url\":\"https:\/\/lecasierfrancais.fr\/\",\"name\":\"Le Casier Fran\u00e7ais\",\"description\":\"Fabricant de casiers connect\u00e9s pour la vente directe de vos produits\",\"potentialAction\":[{\"@type\":\"SearchAction\",\"target\":{\"@type\":\"EntryPoint\",\"urlTemplate\":\"https:\/\/lecasierfrancais.fr\/?s={search_term_string}\"},\"query-input\":{\"@type\":\"PropertyValueSpecification\",\"valueRequired\":true,\"valueName\":\"search_term_string\"}}],\"inLanguage\":\"fr-FR\"},{\"@type\":\"Person\",\"@id\":\"https:\/\/lecasierfrancais.fr\/#\/schema\/person\/7ca32438b040d2a673afe220fe3c2fbd\",\"name\":\"Le Casier Francais\",\"image\":{\"@type\":\"ImageObject\",\"inLanguage\":\"fr-FR\",\"@id\":\"https:\/\/lecasierfrancais.fr\/#\/schema\/person\/image\/\",\"url\":\"https:\/\/secure.gravatar.com\/avatar\/f29776dfd97a4c78aee2ab31cb63a0f4097b8cc071a068daac2d914eb26fbbd4?s=96&d=mm&r=g\",\"contentUrl\":\"https:\/\/secure.gravatar.com\/avatar\/f29776dfd97a4c78aee2ab31cb63a0f4097b8cc071a068daac2d914eb26fbbd4?s=96&d=mm&r=g\",\"caption\":\"Le Casier Francais\"},\"url\":\"https:\/\/lecasierfrancais.fr\/index.php\/author\/le-casier-francais\/\"}]}<\/script>\n<!-- \/ Yoast SEO Premium plugin. -->","yoast_head_json":{"title":"Bakery Box by La Fagette : les casiers pour boulangerie deviennent un magasin concept (42) \ud83e\udd56 - Le Casier Fran\u00e7ais","description":"Adrien Fages a ouvert devant ses 2 magasins des casiers pour boulangerie afin de donner acc\u00e8s libre \u00e0 ses clients au pain et aux p\u00e2tisseries.","robots":{"index":"index","follow":"follow","max-snippet":"max-snippet:-1","max-image-preview":"max-image-preview:large","max-video-preview":"max-video-preview:-1"},"canonical":"https:\/\/lecasierfrancais.fr\/index.php\/2024\/02\/22\/bakery-box-by-la-fagette-casiers-pour-boulangerie\/","og_locale":"fr_FR","og_type":"article","og_title":"Bakery Box by La Fagette : les casiers pour boulangerie deviennent un magasin concept (42) \ud83e\udd56","og_description":"Adrien Fages a ouvert devant ses 2 magasins des casiers pour boulangerie afin de donner acc\u00e8s libre \u00e0 ses clients au pain et aux p\u00e2tisseries.","og_url":"https:\/\/lecasierfrancais.fr\/index.php\/2024\/02\/22\/bakery-box-by-la-fagette-casiers-pour-boulangerie\/","og_site_name":"Le Casier Fran\u00e7ais","article_publisher":"https:\/\/www.facebook.com\/lecasierfrancais\/","article_published_time":"2024-02-22T18:06:33+00:00","article_modified_time":"2024-06-04T14:15:39+00:00","og_image":[{"width":500,"height":375,"url":"https:\/\/lecasierfrancais.fr\/wp-content\/uploads\/2024\/02\/129236263-e1708622995927.jpg","type":"image\/jpeg"}],"author":"Le Casier Francais","twitter_card":"summary_large_image","twitter_misc":{"\u00c9crit par":"Le Casier Francais","Dur\u00e9e de lecture estim\u00e9e":"11 minutes"},"schema":{"@context":"https:\/\/schema.org","@graph":[{"@type":"WebPage","@id":"https:\/\/lecasierfrancais.fr\/index.php\/2024\/02\/22\/bakery-box-by-la-fagette-casiers-pour-boulangerie\/","url":"https:\/\/lecasierfrancais.fr\/index.php\/2024\/02\/22\/bakery-box-by-la-fagette-casiers-pour-boulangerie\/","name":"Bakery Box by La Fagette : les casiers pour boulangerie deviennent un magasin concept (42) \ud83e\udd56 - Le Casier Fran\u00e7ais","isPartOf":{"@id":"https:\/\/lecasierfrancais.fr\/#website"},"primaryImageOfPage":{"@id":"https:\/\/lecasierfrancais.fr\/index.php\/2024\/02\/22\/bakery-box-by-la-fagette-casiers-pour-boulangerie\/#primaryimage"},"image":{"@id":"https:\/\/lecasierfrancais.fr\/index.php\/2024\/02\/22\/bakery-box-by-la-fagette-casiers-pour-boulangerie\/#primaryimage"},"thumbnailUrl":"https:\/\/lecasierfrancais.fr\/wp-content\/uploads\/2024\/02\/129236263-e1708622995927.jpg","datePublished":"2024-02-22T18:06:33+00:00","dateModified":"2024-06-04T14:15:39+00:00","author":{"@id":"https:\/\/lecasierfrancais.fr\/#\/schema\/person\/7ca32438b040d2a673afe220fe3c2fbd"},"description":"Adrien Fages a ouvert devant ses 2 magasins des casiers pour boulangerie afin de donner acc\u00e8s libre \u00e0 ses clients au pain et aux p\u00e2tisseries.","breadcrumb":{"@id":"https:\/\/lecasierfrancais.fr\/index.php\/2024\/02\/22\/bakery-box-by-la-fagette-casiers-pour-boulangerie\/#breadcrumb"},"inLanguage":"fr-FR","potentialAction":[{"@type":"ReadAction","target":["https:\/\/lecasierfrancais.fr\/index.php\/2024\/02\/22\/bakery-box-by-la-fagette-casiers-pour-boulangerie\/"]}]},{"@type":"ImageObject","inLanguage":"fr-FR","@id":"https:\/\/lecasierfrancais.fr\/index.php\/2024\/02\/22\/bakery-box-by-la-fagette-casiers-pour-boulangerie\/#primaryimage","url":"https:\/\/lecasierfrancais.fr\/wp-content\/uploads\/2024\/02\/129236263-e1708622995927.jpg","contentUrl":"https:\/\/lecasierfrancais.fr\/wp-content\/uploads\/2024\/02\/129236263-e1708622995927.jpg","width":500,"height":375,"caption":"La Boutique de casier de Bakery Box by La Fagette"},{"@type":"BreadcrumbList","@id":"https:\/\/lecasierfrancais.fr\/index.php\/2024\/02\/22\/bakery-box-by-la-fagette-casiers-pour-boulangerie\/#breadcrumb","itemListElement":[{"@type":"ListItem","position":1,"name":"Accueil","item":"https:\/\/lecasierfrancais.fr\/"},{"@type":"ListItem","position":2,"name":"Bakery Box by La Fagette : les casiers pour boulangerie deviennent un magasin concept (42) \ud83e\udd56"}]},{"@type":"WebSite","@id":"https:\/\/lecasierfrancais.fr\/#website","url":"https:\/\/lecasierfrancais.fr\/","name":"Le Casier Fran\u00e7ais","description":"Fabricant de casiers connect\u00e9s pour la vente directe de vos produits","potentialAction":[{"@type":"SearchAction","target":{"@type":"EntryPoint","urlTemplate":"https:\/\/lecasierfrancais.fr\/?s={search_term_string}"},"query-input":{"@type":"PropertyValueSpecification","valueRequired":true,"valueName":"search_term_string"}}],"inLanguage":"fr-FR"},{"@type":"Person","@id":"https:\/\/lecasierfrancais.fr\/#\/schema\/person\/7ca32438b040d2a673afe220fe3c2fbd","name":"Le Casier Francais","image":{"@type":"ImageObject","inLanguage":"fr-FR","@id":"https:\/\/lecasierfrancais.fr\/#\/schema\/person\/image\/","url":"https:\/\/secure.gravatar.com\/avatar\/f29776dfd97a4c78aee2ab31cb63a0f4097b8cc071a068daac2d914eb26fbbd4?s=96&d=mm&r=g","contentUrl":"https:\/\/secure.gravatar.com\/avatar\/f29776dfd97a4c78aee2ab31cb63a0f4097b8cc071a068daac2d914eb26fbbd4?s=96&d=mm&r=g","caption":"Le Casier Francais"},"url":"https:\/\/lecasierfrancais.fr\/index.php\/author\/le-casier-francais\/"}]}},"_links":{"self":[{"href":"https:\/\/lecasierfrancais.fr\/index.php\/wp-json\/wp\/v2\/posts\/10466","targetHints":{"allow":["GET"]}}],"collection":[{"href":"https:\/\/lecasierfrancais.fr\/index.php\/wp-json\/wp\/v2\/posts"}],"about":[{"href":"https:\/\/lecasierfrancais.fr\/index.php\/wp-json\/wp\/v2\/types\/post"}],"author":[{"embeddable":true,"href":"https:\/\/lecasierfrancais.fr\/index.php\/wp-json\/wp\/v2\/users\/8"}],"replies":[{"embeddable":true,"href":"https:\/\/lecasierfrancais.fr\/index.php\/wp-json\/wp\/v2\/comments?post=10466"}],"version-history":[{"count":12,"href":"https:\/\/lecasierfrancais.fr\/index.php\/wp-json\/wp\/v2\/posts\/10466\/revisions"}],"predecessor-version":[{"id":10484,"href":"https:\/\/lecasierfrancais.fr\/index.php\/wp-json\/wp\/v2\/posts\/10466\/revisions\/10484"}],"wp:featuredmedia":[{"embeddable":true,"href":"https:\/\/lecasierfrancais.fr\/index.php\/wp-json\/wp\/v2\/media\/10471"}],"wp:attachment":[{"href":"https:\/\/lecasierfrancais.fr\/index.php\/wp-json\/wp\/v2\/media?parent=10466"}],"wp:term":[{"taxonomy":"category","embeddable":true,"href":"https:\/\/lecasierfrancais.fr\/index.php\/wp-json\/wp\/v2\/categories?post=10466"},{"taxonomy":"post_tag","embeddable":true,"href":"https:\/\/lecasierfrancais.fr\/index.php\/wp-json\/wp\/v2\/tags?post=10466"}],"curies":[{"name":"wp","href":"https:\/\/api.w.org\/{rel}","templated":true}]}}