{"id":10496,"date":"2024-03-05T15:37:38","date_gmt":"2024-03-05T14:37:38","guid":{"rendered":"https:\/\/lecasierfrancais.fr\/?p=10496"},"modified":"2024-06-04T16:15:38","modified_gmt":"2024-06-04T14:15:38","slug":"le-casier-francais-au-salon-international-de-lagriculture-2024","status":"publish","type":"post","link":"https:\/\/lecasierfrancais.fr\/index.php\/2024\/03\/05\/le-casier-francais-au-salon-international-de-lagriculture-2024\/","title":{"rendered":"Le Casier Fran\u00e7ais au Salon International de l&rsquo;Agriculture 2024 \ud83d\udc04\ud83c\udf3e"},"content":{"rendered":"<p><em>Pour la 60\u00e8me \u00e9dition du Salon de l&rsquo;Agriculture, le Casier Fran\u00e7ais \u00e9tait pr\u00e9sent pour la 5\u00e8me ann\u00e9e cons\u00e9cutive. Chaque ann\u00e9e, nous sommes ravis d&rsquo;aller \u00e0 la rencontre de potentiels clients et de leur pr\u00e9senter notre produit, nos derni\u00e8res innovations et nos solutions pour le circuit court.<\/em><\/p>\n<h2 class=\"vc_custom_heading\"><img decoding=\"async\" class=\" wp-image-10502 aligncenter\" src=\"https:\/\/lecasierfrancais.fr\/wp-content\/uploads\/2024\/03\/IMG-20240226-WA0010-300x206.jpg\" alt=\"Le Casier Fran\u00e7ais au salon de l'agriculture\" width=\"534\" height=\"367\" srcset=\"https:\/\/lecasierfrancais.fr\/wp-content\/uploads\/2024\/03\/IMG-20240226-WA0010-300x206.jpg 300w, https:\/\/lecasierfrancais.fr\/wp-content\/uploads\/2024\/03\/IMG-20240226-WA0010-1024x703.jpg 1024w, https:\/\/lecasierfrancais.fr\/wp-content\/uploads\/2024\/03\/IMG-20240226-WA0010-768x527.jpg 768w, https:\/\/lecasierfrancais.fr\/wp-content\/uploads\/2024\/03\/IMG-20240226-WA0010-1536x1054.jpg 1536w, https:\/\/lecasierfrancais.fr\/wp-content\/uploads\/2024\/03\/IMG-20240226-WA0010.jpg 1600w\" sizes=\"(max-width: 534px) 100vw, 534px\" \/><\/h2>\n<h2 class=\"vc_custom_heading\">Le Salon de l&rsquo;Agriculture, un temps fort de l&rsquo;ann\u00e9e du Casier Fran\u00e7ais<\/h2>\n<p>Depuis 5 ans, le <a href=\"https:\/\/www.salon-agriculture.com\/\" target=\"_blank\" rel=\"noopener\">SIA<\/a> est devenu un temps fort de notre ann\u00e9e. Il nous permet, pendant plus d&rsquo;une semaine, d&rsquo;aller \u00e0 la<strong> rencontre de nos (futurs) clients<\/strong>, d&rsquo;\u00e9lus, de journalistes, d&rsquo;institutionnels&#8230; Tous sont curieux de d\u00e9couvrir notre <strong>solution innovante et connect\u00e9e<\/strong> : <a href=\"https:\/\/lp.lecasierfrancais.fr\/\" target=\"_blank\" rel=\"noopener\">les casiers automatiques comme canal de distribution.<\/a><\/p>\n<p>\u00c0 notre retour, nous revenons grandis de ces \u00e9changes constructifs avec de nombreux projets inspirants \u00e0 venir. Le Salon de l&rsquo;Agriculture est pour nous l&rsquo;occasion de souligner notre<strong> soutien aux agriculteurs et exploitants<\/strong> avec un produit fabriqu\u00e9 en France et en faveur du circuit court.<\/p>\n<h2 class=\"vc_custom_heading\">Un nouveau catalogue pour l&rsquo;occasion<\/h2>\n<p><img decoding=\"async\" class=\"wp-image-10503 alignright\" src=\"https:\/\/lecasierfrancais.fr\/wp-content\/uploads\/2024\/03\/IMG_20240227_121934-scaled-e1709648505978-300x235.jpg\" alt=\"Catalogue du Casier Fran\u00e7ais 2024\" width=\"332\" height=\"260\" srcset=\"https:\/\/lecasierfrancais.fr\/wp-content\/uploads\/2024\/03\/IMG_20240227_121934-scaled-e1709648505978-300x235.jpg 300w, https:\/\/lecasierfrancais.fr\/wp-content\/uploads\/2024\/03\/IMG_20240227_121934-scaled-e1709648505978-768x601.jpg 768w, https:\/\/lecasierfrancais.fr\/wp-content\/uploads\/2024\/03\/IMG_20240227_121934-scaled-e1709648505978.jpg 999w\" sizes=\"(max-width: 332px) 100vw, 332px\" \/><\/p>\n<p>Et qui dit salon, dit catalogue&#8230; Cette ann\u00e9e, nos \u00e9quipes marketing ont con\u00e7u un catalogue sous forme d&rsquo;un <strong>magazine<\/strong>. On y retrouve un bout de notre histoire, de notre ADN, de nos premi\u00e8res installations aupr\u00e8s d&rsquo;agriculteurs d\u00e9sireux de trouver des alternatives \u00e0 la grande distribution&#8230; Ce magalogue est aussi l&rsquo;opportunit\u00e9 de d\u00e9couvrir nos <strong>process de fabrication<\/strong>, nos derni\u00e8res <strong>innovations<\/strong>, l&rsquo;\u00e9tendue des possibilit\u00e9s avec nos casiers&#8230; Au fil des pages, nous vous y pr\u00e9sentons \u00e9galement la diversification de notre activit\u00e9 que ce soit \u00e0 l&rsquo;international ou sur de nouveaux secteurs d&rsquo;activit\u00e9s, int\u00e9ress\u00e9s par la vente par casiers.<\/p>\n<p>&nbsp;<\/p>\n<h2 class=\"vc_custom_heading\">Une porte ouverte sur de nouveaux projets<\/h2>\n<p><img decoding=\"async\" class=\"size-medium wp-image-10508 aligncenter\" src=\"https:\/\/lecasierfrancais.fr\/wp-content\/uploads\/2024\/03\/Nos-400-clients-300x259.png\" alt=\"Carte des installations de casiers\" width=\"300\" height=\"259\" srcset=\"https:\/\/lecasierfrancais.fr\/wp-content\/uploads\/2024\/03\/Nos-400-clients-300x259.png 300w, https:\/\/lecasierfrancais.fr\/wp-content\/uploads\/2024\/03\/Nos-400-clients.png 494w\" sizes=\"(max-width: 300px) 100vw, 300px\" \/><\/p>\n<p>Apr\u00e8s autant d&rsquo;\u00e9changes et de rencontres lors du Salon de l&rsquo;Agriculture, Le Casier Fran\u00e7ais mise sur de nouvelles opportunit\u00e9s et d&rsquo;installations de casiers. Que ce soit pour <strong>une cr\u00e9ation de projet de casiers ou d&rsquo;extension<\/strong>, en France ou \u00e0 l&rsquo;international, ces projets viendront agrandir notre activit\u00e9.<\/p>\n<p>Aujourd&rsquo;hui, <strong>plus de 400 clients nous font confiance<\/strong> et utilisent le casier automatique comme canal de distribution en circuit court. Nous sommes impatients d&rsquo;accro\u00eetre le nombre de casiers sur le territoire.<\/p>\n<h2 class=\"vc_custom_heading\"><img decoding=\"async\" class=\" wp-image-10516 alignleft\" src=\"https:\/\/lecasierfrancais.fr\/wp-content\/uploads\/2024\/03\/IMG-20240226-WA0013-1-225x300.jpg\" alt=\"Stand du Casier Fran\u00e7ais au Salon de l'Agriculture\" width=\"294\" height=\"392\" srcset=\"https:\/\/lecasierfrancais.fr\/wp-content\/uploads\/2024\/03\/IMG-20240226-WA0013-1-225x300.jpg 225w, https:\/\/lecasierfrancais.fr\/wp-content\/uploads\/2024\/03\/IMG-20240226-WA0013-1-768x1024.jpg 768w, https:\/\/lecasierfrancais.fr\/wp-content\/uploads\/2024\/03\/IMG-20240226-WA0013-1-1152x1536.jpg 1152w, https:\/\/lecasierfrancais.fr\/wp-content\/uploads\/2024\/03\/IMG-20240226-WA0013-1.jpg 1200w\" sizes=\"(max-width: 294px) 100vw, 294px\" \/>Toutes nos \u00e9quipes mobilis\u00e9es pour le salon<\/h2>\n<p>La Team du Casier \u00e0 travaill\u00e9 dur que ce soit en amont ou en direct du salon. Gr\u00e2ce au d\u00e9vouement de chacun, nous avons pu vous proposer un magalogue agr\u00e9able \u00e0 lire, un <strong>stand accueillant et attractif<\/strong> et, sur place, des rencontres avec notre \u00e9quipe commerciale et nos dirigeants. Ce sont eux, nos hommes de terrain, qui parlent le mieux de notre produit, ceux gr\u00e2ce \u00e0 qui nos casiers prennent vie chaque jour.\u00a0 En somme, une \u00e9dition r\u00e9ussie et prometteuse que nous esp\u00e9rons annonciatrice de succ\u00e8s pour la suite.<\/p>\n<p>Et pour cl\u00f4turer sur le salon, nous vous disons \u00ab\u00a0\u00e0 l&rsquo;ann\u00e9e prochaine\u00a0\u00bb avec de nouvelles id\u00e9es pour faire vivre votre commerce au Salon International de l&rsquo;Agriculture 2025 !<\/p>\n","protected":false},"excerpt":{"rendered":"<p>Pour la 60\u00e8me \u00e9dition du Salon de l&rsquo;Agriculture, le Casier Fran\u00e7ais \u00e9tait pr\u00e9sent pour la&#8230;<\/p>\n","protected":false},"author":8,"featured_media":10513,"comment_status":"open","ping_status":"open","sticky":false,"template":"","format":"standard","meta":{"footnotes":""},"categories":[405,392],"tags":[],"class_list":{"0":"post-10496","1":"post","2":"type-post","3":"status-publish","4":"format-standard","5":"has-post-thumbnail","7":"category-news","8":"category-salon"},"yoast_head":"<!-- This site is optimized with the Yoast SEO Premium plugin v26.6 (Yoast SEO v26.6) - https:\/\/yoast.com\/wordpress\/plugins\/seo\/ -->\n<title>Le Casier Fran\u00e7ais au Salon International de l&#039;Agriculture 2024 \ud83d\udc04\ud83c\udf3e - Le Casier Fran\u00e7ais<\/title>\n<meta name=\"description\" content=\"Pour la 5\u00e8me ann\u00e9e cons\u00e9cutive, Le Casier Fran\u00e7ais \u00e9tait pr\u00e9sent au Salon de l&#039;Agriculture pour pr\u00e9senter son casier innovant et connect\u00e9.\" \/>\n<meta name=\"robots\" content=\"index, follow, max-snippet:-1, max-image-preview:large, max-video-preview:-1\" \/>\n<link rel=\"canonical\" href=\"https:\/\/lecasierfrancais.fr\/index.php\/2024\/03\/05\/le-casier-francais-au-salon-international-de-lagriculture-2024\/\" \/>\n<meta property=\"og:locale\" content=\"fr_FR\" \/>\n<meta property=\"og:type\" content=\"article\" \/>\n<meta property=\"og:title\" content=\"Le Casier Fran\u00e7ais au Salon International de l&#039;Agriculture 2024 \ud83d\udc04\ud83c\udf3e\" \/>\n<meta property=\"og:description\" content=\"Pour la 5\u00e8me ann\u00e9e cons\u00e9cutive, Le Casier Fran\u00e7ais \u00e9tait pr\u00e9sent au Salon de l&#039;Agriculture pour pr\u00e9senter son casier innovant et connect\u00e9.\" \/>\n<meta property=\"og:url\" content=\"https:\/\/lecasierfrancais.fr\/index.php\/2024\/03\/05\/le-casier-francais-au-salon-international-de-lagriculture-2024\/\" \/>\n<meta property=\"og:site_name\" content=\"Le Casier Fran\u00e7ais\" \/>\n<meta property=\"article:publisher\" content=\"https:\/\/www.facebook.com\/lecasierfrancais\/\" \/>\n<meta property=\"article:published_time\" content=\"2024-03-05T14:37:38+00:00\" \/>\n<meta property=\"article:modified_time\" content=\"2024-06-04T14:15:38+00:00\" \/>\n<meta property=\"og:image\" content=\"https:\/\/lecasierfrancais.fr\/wp-content\/uploads\/2024\/03\/IMG-20240226-WA0011.jpg\" \/>\n\t<meta property=\"og:image:width\" content=\"1600\" \/>\n\t<meta property=\"og:image:height\" content=\"1200\" \/>\n\t<meta property=\"og:image:type\" content=\"image\/jpeg\" \/>\n<meta name=\"author\" content=\"Le Casier Francais\" \/>\n<meta name=\"twitter:card\" content=\"summary_large_image\" \/>\n<meta name=\"twitter:label1\" content=\"\u00c9crit par\" \/>\n\t<meta name=\"twitter:data1\" content=\"Le Casier Francais\" \/>\n\t<meta name=\"twitter:label2\" content=\"Dur\u00e9e de lecture estim\u00e9e\" \/>\n\t<meta name=\"twitter:data2\" content=\"2 minutes\" \/>\n<script type=\"application\/ld+json\" class=\"yoast-schema-graph\">{\"@context\":\"https:\/\/schema.org\",\"@graph\":[{\"@type\":\"WebPage\",\"@id\":\"https:\/\/lecasierfrancais.fr\/index.php\/2024\/03\/05\/le-casier-francais-au-salon-international-de-lagriculture-2024\/\",\"url\":\"https:\/\/lecasierfrancais.fr\/index.php\/2024\/03\/05\/le-casier-francais-au-salon-international-de-lagriculture-2024\/\",\"name\":\"Le Casier Fran\u00e7ais au Salon International de l'Agriculture 2024 \ud83d\udc04\ud83c\udf3e - Le Casier Fran\u00e7ais\",\"isPartOf\":{\"@id\":\"https:\/\/lecasierfrancais.fr\/#website\"},\"primaryImageOfPage\":{\"@id\":\"https:\/\/lecasierfrancais.fr\/index.php\/2024\/03\/05\/le-casier-francais-au-salon-international-de-lagriculture-2024\/#primaryimage\"},\"image\":{\"@id\":\"https:\/\/lecasierfrancais.fr\/index.php\/2024\/03\/05\/le-casier-francais-au-salon-international-de-lagriculture-2024\/#primaryimage\"},\"thumbnailUrl\":\"https:\/\/lecasierfrancais.fr\/wp-content\/uploads\/2024\/03\/IMG-20240226-WA0011.jpg\",\"datePublished\":\"2024-03-05T14:37:38+00:00\",\"dateModified\":\"2024-06-04T14:15:38+00:00\",\"author\":{\"@id\":\"https:\/\/lecasierfrancais.fr\/#\/schema\/person\/7ca32438b040d2a673afe220fe3c2fbd\"},\"description\":\"Pour la 5\u00e8me ann\u00e9e cons\u00e9cutive, Le Casier Fran\u00e7ais \u00e9tait pr\u00e9sent au Salon de l'Agriculture pour pr\u00e9senter son casier innovant et connect\u00e9.\",\"breadcrumb\":{\"@id\":\"https:\/\/lecasierfrancais.fr\/index.php\/2024\/03\/05\/le-casier-francais-au-salon-international-de-lagriculture-2024\/#breadcrumb\"},\"inLanguage\":\"fr-FR\",\"potentialAction\":[{\"@type\":\"ReadAction\",\"target\":[\"https:\/\/lecasierfrancais.fr\/index.php\/2024\/03\/05\/le-casier-francais-au-salon-international-de-lagriculture-2024\/\"]}]},{\"@type\":\"ImageObject\",\"inLanguage\":\"fr-FR\",\"@id\":\"https:\/\/lecasierfrancais.fr\/index.php\/2024\/03\/05\/le-casier-francais-au-salon-international-de-lagriculture-2024\/#primaryimage\",\"url\":\"https:\/\/lecasierfrancais.fr\/wp-content\/uploads\/2024\/03\/IMG-20240226-WA0011.jpg\",\"contentUrl\":\"https:\/\/lecasierfrancais.fr\/wp-content\/uploads\/2024\/03\/IMG-20240226-WA0011.jpg\",\"width\":1600,\"height\":1200,\"caption\":\"Le Casier Fran\u00e7ai pr\u00e9sente les innovations de son casier au Salon de l'Agriculture\"},{\"@type\":\"BreadcrumbList\",\"@id\":\"https:\/\/lecasierfrancais.fr\/index.php\/2024\/03\/05\/le-casier-francais-au-salon-international-de-lagriculture-2024\/#breadcrumb\",\"itemListElement\":[{\"@type\":\"ListItem\",\"position\":1,\"name\":\"Accueil\",\"item\":\"https:\/\/lecasierfrancais.fr\/\"},{\"@type\":\"ListItem\",\"position\":2,\"name\":\"Le Casier Fran\u00e7ais au Salon International de l&rsquo;Agriculture 2024 \ud83d\udc04\ud83c\udf3e\"}]},{\"@type\":\"WebSite\",\"@id\":\"https:\/\/lecasierfrancais.fr\/#website\",\"url\":\"https:\/\/lecasierfrancais.fr\/\",\"name\":\"Le Casier Fran\u00e7ais\",\"description\":\"Fabricant de casiers connect\u00e9s pour la vente directe de vos produits\",\"potentialAction\":[{\"@type\":\"SearchAction\",\"target\":{\"@type\":\"EntryPoint\",\"urlTemplate\":\"https:\/\/lecasierfrancais.fr\/?s={search_term_string}\"},\"query-input\":{\"@type\":\"PropertyValueSpecification\",\"valueRequired\":true,\"valueName\":\"search_term_string\"}}],\"inLanguage\":\"fr-FR\"},{\"@type\":\"Person\",\"@id\":\"https:\/\/lecasierfrancais.fr\/#\/schema\/person\/7ca32438b040d2a673afe220fe3c2fbd\",\"name\":\"Le Casier Francais\",\"image\":{\"@type\":\"ImageObject\",\"inLanguage\":\"fr-FR\",\"@id\":\"https:\/\/lecasierfrancais.fr\/#\/schema\/person\/image\/\",\"url\":\"https:\/\/secure.gravatar.com\/avatar\/f29776dfd97a4c78aee2ab31cb63a0f4097b8cc071a068daac2d914eb26fbbd4?s=96&d=mm&r=g\",\"contentUrl\":\"https:\/\/secure.gravatar.com\/avatar\/f29776dfd97a4c78aee2ab31cb63a0f4097b8cc071a068daac2d914eb26fbbd4?s=96&d=mm&r=g\",\"caption\":\"Le Casier Francais\"},\"url\":\"https:\/\/lecasierfrancais.fr\/index.php\/author\/le-casier-francais\/\"}]}<\/script>\n<!-- \/ Yoast SEO Premium plugin. -->","yoast_head_json":{"title":"Le Casier Fran\u00e7ais au Salon International de l'Agriculture 2024 \ud83d\udc04\ud83c\udf3e - Le Casier Fran\u00e7ais","description":"Pour la 5\u00e8me ann\u00e9e cons\u00e9cutive, Le Casier Fran\u00e7ais \u00e9tait pr\u00e9sent au Salon de l'Agriculture pour pr\u00e9senter son casier innovant et connect\u00e9.","robots":{"index":"index","follow":"follow","max-snippet":"max-snippet:-1","max-image-preview":"max-image-preview:large","max-video-preview":"max-video-preview:-1"},"canonical":"https:\/\/lecasierfrancais.fr\/index.php\/2024\/03\/05\/le-casier-francais-au-salon-international-de-lagriculture-2024\/","og_locale":"fr_FR","og_type":"article","og_title":"Le Casier Fran\u00e7ais au Salon International de l'Agriculture 2024 \ud83d\udc04\ud83c\udf3e","og_description":"Pour la 5\u00e8me ann\u00e9e cons\u00e9cutive, Le Casier Fran\u00e7ais \u00e9tait pr\u00e9sent au Salon de l'Agriculture pour pr\u00e9senter son casier innovant et connect\u00e9.","og_url":"https:\/\/lecasierfrancais.fr\/index.php\/2024\/03\/05\/le-casier-francais-au-salon-international-de-lagriculture-2024\/","og_site_name":"Le Casier Fran\u00e7ais","article_publisher":"https:\/\/www.facebook.com\/lecasierfrancais\/","article_published_time":"2024-03-05T14:37:38+00:00","article_modified_time":"2024-06-04T14:15:38+00:00","og_image":[{"width":1600,"height":1200,"url":"https:\/\/lecasierfrancais.fr\/wp-content\/uploads\/2024\/03\/IMG-20240226-WA0011.jpg","type":"image\/jpeg"}],"author":"Le Casier Francais","twitter_card":"summary_large_image","twitter_misc":{"\u00c9crit par":"Le Casier Francais","Dur\u00e9e de lecture estim\u00e9e":"2 minutes"},"schema":{"@context":"https:\/\/schema.org","@graph":[{"@type":"WebPage","@id":"https:\/\/lecasierfrancais.fr\/index.php\/2024\/03\/05\/le-casier-francais-au-salon-international-de-lagriculture-2024\/","url":"https:\/\/lecasierfrancais.fr\/index.php\/2024\/03\/05\/le-casier-francais-au-salon-international-de-lagriculture-2024\/","name":"Le Casier Fran\u00e7ais au Salon International de l'Agriculture 2024 \ud83d\udc04\ud83c\udf3e - Le Casier Fran\u00e7ais","isPartOf":{"@id":"https:\/\/lecasierfrancais.fr\/#website"},"primaryImageOfPage":{"@id":"https:\/\/lecasierfrancais.fr\/index.php\/2024\/03\/05\/le-casier-francais-au-salon-international-de-lagriculture-2024\/#primaryimage"},"image":{"@id":"https:\/\/lecasierfrancais.fr\/index.php\/2024\/03\/05\/le-casier-francais-au-salon-international-de-lagriculture-2024\/#primaryimage"},"thumbnailUrl":"https:\/\/lecasierfrancais.fr\/wp-content\/uploads\/2024\/03\/IMG-20240226-WA0011.jpg","datePublished":"2024-03-05T14:37:38+00:00","dateModified":"2024-06-04T14:15:38+00:00","author":{"@id":"https:\/\/lecasierfrancais.fr\/#\/schema\/person\/7ca32438b040d2a673afe220fe3c2fbd"},"description":"Pour la 5\u00e8me ann\u00e9e cons\u00e9cutive, Le Casier Fran\u00e7ais \u00e9tait pr\u00e9sent au Salon de l'Agriculture pour pr\u00e9senter son casier innovant et connect\u00e9.","breadcrumb":{"@id":"https:\/\/lecasierfrancais.fr\/index.php\/2024\/03\/05\/le-casier-francais-au-salon-international-de-lagriculture-2024\/#breadcrumb"},"inLanguage":"fr-FR","potentialAction":[{"@type":"ReadAction","target":["https:\/\/lecasierfrancais.fr\/index.php\/2024\/03\/05\/le-casier-francais-au-salon-international-de-lagriculture-2024\/"]}]},{"@type":"ImageObject","inLanguage":"fr-FR","@id":"https:\/\/lecasierfrancais.fr\/index.php\/2024\/03\/05\/le-casier-francais-au-salon-international-de-lagriculture-2024\/#primaryimage","url":"https:\/\/lecasierfrancais.fr\/wp-content\/uploads\/2024\/03\/IMG-20240226-WA0011.jpg","contentUrl":"https:\/\/lecasierfrancais.fr\/wp-content\/uploads\/2024\/03\/IMG-20240226-WA0011.jpg","width":1600,"height":1200,"caption":"Le Casier Fran\u00e7ai pr\u00e9sente les innovations de son casier au Salon de l'Agriculture"},{"@type":"BreadcrumbList","@id":"https:\/\/lecasierfrancais.fr\/index.php\/2024\/03\/05\/le-casier-francais-au-salon-international-de-lagriculture-2024\/#breadcrumb","itemListElement":[{"@type":"ListItem","position":1,"name":"Accueil","item":"https:\/\/lecasierfrancais.fr\/"},{"@type":"ListItem","position":2,"name":"Le Casier Fran\u00e7ais au Salon International de l&rsquo;Agriculture 2024 \ud83d\udc04\ud83c\udf3e"}]},{"@type":"WebSite","@id":"https:\/\/lecasierfrancais.fr\/#website","url":"https:\/\/lecasierfrancais.fr\/","name":"Le Casier Fran\u00e7ais","description":"Fabricant de casiers connect\u00e9s pour la vente directe de vos produits","potentialAction":[{"@type":"SearchAction","target":{"@type":"EntryPoint","urlTemplate":"https:\/\/lecasierfrancais.fr\/?s={search_term_string}"},"query-input":{"@type":"PropertyValueSpecification","valueRequired":true,"valueName":"search_term_string"}}],"inLanguage":"fr-FR"},{"@type":"Person","@id":"https:\/\/lecasierfrancais.fr\/#\/schema\/person\/7ca32438b040d2a673afe220fe3c2fbd","name":"Le Casier Francais","image":{"@type":"ImageObject","inLanguage":"fr-FR","@id":"https:\/\/lecasierfrancais.fr\/#\/schema\/person\/image\/","url":"https:\/\/secure.gravatar.com\/avatar\/f29776dfd97a4c78aee2ab31cb63a0f4097b8cc071a068daac2d914eb26fbbd4?s=96&d=mm&r=g","contentUrl":"https:\/\/secure.gravatar.com\/avatar\/f29776dfd97a4c78aee2ab31cb63a0f4097b8cc071a068daac2d914eb26fbbd4?s=96&d=mm&r=g","caption":"Le Casier Francais"},"url":"https:\/\/lecasierfrancais.fr\/index.php\/author\/le-casier-francais\/"}]}},"_links":{"self":[{"href":"https:\/\/lecasierfrancais.fr\/index.php\/wp-json\/wp\/v2\/posts\/10496","targetHints":{"allow":["GET"]}}],"collection":[{"href":"https:\/\/lecasierfrancais.fr\/index.php\/wp-json\/wp\/v2\/posts"}],"about":[{"href":"https:\/\/lecasierfrancais.fr\/index.php\/wp-json\/wp\/v2\/types\/post"}],"author":[{"embeddable":true,"href":"https:\/\/lecasierfrancais.fr\/index.php\/wp-json\/wp\/v2\/users\/8"}],"replies":[{"embeddable":true,"href":"https:\/\/lecasierfrancais.fr\/index.php\/wp-json\/wp\/v2\/comments?post=10496"}],"version-history":[{"count":15,"href":"https:\/\/lecasierfrancais.fr\/index.php\/wp-json\/wp\/v2\/posts\/10496\/revisions"}],"predecessor-version":[{"id":10517,"href":"https:\/\/lecasierfrancais.fr\/index.php\/wp-json\/wp\/v2\/posts\/10496\/revisions\/10517"}],"wp:featuredmedia":[{"embeddable":true,"href":"https:\/\/lecasierfrancais.fr\/index.php\/wp-json\/wp\/v2\/media\/10513"}],"wp:attachment":[{"href":"https:\/\/lecasierfrancais.fr\/index.php\/wp-json\/wp\/v2\/media?parent=10496"}],"wp:term":[{"taxonomy":"category","embeddable":true,"href":"https:\/\/lecasierfrancais.fr\/index.php\/wp-json\/wp\/v2\/categories?post=10496"},{"taxonomy":"post_tag","embeddable":true,"href":"https:\/\/lecasierfrancais.fr\/index.php\/wp-json\/wp\/v2\/tags?post=10496"}],"curies":[{"name":"wp","href":"https:\/\/api.w.org\/{rel}","templated":true}]}}