{"id":12184,"date":"2024-09-27T12:00:24","date_gmt":"2024-09-27T10:00:24","guid":{"rendered":"https:\/\/lecasierfrancais.fr\/?p=12184"},"modified":"2024-10-01T09:49:28","modified_gmt":"2024-10-01T07:49:28","slug":"optez-pour-le-distributeur-automatique-compact","status":"publish","type":"post","link":"https:\/\/lecasierfrancais.fr\/index.php\/2024\/09\/27\/optez-pour-le-distributeur-automatique-compact\/","title":{"rendered":"Optez pour le distributeur automatique compact \ud83c\udfea"},"content":{"rendered":"[vc_row type=\u00a0\u00bbin_container\u00a0\u00bb full_screen_row_position=\u00a0\u00bbmiddle\u00a0\u00bb scene_position=\u00a0\u00bbcenter\u00a0\u00bb text_color=\u00a0\u00bbdark\u00a0\u00bb text_align=\u00a0\u00bbleft\u00a0\u00bb overlay_strength=\u00a0\u00bb0.3&Prime; shape_divider_position=\u00a0\u00bbbottom\u00a0\u00bb][vc_column column_padding=\u00a0\u00bbno-extra-padding\u00a0\u00bb column_padding_position=\u00a0\u00bball\u00a0\u00bb background_color_opacity=\u00a0\u00bb1&Prime; background_hover_color_opacity=\u00a0\u00bb1&Prime; column_shadow=\u00a0\u00bbnone\u00a0\u00bb column_border_radius=\u00a0\u00bbnone\u00a0\u00bb width=\u00a0\u00bb1\/1&Prime; tablet_text_alignment=\u00a0\u00bbdefault\u00a0\u00bb phone_text_alignment=\u00a0\u00bbdefault\u00a0\u00bb column_border_width=\u00a0\u00bbnone\u00a0\u00bb column_border_style=\u00a0\u00bbsolid\u00a0\u00bb][vc_column_text]<em>Le Casier Fran\u00e7ais a pens\u00e9 \u00e0 tout\u00a0! Tous nos clients ne disposent pas d\u2019un espace infini pour leur casier connect\u00e9. Alors, nous avons imagin\u00e9 un distributeur automatique compact disponible en 10 ou 14 casiers qui comporte de nombreux avantages et notamment celui de prendre peu de place. D\u00e9couvrez sans plus attendre ce que vous promet notre casier compact.\u00a0<\/em>[\/vc_column_text][\/vc_column][\/vc_row][vc_row type=\u00a0\u00bbin_container\u00a0\u00bb full_screen_row_position=\u00a0\u00bbmiddle\u00a0\u00bb scene_position=\u00a0\u00bbcenter\u00a0\u00bb text_color=\u00a0\u00bbdark\u00a0\u00bb text_align=\u00a0\u00bbleft\u00a0\u00bb overlay_strength=\u00a0\u00bb0.3&Prime; shape_divider_position=\u00a0\u00bbbottom\u00a0\u00bb][vc_column column_padding=\u00a0\u00bbno-extra-padding\u00a0\u00bb column_padding_position=\u00a0\u00bball\u00a0\u00bb background_color_opacity=\u00a0\u00bb1&Prime; background_hover_color_opacity=\u00a0\u00bb1&Prime; column_shadow=\u00a0\u00bbnone\u00a0\u00bb column_border_radius=\u00a0\u00bbnone\u00a0\u00bb width=\u00a0\u00bb1\/1&Prime; tablet_text_alignment=\u00a0\u00bbdefault\u00a0\u00bb phone_text_alignment=\u00a0\u00bbdefault\u00a0\u00bb column_border_width=\u00a0\u00bbnone\u00a0\u00bb column_border_style=\u00a0\u00bbsolid\u00a0\u00bb]<div class=\"img-with-aniamtion-wrap center\" data-max-width=\"100%\" data-border-radius=\"none\"><div class=\"inner\"><a href=\"https:\/\/lecasierfrancais.fr\/wp-content\/uploads\/2024\/09\/le-plaisir-des-papilles2-e1727430759960.jpg\" class=\"pp center\"><img decoding=\"async\" data-shadow=\"none\" data-shadow-direction=\"middle\" class=\"img-with-animation \" data-delay=\"0\" height=\"600\" width=\"450\" data-animation=\"none\" src=\"https:\/\/lecasierfrancais.fr\/wp-content\/uploads\/2024\/09\/le-plaisir-des-papilles2-e1727430759960.jpg\"  alt=\"Distributeur automatique Le plaisir des papilles \u00e0 Nogentel par Le Casier Fran\u00e7ais\" \/><\/a><\/div><\/div>[vc_column_text]\n<h6 style=\"text-align: center;\"><em>Le plaisir des papilles, Compact 14<\/em><\/h6>\n[\/vc_column_text][\/vc_column][\/vc_row][vc_row type=\u00a0\u00bbin_container\u00a0\u00bb full_screen_row_position=\u00a0\u00bbmiddle\u00a0\u00bb scene_position=\u00a0\u00bbcenter\u00a0\u00bb text_color=\u00a0\u00bbdark\u00a0\u00bb text_align=\u00a0\u00bbleft\u00a0\u00bb overlay_strength=\u00a0\u00bb0.3&Prime; shape_divider_position=\u00a0\u00bbbottom\u00a0\u00bb][vc_column column_padding=\u00a0\u00bbno-extra-padding\u00a0\u00bb column_padding_position=\u00a0\u00bball\u00a0\u00bb background_color_opacity=\u00a0\u00bb1&Prime; background_hover_color_opacity=\u00a0\u00bb1&Prime; column_shadow=\u00a0\u00bbnone\u00a0\u00bb column_border_radius=\u00a0\u00bbnone\u00a0\u00bb width=\u00a0\u00bb1\/1&Prime; tablet_text_alignment=\u00a0\u00bbdefault\u00a0\u00bb phone_text_alignment=\u00a0\u00bbdefault\u00a0\u00bb column_border_width=\u00a0\u00bbnone\u00a0\u00bb column_border_style=\u00a0\u00bbsolid\u00a0\u00bb][vc_custom_heading text=\u00a0\u00bbLe distributeur automatique compact, une formule tout en un \ud83e\udde9\u00a0\u00bb use_theme_fonts=\u00a0\u00bbyes\u00a0\u00bb][vc_column_text]Pour la vente de vos produits en libre-service, nous avons imagin\u00e9 un petit <a href=\"https:\/\/lecasierfrancais.fr\/index.php\/compact-10\/\" target=\"_blank\" rel=\"noopener\">casier avec 10 ou 14 casiers max<\/a>. Il est directement reli\u00e9 \u00e0 une borne de commande ce qui le rend tr\u00e8s pratique. Le distributeur automatique compact est une solution cl\u00e9 en main et r\u00e9frig\u00e9r\u00e9e pour d\u00e9buter rapidement votre commerce.[\/vc_column_text][\/vc_column][\/vc_row][vc_row type=\u00a0\u00bbin_container\u00a0\u00bb full_screen_row_position=\u00a0\u00bbmiddle\u00a0\u00bb scene_position=\u00a0\u00bbcenter\u00a0\u00bb text_color=\u00a0\u00bbdark\u00a0\u00bb text_align=\u00a0\u00bbleft\u00a0\u00bb overlay_strength=\u00a0\u00bb0.3&Prime; shape_divider_position=\u00a0\u00bbbottom\u00a0\u00bb][vc_column column_padding=\u00a0\u00bbno-extra-padding\u00a0\u00bb column_padding_position=\u00a0\u00bball\u00a0\u00bb background_color_opacity=\u00a0\u00bb1&Prime; background_hover_color_opacity=\u00a0\u00bb1&Prime; column_shadow=\u00a0\u00bbnone\u00a0\u00bb column_border_radius=\u00a0\u00bbnone\u00a0\u00bb width=\u00a0\u00bb1\/1&Prime; tablet_text_alignment=\u00a0\u00bbdefault\u00a0\u00bb phone_text_alignment=\u00a0\u00bbdefault\u00a0\u00bb column_border_width=\u00a0\u00bbnone\u00a0\u00bb column_border_style=\u00a0\u00bbsolid\u00a0\u00bb][vc_custom_heading text=\u00a0\u00bbUn distributeur automatique compact id\u00e9al pour les petits espaces \ud83d\udccf\u00a0\u00bb use_theme_fonts=\u00a0\u00bbyes\u00a0\u00bb][vc_column_text]Notre distributeur compact, avec sa taille discr\u00e8te,<strong> se glisse facilement<\/strong> dans un local commercial, un hall, entre d\u2019autres distributeurs ou dans les petits espaces. Moins large que notre gamme classique, il s\u00e9duit nos clients par son faible encombrement (largeur 1.4 m).[\/vc_column_text][\/vc_column][\/vc_row][vc_row type=\u00a0\u00bbin_container\u00a0\u00bb full_screen_row_position=\u00a0\u00bbmiddle\u00a0\u00bb scene_position=\u00a0\u00bbcenter\u00a0\u00bb text_color=\u00a0\u00bbdark\u00a0\u00bb text_align=\u00a0\u00bbleft\u00a0\u00bb overlay_strength=\u00a0\u00bb0.3&Prime; shape_divider_position=\u00a0\u00bbbottom\u00a0\u00bb][vc_column column_padding=\u00a0\u00bbno-extra-padding\u00a0\u00bb column_padding_position=\u00a0\u00bball\u00a0\u00bb background_color_opacity=\u00a0\u00bb1&Prime; background_hover_color_opacity=\u00a0\u00bb1&Prime; column_shadow=\u00a0\u00bbnone\u00a0\u00bb column_border_radius=\u00a0\u00bbnone\u00a0\u00bb width=\u00a0\u00bb1\/1&Prime; tablet_text_alignment=\u00a0\u00bbdefault\u00a0\u00bb phone_text_alignment=\u00a0\u00bbdefault\u00a0\u00bb column_border_width=\u00a0\u00bbnone\u00a0\u00bb column_border_style=\u00a0\u00bbsolid\u00a0\u00bb][vc_custom_heading text=\u00a0\u00bbCommencez votre business avec un distributeur automatique compact\ud83d\udcc8\u00a0\u00bb use_theme_fonts=\u00a0\u00bbyes\u00a0\u00bb][vc_column_text]Faites vos premiers pas dans le <strong>libre-service<\/strong> avec ce distributeur automatique compact qui marie surface de vente et borne de commande. Avec 10 ou 14 cases de ventes <a href=\"https:\/\/lecasierfrancais.fr\/index.php\/gestion-du-froid\/\" target=\"_blank\" rel=\"noopener\">r\u00e9frig\u00e9r\u00e9es<\/a>, vos clients peuvent potentiellement acheter vos produits 7 jours \/7 et 24 heures \/24. Un bel avantage pour <a href=\"https:\/\/lp.lecasierfrancais.fr\/\" target=\"_blank\" rel=\"noopener\">augmenter vos ventes et booster votre chiffre d\u2019affaires\u00a0!<\/a> Votre distributeur alimentaire est disponible \u00e0 l\u2019achat ou \u00e0 la location.[\/vc_column_text][\/vc_column][\/vc_row][vc_row type=\u00a0\u00bbin_container\u00a0\u00bb full_screen_row_position=\u00a0\u00bbmiddle\u00a0\u00bb scene_position=\u00a0\u00bbcenter\u00a0\u00bb text_color=\u00a0\u00bbdark\u00a0\u00bb text_align=\u00a0\u00bbleft\u00a0\u00bb overlay_strength=\u00a0\u00bb0.3&Prime; shape_divider_position=\u00a0\u00bbbottom\u00a0\u00bb][vc_column column_padding=\u00a0\u00bbno-extra-padding\u00a0\u00bb column_padding_position=\u00a0\u00bball\u00a0\u00bb background_color_opacity=\u00a0\u00bb1&Prime; background_hover_color_opacity=\u00a0\u00bb1&Prime; column_shadow=\u00a0\u00bbnone\u00a0\u00bb column_border_radius=\u00a0\u00bbnone\u00a0\u00bb width=\u00a0\u00bb1\/1&Prime; tablet_text_alignment=\u00a0\u00bbdefault\u00a0\u00bb phone_text_alignment=\u00a0\u00bbdefault\u00a0\u00bb column_border_width=\u00a0\u00bbnone\u00a0\u00bb column_border_style=\u00a0\u00bbsolid\u00a0\u00bb]<div class=\"img-with-aniamtion-wrap center\" data-max-width=\"100%\" data-border-radius=\"none\"><div class=\"inner\"><a href=\"https:\/\/lecasierfrancais.fr\/wp-content\/uploads\/2024\/09\/la-ferme-de-sornay-e1727430790557.jpg\" class=\"pp center\"><img decoding=\"async\" data-shadow=\"none\" data-shadow-direction=\"middle\" class=\"img-with-animation \" data-delay=\"0\" height=\"600\" width=\"450\" data-animation=\"none\" src=\"https:\/\/lecasierfrancais.fr\/wp-content\/uploads\/2024\/09\/la-ferme-de-sornay-e1727430790557.jpg\"  alt=\"Distributeur automatique par Le Casier Fran\u00e7ais pour La ferme de Sornay en Compact 14\" \/><\/a><\/div><\/div>[vc_column_text]\n<h6 style=\"text-align: center;\"><em>La ferme de Sornay, Compact 14<\/em><\/h6>\n[\/vc_column_text][\/vc_column][\/vc_row][vc_row type=\u00a0\u00bbin_container\u00a0\u00bb full_screen_row_position=\u00a0\u00bbmiddle\u00a0\u00bb scene_position=\u00a0\u00bbcenter\u00a0\u00bb text_color=\u00a0\u00bbdark\u00a0\u00bb text_align=\u00a0\u00bbleft\u00a0\u00bb overlay_strength=\u00a0\u00bb0.3&Prime; shape_divider_position=\u00a0\u00bbbottom\u00a0\u00bb][vc_column column_padding=\u00a0\u00bbno-extra-padding\u00a0\u00bb column_padding_position=\u00a0\u00bball\u00a0\u00bb background_color_opacity=\u00a0\u00bb1&Prime; background_hover_color_opacity=\u00a0\u00bb1&Prime; column_shadow=\u00a0\u00bbnone\u00a0\u00bb column_border_radius=\u00a0\u00bbnone\u00a0\u00bb width=\u00a0\u00bb1\/1&Prime; tablet_text_alignment=\u00a0\u00bbdefault\u00a0\u00bb phone_text_alignment=\u00a0\u00bbdefault\u00a0\u00bb column_border_width=\u00a0\u00bbnone\u00a0\u00bb column_border_style=\u00a0\u00bbsolid\u00a0\u00bb][vc_custom_heading text=\u00a0\u00bbLe distributeur automatique compact, une solution aussi pour cr\u00e9er un point de vente annexe \ud83e\uddfa\u00a0\u00bb use_theme_fonts=\u00a0\u00bbyes\u00a0\u00bb][vc_column_text]Et si vous multipliez vos points de vente\u00a0? Et si vous faisiez de la vente compl\u00e9mentaire\u00a0? Vous en avez souvent r\u00eav\u00e9 mais ne l\u2019avez pas fait par manque de moyens ou de charge de travail suppl\u00e9mentaire\u00a0? Le distributeur automatique compact vous permet de cr\u00e9er <strong>un point de vente automatis\u00e9 compl\u00e9mentaire<\/strong> qui fonctionne en autonomie. Une fois recharg\u00e9, vous pouvez <a href=\"https:\/\/lecasierfrancais.fr\/index.php\/2024\/04\/09\/le-panier-thunois-les-casiers-automatiques-donnent-un-nouveau-souffle-a-la-ferme\/\" target=\"_blank\" rel=\"noopener\">vous consacrer \u00e0 d\u2019autres missions pendant qu\u2019il assure les ventes<\/a>. Il repr\u00e9sente donc <strong>moins de travail qu\u2019un second magasin traditionnel<\/strong> et a des frais de gestion beaucoup moins \u00e9lev\u00e9s. Il vous permet d\u2019\u00e9largir votre client\u00e8le dans de nouveaux secteurs facilement.[\/vc_column_text][\/vc_column][\/vc_row][vc_row type=\u00a0\u00bbin_container\u00a0\u00bb full_screen_row_position=\u00a0\u00bbmiddle\u00a0\u00bb scene_position=\u00a0\u00bbcenter\u00a0\u00bb text_color=\u00a0\u00bbdark\u00a0\u00bb text_align=\u00a0\u00bbleft\u00a0\u00bb overlay_strength=\u00a0\u00bb0.3&Prime; shape_divider_position=\u00a0\u00bbbottom\u00a0\u00bb][vc_column column_padding=\u00a0\u00bbno-extra-padding\u00a0\u00bb column_padding_position=\u00a0\u00bball\u00a0\u00bb background_color_opacity=\u00a0\u00bb1&Prime; background_hover_color_opacity=\u00a0\u00bb1&Prime; column_shadow=\u00a0\u00bbnone\u00a0\u00bb column_border_radius=\u00a0\u00bbnone\u00a0\u00bb width=\u00a0\u00bb1\/1&Prime; tablet_text_alignment=\u00a0\u00bbdefault\u00a0\u00bb phone_text_alignment=\u00a0\u00bbdefault\u00a0\u00bb column_border_width=\u00a0\u00bbnone\u00a0\u00bb column_border_style=\u00a0\u00bbsolid\u00a0\u00bb][vc_custom_heading text=\u00a0\u00bbTester son march\u00e9, c\u2019est possible avec le distributeur automatique compact \ud83d\udecd\ufe0f\u00a0\u00bb use_theme_fonts=\u00a0\u00bbyes\u00a0\u00bb][vc_column_text]Choisissez le distributeur automatique compact Le Casier Fran\u00e7ais et sondez vos consommateurs. <strong>En testant avec un petit casier<\/strong>, vous saurez si vos clients sont friands de ce mode de distribution. Pouvoir se restaurer \u00e0 toute heure, sans faire la queue et se lib\u00e9rer des contraintes horaires des magasins traditionnels est souvent tr\u00e8s appr\u00e9ci\u00e9 par les consommateurs.\u00a0Ils acc\u00e8dent \u00e0 <strong>un service exclusif<\/strong>, express et qualitatif. De plus, son c\u00f4t\u00e9 novateur attire une client\u00e8le diff\u00e9rente de votre client\u00e8le actuelle.[\/vc_column_text][\/vc_column][\/vc_row][vc_row type=\u00a0\u00bbin_container\u00a0\u00bb full_screen_row_position=\u00a0\u00bbmiddle\u00a0\u00bb scene_position=\u00a0\u00bbcenter\u00a0\u00bb text_color=\u00a0\u00bbdark\u00a0\u00bb text_align=\u00a0\u00bbleft\u00a0\u00bb overlay_strength=\u00a0\u00bb0.3&Prime; shape_divider_position=\u00a0\u00bbbottom\u00a0\u00bb][vc_column column_padding=\u00a0\u00bbno-extra-padding\u00a0\u00bb column_padding_position=\u00a0\u00bball\u00a0\u00bb background_color_opacity=\u00a0\u00bb1&Prime; background_hover_color_opacity=\u00a0\u00bb1&Prime; column_shadow=\u00a0\u00bbnone\u00a0\u00bb column_border_radius=\u00a0\u00bbnone\u00a0\u00bb width=\u00a0\u00bb1\/1&Prime; tablet_text_alignment=\u00a0\u00bbdefault\u00a0\u00bb phone_text_alignment=\u00a0\u00bbdefault\u00a0\u00bb column_border_width=\u00a0\u00bbnone\u00a0\u00bb column_border_style=\u00a0\u00bbsolid\u00a0\u00bb][vc_custom_heading text=\u00a0\u00bbLe distributeur automatique compact 10 casiers \ud83d\udd1f\u00a0\u00bb use_theme_fonts=\u00a0\u00bbyes\u00a0\u00bb][vc_column_text]Avec 10 cellules de vente r\u00e9frig\u00e9r\u00e9es, le distributeur automatique compact sera parfait pour <a href=\"https:\/\/lecasierfrancais.fr\/index.php\/2024\/04\/04\/nouvelles-utilisations-des-casiers\/\" target=\"_blank\" rel=\"noopener\">vendre des plateaux repas, des paniers multi-produits ou quelques gros produits<\/a> comme les choux, les courges\u2026 Il b\u00e9n\u00e9ficie bien \u00e9videmment de la m\u00eame qualit\u00e9 de fabrication que ses confr\u00e8res et de la possibilit\u00e9 de piloter le distributeur \u00e0 distance avec le logiciel du Casier Fran\u00e7ais, <a href=\"https:\/\/lecasierfrancais.fr\/index.php\/le-kiosque\/\" target=\"_blank\" rel=\"noopener\">le Kiosque<\/a>. Avec une largeur de 140 cm, il trouvera facilement sa place dans un local commercial, dans un hall ou m\u00eame sur un parking.[\/vc_column_text][\/vc_column][\/vc_row][vc_row type=\u00a0\u00bbin_container\u00a0\u00bb full_screen_row_position=\u00a0\u00bbmiddle\u00a0\u00bb scene_position=\u00a0\u00bbcenter\u00a0\u00bb text_color=\u00a0\u00bbdark\u00a0\u00bb text_align=\u00a0\u00bbleft\u00a0\u00bb overlay_strength=\u00a0\u00bb0.3&Prime; shape_divider_position=\u00a0\u00bbbottom\u00a0\u00bb][vc_column column_padding=\u00a0\u00bbno-extra-padding\u00a0\u00bb column_padding_position=\u00a0\u00bball\u00a0\u00bb background_color_opacity=\u00a0\u00bb1&Prime; background_hover_color_opacity=\u00a0\u00bb1&Prime; column_shadow=\u00a0\u00bbnone\u00a0\u00bb column_border_radius=\u00a0\u00bbnone\u00a0\u00bb width=\u00a0\u00bb1\/1&Prime; tablet_text_alignment=\u00a0\u00bbdefault\u00a0\u00bb phone_text_alignment=\u00a0\u00bbdefault\u00a0\u00bb column_border_width=\u00a0\u00bbnone\u00a0\u00bb column_border_style=\u00a0\u00bbsolid\u00a0\u00bb]<div class=\"img-with-aniamtion-wrap center\" data-max-width=\"100%\" data-border-radius=\"none\"><div class=\"inner\"><a href=\"https:\/\/lecasierfrancais.fr\/wp-content\/uploads\/2024\/09\/La-fromagerie-du-pays-dAramits-e1727430842559.jpg\" class=\"pp center\"><img decoding=\"async\" data-shadow=\"none\" data-shadow-direction=\"middle\" class=\"img-with-animation \" data-delay=\"0\" height=\"350\" width=\"359\" data-animation=\"none\" src=\"https:\/\/lecasierfrancais.fr\/wp-content\/uploads\/2024\/09\/La-fromagerie-du-pays-dAramits-e1727430842559.jpg\"  alt=\"Distributeur automatique de la Fromagerie du pays d'Aramits par Le Casier Fran\u00e7ais, Compact 10\" \/><\/a><\/div><\/div>[vc_column_text]\n<h6 style=\"text-align: center;\"><em>Fromagerie du Pays d&rsquo;Aramits, Compact 14<\/em><\/h6>\n[\/vc_column_text][\/vc_column][\/vc_row][vc_row type=\u00a0\u00bbin_container\u00a0\u00bb full_screen_row_position=\u00a0\u00bbmiddle\u00a0\u00bb scene_position=\u00a0\u00bbcenter\u00a0\u00bb text_color=\u00a0\u00bbdark\u00a0\u00bb text_align=\u00a0\u00bbleft\u00a0\u00bb overlay_strength=\u00a0\u00bb0.3&Prime; shape_divider_position=\u00a0\u00bbbottom\u00a0\u00bb][vc_column column_padding=\u00a0\u00bbno-extra-padding\u00a0\u00bb column_padding_position=\u00a0\u00bball\u00a0\u00bb background_color_opacity=\u00a0\u00bb1&Prime; background_hover_color_opacity=\u00a0\u00bb1&Prime; column_shadow=\u00a0\u00bbnone\u00a0\u00bb column_border_radius=\u00a0\u00bbnone\u00a0\u00bb width=\u00a0\u00bb1\/1&Prime; tablet_text_alignment=\u00a0\u00bbdefault\u00a0\u00bb phone_text_alignment=\u00a0\u00bbdefault\u00a0\u00bb column_border_width=\u00a0\u00bbnone\u00a0\u00bb column_border_style=\u00a0\u00bbsolid\u00a0\u00bb][vc_custom_heading text=\u00a0\u00bbLe distributeur automatique compact 14 casiers 1\ufe0f\u20e34\ufe0f\u20e3\u00a0\u00bb use_theme_fonts=\u00a0\u00bbyes\u00a0\u00bb][vc_column_text]Imagin\u00e9 pour vous pour faire de la <strong>vente compl\u00e9mentaire<\/strong>, l<a href=\"https:\/\/lecasierfrancais.fr\/index.php\/compact-14\/\" target=\"_blank\" rel=\"noopener\">e distributeur automatique compact<\/a> est un <strong>\u00e9quipement qualitatif \u00e0 la fabrication fran\u00e7aise<\/strong> sign\u00e9 Le Casier Fran\u00e7ais. Vous appr\u00e9cierez son look \u00e9l\u00e9gant et<a href=\"https:\/\/lecasierfrancais.fr\/index.php\/nos-solutions-modulables\/nos-specificites-et-outils\/\" target=\"_blank\" rel=\"noopener\"> les options qu\u2019il propose<\/a>\u00a0: logiciel de gestion connect\u00e9, personnalisable aux couleurs de votre enseigne, r\u00e9frig\u00e9r\u00e9\u2026 Ses 14 cases de vente vous permettront de proposer \u00e0 vos clients plateaux repas, snackings, produits alimentaires ou autre. Sa largeur de 140 cm avec borne de commande inclue vous permet de le glisser facilement dans n\u2019importe quel local.[\/vc_column_text][\/vc_column][\/vc_row][vc_row type=\u00a0\u00bbin_container\u00a0\u00bb full_screen_row_position=\u00a0\u00bbmiddle\u00a0\u00bb scene_position=\u00a0\u00bbcenter\u00a0\u00bb text_color=\u00a0\u00bbdark\u00a0\u00bb text_align=\u00a0\u00bbleft\u00a0\u00bb overlay_strength=\u00a0\u00bb0.3&Prime; shape_divider_position=\u00a0\u00bbbottom\u00a0\u00bb][vc_column column_padding=\u00a0\u00bbno-extra-padding\u00a0\u00bb column_padding_position=\u00a0\u00bball\u00a0\u00bb background_color_opacity=\u00a0\u00bb1&Prime; background_hover_color_opacity=\u00a0\u00bb1&Prime; column_shadow=\u00a0\u00bbnone\u00a0\u00bb column_border_radius=\u00a0\u00bbnone\u00a0\u00bb width=\u00a0\u00bb1\/1&Prime; tablet_text_alignment=\u00a0\u00bbdefault\u00a0\u00bb phone_text_alignment=\u00a0\u00bbdefault\u00a0\u00bb column_border_width=\u00a0\u00bbnone\u00a0\u00bb column_border_style=\u00a0\u00bbsolid\u00a0\u00bb][vc_custom_heading text=\u00a0\u00bbLa pause d\u00e9j en libre-service avec le distributeur automatique compact \ud83e\udd6a\u00a0\u00bb use_theme_fonts=\u00a0\u00bbyes\u00a0\u00bb][vc_column_text]Quand il n\u2019y a pas de commerces \u00e0 proximit\u00e9 ou de r\u00e9fectoire, quand vos usagers sont press\u00e9s ou affam\u00e9s, le distributeur automatique compact a ce c\u00f4t\u00e9 pratique d\u2019\u00eatre toujours disponible. On appr\u00e9cie le casier compact 10 ou 14 cellules pour <strong>des offres de d\u00e9jeuner en entreprise<\/strong>. Le Casier Fran\u00e7ais est, en effet, tr\u00e8s appr\u00e9ci\u00e9 pour la <strong>restauration collective<\/strong>. R\u00e9frig\u00e9r\u00e9es, les cellules de vente permettent de conserver vos produits et de respecter les normes alimentaires. Des alertes temp\u00e9ratures et la surveillance du froid sont \u00e0 retrouver dans votre logiciel de gestion connect\u00e9, Le Kiosque.[\/vc_column_text][\/vc_column][\/vc_row][vc_row type=\u00a0\u00bbin_container\u00a0\u00bb full_screen_row_position=\u00a0\u00bbmiddle\u00a0\u00bb scene_position=\u00a0\u00bbcenter\u00a0\u00bb text_color=\u00a0\u00bbdark\u00a0\u00bb text_align=\u00a0\u00bbleft\u00a0\u00bb overlay_strength=\u00a0\u00bb0.3&Prime; shape_divider_position=\u00a0\u00bbbottom\u00a0\u00bb][vc_column column_padding=\u00a0\u00bbno-extra-padding\u00a0\u00bb column_padding_position=\u00a0\u00bball\u00a0\u00bb background_color_opacity=\u00a0\u00bb1&Prime; background_hover_color_opacity=\u00a0\u00bb1&Prime; column_shadow=\u00a0\u00bbnone\u00a0\u00bb column_border_radius=\u00a0\u00bbnone\u00a0\u00bb width=\u00a0\u00bb1\/1&Prime; tablet_text_alignment=\u00a0\u00bbdefault\u00a0\u00bb phone_text_alignment=\u00a0\u00bbdefault\u00a0\u00bb column_border_width=\u00a0\u00bbnone\u00a0\u00bb column_border_style=\u00a0\u00bbsolid\u00a0\u00bb][vc_custom_heading text=\u00a0\u00bbVotre distributeur automatique reste \u00e9volutif \ud83d\udd04\u00a0\u00bb use_theme_fonts=\u00a0\u00bbyes\u00a0\u00bb][vc_column_text]C\u2019est l\u2019un des atouts de notre machine au Casier Fran\u00e7ais, c\u2019est qu\u2019\u00e0 tout moment, vous pouvez <strong>connecter de nouveaux modules<\/strong> \u00e0 une m\u00eame borne de commande pour agrandir votre surface de vente. Avec le distributeur automatique compact aussi car vous pourrez relier 2 armoires classiques en plus (15, 21, 24 ou 28 casiers au choix). Une solution pour tester son march\u00e9, oui, mais qui vous permet de voir plus grand \u00e0 court, moyen ou long terme. Belle perspective ![\/vc_column_text][\/vc_column][\/vc_row][vc_row type=\u00a0\u00bbin_container\u00a0\u00bb full_screen_row_position=\u00a0\u00bbmiddle\u00a0\u00bb scene_position=\u00a0\u00bbcenter\u00a0\u00bb text_color=\u00a0\u00bbdark\u00a0\u00bb text_align=\u00a0\u00bbleft\u00a0\u00bb overlay_strength=\u00a0\u00bb0.3&Prime; shape_divider_position=\u00a0\u00bbbottom\u00a0\u00bb][vc_column column_padding=\u00a0\u00bbno-extra-padding\u00a0\u00bb column_padding_position=\u00a0\u00bball\u00a0\u00bb background_color_opacity=\u00a0\u00bb1&Prime; background_hover_color_opacity=\u00a0\u00bb1&Prime; column_shadow=\u00a0\u00bbnone\u00a0\u00bb column_border_radius=\u00a0\u00bbnone\u00a0\u00bb width=\u00a0\u00bb1\/1&Prime; tablet_text_alignment=\u00a0\u00bbdefault\u00a0\u00bb phone_text_alignment=\u00a0\u00bbdefault\u00a0\u00bb column_border_width=\u00a0\u00bbnone\u00a0\u00bb column_border_style=\u00a0\u00bbsolid\u00a0\u00bb][vc_zigzag color=\u00a0\u00bbvista_blue\u00a0\u00bb][vc_column_text]Alors si vous souhaitez passer \u00e0 la distribution automatique ou cr\u00e9er un petit point de vente annexe, <a href=\"https:\/\/lecasierfrancais.fr\/index.php\/contact-le-casier-francais\/\" target=\"_blank\" rel=\"noopener\">contactez notre service commercial<\/a> pour vous accompagner dans votre projet. Nous \u00e9tudierons \u00e0 vos c\u00f4t\u00e9s les possibilit\u00e9s qui conviennent le mieux \u00e0 votre business.[\/vc_column_text][\/vc_column][\/vc_row]\n","protected":false},"excerpt":{"rendered":"<p>[vc_row type=\u00a0\u00bbin_container\u00a0\u00bb full_screen_row_position=\u00a0\u00bbmiddle\u00a0\u00bb scene_position=\u00a0\u00bbcenter\u00a0\u00bb text_color=\u00a0\u00bbdark\u00a0\u00bb text_align=\u00a0\u00bbleft\u00a0\u00bb overlay_strength=\u00a0\u00bb0.3&Prime; shape_divider_position=\u00a0\u00bbbottom\u00a0\u00bb][vc_column column_padding=\u00a0\u00bbno-extra-padding\u00a0\u00bb column_padding_position=\u00a0\u00bball\u00a0\u00bb background_color_opacity=\u00a0\u00bb1&Prime; background_hover_color_opacity=\u00a0\u00bb1&Prime; column_shadow=\u00a0\u00bbnone\u00a0\u00bb column_border_radius=\u00a0\u00bbnone\u00a0\u00bb width=\u00a0\u00bb1\/1&Prime;&#8230;<\/p>\n","protected":false},"author":8,"featured_media":12191,"comment_status":"open","ping_status":"open","sticky":false,"template":"","format":"standard","meta":{"footnotes":""},"categories":[1,577],"tags":[417,722,723,573,418,421,567,470],"class_list":{"0":"post-12184","1":"post","2":"type-post","3":"status-publish","4":"format-standard","5":"has-post-thumbnail","7":"category-non-classe","8":"category-nos-casiers","9":"tag-circuit-court","10":"tag-compact-10","11":"tag-compact-14","12":"tag-distributeur-alimentaire","13":"tag-distributeur-automatique","14":"tag-le-casier-francais","15":"tag-libre-service","16":"tag-restauration-collective"},"yoast_head":"<!-- This site is optimized with the Yoast SEO Premium plugin v26.6 (Yoast SEO v26.6) - https:\/\/yoast.com\/wordpress\/plugins\/seo\/ -->\n<title>Optez pour le distributeur automatique compact \ud83c\udfea - Le Casier Fran\u00e7ais<\/title>\n<meta name=\"description\" content=\"Compact 10 ou compact 14 ? D\u00e9couvrez nos casiers connect\u00e9s tout en un pour faire de la vente compl\u00e9mentaire ou cr\u00e9er un point de vente annexe\" \/>\n<meta name=\"robots\" content=\"index, follow, max-snippet:-1, max-image-preview:large, max-video-preview:-1\" \/>\n<link rel=\"canonical\" href=\"https:\/\/lecasierfrancais.fr\/index.php\/2024\/09\/27\/optez-pour-le-distributeur-automatique-compact\/\" \/>\n<meta property=\"og:locale\" content=\"fr_FR\" \/>\n<meta property=\"og:type\" content=\"article\" \/>\n<meta property=\"og:title\" content=\"Optez pour le distributeur automatique compact \ud83c\udfea\" \/>\n<meta property=\"og:description\" content=\"Compact 10 ou compact 14 ? D\u00e9couvrez nos casiers connect\u00e9s tout en un pour faire de la vente compl\u00e9mentaire ou cr\u00e9er un point de vente annexe\" \/>\n<meta property=\"og:url\" content=\"https:\/\/lecasierfrancais.fr\/index.php\/2024\/09\/27\/optez-pour-le-distributeur-automatique-compact\/\" \/>\n<meta property=\"og:site_name\" content=\"Le Casier Fran\u00e7ais\" \/>\n<meta property=\"article:publisher\" content=\"https:\/\/www.facebook.com\/lecasierfrancais\/\" \/>\n<meta property=\"article:published_time\" content=\"2024-09-27T10:00:24+00:00\" \/>\n<meta property=\"article:modified_time\" content=\"2024-10-01T07:49:28+00:00\" \/>\n<meta property=\"og:image\" content=\"https:\/\/lecasierfrancais.fr\/wp-content\/uploads\/2024\/09\/Capture-decran-2024-09-27-114746.jpg\" \/>\n\t<meta property=\"og:image:width\" content=\"793\" \/>\n\t<meta property=\"og:image:height\" content=\"791\" \/>\n\t<meta property=\"og:image:type\" content=\"image\/jpeg\" \/>\n<meta name=\"author\" content=\"Le Casier Francais\" \/>\n<meta name=\"twitter:card\" content=\"summary_large_image\" \/>\n<meta name=\"twitter:label1\" content=\"\u00c9crit par\" \/>\n\t<meta name=\"twitter:data1\" content=\"Le Casier Francais\" \/>\n\t<meta name=\"twitter:label2\" content=\"Dur\u00e9e de lecture estim\u00e9e\" \/>\n\t<meta name=\"twitter:data2\" content=\"7 minutes\" \/>\n<script type=\"application\/ld+json\" class=\"yoast-schema-graph\">{\"@context\":\"https:\/\/schema.org\",\"@graph\":[{\"@type\":\"WebPage\",\"@id\":\"https:\/\/lecasierfrancais.fr\/index.php\/2024\/09\/27\/optez-pour-le-distributeur-automatique-compact\/\",\"url\":\"https:\/\/lecasierfrancais.fr\/index.php\/2024\/09\/27\/optez-pour-le-distributeur-automatique-compact\/\",\"name\":\"Optez pour le distributeur automatique compact \ud83c\udfea - Le Casier Fran\u00e7ais\",\"isPartOf\":{\"@id\":\"https:\/\/lecasierfrancais.fr\/#website\"},\"primaryImageOfPage\":{\"@id\":\"https:\/\/lecasierfrancais.fr\/index.php\/2024\/09\/27\/optez-pour-le-distributeur-automatique-compact\/#primaryimage\"},\"image\":{\"@id\":\"https:\/\/lecasierfrancais.fr\/index.php\/2024\/09\/27\/optez-pour-le-distributeur-automatique-compact\/#primaryimage\"},\"thumbnailUrl\":\"https:\/\/lecasierfrancais.fr\/wp-content\/uploads\/2024\/09\/Capture-decran-2024-09-27-114746.jpg\",\"datePublished\":\"2024-09-27T10:00:24+00:00\",\"dateModified\":\"2024-10-01T07:49:28+00:00\",\"author\":{\"@id\":\"https:\/\/lecasierfrancais.fr\/#\/schema\/person\/7ca32438b040d2a673afe220fe3c2fbd\"},\"description\":\"Compact 10 ou compact 14 ? D\u00e9couvrez nos casiers connect\u00e9s tout en un pour faire de la vente compl\u00e9mentaire ou cr\u00e9er un point de vente annexe\",\"breadcrumb\":{\"@id\":\"https:\/\/lecasierfrancais.fr\/index.php\/2024\/09\/27\/optez-pour-le-distributeur-automatique-compact\/#breadcrumb\"},\"inLanguage\":\"fr-FR\",\"potentialAction\":[{\"@type\":\"ReadAction\",\"target\":[\"https:\/\/lecasierfrancais.fr\/index.php\/2024\/09\/27\/optez-pour-le-distributeur-automatique-compact\/\"]}]},{\"@type\":\"ImageObject\",\"inLanguage\":\"fr-FR\",\"@id\":\"https:\/\/lecasierfrancais.fr\/index.php\/2024\/09\/27\/optez-pour-le-distributeur-automatique-compact\/#primaryimage\",\"url\":\"https:\/\/lecasierfrancais.fr\/wp-content\/uploads\/2024\/09\/Capture-decran-2024-09-27-114746.jpg\",\"contentUrl\":\"https:\/\/lecasierfrancais.fr\/wp-content\/uploads\/2024\/09\/Capture-decran-2024-09-27-114746.jpg\",\"width\":793,\"height\":791,\"caption\":\"Compact 10 ou compact 14, les distributeurs automatiques tout en un par Le Casier Fran\u00e7ais\"},{\"@type\":\"BreadcrumbList\",\"@id\":\"https:\/\/lecasierfrancais.fr\/index.php\/2024\/09\/27\/optez-pour-le-distributeur-automatique-compact\/#breadcrumb\",\"itemListElement\":[{\"@type\":\"ListItem\",\"position\":1,\"name\":\"Accueil\",\"item\":\"https:\/\/lecasierfrancais.fr\/\"},{\"@type\":\"ListItem\",\"position\":2,\"name\":\"Optez pour le distributeur automatique compact \ud83c\udfea\"}]},{\"@type\":\"WebSite\",\"@id\":\"https:\/\/lecasierfrancais.fr\/#website\",\"url\":\"https:\/\/lecasierfrancais.fr\/\",\"name\":\"Le Casier Fran\u00e7ais\",\"description\":\"Fabricant de casiers connect\u00e9s pour la vente directe de vos produits\",\"potentialAction\":[{\"@type\":\"SearchAction\",\"target\":{\"@type\":\"EntryPoint\",\"urlTemplate\":\"https:\/\/lecasierfrancais.fr\/?s={search_term_string}\"},\"query-input\":{\"@type\":\"PropertyValueSpecification\",\"valueRequired\":true,\"valueName\":\"search_term_string\"}}],\"inLanguage\":\"fr-FR\"},{\"@type\":\"Person\",\"@id\":\"https:\/\/lecasierfrancais.fr\/#\/schema\/person\/7ca32438b040d2a673afe220fe3c2fbd\",\"name\":\"Le Casier Francais\",\"image\":{\"@type\":\"ImageObject\",\"inLanguage\":\"fr-FR\",\"@id\":\"https:\/\/lecasierfrancais.fr\/#\/schema\/person\/image\/\",\"url\":\"https:\/\/secure.gravatar.com\/avatar\/f29776dfd97a4c78aee2ab31cb63a0f4097b8cc071a068daac2d914eb26fbbd4?s=96&d=mm&r=g\",\"contentUrl\":\"https:\/\/secure.gravatar.com\/avatar\/f29776dfd97a4c78aee2ab31cb63a0f4097b8cc071a068daac2d914eb26fbbd4?s=96&d=mm&r=g\",\"caption\":\"Le Casier Francais\"},\"url\":\"https:\/\/lecasierfrancais.fr\/index.php\/author\/le-casier-francais\/\"}]}<\/script>\n<!-- \/ Yoast SEO Premium plugin. -->","yoast_head_json":{"title":"Optez pour le distributeur automatique compact \ud83c\udfea - Le Casier Fran\u00e7ais","description":"Compact 10 ou compact 14 ? D\u00e9couvrez nos casiers connect\u00e9s tout en un pour faire de la vente compl\u00e9mentaire ou cr\u00e9er un point de vente annexe","robots":{"index":"index","follow":"follow","max-snippet":"max-snippet:-1","max-image-preview":"max-image-preview:large","max-video-preview":"max-video-preview:-1"},"canonical":"https:\/\/lecasierfrancais.fr\/index.php\/2024\/09\/27\/optez-pour-le-distributeur-automatique-compact\/","og_locale":"fr_FR","og_type":"article","og_title":"Optez pour le distributeur automatique compact \ud83c\udfea","og_description":"Compact 10 ou compact 14 ? D\u00e9couvrez nos casiers connect\u00e9s tout en un pour faire de la vente compl\u00e9mentaire ou cr\u00e9er un point de vente annexe","og_url":"https:\/\/lecasierfrancais.fr\/index.php\/2024\/09\/27\/optez-pour-le-distributeur-automatique-compact\/","og_site_name":"Le Casier Fran\u00e7ais","article_publisher":"https:\/\/www.facebook.com\/lecasierfrancais\/","article_published_time":"2024-09-27T10:00:24+00:00","article_modified_time":"2024-10-01T07:49:28+00:00","og_image":[{"width":793,"height":791,"url":"https:\/\/lecasierfrancais.fr\/wp-content\/uploads\/2024\/09\/Capture-decran-2024-09-27-114746.jpg","type":"image\/jpeg"}],"author":"Le Casier Francais","twitter_card":"summary_large_image","twitter_misc":{"\u00c9crit par":"Le Casier Francais","Dur\u00e9e de lecture estim\u00e9e":"7 minutes"},"schema":{"@context":"https:\/\/schema.org","@graph":[{"@type":"WebPage","@id":"https:\/\/lecasierfrancais.fr\/index.php\/2024\/09\/27\/optez-pour-le-distributeur-automatique-compact\/","url":"https:\/\/lecasierfrancais.fr\/index.php\/2024\/09\/27\/optez-pour-le-distributeur-automatique-compact\/","name":"Optez pour le distributeur automatique compact \ud83c\udfea - Le Casier Fran\u00e7ais","isPartOf":{"@id":"https:\/\/lecasierfrancais.fr\/#website"},"primaryImageOfPage":{"@id":"https:\/\/lecasierfrancais.fr\/index.php\/2024\/09\/27\/optez-pour-le-distributeur-automatique-compact\/#primaryimage"},"image":{"@id":"https:\/\/lecasierfrancais.fr\/index.php\/2024\/09\/27\/optez-pour-le-distributeur-automatique-compact\/#primaryimage"},"thumbnailUrl":"https:\/\/lecasierfrancais.fr\/wp-content\/uploads\/2024\/09\/Capture-decran-2024-09-27-114746.jpg","datePublished":"2024-09-27T10:00:24+00:00","dateModified":"2024-10-01T07:49:28+00:00","author":{"@id":"https:\/\/lecasierfrancais.fr\/#\/schema\/person\/7ca32438b040d2a673afe220fe3c2fbd"},"description":"Compact 10 ou compact 14 ? D\u00e9couvrez nos casiers connect\u00e9s tout en un pour faire de la vente compl\u00e9mentaire ou cr\u00e9er un point de vente annexe","breadcrumb":{"@id":"https:\/\/lecasierfrancais.fr\/index.php\/2024\/09\/27\/optez-pour-le-distributeur-automatique-compact\/#breadcrumb"},"inLanguage":"fr-FR","potentialAction":[{"@type":"ReadAction","target":["https:\/\/lecasierfrancais.fr\/index.php\/2024\/09\/27\/optez-pour-le-distributeur-automatique-compact\/"]}]},{"@type":"ImageObject","inLanguage":"fr-FR","@id":"https:\/\/lecasierfrancais.fr\/index.php\/2024\/09\/27\/optez-pour-le-distributeur-automatique-compact\/#primaryimage","url":"https:\/\/lecasierfrancais.fr\/wp-content\/uploads\/2024\/09\/Capture-decran-2024-09-27-114746.jpg","contentUrl":"https:\/\/lecasierfrancais.fr\/wp-content\/uploads\/2024\/09\/Capture-decran-2024-09-27-114746.jpg","width":793,"height":791,"caption":"Compact 10 ou compact 14, les distributeurs automatiques tout en un par Le Casier Fran\u00e7ais"},{"@type":"BreadcrumbList","@id":"https:\/\/lecasierfrancais.fr\/index.php\/2024\/09\/27\/optez-pour-le-distributeur-automatique-compact\/#breadcrumb","itemListElement":[{"@type":"ListItem","position":1,"name":"Accueil","item":"https:\/\/lecasierfrancais.fr\/"},{"@type":"ListItem","position":2,"name":"Optez pour le distributeur automatique compact \ud83c\udfea"}]},{"@type":"WebSite","@id":"https:\/\/lecasierfrancais.fr\/#website","url":"https:\/\/lecasierfrancais.fr\/","name":"Le Casier Fran\u00e7ais","description":"Fabricant de casiers connect\u00e9s pour la vente directe de vos produits","potentialAction":[{"@type":"SearchAction","target":{"@type":"EntryPoint","urlTemplate":"https:\/\/lecasierfrancais.fr\/?s={search_term_string}"},"query-input":{"@type":"PropertyValueSpecification","valueRequired":true,"valueName":"search_term_string"}}],"inLanguage":"fr-FR"},{"@type":"Person","@id":"https:\/\/lecasierfrancais.fr\/#\/schema\/person\/7ca32438b040d2a673afe220fe3c2fbd","name":"Le Casier Francais","image":{"@type":"ImageObject","inLanguage":"fr-FR","@id":"https:\/\/lecasierfrancais.fr\/#\/schema\/person\/image\/","url":"https:\/\/secure.gravatar.com\/avatar\/f29776dfd97a4c78aee2ab31cb63a0f4097b8cc071a068daac2d914eb26fbbd4?s=96&d=mm&r=g","contentUrl":"https:\/\/secure.gravatar.com\/avatar\/f29776dfd97a4c78aee2ab31cb63a0f4097b8cc071a068daac2d914eb26fbbd4?s=96&d=mm&r=g","caption":"Le Casier Francais"},"url":"https:\/\/lecasierfrancais.fr\/index.php\/author\/le-casier-francais\/"}]}},"_links":{"self":[{"href":"https:\/\/lecasierfrancais.fr\/index.php\/wp-json\/wp\/v2\/posts\/12184","targetHints":{"allow":["GET"]}}],"collection":[{"href":"https:\/\/lecasierfrancais.fr\/index.php\/wp-json\/wp\/v2\/posts"}],"about":[{"href":"https:\/\/lecasierfrancais.fr\/index.php\/wp-json\/wp\/v2\/types\/post"}],"author":[{"embeddable":true,"href":"https:\/\/lecasierfrancais.fr\/index.php\/wp-json\/wp\/v2\/users\/8"}],"replies":[{"embeddable":true,"href":"https:\/\/lecasierfrancais.fr\/index.php\/wp-json\/wp\/v2\/comments?post=12184"}],"version-history":[{"count":4,"href":"https:\/\/lecasierfrancais.fr\/index.php\/wp-json\/wp\/v2\/posts\/12184\/revisions"}],"predecessor-version":[{"id":12194,"href":"https:\/\/lecasierfrancais.fr\/index.php\/wp-json\/wp\/v2\/posts\/12184\/revisions\/12194"}],"wp:featuredmedia":[{"embeddable":true,"href":"https:\/\/lecasierfrancais.fr\/index.php\/wp-json\/wp\/v2\/media\/12191"}],"wp:attachment":[{"href":"https:\/\/lecasierfrancais.fr\/index.php\/wp-json\/wp\/v2\/media?parent=12184"}],"wp:term":[{"taxonomy":"category","embeddable":true,"href":"https:\/\/lecasierfrancais.fr\/index.php\/wp-json\/wp\/v2\/categories?post=12184"},{"taxonomy":"post_tag","embeddable":true,"href":"https:\/\/lecasierfrancais.fr\/index.php\/wp-json\/wp\/v2\/tags?post=12184"}],"curies":[{"name":"wp","href":"https:\/\/api.w.org\/{rel}","templated":true}]}}