{"id":13220,"date":"2025-02-11T09:31:17","date_gmt":"2025-02-11T08:31:17","guid":{"rendered":"https:\/\/lecasierfrancais.fr\/?p=13220"},"modified":"2025-02-11T09:33:08","modified_gmt":"2025-02-11T08:33:08","slug":"terferme-une-reussite-locale-grace-aux-casiers-fermier","status":"publish","type":"post","link":"https:\/\/lecasierfrancais.fr\/index.php\/2025\/02\/11\/terferme-une-reussite-locale-grace-aux-casiers-fermier\/","title":{"rendered":"[Terferme (59)] Une r\u00e9ussite locale gr\u00e2ce aux casiers fermiers \ud83d\udc2e"},"content":{"rendered":"[vc_row type=\u00a0\u00bbin_container\u00a0\u00bb full_screen_row_position=\u00a0\u00bbmiddle\u00a0\u00bb scene_position=\u00a0\u00bbcenter\u00a0\u00bb text_color=\u00a0\u00bbdark\u00a0\u00bb text_align=\u00a0\u00bbleft\u00a0\u00bb overlay_strength=\u00a0\u00bb0.3&Prime; shape_divider_position=\u00a0\u00bbbottom\u00a0\u00bb][vc_column column_padding=\u00a0\u00bbno-extra-padding\u00a0\u00bb column_padding_position=\u00a0\u00bball\u00a0\u00bb background_color_opacity=\u00a0\u00bb1&Prime; background_hover_color_opacity=\u00a0\u00bb1&Prime; column_shadow=\u00a0\u00bbnone\u00a0\u00bb column_border_radius=\u00a0\u00bbnone\u00a0\u00bb width=\u00a0\u00bb1\/1&Prime; tablet_text_alignment=\u00a0\u00bbdefault\u00a0\u00bb phone_text_alignment=\u00a0\u00bbdefault\u00a0\u00bb column_border_width=\u00a0\u00bbnone\u00a0\u00bb column_border_style=\u00a0\u00bbsolid\u00a0\u00bb][vc_column_text]<em><span class=\"TextRun SCXW195841601 BCX0\" lang=\"FR-FR\" xml:lang=\"FR-FR\" data-contrast=\"auto\"><span class=\"NormalTextRun SCXW195841601 BCX0\">\u00c0 Terdeghem, un petit village d<\/span><span class=\"NormalTextRun SCXW195841601 BCX0\">es Hauts-de-France<\/span><span class=\"NormalTextRun SCXW195841601 BCX0\">, Catherine <\/span><span class=\"NormalTextRun SpellingErrorV2Themed SCXW195841601 BCX0\">Bacquaert<\/span><span class=\"NormalTextRun SCXW195841601 BCX0\"> et son mari ont transform\u00e9 leur activit\u00e9 <\/span><span class=\"NormalTextRun SCXW195841601 BCX0\">d\u2019\u00e9leveur<\/span><span class=\"NormalTextRun SCXW195841601 BCX0\">s<\/span><span class=\"NormalTextRun SCXW195841601 BCX0\"> en une v\u00e9ritable r\u00e9ussite avec<\/span> <span class=\"NormalTextRun SCXW195841601 BCX0\">Terferme<\/span><span class=\"NormalTextRun SCXW195841601 BCX0\">, un <\/span><span class=\"NormalTextRun SCXW195841601 BCX0\">drive<\/span><span class=\"NormalTextRun SCXW195841601 BCX0\"> fermier unique. Depuis 2019, ils utilisent <\/span><span class=\"NormalTextRun SCXW195841601 BCX0\">des casiers fermiers <\/span><span class=\"NormalTextRun SCXW195841601 BCX0\">pour offrir des produits locaux de qualit\u00e9, et le succ\u00e8s ne s\u2019est pas <\/span><span class=\"NormalTextRun SCXW195841601 BCX0\">fait attendre.\u00a0<\/span><\/span><span class=\"EOP SCXW195841601 BCX0\" data-ccp-props=\"{}\">\u00a0<\/span><\/em>[\/vc_column_text][\/vc_column][\/vc_row][vc_row type=\u00a0\u00bbin_container\u00a0\u00bb full_screen_row_position=\u00a0\u00bbmiddle\u00a0\u00bb scene_position=\u00a0\u00bbcenter\u00a0\u00bb text_color=\u00a0\u00bbdark\u00a0\u00bb text_align=\u00a0\u00bbleft\u00a0\u00bb overlay_strength=\u00a0\u00bb0.3&Prime; shape_divider_position=\u00a0\u00bbbottom\u00a0\u00bb][vc_column column_padding=\u00a0\u00bbno-extra-padding\u00a0\u00bb column_padding_position=\u00a0\u00bball\u00a0\u00bb background_color_opacity=\u00a0\u00bb1&Prime; background_hover_color_opacity=\u00a0\u00bb1&Prime; column_shadow=\u00a0\u00bbnone\u00a0\u00bb column_border_radius=\u00a0\u00bbnone\u00a0\u00bb width=\u00a0\u00bb1\/1&Prime; tablet_text_alignment=\u00a0\u00bbdefault\u00a0\u00bb phone_text_alignment=\u00a0\u00bbdefault\u00a0\u00bb column_border_width=\u00a0\u00bbnone\u00a0\u00bb column_border_style=\u00a0\u00bbsolid\u00a0\u00bb]<div class=\"img-with-aniamtion-wrap center\" data-max-width=\"100%\" data-border-radius=\"none\"><div class=\"inner\"><a href=\"https:\/\/lecasierfrancais.fr\/wp-content\/uploads\/2025\/02\/TERFERME.jpg\" class=\"pp center\"><img decoding=\"async\" data-shadow=\"none\" data-shadow-direction=\"middle\" class=\"img-with-animation \" data-delay=\"0\" height=\"1561\" width=\"1080\" data-animation=\"none\" src=\"https:\/\/lecasierfrancais.fr\/wp-content\/uploads\/2025\/02\/TERFERME.jpg\" srcset=\"https:\/\/lecasierfrancais.fr\/wp-content\/uploads\/2025\/02\/TERFERME.jpg 1080w, https:\/\/lecasierfrancais.fr\/wp-content\/uploads\/2025\/02\/TERFERME-208x300.jpg 208w, https:\/\/lecasierfrancais.fr\/wp-content\/uploads\/2025\/02\/TERFERME-708x1024.jpg 708w, https:\/\/lecasierfrancais.fr\/wp-content\/uploads\/2025\/02\/TERFERME-768x1110.jpg 768w, https:\/\/lecasierfrancais.fr\/wp-content\/uploads\/2025\/02\/TERFERME-1063x1536.jpg 1063w, https:\/\/lecasierfrancais.fr\/wp-content\/uploads\/2025\/02\/TERFERME-200x289.jpg 200w\" sizes=\"100vw\" alt=\"Casiers fermiers Terferme Terdeghem\" \/><\/a><\/div><\/div>[\/vc_column][\/vc_row][vc_row type=\u00a0\u00bbin_container\u00a0\u00bb full_screen_row_position=\u00a0\u00bbmiddle\u00a0\u00bb scene_position=\u00a0\u00bbcenter\u00a0\u00bb text_color=\u00a0\u00bbdark\u00a0\u00bb text_align=\u00a0\u00bbleft\u00a0\u00bb overlay_strength=\u00a0\u00bb0.3&Prime; shape_divider_position=\u00a0\u00bbbottom\u00a0\u00bb][vc_column column_padding=\u00a0\u00bbno-extra-padding\u00a0\u00bb column_padding_position=\u00a0\u00bball\u00a0\u00bb background_color_opacity=\u00a0\u00bb1&Prime; background_hover_color_opacity=\u00a0\u00bb1&Prime; column_shadow=\u00a0\u00bbnone\u00a0\u00bb column_border_radius=\u00a0\u00bbnone\u00a0\u00bb width=\u00a0\u00bb1\/1&Prime; tablet_text_alignment=\u00a0\u00bbdefault\u00a0\u00bb phone_text_alignment=\u00a0\u00bbdefault\u00a0\u00bb column_border_width=\u00a0\u00bbnone\u00a0\u00bb column_border_style=\u00a0\u00bbsolid\u00a0\u00bb][vc_custom_heading text=\u00a0\u00bbLe casier fermier, une id\u00e9e n\u00e9e de l\u2019exp\u00e9rience personnelle \ud83d\udc64 \u00a0\u00bb use_theme_fonts=\u00a0\u00bbyes\u00a0\u00bb][vc_column_text]<span data-contrast=\"auto\">Catherine raconte qu\u2019avant m\u00eame de penser \u00e0 cr\u00e9er Terferme, son id\u00e9e venait de son propre mode de consommation\u202f: <\/span><i><span data-contrast=\"auto\">\u00ab\u202fC\u2019\u00e9tait ma fa\u00e7on de consommer. Avant le COVID, j\u2019allais de ferme en ferme pour faire mes courses, mais avec mon travail, ce n\u2019\u00e9tait pas toujours facile. Je voulais permettre \u00e0 d\u2019autres personnes de profiter des produits de la ferme, tout comme moi, mais sans perdre de temps.\u202f\u00bb<\/span><\/i><span data-contrast=\"auto\">\u00a0<\/span><span data-ccp-props=\"{}\">\u00a0<\/span><\/p>\n<p><span data-contrast=\"auto\">D\u00e8s lors, l\u2019id\u00e9e des casiers fermiers s\u2019est impos\u00e9e. En 2019, Terferme a vu le jour avec <strong>un concept innovant o\u00f9 les casiers automatiques deviennent le seul point de vente. <\/strong><\/span><i><span data-contrast=\"auto\">\u00ab\u202fJe ne pensais pas que \u00e7a allait se d\u00e9velopper autant. Et m\u00eame si les casiers font tout, \u00eatre pr\u00e9sent pendant les heures d\u2019ouverture pla\u00eet beaucoup aux clients pour le contact humain\u202f\u00bb<\/span><\/i><span data-contrast=\"auto\">, explique Catherine. En effet, tout <a href=\"https:\/\/lecasierfrancais.fr\/index.php\/borne-de-commande\/\">le processus d&rsquo;achat<\/a> repose sur nos casiers, qui permettent aux clients de se servir eux-m\u00eames, sans avoir besoin d&rsquo;un comptoir traditionnel. Le magasin est ainsi enti\u00e8rement automatis\u00e9, ce qui offre une exp\u00e9rience pratique et super flexible.\u00a0<\/span><span data-ccp-props=\"{}\">\u00a0<\/span>[\/vc_column_text][\/vc_column][\/vc_row][vc_row type=\u00a0\u00bbin_container\u00a0\u00bb full_screen_row_position=\u00a0\u00bbmiddle\u00a0\u00bb scene_position=\u00a0\u00bbcenter\u00a0\u00bb text_color=\u00a0\u00bbdark\u00a0\u00bb text_align=\u00a0\u00bbleft\u00a0\u00bb overlay_strength=\u00a0\u00bb0.3&Prime; shape_divider_position=\u00a0\u00bbbottom\u00a0\u00bb][vc_column column_padding=\u00a0\u00bbno-extra-padding\u00a0\u00bb column_padding_position=\u00a0\u00bball\u00a0\u00bb background_color_opacity=\u00a0\u00bb1&Prime; background_hover_color_opacity=\u00a0\u00bb1&Prime; column_shadow=\u00a0\u00bbnone\u00a0\u00bb column_border_radius=\u00a0\u00bbnone\u00a0\u00bb width=\u00a0\u00bb1\/1&Prime; tablet_text_alignment=\u00a0\u00bbdefault\u00a0\u00bb phone_text_alignment=\u00a0\u00bbdefault\u00a0\u00bb column_border_width=\u00a0\u00bbnone\u00a0\u00bb column_border_style=\u00a0\u00bbsolid\u00a0\u00bb][vc_custom_heading text=\u00a0\u00bbUne offre large et de qualit\u00e9 dans les casiers fermiers \u2705 \u00a0\u00bb use_theme_fonts=\u00a0\u00bbyes\u00a0\u00bb][vc_column_text]<span data-contrast=\"auto\">Terferme propose une large<\/span> <span data-contrast=\"auto\">vari\u00e9t\u00e9 de produits fermiers\u202f: charcuterie, p\u00e2t\u00e9s, viandes, desserts, pizzas, plats pr\u00e9par\u00e9s, beurre, cr\u00e8merie, soupes, l\u00e9gumes, pains, jus et m\u00eame des coffrets gourmands ou des box ap\u00e9ro. Le produit phare\u202f<\/span><i><span data-contrast=\"auto\">? \u00ab\u202fLe saucisson sec, il pla\u00eet \u00e9norm\u00e9ment\u202f\u00bb<\/span><\/i><span data-contrast=\"auto\">, confie Catherine.\u00a0<\/span><span data-ccp-props=\"{}\">\u00a0<\/span><\/p>\n<p><span data-contrast=\"auto\">Gr\u00e2ce \u00e0 <strong>une collaboration avec une vingtaine de producteurs locaux, Terferme assure une offre diversifi\u00e9e et de grande qualit\u00e9. <\/strong><\/span><i><span data-contrast=\"auto\">\u00ab\u202fOn fait attention \u00e0 chaque produit, on travaille avec des producteurs passionn\u00e9s. C\u2019est important pour nous de proposer quelque chose d\u2019authentique et de qualit\u00e9\u202f\u00bb<\/span><\/i><span data-contrast=\"auto\">, souligne-t-elle. Avec ces casiers, les clients peuvent d\u00e9sormais faire presque toutes leurs courses sur place. L\u2019automatisation permet d\u2019offrir une large gamme de produits locaux, allant des viandes et fromages aux fruits, l\u00e9gumes, pains et p\u00e2tisseries, sans se soucier des horaires d\u2019ouverture classiques. C\u2019est <strong>une nouvelle mani\u00e8re de consommer<\/strong>, pratique et en harmonie avec les circuits courts qui permet une alimentation saine et responsable.<\/span><span data-ccp-props=\"{}\">\u00a0<\/span>[\/vc_column_text][\/vc_column][\/vc_row][vc_row type=\u00a0\u00bbin_container\u00a0\u00bb full_screen_row_position=\u00a0\u00bbmiddle\u00a0\u00bb scene_position=\u00a0\u00bbcenter\u00a0\u00bb text_color=\u00a0\u00bbdark\u00a0\u00bb text_align=\u00a0\u00bbleft\u00a0\u00bb overlay_strength=\u00a0\u00bb0.3&Prime; shape_divider_position=\u00a0\u00bbbottom\u00a0\u00bb][vc_column column_padding=\u00a0\u00bbno-extra-padding\u00a0\u00bb column_padding_position=\u00a0\u00bball\u00a0\u00bb background_color_opacity=\u00a0\u00bb1&Prime; background_hover_color_opacity=\u00a0\u00bb1&Prime; column_shadow=\u00a0\u00bbnone\u00a0\u00bb column_border_radius=\u00a0\u00bbnone\u00a0\u00bb width=\u00a0\u00bb1\/1&Prime; tablet_text_alignment=\u00a0\u00bbdefault\u00a0\u00bb phone_text_alignment=\u00a0\u00bbdefault\u00a0\u00bb column_border_width=\u00a0\u00bbnone\u00a0\u00bb column_border_style=\u00a0\u00bbsolid\u00a0\u00bb]<div class=\"img-with-aniamtion-wrap center\" data-max-width=\"100%\" data-border-radius=\"none\"><div class=\"inner\"><a href=\"https:\/\/lecasierfrancais.fr\/wp-content\/uploads\/2025\/02\/terferme-photo-2.jpg\" class=\"pp center\"><img decoding=\"async\" data-shadow=\"none\" data-shadow-direction=\"middle\" class=\"img-with-animation \" data-delay=\"0\" height=\"2000\" width=\"1358\" data-animation=\"none\" src=\"https:\/\/lecasierfrancais.fr\/wp-content\/uploads\/2025\/02\/terferme-photo-2.jpg\" srcset=\"https:\/\/lecasierfrancais.fr\/wp-content\/uploads\/2025\/02\/terferme-photo-2.jpg 1358w, https:\/\/lecasierfrancais.fr\/wp-content\/uploads\/2025\/02\/terferme-photo-2-204x300.jpg 204w, https:\/\/lecasierfrancais.fr\/wp-content\/uploads\/2025\/02\/terferme-photo-2-695x1024.jpg 695w, https:\/\/lecasierfrancais.fr\/wp-content\/uploads\/2025\/02\/terferme-photo-2-768x1131.jpg 768w, https:\/\/lecasierfrancais.fr\/wp-content\/uploads\/2025\/02\/terferme-photo-2-1043x1536.jpg 1043w, https:\/\/lecasierfrancais.fr\/wp-content\/uploads\/2025\/02\/terferme-photo-2-200x295.jpg 200w\" sizes=\"100vw\" alt=\"Catherine et ses casiers fermiers\" \/><\/a><\/div><\/div>[\/vc_column][\/vc_row][vc_row type=\u00a0\u00bbin_container\u00a0\u00bb full_screen_row_position=\u00a0\u00bbmiddle\u00a0\u00bb scene_position=\u00a0\u00bbcenter\u00a0\u00bb text_color=\u00a0\u00bbdark\u00a0\u00bb text_align=\u00a0\u00bbleft\u00a0\u00bb overlay_strength=\u00a0\u00bb0.3&Prime; shape_divider_position=\u00a0\u00bbbottom\u00a0\u00bb][vc_column column_padding=\u00a0\u00bbno-extra-padding\u00a0\u00bb column_padding_position=\u00a0\u00bball\u00a0\u00bb background_color_opacity=\u00a0\u00bb1&Prime; background_hover_color_opacity=\u00a0\u00bb1&Prime; column_shadow=\u00a0\u00bbnone\u00a0\u00bb column_border_radius=\u00a0\u00bbnone\u00a0\u00bb width=\u00a0\u00bb1\/1&Prime; tablet_text_alignment=\u00a0\u00bbdefault\u00a0\u00bb phone_text_alignment=\u00a0\u00bbdefault\u00a0\u00bb column_border_width=\u00a0\u00bbnone\u00a0\u00bb column_border_style=\u00a0\u00bbsolid\u00a0\u00bb][vc_custom_heading text=\u00a0\u00bb\ud83d\udcc8 Le casier fermier, un mod\u00e8le \u00e9conomique qui fait ses preuves \u00a0\u00bb use_theme_fonts=\u00a0\u00bbyes\u00a0\u00bb][vc_column_text]<span data-contrast=\"auto\">Aujourd\u2019hui, l\u2019installation des casiers fermiers permet \u00e0 Terferme de fonctionner efficacement avec peu de personnel. <\/span><i><span data-contrast=\"auto\">\u00ab\u202fOn a un salari\u00e9 \u00e0 temps complet et trois contrats \u00e9tudiants. Le gros du travail est fait par les clients : ils choisissent eux-m\u00eames\u202fleurs produits et les payent directement\u202f\u00bb<\/span><\/i><span data-contrast=\"auto\"> explique Catherine.\u00a0<\/span><span data-ccp-props=\"{}\">\u00a0<\/span><\/p>\n<p><span data-contrast=\"auto\">Ce syst\u00e8me a aussi permis \u00e0 Catherine de changer de vie. <\/span><i><span data-contrast=\"auto\">\u00ab\u202fAvant, j\u2019\u00e9tais enseignante, mais j\u2019ai d\u00fb arr\u00eater mon travail pour me consacrer enti\u00e8rement \u00e0 Terferme. Ce changement a \u00e9t\u00e9 \u00e9norme mais je ne regrette pas. On a retrouv\u00e9 le contact avec nos clients, et \u00e7a fait vraiment plaisir. <strong>C\u2019est un commerce plus humain et local, \u00e7a correspond mieux avec nos valeurs\u202f<\/strong>\u00bb\u00a0<\/span><\/i><span data-ccp-props=\"{}\">\u00a0<\/span>[\/vc_column_text][\/vc_column][\/vc_row][vc_row type=\u00a0\u00bbin_container\u00a0\u00bb full_screen_row_position=\u00a0\u00bbmiddle\u00a0\u00bb scene_position=\u00a0\u00bbcenter\u00a0\u00bb text_color=\u00a0\u00bbdark\u00a0\u00bb text_align=\u00a0\u00bbleft\u00a0\u00bb overlay_strength=\u00a0\u00bb0.3&Prime; shape_divider_position=\u00a0\u00bbbottom\u00a0\u00bb][vc_column column_padding=\u00a0\u00bbno-extra-padding\u00a0\u00bb column_padding_position=\u00a0\u00bball\u00a0\u00bb background_color_opacity=\u00a0\u00bb1&Prime; background_hover_color_opacity=\u00a0\u00bb1&Prime; column_shadow=\u00a0\u00bbnone\u00a0\u00bb column_border_radius=\u00a0\u00bbnone\u00a0\u00bb width=\u00a0\u00bb1\/1&Prime; tablet_text_alignment=\u00a0\u00bbdefault\u00a0\u00bb phone_text_alignment=\u00a0\u00bbdefault\u00a0\u00bb column_border_width=\u00a0\u00bbnone\u00a0\u00bb column_border_style=\u00a0\u00bbsolid\u00a0\u00bb][vc_custom_heading text=\u00a0\u00bb\ud83d\udc4f Les casiers fermiers ont fait leur preuve\u202f! \u00a0\u00bb use_theme_fonts=\u00a0\u00bbyes\u00a0\u00bb][vc_column_text]<span data-contrast=\"auto\">La client\u00e8le a rapidement adh\u00e9r\u00e9 au concept du casier fermier. <\/span><i><span data-contrast=\"auto\">\u00ab\u202fAu d\u00e9but, ce n\u2019\u00e9tait pas \u00e9vident, surtout face \u00e0 la concurrence des supermarch\u00e9s. Mais avec le temps, les gens ont commenc\u00e9 \u00e0 go\u00fbter la diff\u00e9rence. Aujourd\u2019hui, ils adorent ce syst\u00e8me\u202f\u00bb<\/span><\/i><span data-contrast=\"auto\">, explique Catherine.\u00a0 Au fur et \u00e0 mesure, la diff\u00e9rence est devenue \u00e9vidente. <strong>Les produits propos\u00e9s dans les casiers sont issus de producteurs locaux passionn\u00e9s, garantissant une qualit\u00e9 sup\u00e9rieure \u00e0 celle des supermarch\u00e9s.<\/strong>\u00a0 La qualit\u00e9 des produits a finalement convaincu les clients, et c\u2019est elle qui a fait la diff\u00e9rence. Les consommateurs ont vite compris que, m\u00eame si les supermarch\u00e9s offrent plus de choix, rien ne vaut la fra\u00eecheur et l&rsquo;authenticit\u00e9 des produits locaux disponibles dans les casiers fermiers.\u00a0<\/span><span data-ccp-props=\"{}\">\u00a0<\/span><\/p>\n<p><span data-contrast=\"auto\">Les clients appr\u00e9cient aussi l\u2019aspect pratique des casiers fermiers. <\/span><i><span data-contrast=\"auto\">\u00ab\u202fIls peuvent venir quand ils veulent, il n\u2019y a pas de contrainte horaire. Le syst\u00e8me est simple et accessible pour tout le monde. En plus tout est <a href=\"https:\/\/lecasierfrancais.fr\/index.php\/le-kiosque\/\">g\u00e9r\u00e9 via notre t\u00e9l\u00e9phone<\/a>\u202f\u00bb.\u00a0<\/span><\/i><span data-ccp-props=\"{}\">\u00a0<\/span>[\/vc_column_text][\/vc_column][\/vc_row][vc_row type=\u00a0\u00bbin_container\u00a0\u00bb full_screen_row_position=\u00a0\u00bbmiddle\u00a0\u00bb scene_position=\u00a0\u00bbcenter\u00a0\u00bb text_color=\u00a0\u00bbdark\u00a0\u00bb text_align=\u00a0\u00bbleft\u00a0\u00bb overlay_strength=\u00a0\u00bb0.3&Prime; shape_divider_position=\u00a0\u00bbbottom\u00a0\u00bb][vc_column column_padding=\u00a0\u00bbno-extra-padding\u00a0\u00bb column_padding_position=\u00a0\u00bball\u00a0\u00bb background_color_opacity=\u00a0\u00bb1&Prime; background_hover_color_opacity=\u00a0\u00bb1&Prime; column_shadow=\u00a0\u00bbnone\u00a0\u00bb column_border_radius=\u00a0\u00bbnone\u00a0\u00bb width=\u00a0\u00bb1\/1&Prime; tablet_text_alignment=\u00a0\u00bbdefault\u00a0\u00bb phone_text_alignment=\u00a0\u00bbdefault\u00a0\u00bb column_border_width=\u00a0\u00bbnone\u00a0\u00bb column_border_style=\u00a0\u00bbsolid\u00a0\u00bb]<div class=\"img-with-aniamtion-wrap center\" data-max-width=\"100%\" data-border-radius=\"none\"><div class=\"inner\"><a href=\"https:\/\/lecasierfrancais.fr\/wp-content\/uploads\/2025\/02\/terferme.jpeg\" class=\"pp center\"><img decoding=\"async\" data-shadow=\"none\" data-shadow-direction=\"middle\" class=\"img-with-animation \" data-delay=\"0\" height=\"759\" width=\"1350\" data-animation=\"none\" src=\"https:\/\/lecasierfrancais.fr\/wp-content\/uploads\/2025\/02\/terferme.jpeg\" srcset=\"https:\/\/lecasierfrancais.fr\/wp-content\/uploads\/2025\/02\/terferme.jpeg 1350w, https:\/\/lecasierfrancais.fr\/wp-content\/uploads\/2025\/02\/terferme-300x169.jpeg 300w, https:\/\/lecasierfrancais.fr\/wp-content\/uploads\/2025\/02\/terferme-1024x576.jpeg 1024w, https:\/\/lecasierfrancais.fr\/wp-content\/uploads\/2025\/02\/terferme-768x432.jpeg 768w, https:\/\/lecasierfrancais.fr\/wp-content\/uploads\/2025\/02\/terferme-200x112.jpeg 200w\" sizes=\"100vw\" alt=\"Casiers fermiers de Terferme\" \/><\/a><\/div><\/div>[\/vc_column][\/vc_row][vc_row type=\u00a0\u00bbin_container\u00a0\u00bb full_screen_row_position=\u00a0\u00bbmiddle\u00a0\u00bb scene_position=\u00a0\u00bbcenter\u00a0\u00bb text_color=\u00a0\u00bbdark\u00a0\u00bb text_align=\u00a0\u00bbleft\u00a0\u00bb overlay_strength=\u00a0\u00bb0.3&Prime; shape_divider_position=\u00a0\u00bbbottom\u00a0\u00bb][vc_column column_padding=\u00a0\u00bbno-extra-padding\u00a0\u00bb column_padding_position=\u00a0\u00bball\u00a0\u00bb background_color_opacity=\u00a0\u00bb1&Prime; background_hover_color_opacity=\u00a0\u00bb1&Prime; column_shadow=\u00a0\u00bbnone\u00a0\u00bb column_border_radius=\u00a0\u00bbnone\u00a0\u00bb width=\u00a0\u00bb1\/1&Prime; tablet_text_alignment=\u00a0\u00bbdefault\u00a0\u00bb phone_text_alignment=\u00a0\u00bbdefault\u00a0\u00bb column_border_width=\u00a0\u00bbnone\u00a0\u00bb column_border_style=\u00a0\u00bbsolid\u00a0\u00bb][vc_custom_heading text=\u00a0\u00bb\ud83d\udde3\ufe0f Une nouvelle mani\u00e8re de vendre pour les casiers fermiers et un impact sur l\u2019activit\u00e9\u00a0\u00bb use_theme_fonts=\u00a0\u00bbyes\u00a0\u00bb][vc_column_text]<span data-contrast=\"auto\">L\u2019installation des casiers fermiers a permis \u00e0 Terferme de toucher une nouvelle client\u00e8le. <\/span><i><span data-contrast=\"auto\">\u00ab\u202fC\u2019est un mod\u00e8le qui nous a permis de nous faire conna\u00eetre. On a touch\u00e9 beaucoup de gens gr\u00e2ce aux casiers fermiers.\u202f\u00bb<\/span><\/i><span data-contrast=\"auto\"> Aujourd\u2019hui, gr\u00e2ce \u00e0 ce syst\u00e8me innovant, Terferme a acquis une solide notori\u00e9t\u00e9 dans la r\u00e9gion, devenant un incontournable du Consommer local. <a href=\"https:\/\/lecasierfrancais.fr\/index.php\/nos-solutions-modulables\/nos-produits\/\">Les casiers<\/a> ont non seulement facilit\u00e9 l\u2019acc\u00e8s aux produits fermiers, mais ont aussi permis \u00e0 l&rsquo;entreprise de se distinguer comme un acteur engag\u00e9 du circuit court et de la consommation responsable.\u00a0<\/span><span data-ccp-props=\"{}\">\u00a0<\/span><\/p>\n<p><span data-contrast=\"auto\">Ce changement a \u00e9galement eu <strong>un impact sur l\u2019activit\u00e9 de Terferme\u202f<\/strong>: <\/span><i><span data-contrast=\"auto\">\u00ab\u202fAvant, on travaillait avec l\u2019industrie, nos animaux partaient pour de grandes soci\u00e9t\u00e9s. Maintenant, on est revenus \u00e0 un commerce local, plus en phase avec nos valeurs. C\u2019est un vrai choix, m\u00eame si cela demande du temps et de l\u2019investissement. C\u2019est tellement plus valorisant\u202f\u00bb\u00a0<\/span><\/i><span data-ccp-props=\"{}\">\u00a0<\/span>[\/vc_column_text][\/vc_column][\/vc_row][vc_row type=\u00a0\u00bbin_container\u00a0\u00bb full_screen_row_position=\u00a0\u00bbmiddle\u00a0\u00bb scene_position=\u00a0\u00bbcenter\u00a0\u00bb text_color=\u00a0\u00bbdark\u00a0\u00bb text_align=\u00a0\u00bbleft\u00a0\u00bb overlay_strength=\u00a0\u00bb0.3&Prime; shape_divider_position=\u00a0\u00bbbottom\u00a0\u00bb][vc_column column_padding=\u00a0\u00bbno-extra-padding\u00a0\u00bb column_padding_position=\u00a0\u00bball\u00a0\u00bb background_color_opacity=\u00a0\u00bb1&Prime; background_hover_color_opacity=\u00a0\u00bb1&Prime; column_shadow=\u00a0\u00bbnone\u00a0\u00bb column_border_radius=\u00a0\u00bbnone\u00a0\u00bb width=\u00a0\u00bb1\/1&Prime; tablet_text_alignment=\u00a0\u00bbdefault\u00a0\u00bb phone_text_alignment=\u00a0\u00bbdefault\u00a0\u00bb column_border_width=\u00a0\u00bbnone\u00a0\u00bb column_border_style=\u00a0\u00bbsolid\u00a0\u00bb][vc_custom_heading text=\u00a0\u00bb\ud83d\ude80 Les casiers fermiers, un beau succ\u00e8s\u202f: extension en cours \u00a0\u00bb use_theme_fonts=\u00a0\u00bbyes\u00a0\u00bb][vc_column_text]<span class=\"TextRun SCXW37447536 BCX0\" lang=\"FR-FR\" xml:lang=\"FR-FR\" data-contrast=\"auto\"><span class=\"NormalTextRun SCXW37447536 BCX0\">Devant le succ\u00e8s, Catherine et son mari pr\u00e9voient d\u00e9j\u00e0 <strong>un agrandissement des casiers fermiers <\/strong><\/span><strong><span class=\"NormalTextRun SCXW37447536 BCX0\">Terferme<\/span><\/strong><span class=\"NormalTextRun SCXW37447536 BCX0\">. <\/span><\/span><em><span class=\"TextRun SCXW37447536 BCX0\" lang=\"FR-FR\" xml:lang=\"FR-FR\" data-contrast=\"auto\"><span class=\"NormalTextRun SCXW37447536 BCX0\">\u00ab\u202fNous allons passer \u00e0 300 casiers fermiers le mois prochain. Cela nous permettra d\u2019\u00e9largir notre offre et de r\u00e9pondre \u00e0 une demande croissante\u202f\u00bb<\/span><\/span><\/em><span class=\"TextRun SCXW37447536 BCX0\" lang=\"FR-FR\" xml:lang=\"FR-FR\" data-contrast=\"auto\"><span class=\"NormalTextRun SCXW37447536 BCX0\">, pr\u00e9cise-t-elle. Cette \u00e9volution t\u00e9moigne de <strong>l&rsquo;\u00e9nergie que les casiers ont insuffl\u00e9e dans leur commerce de produits locaux<\/strong>. Le succ\u00e8s rencontr\u00e9 les motive \u00e0 aller encore plus loin et leur ouvre de nouvelles perspectives. En voyant leur activit\u00e9 prosp\u00e9rer, de nouvelles id\u00e9es \u00e9mergent, et ils sont de plus en plus inspir\u00e9s pour diversifier leur offre et renforcer leur engagement envers le consommateur local.<\/span><span class=\"NormalTextRun SCXW37447536 BCX0\">\u00a0<\/span><\/span><span class=\"EOP SCXW37447536 BCX0\" data-ccp-props=\"{}\">\u00a0<\/span>[\/vc_column_text][\/vc_column][\/vc_row][vc_row type=\u00a0\u00bbin_container\u00a0\u00bb full_screen_row_position=\u00a0\u00bbmiddle\u00a0\u00bb scene_position=\u00a0\u00bbcenter\u00a0\u00bb text_color=\u00a0\u00bbdark\u00a0\u00bb text_align=\u00a0\u00bbleft\u00a0\u00bb overlay_strength=\u00a0\u00bb0.3&Prime; shape_divider_position=\u00a0\u00bbbottom\u00a0\u00bb][vc_column column_padding=\u00a0\u00bbno-extra-padding\u00a0\u00bb column_padding_position=\u00a0\u00bball\u00a0\u00bb background_color_opacity=\u00a0\u00bb1&Prime; background_hover_color_opacity=\u00a0\u00bb1&Prime; column_shadow=\u00a0\u00bbnone\u00a0\u00bb column_border_radius=\u00a0\u00bbnone\u00a0\u00bb width=\u00a0\u00bb1\/1&Prime; tablet_text_alignment=\u00a0\u00bbdefault\u00a0\u00bb phone_text_alignment=\u00a0\u00bbdefault\u00a0\u00bb column_border_width=\u00a0\u00bbnone\u00a0\u00bb column_border_style=\u00a0\u00bbsolid\u00a0\u00bb][vc_custom_heading text=\u00a0\u00bb\ud83d\udc4d Le choix du Casier Fran\u00e7ais, une solution id\u00e9ale pour les producteurs locaux \u00a0\u00bb use_theme_fonts=\u00a0\u00bbyes\u00a0\u00bb][vc_column_text]<span class=\"NormalTextRun SCXW86518642 BCX0\">Catherine n\u2019h\u00e9site pas \u00e0 souligner l\u2019importance de ce syst\u00e8me pour les producteurs comme eux. <strong><em>\u00ab\u202fCe syst\u00e8me a du sens. Si un producteur a des produits \u00e0 valoriser, c\u2019est une installation qui peut vraiment faire la diff\u00e9rence\u202f\u00bb<\/em><\/strong>, conclut-elle. Le Casier Fran\u00e7ais s\u2019est d\u00e9marqu\u00e9 pour eux en \u00e9tant une solution parfaitement adapt\u00e9e \u00e0 la vente de produits alimentaires, qu\u2019ils soient secs ou frais. Gr\u00e2ce \u00e0 des casiers connect\u00e9s, ce mod\u00e8le simplifie la gestion des stocks et le service client. En plus, il encourage <a href=\"https:\/\/lecasierfrancais.fr\/index.php\/2024\/01\/29\/circuit-court-nos-modes-de-consommation-evoluent\/\">le circuit court<\/a>, offrant aux producteurs une mani\u00e8re simple et efficace de vendre directement aux consommateurs tout en restant proches de leurs valeurs de proximit\u00e9 et de qual<\/span><span class=\"NormalTextRun SCXW86518642 BCX0\">it\u00e9.\u00a0<\/span>[\/vc_column_text][\/vc_column][\/vc_row][vc_row type=\u00a0\u00bbin_container\u00a0\u00bb full_screen_row_position=\u00a0\u00bbmiddle\u00a0\u00bb scene_position=\u00a0\u00bbcenter\u00a0\u00bb text_color=\u00a0\u00bbdark\u00a0\u00bb text_align=\u00a0\u00bbleft\u00a0\u00bb overlay_strength=\u00a0\u00bb0.3&Prime; shape_divider_position=\u00a0\u00bbbottom\u00a0\u00bb][vc_column column_padding=\u00a0\u00bbno-extra-padding\u00a0\u00bb column_padding_position=\u00a0\u00bball\u00a0\u00bb background_color_opacity=\u00a0\u00bb1&Prime; background_hover_color_opacity=\u00a0\u00bb1&Prime; column_shadow=\u00a0\u00bbnone\u00a0\u00bb column_border_radius=\u00a0\u00bbnone\u00a0\u00bb width=\u00a0\u00bb1\/1&Prime; tablet_text_alignment=\u00a0\u00bbdefault\u00a0\u00bb phone_text_alignment=\u00a0\u00bbdefault\u00a0\u00bb column_border_width=\u00a0\u00bbnone\u00a0\u00bb column_border_style=\u00a0\u00bbsolid\u00a0\u00bb][vc_zigzag color=\u00a0\u00bbvista_blue\u00a0\u00bb][vc_column_text]<span data-contrast=\"auto\">\ud83d\udccd<\/span><span data-contrast=\"auto\"><a href=\"https:\/\/www.facebook.com\/LaTerferme\/?locale=fr_FR\">Terferme<\/a> \u00e0 Terdeghem (59), ouvert de 5h \u00e0 23h.\u00a0<\/span><span data-ccp-props=\"{}\">\u00a0<\/span><\/p>\n<p><strong>Catherine vous a convaincu\u202f? Votre projet de casier connect\u00e9 se dessine dans votre t\u00eate\u202f?\u00a0<\/strong><span data-ccp-props=\"{}\">\u00a0<\/span><\/p>\n<p><span data-contrast=\"auto\">Contactez-nous et rendons le possible\u202f: <\/span><a href=\"mailto:contact@lecasierfrancais.fr\"><span data-contrast=\"none\">contact@lecasierfrancais.fr<\/span><\/a> <span data-contrast=\"none\">\ud83d\udce8<\/span><span data-contrast=\"none\">\u202f\u00a0<\/span>[\/vc_column_text][\/vc_column][\/vc_row]\n","protected":false},"excerpt":{"rendered":"<p>[vc_row type=\u00a0\u00bbin_container\u00a0\u00bb full_screen_row_position=\u00a0\u00bbmiddle\u00a0\u00bb scene_position=\u00a0\u00bbcenter\u00a0\u00bb text_color=\u00a0\u00bbdark\u00a0\u00bb text_align=\u00a0\u00bbleft\u00a0\u00bb overlay_strength=\u00a0\u00bb0.3&Prime; shape_divider_position=\u00a0\u00bbbottom\u00a0\u00bb][vc_column column_padding=\u00a0\u00bbno-extra-padding\u00a0\u00bb column_padding_position=\u00a0\u00bball\u00a0\u00bb background_color_opacity=\u00a0\u00bb1&Prime; background_hover_color_opacity=\u00a0\u00bb1&Prime; column_shadow=\u00a0\u00bbnone\u00a0\u00bb column_border_radius=\u00a0\u00bbnone\u00a0\u00bb width=\u00a0\u00bb1\/1&Prime;&#8230;<\/p>\n","protected":false},"author":8,"featured_media":13222,"comment_status":"open","ping_status":"open","sticky":false,"template":"","format":"standard","meta":{"footnotes":""},"categories":[564],"tags":[560,751,752,387,418,421,383,567,753,502],"class_list":{"0":"post-13220","1":"post","2":"type-post","3":"status-publish","4":"format-standard","5":"has-post-thumbnail","7":"category-portraits-de-producteurs","8":"tag-casiers-connectes","9":"tag-casiersfermiers","10":"tag-casiersproduitsfrais","11":"tag-circuitcourt","12":"tag-distributeur-automatique","13":"tag-le-casier-francais","14":"tag-lecasierfrancais","15":"tag-libre-service","16":"tag-produits-fermiers","17":"tag-produits-locaux"},"yoast_head":"<!-- This site is optimized with the Yoast SEO Premium plugin v26.6 (Yoast SEO v26.6) - https:\/\/yoast.com\/wordpress\/plugins\/seo\/ -->\n<title>[Terferme (59)] Une r\u00e9ussite locale gr\u00e2ce aux casiers fermiers \ud83d\udc2e - Le Casier Fran\u00e7ais<\/title>\n<meta name=\"description\" content=\"D\u00e9couvrez les casiers fermiers de Terferme \u00e0 Terdeghem, une nouvelle mani\u00e8re de vendre des produits locaux en circuit court.\" \/>\n<meta name=\"robots\" content=\"index, follow, max-snippet:-1, max-image-preview:large, max-video-preview:-1\" \/>\n<link rel=\"canonical\" href=\"https:\/\/lecasierfrancais.fr\/index.php\/2025\/02\/11\/terferme-une-reussite-locale-grace-aux-casiers-fermier\/\" \/>\n<meta property=\"og:locale\" content=\"fr_FR\" \/>\n<meta property=\"og:type\" content=\"article\" \/>\n<meta property=\"og:title\" content=\"[Terferme (59)] Une r\u00e9ussite locale gr\u00e2ce aux casiers fermiers \ud83d\udc2e\" \/>\n<meta property=\"og:description\" content=\"D\u00e9couvrez les casiers fermiers de Terferme \u00e0 Terdeghem, une nouvelle mani\u00e8re de vendre des produits locaux en circuit court.\" \/>\n<meta property=\"og:url\" content=\"https:\/\/lecasierfrancais.fr\/index.php\/2025\/02\/11\/terferme-une-reussite-locale-grace-aux-casiers-fermier\/\" \/>\n<meta property=\"og:site_name\" content=\"Le Casier Fran\u00e7ais\" \/>\n<meta property=\"article:publisher\" content=\"https:\/\/www.facebook.com\/lecasierfrancais\/\" \/>\n<meta property=\"article:published_time\" content=\"2025-02-11T08:31:17+00:00\" \/>\n<meta property=\"article:modified_time\" content=\"2025-02-11T08:33:08+00:00\" \/>\n<meta property=\"og:image\" content=\"https:\/\/lecasierfrancais.fr\/wp-content\/uploads\/2025\/02\/TERFERME.jpg\" \/>\n\t<meta property=\"og:image:width\" content=\"1080\" \/>\n\t<meta property=\"og:image:height\" content=\"1561\" \/>\n\t<meta property=\"og:image:type\" content=\"image\/jpeg\" \/>\n<meta name=\"author\" content=\"Le Casier Francais\" \/>\n<meta name=\"twitter:card\" content=\"summary_large_image\" \/>\n<meta name=\"twitter:label1\" content=\"\u00c9crit par\" \/>\n\t<meta name=\"twitter:data1\" content=\"Le Casier Francais\" \/>\n\t<meta name=\"twitter:label2\" content=\"Dur\u00e9e de lecture estim\u00e9e\" \/>\n\t<meta name=\"twitter:data2\" content=\"8 minutes\" \/>\n<script type=\"application\/ld+json\" class=\"yoast-schema-graph\">{\"@context\":\"https:\/\/schema.org\",\"@graph\":[{\"@type\":\"WebPage\",\"@id\":\"https:\/\/lecasierfrancais.fr\/index.php\/2025\/02\/11\/terferme-une-reussite-locale-grace-aux-casiers-fermier\/\",\"url\":\"https:\/\/lecasierfrancais.fr\/index.php\/2025\/02\/11\/terferme-une-reussite-locale-grace-aux-casiers-fermier\/\",\"name\":\"[Terferme (59)] Une r\u00e9ussite locale gr\u00e2ce aux casiers fermiers \ud83d\udc2e - Le Casier Fran\u00e7ais\",\"isPartOf\":{\"@id\":\"https:\/\/lecasierfrancais.fr\/#website\"},\"primaryImageOfPage\":{\"@id\":\"https:\/\/lecasierfrancais.fr\/index.php\/2025\/02\/11\/terferme-une-reussite-locale-grace-aux-casiers-fermier\/#primaryimage\"},\"image\":{\"@id\":\"https:\/\/lecasierfrancais.fr\/index.php\/2025\/02\/11\/terferme-une-reussite-locale-grace-aux-casiers-fermier\/#primaryimage\"},\"thumbnailUrl\":\"https:\/\/lecasierfrancais.fr\/wp-content\/uploads\/2025\/02\/TERFERME.jpg\",\"datePublished\":\"2025-02-11T08:31:17+00:00\",\"dateModified\":\"2025-02-11T08:33:08+00:00\",\"author\":{\"@id\":\"https:\/\/lecasierfrancais.fr\/#\/schema\/person\/7ca32438b040d2a673afe220fe3c2fbd\"},\"description\":\"D\u00e9couvrez les casiers fermiers de Terferme \u00e0 Terdeghem, une nouvelle mani\u00e8re de vendre des produits locaux en circuit court.\",\"breadcrumb\":{\"@id\":\"https:\/\/lecasierfrancais.fr\/index.php\/2025\/02\/11\/terferme-une-reussite-locale-grace-aux-casiers-fermier\/#breadcrumb\"},\"inLanguage\":\"fr-FR\",\"potentialAction\":[{\"@type\":\"ReadAction\",\"target\":[\"https:\/\/lecasierfrancais.fr\/index.php\/2025\/02\/11\/terferme-une-reussite-locale-grace-aux-casiers-fermier\/\"]}]},{\"@type\":\"ImageObject\",\"inLanguage\":\"fr-FR\",\"@id\":\"https:\/\/lecasierfrancais.fr\/index.php\/2025\/02\/11\/terferme-une-reussite-locale-grace-aux-casiers-fermier\/#primaryimage\",\"url\":\"https:\/\/lecasierfrancais.fr\/wp-content\/uploads\/2025\/02\/TERFERME.jpg\",\"contentUrl\":\"https:\/\/lecasierfrancais.fr\/wp-content\/uploads\/2025\/02\/TERFERME.jpg\",\"width\":1080,\"height\":1561,\"caption\":\"Casiers fermiers Terferme Terdeghem\"},{\"@type\":\"BreadcrumbList\",\"@id\":\"https:\/\/lecasierfrancais.fr\/index.php\/2025\/02\/11\/terferme-une-reussite-locale-grace-aux-casiers-fermier\/#breadcrumb\",\"itemListElement\":[{\"@type\":\"ListItem\",\"position\":1,\"name\":\"Accueil\",\"item\":\"https:\/\/lecasierfrancais.fr\/\"},{\"@type\":\"ListItem\",\"position\":2,\"name\":\"[Terferme (59)] Une r\u00e9ussite locale gr\u00e2ce aux casiers fermiers \ud83d\udc2e\"}]},{\"@type\":\"WebSite\",\"@id\":\"https:\/\/lecasierfrancais.fr\/#website\",\"url\":\"https:\/\/lecasierfrancais.fr\/\",\"name\":\"Le Casier Fran\u00e7ais\",\"description\":\"Fabricant de casiers connect\u00e9s pour la vente directe de vos produits\",\"potentialAction\":[{\"@type\":\"SearchAction\",\"target\":{\"@type\":\"EntryPoint\",\"urlTemplate\":\"https:\/\/lecasierfrancais.fr\/?s={search_term_string}\"},\"query-input\":{\"@type\":\"PropertyValueSpecification\",\"valueRequired\":true,\"valueName\":\"search_term_string\"}}],\"inLanguage\":\"fr-FR\"},{\"@type\":\"Person\",\"@id\":\"https:\/\/lecasierfrancais.fr\/#\/schema\/person\/7ca32438b040d2a673afe220fe3c2fbd\",\"name\":\"Le Casier Francais\",\"image\":{\"@type\":\"ImageObject\",\"inLanguage\":\"fr-FR\",\"@id\":\"https:\/\/lecasierfrancais.fr\/#\/schema\/person\/image\/\",\"url\":\"https:\/\/secure.gravatar.com\/avatar\/f29776dfd97a4c78aee2ab31cb63a0f4097b8cc071a068daac2d914eb26fbbd4?s=96&d=mm&r=g\",\"contentUrl\":\"https:\/\/secure.gravatar.com\/avatar\/f29776dfd97a4c78aee2ab31cb63a0f4097b8cc071a068daac2d914eb26fbbd4?s=96&d=mm&r=g\",\"caption\":\"Le Casier Francais\"},\"url\":\"https:\/\/lecasierfrancais.fr\/index.php\/author\/le-casier-francais\/\"}]}<\/script>\n<!-- \/ Yoast SEO Premium plugin. -->","yoast_head_json":{"title":"[Terferme (59)] Une r\u00e9ussite locale gr\u00e2ce aux casiers fermiers \ud83d\udc2e - Le Casier Fran\u00e7ais","description":"D\u00e9couvrez les casiers fermiers de Terferme \u00e0 Terdeghem, une nouvelle mani\u00e8re de vendre des produits locaux en circuit court.","robots":{"index":"index","follow":"follow","max-snippet":"max-snippet:-1","max-image-preview":"max-image-preview:large","max-video-preview":"max-video-preview:-1"},"canonical":"https:\/\/lecasierfrancais.fr\/index.php\/2025\/02\/11\/terferme-une-reussite-locale-grace-aux-casiers-fermier\/","og_locale":"fr_FR","og_type":"article","og_title":"[Terferme (59)] Une r\u00e9ussite locale gr\u00e2ce aux casiers fermiers \ud83d\udc2e","og_description":"D\u00e9couvrez les casiers fermiers de Terferme \u00e0 Terdeghem, une nouvelle mani\u00e8re de vendre des produits locaux en circuit court.","og_url":"https:\/\/lecasierfrancais.fr\/index.php\/2025\/02\/11\/terferme-une-reussite-locale-grace-aux-casiers-fermier\/","og_site_name":"Le Casier Fran\u00e7ais","article_publisher":"https:\/\/www.facebook.com\/lecasierfrancais\/","article_published_time":"2025-02-11T08:31:17+00:00","article_modified_time":"2025-02-11T08:33:08+00:00","og_image":[{"width":1080,"height":1561,"url":"https:\/\/lecasierfrancais.fr\/wp-content\/uploads\/2025\/02\/TERFERME.jpg","type":"image\/jpeg"}],"author":"Le Casier Francais","twitter_card":"summary_large_image","twitter_misc":{"\u00c9crit par":"Le Casier Francais","Dur\u00e9e de lecture estim\u00e9e":"8 minutes"},"schema":{"@context":"https:\/\/schema.org","@graph":[{"@type":"WebPage","@id":"https:\/\/lecasierfrancais.fr\/index.php\/2025\/02\/11\/terferme-une-reussite-locale-grace-aux-casiers-fermier\/","url":"https:\/\/lecasierfrancais.fr\/index.php\/2025\/02\/11\/terferme-une-reussite-locale-grace-aux-casiers-fermier\/","name":"[Terferme (59)] Une r\u00e9ussite locale gr\u00e2ce aux casiers fermiers \ud83d\udc2e - Le Casier Fran\u00e7ais","isPartOf":{"@id":"https:\/\/lecasierfrancais.fr\/#website"},"primaryImageOfPage":{"@id":"https:\/\/lecasierfrancais.fr\/index.php\/2025\/02\/11\/terferme-une-reussite-locale-grace-aux-casiers-fermier\/#primaryimage"},"image":{"@id":"https:\/\/lecasierfrancais.fr\/index.php\/2025\/02\/11\/terferme-une-reussite-locale-grace-aux-casiers-fermier\/#primaryimage"},"thumbnailUrl":"https:\/\/lecasierfrancais.fr\/wp-content\/uploads\/2025\/02\/TERFERME.jpg","datePublished":"2025-02-11T08:31:17+00:00","dateModified":"2025-02-11T08:33:08+00:00","author":{"@id":"https:\/\/lecasierfrancais.fr\/#\/schema\/person\/7ca32438b040d2a673afe220fe3c2fbd"},"description":"D\u00e9couvrez les casiers fermiers de Terferme \u00e0 Terdeghem, une nouvelle mani\u00e8re de vendre des produits locaux en circuit court.","breadcrumb":{"@id":"https:\/\/lecasierfrancais.fr\/index.php\/2025\/02\/11\/terferme-une-reussite-locale-grace-aux-casiers-fermier\/#breadcrumb"},"inLanguage":"fr-FR","potentialAction":[{"@type":"ReadAction","target":["https:\/\/lecasierfrancais.fr\/index.php\/2025\/02\/11\/terferme-une-reussite-locale-grace-aux-casiers-fermier\/"]}]},{"@type":"ImageObject","inLanguage":"fr-FR","@id":"https:\/\/lecasierfrancais.fr\/index.php\/2025\/02\/11\/terferme-une-reussite-locale-grace-aux-casiers-fermier\/#primaryimage","url":"https:\/\/lecasierfrancais.fr\/wp-content\/uploads\/2025\/02\/TERFERME.jpg","contentUrl":"https:\/\/lecasierfrancais.fr\/wp-content\/uploads\/2025\/02\/TERFERME.jpg","width":1080,"height":1561,"caption":"Casiers fermiers Terferme Terdeghem"},{"@type":"BreadcrumbList","@id":"https:\/\/lecasierfrancais.fr\/index.php\/2025\/02\/11\/terferme-une-reussite-locale-grace-aux-casiers-fermier\/#breadcrumb","itemListElement":[{"@type":"ListItem","position":1,"name":"Accueil","item":"https:\/\/lecasierfrancais.fr\/"},{"@type":"ListItem","position":2,"name":"[Terferme (59)] Une r\u00e9ussite locale gr\u00e2ce aux casiers fermiers \ud83d\udc2e"}]},{"@type":"WebSite","@id":"https:\/\/lecasierfrancais.fr\/#website","url":"https:\/\/lecasierfrancais.fr\/","name":"Le Casier Fran\u00e7ais","description":"Fabricant de casiers connect\u00e9s pour la vente directe de vos produits","potentialAction":[{"@type":"SearchAction","target":{"@type":"EntryPoint","urlTemplate":"https:\/\/lecasierfrancais.fr\/?s={search_term_string}"},"query-input":{"@type":"PropertyValueSpecification","valueRequired":true,"valueName":"search_term_string"}}],"inLanguage":"fr-FR"},{"@type":"Person","@id":"https:\/\/lecasierfrancais.fr\/#\/schema\/person\/7ca32438b040d2a673afe220fe3c2fbd","name":"Le Casier Francais","image":{"@type":"ImageObject","inLanguage":"fr-FR","@id":"https:\/\/lecasierfrancais.fr\/#\/schema\/person\/image\/","url":"https:\/\/secure.gravatar.com\/avatar\/f29776dfd97a4c78aee2ab31cb63a0f4097b8cc071a068daac2d914eb26fbbd4?s=96&d=mm&r=g","contentUrl":"https:\/\/secure.gravatar.com\/avatar\/f29776dfd97a4c78aee2ab31cb63a0f4097b8cc071a068daac2d914eb26fbbd4?s=96&d=mm&r=g","caption":"Le Casier Francais"},"url":"https:\/\/lecasierfrancais.fr\/index.php\/author\/le-casier-francais\/"}]}},"_links":{"self":[{"href":"https:\/\/lecasierfrancais.fr\/index.php\/wp-json\/wp\/v2\/posts\/13220","targetHints":{"allow":["GET"]}}],"collection":[{"href":"https:\/\/lecasierfrancais.fr\/index.php\/wp-json\/wp\/v2\/posts"}],"about":[{"href":"https:\/\/lecasierfrancais.fr\/index.php\/wp-json\/wp\/v2\/types\/post"}],"author":[{"embeddable":true,"href":"https:\/\/lecasierfrancais.fr\/index.php\/wp-json\/wp\/v2\/users\/8"}],"replies":[{"embeddable":true,"href":"https:\/\/lecasierfrancais.fr\/index.php\/wp-json\/wp\/v2\/comments?post=13220"}],"version-history":[{"count":5,"href":"https:\/\/lecasierfrancais.fr\/index.php\/wp-json\/wp\/v2\/posts\/13220\/revisions"}],"predecessor-version":[{"id":13229,"href":"https:\/\/lecasierfrancais.fr\/index.php\/wp-json\/wp\/v2\/posts\/13220\/revisions\/13229"}],"wp:featuredmedia":[{"embeddable":true,"href":"https:\/\/lecasierfrancais.fr\/index.php\/wp-json\/wp\/v2\/media\/13222"}],"wp:attachment":[{"href":"https:\/\/lecasierfrancais.fr\/index.php\/wp-json\/wp\/v2\/media?parent=13220"}],"wp:term":[{"taxonomy":"category","embeddable":true,"href":"https:\/\/lecasierfrancais.fr\/index.php\/wp-json\/wp\/v2\/categories?post=13220"},{"taxonomy":"post_tag","embeddable":true,"href":"https:\/\/lecasierfrancais.fr\/index.php\/wp-json\/wp\/v2\/tags?post=13220"}],"curies":[{"name":"wp","href":"https:\/\/api.w.org\/{rel}","templated":true}]}}