{"id":15462,"date":"2025-06-23T09:30:54","date_gmt":"2025-06-23T07:30:54","guid":{"rendered":"https:\/\/lecasierfrancais.fr\/?p=15462"},"modified":"2025-06-17T15:12:50","modified_gmt":"2025-06-17T13:12:50","slug":"casiers-de-rignosot-des-distributeurs-de-produits-locaux","status":"publish","type":"post","link":"https:\/\/lecasierfrancais.fr\/index.php\/2025\/06\/23\/casiers-de-rignosot-des-distributeurs-de-produits-locaux\/","title":{"rendered":"[Casiers de Rignosot] Des distributeurs de produits locaux pour redynamiser les communes voisines \ud83e\uddfa"},"content":{"rendered":"[vc_row type=\u00a0\u00bbin_container\u00a0\u00bb full_screen_row_position=\u00a0\u00bbmiddle\u00a0\u00bb scene_position=\u00a0\u00bbcenter\u00a0\u00bb text_color=\u00a0\u00bbdark\u00a0\u00bb text_align=\u00a0\u00bbleft\u00a0\u00bb overlay_strength=\u00a0\u00bb0.3&Prime; shape_divider_position=\u00a0\u00bbbottom\u00a0\u00bb][vc_column column_padding=\u00a0\u00bbno-extra-padding\u00a0\u00bb column_padding_position=\u00a0\u00bball\u00a0\u00bb background_color_opacity=\u00a0\u00bb1&Prime; background_hover_color_opacity=\u00a0\u00bb1&Prime; column_shadow=\u00a0\u00bbnone\u00a0\u00bb column_border_radius=\u00a0\u00bbnone\u00a0\u00bb width=\u00a0\u00bb1\/1&Prime; tablet_text_alignment=\u00a0\u00bbdefault\u00a0\u00bb phone_text_alignment=\u00a0\u00bbdefault\u00a0\u00bb column_border_width=\u00a0\u00bbnone\u00a0\u00bb column_border_style=\u00a0\u00bbsolid\u00a0\u00bb][vc_column_text]<em>En Franche-Comt\u00e9, c\u2019est une installation de casiers pas comme les autres qui a vu le jour en 2024\u00a0: Les Casiers de Rignosot. Des distributeurs de produits locaux dans une grange r\u00e9habilit\u00e9e pour faire revivre les environs. 286 casiers connect\u00e9s fabriqu\u00e9s par Le Casier Fran\u00e7ais dans lesquels on peut venir faire ses courses. Zoom sur une belle enseigne automatis\u00e9e.<\/em>[\/vc_column_text][\/vc_column][\/vc_row][vc_row type=\u00a0\u00bbin_container\u00a0\u00bb full_screen_row_position=\u00a0\u00bbmiddle\u00a0\u00bb scene_position=\u00a0\u00bbcenter\u00a0\u00bb text_color=\u00a0\u00bbdark\u00a0\u00bb text_align=\u00a0\u00bbleft\u00a0\u00bb overlay_strength=\u00a0\u00bb0.3&Prime; shape_divider_position=\u00a0\u00bbbottom\u00a0\u00bb][vc_column column_padding=\u00a0\u00bbno-extra-padding\u00a0\u00bb column_padding_position=\u00a0\u00bball\u00a0\u00bb background_color_opacity=\u00a0\u00bb1&Prime; background_hover_color_opacity=\u00a0\u00bb1&Prime; column_shadow=\u00a0\u00bbnone\u00a0\u00bb column_border_radius=\u00a0\u00bbnone\u00a0\u00bb width=\u00a0\u00bb1\/1&Prime; tablet_text_alignment=\u00a0\u00bbdefault\u00a0\u00bb phone_text_alignment=\u00a0\u00bbdefault\u00a0\u00bb column_border_width=\u00a0\u00bbnone\u00a0\u00bb column_border_style=\u00a0\u00bbsolid\u00a0\u00bb][vc_custom_heading text=\u00a0\u00bbApr\u00e8s 27 ans de grande surface, des distributeurs de produits locaux \ud83d\uded2\u00a0\u00bb use_theme_fonts=\u00a0\u00bbyes\u00a0\u00bb][vc_column_text]Nous avons rencontr\u00e9 Christelle, originaire du Doubs qui nous a pr\u00e9sent\u00e9 son distributeur de produits locaux. On arrive chez elle et on d\u00e9couvre cette grange r\u00e9nov\u00e9e qui a vite trouv\u00e9 une nouvelle vie\u00a0: celle d\u2019un magasin pas comme les autres. Christelle a travaill\u00e9 27 ans dans la grande distribution. Lass\u00e9e par son travail et son quotidien, <strong>elle se lance dans le libre-service<\/strong> avec \u00e9lan car elle est persuad\u00e9e du succ\u00e8s de son projet<em>. \u00ab\u00a0Les produits locaux, ici, on n\u2019en trouve pas beaucoup\u2026\u00a0\u00bb <\/em>nous explique-t-elle. <em>\u00ab\u00a0On sentait qu\u2019il y avait de la demande de la part des consommateurs\u00a0\u00bb.<\/em> Apr\u00e8s une \u00e9tude de march\u00e9, Christelle sent que les populations avoisinantes sont r\u00e9ceptives. Alors, elle se lance\u00a0![\/vc_column_text][\/vc_column][\/vc_row][vc_row type=\u00a0\u00bbin_container\u00a0\u00bb full_screen_row_position=\u00a0\u00bbmiddle\u00a0\u00bb scene_position=\u00a0\u00bbcenter\u00a0\u00bb text_color=\u00a0\u00bbdark\u00a0\u00bb text_align=\u00a0\u00bbleft\u00a0\u00bb overlay_strength=\u00a0\u00bb0.3&Prime; shape_divider_position=\u00a0\u00bbbottom\u00a0\u00bb][vc_column column_padding=\u00a0\u00bbno-extra-padding\u00a0\u00bb column_padding_position=\u00a0\u00bball\u00a0\u00bb background_color_opacity=\u00a0\u00bb1&Prime; background_hover_color_opacity=\u00a0\u00bb1&Prime; column_shadow=\u00a0\u00bbnone\u00a0\u00bb column_border_radius=\u00a0\u00bbnone\u00a0\u00bb width=\u00a0\u00bb1\/1&Prime; tablet_text_alignment=\u00a0\u00bbdefault\u00a0\u00bb phone_text_alignment=\u00a0\u00bbdefault\u00a0\u00bb column_border_width=\u00a0\u00bbnone\u00a0\u00bb column_border_style=\u00a0\u00bbsolid\u00a0\u00bb]<div class=\"img-with-aniamtion-wrap center\" data-max-width=\"100%\" data-border-radius=\"none\"><div class=\"inner\"><a href=\"https:\/\/lecasierfrancais.fr\/wp-content\/uploads\/2025\/06\/443735671_7961064420592677_3533414058645637038_n-e1750165905892.jpg\" class=\"pp center\"><img decoding=\"async\" data-shadow=\"none\" data-shadow-direction=\"middle\" class=\"img-with-animation \" data-delay=\"0\" height=\"750\" width=\"1000\" data-animation=\"none\" src=\"https:\/\/lecasierfrancais.fr\/wp-content\/uploads\/2025\/06\/443735671_7961064420592677_3533414058645637038_n-e1750165905892.jpg\"  alt=\"La grange r\u00e9nov\u00e9e de Christelle qui accueille Les Casiers de Rignosot, un distributeur automatique de produits locaux\" \/><\/a><\/div><\/div>[\/vc_column][\/vc_row][vc_row type=\u00a0\u00bbin_container\u00a0\u00bb full_screen_row_position=\u00a0\u00bbmiddle\u00a0\u00bb scene_position=\u00a0\u00bbcenter\u00a0\u00bb text_color=\u00a0\u00bbdark\u00a0\u00bb text_align=\u00a0\u00bbleft\u00a0\u00bb overlay_strength=\u00a0\u00bb0.3&Prime; shape_divider_position=\u00a0\u00bbbottom\u00a0\u00bb][vc_column column_padding=\u00a0\u00bbno-extra-padding\u00a0\u00bb column_padding_position=\u00a0\u00bball\u00a0\u00bb background_color_opacity=\u00a0\u00bb1&Prime; background_hover_color_opacity=\u00a0\u00bb1&Prime; column_shadow=\u00a0\u00bbnone\u00a0\u00bb column_border_radius=\u00a0\u00bbnone\u00a0\u00bb width=\u00a0\u00bb1\/1&Prime; tablet_text_alignment=\u00a0\u00bbdefault\u00a0\u00bb phone_text_alignment=\u00a0\u00bbdefault\u00a0\u00bb column_border_width=\u00a0\u00bbnone\u00a0\u00bb column_border_style=\u00a0\u00bbsolid\u00a0\u00bb][vc_custom_heading text=\u00a0\u00bbLe Casier Fran\u00e7ais pour son distributeur de produits locaux \ud83d\udd35\u26aa\ud83d\udd34\u00a0\u00bb use_theme_fonts=\u00a0\u00bbyes\u00a0\u00bb][vc_column_text]Apr\u00e8s \u00eatre all\u00e9e voir d\u2019autres distributeurs de la r\u00e9gion, c\u2019est vers <a href=\"https:\/\/lp.lecasierfrancais.fr\/\" target=\"_blank\" rel=\"noopener\">Le Casier Fran\u00e7ais<\/a> que Christelle se tourne tout naturellement<em>. \u00ab\u00a0Parce que c\u2019est fran\u00e7ais tout simplement, c\u2019\u00e9tait coh\u00e9rent avec ma d\u00e9marche\u00a0<\/em>\u00bb explique-t-elle. <strong>Le Fabriqu\u00e9 en France<\/strong> s\u00e9duit pour sa fiabilit\u00e9. <em>\u00ab\u00a0Le mat\u00e9riel est bon, il y a un SAV agr\u00e9able, le design et les \u00e9crans de la borne sont \u00e9l\u00e9gants\u2026\u00a0\u00bb<\/em> Il n\u2019en fallait pas plus \u00e0 la gestionnaire de casiers pour faire son choix\u00a0![\/vc_column_text][\/vc_column][\/vc_row][vc_row type=\u00a0\u00bbin_container\u00a0\u00bb full_screen_row_position=\u00a0\u00bbmiddle\u00a0\u00bb scene_position=\u00a0\u00bbcenter\u00a0\u00bb text_color=\u00a0\u00bbdark\u00a0\u00bb text_align=\u00a0\u00bbleft\u00a0\u00bb overlay_strength=\u00a0\u00bb0.3&Prime; shape_divider_position=\u00a0\u00bbbottom\u00a0\u00bb][vc_column column_padding=\u00a0\u00bbno-extra-padding\u00a0\u00bb column_padding_position=\u00a0\u00bball\u00a0\u00bb background_color_opacity=\u00a0\u00bb1&Prime; background_hover_color_opacity=\u00a0\u00bb1&Prime; column_shadow=\u00a0\u00bbnone\u00a0\u00bb column_border_radius=\u00a0\u00bbnone\u00a0\u00bb width=\u00a0\u00bb1\/1&Prime; tablet_text_alignment=\u00a0\u00bbdefault\u00a0\u00bb phone_text_alignment=\u00a0\u00bbdefault\u00a0\u00bb column_border_width=\u00a0\u00bbnone\u00a0\u00bb column_border_style=\u00a0\u00bbsolid\u00a0\u00bb][vc_custom_heading text=\u00a0\u00bbLe distributeur de produits locaux, le succ\u00e8s imm\u00e9diat \u2b50\u00a0\u00bb use_theme_fonts=\u00a0\u00bbyes\u00a0\u00bb][vc_column_text]Et la client\u00e8le \u00e9tait bien au rendez-vous\u00a0! Quand on \u00e9voque le premier jour d\u2019ouverture, Christelle raconte\u00a0: <em>\u00ab\u00a0On a eu un <a href=\"https:\/\/lecasierfrancais.fr\/index.php\/2024\/03\/26\/portrait-casiers-traiteur-maison-davaine\/\" target=\"_blank\" rel=\"noopener\"><strong>bel engouement d\u00e8s le lancement<\/strong>\u00a0<\/a>! C\u2019\u00e9tait m\u00eame surprenant au d\u00e9but, il a fallu qu\u2019on s\u2019adapte \u00e0 la demande mais on pr\u00e9f\u00e8re \u00e7a\u00a0!\u00a0<\/em>\u00bb La g\u00e9rante des casiers avait diffus\u00e9 l\u2019information par flyers dans les communes autour et le bouche \u00e0 oreille a fait le reste. Les habitants se sont d\u00e9plac\u00e9s, pris par la curiosit\u00e9 et la joie de retrouver un commerce de proximit\u00e9.[\/vc_column_text][\/vc_column][\/vc_row][vc_row type=\u00a0\u00bbin_container\u00a0\u00bb full_screen_row_position=\u00a0\u00bbmiddle\u00a0\u00bb scene_position=\u00a0\u00bbcenter\u00a0\u00bb text_color=\u00a0\u00bbdark\u00a0\u00bb text_align=\u00a0\u00bbleft\u00a0\u00bb overlay_strength=\u00a0\u00bb0.3&Prime; shape_divider_position=\u00a0\u00bbbottom\u00a0\u00bb][vc_column column_padding=\u00a0\u00bbno-extra-padding\u00a0\u00bb column_padding_position=\u00a0\u00bball\u00a0\u00bb background_color_opacity=\u00a0\u00bb1&Prime; background_hover_color_opacity=\u00a0\u00bb1&Prime; column_shadow=\u00a0\u00bbnone\u00a0\u00bb column_border_radius=\u00a0\u00bbnone\u00a0\u00bb width=\u00a0\u00bb1\/1&Prime; tablet_text_alignment=\u00a0\u00bbdefault\u00a0\u00bb phone_text_alignment=\u00a0\u00bbdefault\u00a0\u00bb column_border_width=\u00a0\u00bbnone\u00a0\u00bb column_border_style=\u00a0\u00bbsolid\u00a0\u00bb][vc_custom_heading text=\u00a0\u00bbGr\u00e2ce au distributeur de produits locaux, c\u2019est tout un quotidien qui change \u2600\ufe0f\u00a0\u00bb use_theme_fonts=\u00a0\u00bbyes\u00a0\u00bb][vc_column_text]<em>\u00a0\u00ab\u00a0Ici, le supermarch\u00e9 le plus pr\u00e8s est \u00e0 20 km. Vous imaginez pour les courses du quotidien\u00a0?\u00a0\u00bb<\/em> Implanter un supermarch\u00e9 automatis\u00e9 \u00e0 Rignosot a permis, non seulement, de<a href=\"https:\/\/lecasierfrancais.fr\/index.php\/2024\/01\/18\/click-and-poulette-le-casier-produits-locaux-pommiers\/\" target=\"_blank\" rel=\"noopener\"> <strong>valoriser les bons produits de la r\u00e9gion<\/strong><\/a> et aussi de permettre \u00e0 des centaines de personnes de <strong>gagner en temps, praticit\u00e9 et facilit\u00e9 dans la vie quotidienne<\/strong>. Fruits, l\u00e9gumes, viande, fromage, jus de fruits, conserves, miel, \u0153ufs, l\u00e9gumineuses\u2026Plus besoin de faire autant de kilom\u00e8tres pour aller faire ses emplettes. Aujourd\u2019hui (et m\u00eame tous les jours de la semaine), il y a le distributeur automatique\u00a0! Il faut dire que <a href=\"https:\/\/www.facebook.com\/people\/Les-casiers-de-Rignosot\/61559908375335\/\" target=\"_blank\" rel=\"noopener\">Les Casiers de Rignosot<\/a> sont strat\u00e9giquement implant\u00e9s sur un axe bien passant allant de Besan\u00e7on \u00e0 Rougemont.\u00a0<em>\u00ab\u00a0Nos clients adorent le yaourt grec du casier, le fromage La meule du fermier et les pommes de terre. Ils y reviennent r\u00e9guli\u00e8rement\u00a0!\u00a0\u00bb<\/em> explique Christelle, confiante.[\/vc_column_text][\/vc_column][\/vc_row][vc_row type=\u00a0\u00bbin_container\u00a0\u00bb full_screen_row_position=\u00a0\u00bbmiddle\u00a0\u00bb scene_position=\u00a0\u00bbcenter\u00a0\u00bb text_color=\u00a0\u00bbdark\u00a0\u00bb text_align=\u00a0\u00bbleft\u00a0\u00bb overlay_strength=\u00a0\u00bb0.3&Prime; shape_divider_position=\u00a0\u00bbbottom\u00a0\u00bb][vc_column column_padding=\u00a0\u00bbno-extra-padding\u00a0\u00bb column_padding_position=\u00a0\u00bball\u00a0\u00bb background_color_opacity=\u00a0\u00bb1&Prime; background_hover_color_opacity=\u00a0\u00bb1&Prime; column_shadow=\u00a0\u00bbnone\u00a0\u00bb column_border_radius=\u00a0\u00bbnone\u00a0\u00bb width=\u00a0\u00bb1\/1&Prime; tablet_text_alignment=\u00a0\u00bbdefault\u00a0\u00bb phone_text_alignment=\u00a0\u00bbdefault\u00a0\u00bb column_border_width=\u00a0\u00bbnone\u00a0\u00bb column_border_style=\u00a0\u00bbsolid\u00a0\u00bb]<div class=\"img-with-aniamtion-wrap center\" data-max-width=\"100%\" data-border-radius=\"none\"><div class=\"inner\"><img decoding=\"async\" data-shadow=\"none\" data-shadow-direction=\"middle\" class=\"img-with-animation \" data-delay=\"0\" height=\"750\" width=\"1000\" data-animation=\"none\" src=\"https:\/\/lecasierfrancais.fr\/wp-content\/uploads\/2025\/06\/IMG-20250606-WA0020-e1750165915326.jpg\"  alt=\"Christelle des Casiers de Rignosot devant ses distributeurs automatiques qui vendent des produits locaux\" \/><\/div><\/div>[\/vc_column][\/vc_row][vc_row type=\u00a0\u00bbin_container\u00a0\u00bb full_screen_row_position=\u00a0\u00bbmiddle\u00a0\u00bb scene_position=\u00a0\u00bbcenter\u00a0\u00bb text_color=\u00a0\u00bbdark\u00a0\u00bb text_align=\u00a0\u00bbleft\u00a0\u00bb overlay_strength=\u00a0\u00bb0.3&Prime; shape_divider_position=\u00a0\u00bbbottom\u00a0\u00bb][vc_column column_padding=\u00a0\u00bbno-extra-padding\u00a0\u00bb column_padding_position=\u00a0\u00bball\u00a0\u00bb background_color_opacity=\u00a0\u00bb1&Prime; background_hover_color_opacity=\u00a0\u00bb1&Prime; column_shadow=\u00a0\u00bbnone\u00a0\u00bb column_border_radius=\u00a0\u00bbnone\u00a0\u00bb width=\u00a0\u00bb1\/1&Prime; tablet_text_alignment=\u00a0\u00bbdefault\u00a0\u00bb phone_text_alignment=\u00a0\u00bbdefault\u00a0\u00bb column_border_width=\u00a0\u00bbnone\u00a0\u00bb column_border_style=\u00a0\u00bbsolid\u00a0\u00bb][vc_custom_heading text=\u00a0\u00bbUn beau succ\u00e8s pour le distributeur de produits locaux \ud83d\ude80\u00a0\u00bb use_theme_fonts=\u00a0\u00bbyes\u00a0\u00bb][vc_column_text]C\u2019est un investissement cons\u00e9quent pour notre gestionnaire qui a su voir <strong>le potentiel de ce mode de distribution<\/strong>. <em>\u00ab\u00a0Bilan de notre premi\u00e8re ann\u00e9e\u00a0? On est bien au-dessus de nos objectifs. C\u2019est tr\u00e8s encourageant\u00a0!\u00a0\u00bb<\/em> Christelle ne voit plus son casier connect\u00e9 comme un pari et bien comme un commerce qu\u2019il faut faire tourner. <em>\u00ab\u00a0Forc\u00e9ment, on est m\u00eame ouverts les jours f\u00e9ri\u00e9s. On sait dor\u00e9navant que le 1<sup>er<\/sup> mai, l\u00e0 o\u00f9 tout est ferm\u00e9 aux alentours, on va faire une journ\u00e9e de dingue\u00a0!\u00a0\u00bb<\/em>[\/vc_column_text][\/vc_column][\/vc_row][vc_row type=\u00a0\u00bbin_container\u00a0\u00bb full_screen_row_position=\u00a0\u00bbmiddle\u00a0\u00bb scene_position=\u00a0\u00bbcenter\u00a0\u00bb text_color=\u00a0\u00bbdark\u00a0\u00bb text_align=\u00a0\u00bbleft\u00a0\u00bb overlay_strength=\u00a0\u00bb0.3&Prime; shape_divider_position=\u00a0\u00bbbottom\u00a0\u00bb][vc_column column_padding=\u00a0\u00bbno-extra-padding\u00a0\u00bb column_padding_position=\u00a0\u00bball\u00a0\u00bb background_color_opacity=\u00a0\u00bb1&Prime; background_hover_color_opacity=\u00a0\u00bb1&Prime; column_shadow=\u00a0\u00bbnone\u00a0\u00bb column_border_radius=\u00a0\u00bbnone\u00a0\u00bb width=\u00a0\u00bb1\/1&Prime; tablet_text_alignment=\u00a0\u00bbdefault\u00a0\u00bb phone_text_alignment=\u00a0\u00bbdefault\u00a0\u00bb column_border_width=\u00a0\u00bbnone\u00a0\u00bb column_border_style=\u00a0\u00bbsolid\u00a0\u00bb][vc_custom_heading text=\u00a0\u00bbUne nouvelle activit\u00e9 pour l\u2019employ\u00e9 de supermarch\u00e9 : le distributeur de produits locaux \ud83e\udd66\u00a0\u00bb use_theme_fonts=\u00a0\u00bbyes\u00a0\u00bb][vc_column_text]Aujourd\u2019hui, Christelle se pla\u00eet dans son activit\u00e9 de gestionnaire. <em>\u00ab\u00a0La grange se situe sur mon lieu de vie.\u00a0\u00bb<\/em> nous explique-t-elle. <em>\u00ab\u00a0C\u2019est pratique, je peux y aller quand je veux\u00a0!\u00a0\u00bb.<\/em> Christelle <strong>a cr\u00e9\u00e9 sa propre routine<\/strong> en remplissant les casiers au fur et \u00e0 mesure de la journ\u00e9e, cr\u00e9ant une pr\u00e9sence sur place en cas de besoin pour les clients. Outre le remplissage des casiers, elle s\u2019occupe aussi de la gestion des produits, des relations avec les producteurs locaux, de la comptabilit\u00e9\u2026 <em>\u00ab\u00a0Des journ\u00e9es bien remplie comme on les aime\u00a0!\u00a0\u00bb. <\/em>[\/vc_column_text][\/vc_column][\/vc_row][vc_row type=\u00a0\u00bbin_container\u00a0\u00bb full_screen_row_position=\u00a0\u00bbmiddle\u00a0\u00bb scene_position=\u00a0\u00bbcenter\u00a0\u00bb text_color=\u00a0\u00bbdark\u00a0\u00bb text_align=\u00a0\u00bbleft\u00a0\u00bb overlay_strength=\u00a0\u00bb0.3&Prime; shape_divider_position=\u00a0\u00bbbottom\u00a0\u00bb][vc_column column_padding=\u00a0\u00bbno-extra-padding\u00a0\u00bb column_padding_position=\u00a0\u00bball\u00a0\u00bb background_color_opacity=\u00a0\u00bb1&Prime; background_hover_color_opacity=\u00a0\u00bb1&Prime; column_shadow=\u00a0\u00bbnone\u00a0\u00bb column_border_radius=\u00a0\u00bbnone\u00a0\u00bb width=\u00a0\u00bb1\/1&Prime; tablet_text_alignment=\u00a0\u00bbdefault\u00a0\u00bb phone_text_alignment=\u00a0\u00bbdefault\u00a0\u00bb column_border_width=\u00a0\u00bbnone\u00a0\u00bb column_border_style=\u00a0\u00bbsolid\u00a0\u00bb][vc_custom_heading text=\u00a0\u00bbUne gestion au quotidien accessible pour les distributeurs de produits locaux \ud83d\udcf1\u00a0\u00bb use_theme_fonts=\u00a0\u00bbyes\u00a0\u00bb][vc_column_text]Chaque gestionnaire de casier poss\u00e8de un acc\u00e8s au <a href=\"https:\/\/lecasierfrancais.fr\/index.php\/le-kiosque\/\" target=\"_blank\" rel=\"noopener\">Kiosque<\/a>, notre logiciel de pilotage \u00e0 distance du casier. C\u2019est un outil au quotidien qui donne acc\u00e8s \u00e0 de nombreuses informations\u00a0; Christelle aussi s\u2019en sert r\u00e9guli\u00e8rement, notamment pour <strong>consulter ses transactions, ses heures d\u2019affluence, ses produits phare et les temp\u00e9ratures des produits<\/strong>. <em>\u00ab\u00a0Au d\u00e9but, c\u2019\u00e9tait beaucoup d\u2019informations \u00e0 retenir et finalement, comme on utiliser les casiers au quotidien, c\u2019est devenu intuitif\u00a0!\u00a0\u00bb<\/em> explique Christelle \u00e0 propos de la prise en main du logiciel. Au final, gr\u00e2ce au distributeur de produits locaux, notre gestionnaire vit une <em>\u00ab\u00a0nouvelle et bonne exp\u00e9rience\u00a0\u00bb<\/em>, elle appr\u00e9cie travailler de chez elle et se sentir utile\u00a0: <em>\u00ab\u00a0C\u2019est agr\u00e9able de donner acc\u00e8s \u00e0 un service \u00e0 des personnes\u00a0!\u00a0\u00bb<\/em>[\/vc_column_text][\/vc_column][\/vc_row][vc_row type=\u00a0\u00bbin_container\u00a0\u00bb full_screen_row_position=\u00a0\u00bbmiddle\u00a0\u00bb scene_position=\u00a0\u00bbcenter\u00a0\u00bb text_color=\u00a0\u00bbdark\u00a0\u00bb text_align=\u00a0\u00bbleft\u00a0\u00bb overlay_strength=\u00a0\u00bb0.3&Prime; shape_divider_position=\u00a0\u00bbbottom\u00a0\u00bb][vc_column column_padding=\u00a0\u00bbno-extra-padding\u00a0\u00bb column_padding_position=\u00a0\u00bball\u00a0\u00bb background_color_opacity=\u00a0\u00bb1&Prime; background_hover_color_opacity=\u00a0\u00bb1&Prime; column_shadow=\u00a0\u00bbnone\u00a0\u00bb column_border_radius=\u00a0\u00bbnone\u00a0\u00bb width=\u00a0\u00bb1\/1&Prime; tablet_text_alignment=\u00a0\u00bbdefault\u00a0\u00bb phone_text_alignment=\u00a0\u00bbdefault\u00a0\u00bb column_border_width=\u00a0\u00bbnone\u00a0\u00bb column_border_style=\u00a0\u00bbsolid\u00a0\u00bb]<div class=\"img-with-aniamtion-wrap center\" data-max-width=\"100%\" data-border-radius=\"none\"><div class=\"inner\"><a href=\"https:\/\/lecasierfrancais.fr\/wp-content\/uploads\/2025\/06\/IMG20240702132850-e1750165892475.jpg\" class=\"pp center\"><img decoding=\"async\" data-shadow=\"none\" data-shadow-direction=\"middle\" class=\"img-with-animation \" data-delay=\"0\" height=\"750\" width=\"1000\" data-animation=\"none\" src=\"https:\/\/lecasierfrancais.fr\/wp-content\/uploads\/2025\/06\/IMG20240702132850-e1750165892475.jpg\"  alt=\"De bons produits locaux sont en vente dans les Casiers de Rignosot fabriqu\u00e9s par Le Casier Fran\u00e7ais\" \/><\/a><\/div><\/div>[\/vc_column][\/vc_row][vc_row type=\u00a0\u00bbin_container\u00a0\u00bb full_screen_row_position=\u00a0\u00bbmiddle\u00a0\u00bb scene_position=\u00a0\u00bbcenter\u00a0\u00bb text_color=\u00a0\u00bbdark\u00a0\u00bb text_align=\u00a0\u00bbleft\u00a0\u00bb overlay_strength=\u00a0\u00bb0.3&Prime; shape_divider_position=\u00a0\u00bbbottom\u00a0\u00bb][vc_column column_padding=\u00a0\u00bbno-extra-padding\u00a0\u00bb column_padding_position=\u00a0\u00bball\u00a0\u00bb background_color_opacity=\u00a0\u00bb1&Prime; background_hover_color_opacity=\u00a0\u00bb1&Prime; column_shadow=\u00a0\u00bbnone\u00a0\u00bb column_border_radius=\u00a0\u00bbnone\u00a0\u00bb width=\u00a0\u00bb1\/1&Prime; tablet_text_alignment=\u00a0\u00bbdefault\u00a0\u00bb phone_text_alignment=\u00a0\u00bbdefault\u00a0\u00bb column_border_width=\u00a0\u00bbnone\u00a0\u00bb column_border_style=\u00a0\u00bbsolid\u00a0\u00bb][vc_custom_heading text=\u00a0\u00bbDes retours plus que positifs gr\u00e2ce au distributeur de produits locaux \ud83d\ude03\u00a0\u00bb use_theme_fonts=\u00a0\u00bbyes\u00a0\u00bb][vc_column_text]<em>\u00ab\u00a0Nos clients sont ravis et c\u2019est dingue, en 1 an, nous avons eu uniquement des retours positifs\u00a0!\u00a0\u00bb<\/em> raconte Christelle<em>. \u00ab\u00a0Les gens aiment car c\u2019est du local\u00a0!\u00a0\u00bb<\/em>\u00a0 Faire ses courses et bien, c\u2019est aussi \u00e7a, la mission du Casier Fran\u00e7ais. Christelle \u00e9voque la mise en lumi\u00e8re des producteurs de la r\u00e9gion\u00a0: <em>\u00ab\u00a0Les gens savent ce qu\u2019ils consomment et ils aiment venir aux Casiers de Rignosot, car il y a tout pour faire \u00e0 manger\u00a0!\u00a0\u00bb<\/em> La g\u00e9rante constate qu\u2019elle a des clients qui se d\u00e9placent pour du d\u00e9pannage <em>\u00ab\u00a0et le c\u00f4t\u00e9 extra pratique\u00a0!\u00a0\u00bb<\/em> et d\u2019autres qui viennent litt\u00e9ralement faire leurs courses et r\u00e9duire la distance avec les grandes enseignes d\u2019avant. <em>\u00ab\u00a0On a des clients de toutes les tranches d\u2019\u00e2ge\u00a0: des enfants aux personnes \u00e2g\u00e9es. On r\u00e9alise que le casier d\u00e9panne tout le monde\u00a0!\u00a0\u00bb\u00a0 <\/em>Savoir qu\u2019on rend service aux gens est sans doute la plus belle r\u00e9compense pour Christelle. <em>\u00ab\u00a0Je ne m\u2019attendais pas \u00e0 avoir <strong>autant de retours satisfaits<\/strong>. Parfois, les gens s\u2019arr\u00eatent et d\u00e9couvrent par curiosit\u00e9 et reviennent faire leurs courses. C\u2019est chouette\u00a0!\u00a0\u00bb<\/em>[\/vc_column_text][\/vc_column][\/vc_row][vc_row type=\u00a0\u00bbin_container\u00a0\u00bb full_screen_row_position=\u00a0\u00bbmiddle\u00a0\u00bb scene_position=\u00a0\u00bbcenter\u00a0\u00bb text_color=\u00a0\u00bbdark\u00a0\u00bb text_align=\u00a0\u00bbleft\u00a0\u00bb overlay_strength=\u00a0\u00bb0.3&Prime; shape_divider_position=\u00a0\u00bbbottom\u00a0\u00bb][vc_column column_padding=\u00a0\u00bbno-extra-padding\u00a0\u00bb column_padding_position=\u00a0\u00bball\u00a0\u00bb background_color_opacity=\u00a0\u00bb1&Prime; background_hover_color_opacity=\u00a0\u00bb1&Prime; column_shadow=\u00a0\u00bbnone\u00a0\u00bb column_border_radius=\u00a0\u00bbnone\u00a0\u00bb width=\u00a0\u00bb1\/1&Prime; tablet_text_alignment=\u00a0\u00bbdefault\u00a0\u00bb phone_text_alignment=\u00a0\u00bbdefault\u00a0\u00bb column_border_width=\u00a0\u00bbnone\u00a0\u00bb column_border_style=\u00a0\u00bbsolid\u00a0\u00bb][vc_custom_heading text=\u00a0\u00bbQuoi de beau pour le distributeur de produits locaux Les casiers de Rignosot demain ? \ud83d\udd2e\u00a0\u00bb use_theme_fonts=\u00a0\u00bbyes\u00a0\u00bb][vc_column_text]<em>\u00ab\u00a0Fin mai, nous avons f\u00eat\u00e9 la premi\u00e8re bougie du distributeur de produits locaux\u00a0\u00bb<\/em> nous confie Christelle. L\u2019occasion de cr\u00e9er un \u00e9v\u00e8nement dans la grange et de fid\u00e9liser les clients des Casiers de Rignosot. Et des id\u00e9es pour la suite, Christelle en a d\u00e9j\u00e0 dans un coin de sa t\u00eate\u00a0: elle aimerait acqu\u00e9rir <strong>nos casiers congel\u00e9s<\/strong> pour proposer des glaces, de la viande surgel\u00e9e et m\u00eame des escargots pour les f\u00eates. Toujours plus de casiers, sans doute le r\u00eave de Christelle pour asseoir encore un peu plus le nom des Casiers de Rignosot et devenir une adresse incontournable localement.[\/vc_column_text][\/vc_column][\/vc_row][vc_row type=\u00a0\u00bbin_container\u00a0\u00bb full_screen_row_position=\u00a0\u00bbmiddle\u00a0\u00bb scene_position=\u00a0\u00bbcenter\u00a0\u00bb text_color=\u00a0\u00bbdark\u00a0\u00bb text_align=\u00a0\u00bbleft\u00a0\u00bb overlay_strength=\u00a0\u00bb0.3&Prime; shape_divider_position=\u00a0\u00bbbottom\u00a0\u00bb][vc_column column_padding=\u00a0\u00bbno-extra-padding\u00a0\u00bb column_padding_position=\u00a0\u00bball\u00a0\u00bb background_color_opacity=\u00a0\u00bb1&Prime; background_hover_color_opacity=\u00a0\u00bb1&Prime; column_shadow=\u00a0\u00bbnone\u00a0\u00bb column_border_radius=\u00a0\u00bbnone\u00a0\u00bb width=\u00a0\u00bb1\/1&Prime; tablet_text_alignment=\u00a0\u00bbdefault\u00a0\u00bb phone_text_alignment=\u00a0\u00bbdefault\u00a0\u00bb column_border_width=\u00a0\u00bbnone\u00a0\u00bb column_border_style=\u00a0\u00bbsolid\u00a0\u00bb][vc_zigzag color=\u00a0\u00bbvista_blue\u00a0\u00bb][\/vc_column][\/vc_row][vc_row type=\u00a0\u00bbin_container\u00a0\u00bb full_screen_row_position=\u00a0\u00bbmiddle\u00a0\u00bb scene_position=\u00a0\u00bbcenter\u00a0\u00bb text_color=\u00a0\u00bbdark\u00a0\u00bb text_align=\u00a0\u00bbleft\u00a0\u00bb overlay_strength=\u00a0\u00bb0.3&Prime; shape_divider_position=\u00a0\u00bbbottom\u00a0\u00bb][vc_column column_padding=\u00a0\u00bbno-extra-padding\u00a0\u00bb column_padding_position=\u00a0\u00bball\u00a0\u00bb background_color_opacity=\u00a0\u00bb1&Prime; background_hover_color_opacity=\u00a0\u00bb1&Prime; column_shadow=\u00a0\u00bbnone\u00a0\u00bb column_border_radius=\u00a0\u00bbnone\u00a0\u00bb width=\u00a0\u00bb1\/1&Prime; tablet_text_alignment=\u00a0\u00bbdefault\u00a0\u00bb phone_text_alignment=\u00a0\u00bbdefault\u00a0\u00bb column_border_width=\u00a0\u00bbnone\u00a0\u00bb column_border_style=\u00a0\u00bbsolid\u00a0\u00bb][vc_column_text]\ud83d\udccd Pour d\u00e9couvrir<a href=\"https:\/\/www.facebook.com\/people\/Les-casiers-de-Rignosot\/61559908375335\/\" target=\"_blank\" rel=\"noopener\"> Les Casiers de Rignosot<\/a> : 2 chemin des vergers \u00e0 Rignosot (25), ouvert 7j\/7 24h\/24[\/vc_column_text][\/vc_column][\/vc_row][vc_row type=\u00a0\u00bbin_container\u00a0\u00bb full_screen_row_position=\u00a0\u00bbmiddle\u00a0\u00bb scene_position=\u00a0\u00bbcenter\u00a0\u00bb text_color=\u00a0\u00bbdark\u00a0\u00bb text_align=\u00a0\u00bbleft\u00a0\u00bb overlay_strength=\u00a0\u00bb0.3&Prime; shape_divider_position=\u00a0\u00bbbottom\u00a0\u00bb][vc_column column_padding=\u00a0\u00bbno-extra-padding\u00a0\u00bb column_padding_position=\u00a0\u00bball\u00a0\u00bb background_color_opacity=\u00a0\u00bb1&Prime; background_hover_color_opacity=\u00a0\u00bb1&Prime; column_shadow=\u00a0\u00bbnone\u00a0\u00bb column_border_radius=\u00a0\u00bbnone\u00a0\u00bb width=\u00a0\u00bb1\/1&Prime; tablet_text_alignment=\u00a0\u00bbdefault\u00a0\u00bb phone_text_alignment=\u00a0\u00bbdefault\u00a0\u00bb column_border_width=\u00a0\u00bbnone\u00a0\u00bb column_border_style=\u00a0\u00bbsolid\u00a0\u00bb][vc_column_text]<span style=\"font-size: 14pt;\"><strong>Un projet de casier connect\u00e9\u00a0?<\/strong> Contactez notre \u00e9quipe commerciale \u00e0 <a href=\"https:\/\/lecasierfrancais.fr\/index.php\/contact-le-casier-francais\/\" target=\"_blank\" rel=\"noopener\">\ud83d\udce7 contact@lecasierfrancais.fr<\/a><\/span>[\/vc_column_text][\/vc_column][\/vc_row]\n","protected":false},"excerpt":{"rendered":"<p>[vc_row type=\u00a0\u00bbin_container\u00a0\u00bb full_screen_row_position=\u00a0\u00bbmiddle\u00a0\u00bb scene_position=\u00a0\u00bbcenter\u00a0\u00bb text_color=\u00a0\u00bbdark\u00a0\u00bb text_align=\u00a0\u00bbleft\u00a0\u00bb overlay_strength=\u00a0\u00bb0.3&Prime; shape_divider_position=\u00a0\u00bbbottom\u00a0\u00bb][vc_column column_padding=\u00a0\u00bbno-extra-padding\u00a0\u00bb column_padding_position=\u00a0\u00bball\u00a0\u00bb background_color_opacity=\u00a0\u00bb1&Prime; background_hover_color_opacity=\u00a0\u00bb1&Prime; column_shadow=\u00a0\u00bbnone\u00a0\u00bb column_border_radius=\u00a0\u00bbnone\u00a0\u00bb width=\u00a0\u00bb1\/1&Prime;&#8230;<\/p>\n","protected":false},"author":8,"featured_media":15464,"comment_status":"open","ping_status":"open","sticky":false,"template":"","format":"standard","meta":{"footnotes":""},"categories":[564],"tags":[594,417,418,756,755,421,754,567,502],"class_list":{"0":"post-15462","1":"post","2":"type-post","3":"status-publish","4":"format-standard","5":"has-post-thumbnail","7":"category-portraits-de-producteurs","8":"tag-casier-connecte","9":"tag-circuit-court","10":"tag-distributeur-automatique","11":"tag-doubs","12":"tag-franche-comte","13":"tag-le-casier-francais","14":"tag-les-casiers-de-rignosot","15":"tag-libre-service","16":"tag-produits-locaux"},"yoast_head":"<!-- This site is optimized with the Yoast SEO Premium plugin v26.6 (Yoast SEO v26.6) - https:\/\/yoast.com\/wordpress\/plugins\/seo\/ -->\n<title>[Casiers de Rignosot] Des distributeurs de produits locaux pour redynamiser les communes voisines \ud83e\uddfa - Le Casier Fran\u00e7ais<\/title>\n<meta name=\"description\" content=\"286 casiers fabriqu\u00e9s par Le Casier Fran\u00e7ais et dans le but de redynamiser les communes autour de Rignosot et valoriser les productions locales.\" \/>\n<meta name=\"robots\" content=\"index, follow, max-snippet:-1, max-image-preview:large, max-video-preview:-1\" \/>\n<link rel=\"canonical\" href=\"https:\/\/lecasierfrancais.fr\/index.php\/2025\/06\/23\/casiers-de-rignosot-des-distributeurs-de-produits-locaux\/\" \/>\n<meta property=\"og:locale\" content=\"fr_FR\" \/>\n<meta property=\"og:type\" content=\"article\" \/>\n<meta property=\"og:title\" content=\"[Casiers de Rignosot] Des distributeurs de produits locaux pour redynamiser les communes voisines \ud83e\uddfa\" \/>\n<meta property=\"og:description\" content=\"286 casiers fabriqu\u00e9s par Le Casier Fran\u00e7ais et dans le but de redynamiser les communes autour de Rignosot et valoriser les productions locales.\" \/>\n<meta property=\"og:url\" content=\"https:\/\/lecasierfrancais.fr\/index.php\/2025\/06\/23\/casiers-de-rignosot-des-distributeurs-de-produits-locaux\/\" \/>\n<meta property=\"og:site_name\" content=\"Le Casier Fran\u00e7ais\" \/>\n<meta property=\"article:publisher\" content=\"https:\/\/www.facebook.com\/lecasierfrancais\/\" \/>\n<meta property=\"article:published_time\" content=\"2025-06-23T07:30:54+00:00\" \/>\n<meta property=\"og:image\" content=\"https:\/\/lecasierfrancais.fr\/wp-content\/uploads\/2025\/06\/IMG-20250606-WA0020-e1750165915326.jpg\" \/>\n\t<meta property=\"og:image:width\" content=\"1000\" \/>\n\t<meta property=\"og:image:height\" content=\"750\" \/>\n\t<meta property=\"og:image:type\" content=\"image\/jpeg\" \/>\n<meta name=\"author\" content=\"Le Casier Francais\" \/>\n<meta name=\"twitter:card\" content=\"summary_large_image\" \/>\n<meta name=\"twitter:label1\" content=\"\u00c9crit par\" \/>\n\t<meta name=\"twitter:data1\" content=\"Le Casier Francais\" \/>\n\t<meta name=\"twitter:label2\" content=\"Dur\u00e9e de lecture estim\u00e9e\" \/>\n\t<meta name=\"twitter:data2\" content=\"8 minutes\" \/>\n<script type=\"application\/ld+json\" class=\"yoast-schema-graph\">{\"@context\":\"https:\/\/schema.org\",\"@graph\":[{\"@type\":\"WebPage\",\"@id\":\"https:\/\/lecasierfrancais.fr\/index.php\/2025\/06\/23\/casiers-de-rignosot-des-distributeurs-de-produits-locaux\/\",\"url\":\"https:\/\/lecasierfrancais.fr\/index.php\/2025\/06\/23\/casiers-de-rignosot-des-distributeurs-de-produits-locaux\/\",\"name\":\"[Casiers de Rignosot] Des distributeurs de produits locaux pour redynamiser les communes voisines \ud83e\uddfa - Le Casier Fran\u00e7ais\",\"isPartOf\":{\"@id\":\"https:\/\/lecasierfrancais.fr\/#website\"},\"primaryImageOfPage\":{\"@id\":\"https:\/\/lecasierfrancais.fr\/index.php\/2025\/06\/23\/casiers-de-rignosot-des-distributeurs-de-produits-locaux\/#primaryimage\"},\"image\":{\"@id\":\"https:\/\/lecasierfrancais.fr\/index.php\/2025\/06\/23\/casiers-de-rignosot-des-distributeurs-de-produits-locaux\/#primaryimage\"},\"thumbnailUrl\":\"https:\/\/lecasierfrancais.fr\/wp-content\/uploads\/2025\/06\/IMG-20250606-WA0020-e1750165915326.jpg\",\"datePublished\":\"2025-06-23T07:30:54+00:00\",\"author\":{\"@id\":\"https:\/\/lecasierfrancais.fr\/#\/schema\/person\/7ca32438b040d2a673afe220fe3c2fbd\"},\"description\":\"286 casiers fabriqu\u00e9s par Le Casier Fran\u00e7ais et dans le but de redynamiser les communes autour de Rignosot et valoriser les productions locales.\",\"breadcrumb\":{\"@id\":\"https:\/\/lecasierfrancais.fr\/index.php\/2025\/06\/23\/casiers-de-rignosot-des-distributeurs-de-produits-locaux\/#breadcrumb\"},\"inLanguage\":\"fr-FR\",\"potentialAction\":[{\"@type\":\"ReadAction\",\"target\":[\"https:\/\/lecasierfrancais.fr\/index.php\/2025\/06\/23\/casiers-de-rignosot-des-distributeurs-de-produits-locaux\/\"]}]},{\"@type\":\"ImageObject\",\"inLanguage\":\"fr-FR\",\"@id\":\"https:\/\/lecasierfrancais.fr\/index.php\/2025\/06\/23\/casiers-de-rignosot-des-distributeurs-de-produits-locaux\/#primaryimage\",\"url\":\"https:\/\/lecasierfrancais.fr\/wp-content\/uploads\/2025\/06\/IMG-20250606-WA0020-e1750165915326.jpg\",\"contentUrl\":\"https:\/\/lecasierfrancais.fr\/wp-content\/uploads\/2025\/06\/IMG-20250606-WA0020-e1750165915326.jpg\",\"width\":1000,\"height\":750,\"caption\":\"Christelle des Casiers de Rignosot devant ses distributeurs automatiques qui vendent des produits locaux\"},{\"@type\":\"BreadcrumbList\",\"@id\":\"https:\/\/lecasierfrancais.fr\/index.php\/2025\/06\/23\/casiers-de-rignosot-des-distributeurs-de-produits-locaux\/#breadcrumb\",\"itemListElement\":[{\"@type\":\"ListItem\",\"position\":1,\"name\":\"Accueil\",\"item\":\"https:\/\/lecasierfrancais.fr\/\"},{\"@type\":\"ListItem\",\"position\":2,\"name\":\"[Casiers de Rignosot] Des distributeurs de produits locaux pour redynamiser les communes voisines \ud83e\uddfa\"}]},{\"@type\":\"WebSite\",\"@id\":\"https:\/\/lecasierfrancais.fr\/#website\",\"url\":\"https:\/\/lecasierfrancais.fr\/\",\"name\":\"Le Casier Fran\u00e7ais\",\"description\":\"Fabricant de casiers connect\u00e9s pour la vente directe de vos produits\",\"potentialAction\":[{\"@type\":\"SearchAction\",\"target\":{\"@type\":\"EntryPoint\",\"urlTemplate\":\"https:\/\/lecasierfrancais.fr\/?s={search_term_string}\"},\"query-input\":{\"@type\":\"PropertyValueSpecification\",\"valueRequired\":true,\"valueName\":\"search_term_string\"}}],\"inLanguage\":\"fr-FR\"},{\"@type\":\"Person\",\"@id\":\"https:\/\/lecasierfrancais.fr\/#\/schema\/person\/7ca32438b040d2a673afe220fe3c2fbd\",\"name\":\"Le Casier Francais\",\"image\":{\"@type\":\"ImageObject\",\"inLanguage\":\"fr-FR\",\"@id\":\"https:\/\/lecasierfrancais.fr\/#\/schema\/person\/image\/\",\"url\":\"https:\/\/secure.gravatar.com\/avatar\/f29776dfd97a4c78aee2ab31cb63a0f4097b8cc071a068daac2d914eb26fbbd4?s=96&d=mm&r=g\",\"contentUrl\":\"https:\/\/secure.gravatar.com\/avatar\/f29776dfd97a4c78aee2ab31cb63a0f4097b8cc071a068daac2d914eb26fbbd4?s=96&d=mm&r=g\",\"caption\":\"Le Casier Francais\"},\"url\":\"https:\/\/lecasierfrancais.fr\/index.php\/author\/le-casier-francais\/\"}]}<\/script>\n<!-- \/ Yoast SEO Premium plugin. -->","yoast_head_json":{"title":"[Casiers de Rignosot] Des distributeurs de produits locaux pour redynamiser les communes voisines \ud83e\uddfa - Le Casier Fran\u00e7ais","description":"286 casiers fabriqu\u00e9s par Le Casier Fran\u00e7ais et dans le but de redynamiser les communes autour de Rignosot et valoriser les productions locales.","robots":{"index":"index","follow":"follow","max-snippet":"max-snippet:-1","max-image-preview":"max-image-preview:large","max-video-preview":"max-video-preview:-1"},"canonical":"https:\/\/lecasierfrancais.fr\/index.php\/2025\/06\/23\/casiers-de-rignosot-des-distributeurs-de-produits-locaux\/","og_locale":"fr_FR","og_type":"article","og_title":"[Casiers de Rignosot] Des distributeurs de produits locaux pour redynamiser les communes voisines \ud83e\uddfa","og_description":"286 casiers fabriqu\u00e9s par Le Casier Fran\u00e7ais et dans le but de redynamiser les communes autour de Rignosot et valoriser les productions locales.","og_url":"https:\/\/lecasierfrancais.fr\/index.php\/2025\/06\/23\/casiers-de-rignosot-des-distributeurs-de-produits-locaux\/","og_site_name":"Le Casier Fran\u00e7ais","article_publisher":"https:\/\/www.facebook.com\/lecasierfrancais\/","article_published_time":"2025-06-23T07:30:54+00:00","og_image":[{"width":1000,"height":750,"url":"https:\/\/lecasierfrancais.fr\/wp-content\/uploads\/2025\/06\/IMG-20250606-WA0020-e1750165915326.jpg","type":"image\/jpeg"}],"author":"Le Casier Francais","twitter_card":"summary_large_image","twitter_misc":{"\u00c9crit par":"Le Casier Francais","Dur\u00e9e de lecture estim\u00e9e":"8 minutes"},"schema":{"@context":"https:\/\/schema.org","@graph":[{"@type":"WebPage","@id":"https:\/\/lecasierfrancais.fr\/index.php\/2025\/06\/23\/casiers-de-rignosot-des-distributeurs-de-produits-locaux\/","url":"https:\/\/lecasierfrancais.fr\/index.php\/2025\/06\/23\/casiers-de-rignosot-des-distributeurs-de-produits-locaux\/","name":"[Casiers de Rignosot] Des distributeurs de produits locaux pour redynamiser les communes voisines \ud83e\uddfa - Le Casier Fran\u00e7ais","isPartOf":{"@id":"https:\/\/lecasierfrancais.fr\/#website"},"primaryImageOfPage":{"@id":"https:\/\/lecasierfrancais.fr\/index.php\/2025\/06\/23\/casiers-de-rignosot-des-distributeurs-de-produits-locaux\/#primaryimage"},"image":{"@id":"https:\/\/lecasierfrancais.fr\/index.php\/2025\/06\/23\/casiers-de-rignosot-des-distributeurs-de-produits-locaux\/#primaryimage"},"thumbnailUrl":"https:\/\/lecasierfrancais.fr\/wp-content\/uploads\/2025\/06\/IMG-20250606-WA0020-e1750165915326.jpg","datePublished":"2025-06-23T07:30:54+00:00","author":{"@id":"https:\/\/lecasierfrancais.fr\/#\/schema\/person\/7ca32438b040d2a673afe220fe3c2fbd"},"description":"286 casiers fabriqu\u00e9s par Le Casier Fran\u00e7ais et dans le but de redynamiser les communes autour de Rignosot et valoriser les productions locales.","breadcrumb":{"@id":"https:\/\/lecasierfrancais.fr\/index.php\/2025\/06\/23\/casiers-de-rignosot-des-distributeurs-de-produits-locaux\/#breadcrumb"},"inLanguage":"fr-FR","potentialAction":[{"@type":"ReadAction","target":["https:\/\/lecasierfrancais.fr\/index.php\/2025\/06\/23\/casiers-de-rignosot-des-distributeurs-de-produits-locaux\/"]}]},{"@type":"ImageObject","inLanguage":"fr-FR","@id":"https:\/\/lecasierfrancais.fr\/index.php\/2025\/06\/23\/casiers-de-rignosot-des-distributeurs-de-produits-locaux\/#primaryimage","url":"https:\/\/lecasierfrancais.fr\/wp-content\/uploads\/2025\/06\/IMG-20250606-WA0020-e1750165915326.jpg","contentUrl":"https:\/\/lecasierfrancais.fr\/wp-content\/uploads\/2025\/06\/IMG-20250606-WA0020-e1750165915326.jpg","width":1000,"height":750,"caption":"Christelle des Casiers de Rignosot devant ses distributeurs automatiques qui vendent des produits locaux"},{"@type":"BreadcrumbList","@id":"https:\/\/lecasierfrancais.fr\/index.php\/2025\/06\/23\/casiers-de-rignosot-des-distributeurs-de-produits-locaux\/#breadcrumb","itemListElement":[{"@type":"ListItem","position":1,"name":"Accueil","item":"https:\/\/lecasierfrancais.fr\/"},{"@type":"ListItem","position":2,"name":"[Casiers de Rignosot] Des distributeurs de produits locaux pour redynamiser les communes voisines \ud83e\uddfa"}]},{"@type":"WebSite","@id":"https:\/\/lecasierfrancais.fr\/#website","url":"https:\/\/lecasierfrancais.fr\/","name":"Le Casier Fran\u00e7ais","description":"Fabricant de casiers connect\u00e9s pour la vente directe de vos produits","potentialAction":[{"@type":"SearchAction","target":{"@type":"EntryPoint","urlTemplate":"https:\/\/lecasierfrancais.fr\/?s={search_term_string}"},"query-input":{"@type":"PropertyValueSpecification","valueRequired":true,"valueName":"search_term_string"}}],"inLanguage":"fr-FR"},{"@type":"Person","@id":"https:\/\/lecasierfrancais.fr\/#\/schema\/person\/7ca32438b040d2a673afe220fe3c2fbd","name":"Le Casier Francais","image":{"@type":"ImageObject","inLanguage":"fr-FR","@id":"https:\/\/lecasierfrancais.fr\/#\/schema\/person\/image\/","url":"https:\/\/secure.gravatar.com\/avatar\/f29776dfd97a4c78aee2ab31cb63a0f4097b8cc071a068daac2d914eb26fbbd4?s=96&d=mm&r=g","contentUrl":"https:\/\/secure.gravatar.com\/avatar\/f29776dfd97a4c78aee2ab31cb63a0f4097b8cc071a068daac2d914eb26fbbd4?s=96&d=mm&r=g","caption":"Le Casier Francais"},"url":"https:\/\/lecasierfrancais.fr\/index.php\/author\/le-casier-francais\/"}]}},"_links":{"self":[{"href":"https:\/\/lecasierfrancais.fr\/index.php\/wp-json\/wp\/v2\/posts\/15462","targetHints":{"allow":["GET"]}}],"collection":[{"href":"https:\/\/lecasierfrancais.fr\/index.php\/wp-json\/wp\/v2\/posts"}],"about":[{"href":"https:\/\/lecasierfrancais.fr\/index.php\/wp-json\/wp\/v2\/types\/post"}],"author":[{"embeddable":true,"href":"https:\/\/lecasierfrancais.fr\/index.php\/wp-json\/wp\/v2\/users\/8"}],"replies":[{"embeddable":true,"href":"https:\/\/lecasierfrancais.fr\/index.php\/wp-json\/wp\/v2\/comments?post=15462"}],"version-history":[{"count":1,"href":"https:\/\/lecasierfrancais.fr\/index.php\/wp-json\/wp\/v2\/posts\/15462\/revisions"}],"predecessor-version":[{"id":15467,"href":"https:\/\/lecasierfrancais.fr\/index.php\/wp-json\/wp\/v2\/posts\/15462\/revisions\/15467"}],"wp:featuredmedia":[{"embeddable":true,"href":"https:\/\/lecasierfrancais.fr\/index.php\/wp-json\/wp\/v2\/media\/15464"}],"wp:attachment":[{"href":"https:\/\/lecasierfrancais.fr\/index.php\/wp-json\/wp\/v2\/media?parent=15462"}],"wp:term":[{"taxonomy":"category","embeddable":true,"href":"https:\/\/lecasierfrancais.fr\/index.php\/wp-json\/wp\/v2\/categories?post=15462"},{"taxonomy":"post_tag","embeddable":true,"href":"https:\/\/lecasierfrancais.fr\/index.php\/wp-json\/wp\/v2\/tags?post=15462"}],"curies":[{"name":"wp","href":"https:\/\/api.w.org\/{rel}","templated":true}]}}