{"id":16410,"date":"2025-09-02T16:20:06","date_gmt":"2025-09-02T14:20:06","guid":{"rendered":"https:\/\/lecasierfrancais.fr\/?p=16410"},"modified":"2025-09-22T16:45:14","modified_gmt":"2025-09-22T14:45:14","slug":"nouveaute-decouvrez-le-casier-congele-par-le-casier-francais","status":"publish","type":"post","link":"https:\/\/lecasierfrancais.fr\/index.php\/2025\/09\/02\/nouveaute-decouvrez-le-casier-congele-par-le-casier-francais\/","title":{"rendered":"NOUVEAUT\u00c9 : D\u00e9couvrez le casier congel\u00e9 par Le Casier Fran\u00e7ais \ud83c\udd95"},"content":{"rendered":"[vc_row type=\u00a0\u00bbin_container\u00a0\u00bb full_screen_row_position=\u00a0\u00bbmiddle\u00a0\u00bb scene_position=\u00a0\u00bbcenter\u00a0\u00bb text_color=\u00a0\u00bbdark\u00a0\u00bb text_align=\u00a0\u00bbleft\u00a0\u00bb overlay_strength=\u00a0\u00bb0.3&Prime; shape_divider_position=\u00a0\u00bbbottom\u00a0\u00bb][vc_column column_padding=\u00a0\u00bbno-extra-padding\u00a0\u00bb column_padding_position=\u00a0\u00bball\u00a0\u00bb background_color_opacity=\u00a0\u00bb1&Prime; background_hover_color_opacity=\u00a0\u00bb1&Prime; column_shadow=\u00a0\u00bbnone\u00a0\u00bb column_border_radius=\u00a0\u00bbnone\u00a0\u00bb width=\u00a0\u00bb1\/1&Prime; tablet_text_alignment=\u00a0\u00bbdefault\u00a0\u00bb phone_text_alignment=\u00a0\u00bbdefault\u00a0\u00bb column_border_width=\u00a0\u00bbnone\u00a0\u00bb column_border_style=\u00a0\u00bbsolid\u00a0\u00bb][vc_column_text]<em>\u00c0 l\u2019heure o\u00f9 les consommateurs exigent davantage de <strong data-start=\"527\" data-end=\"546\">produits locaux<\/strong>, accessibles \u00e0 toute heure, et o\u00f9 les producteurs cherchent des solutions pour \u00e9largir leur offre sans d\u00e9pendre de la grande distribution, <strong data-start=\"686\" data-end=\"716\">le casier connect\u00e9 congel\u00e9<\/strong> s\u2019impose comme une innovation majeure. Apr\u00e8s avoir conquis les artisans, commer\u00e7ants et collectivit\u00e9s avec ses distributeurs secs et r\u00e9frig\u00e9r\u00e9s, <strong data-start=\"862\" data-end=\"884\">Le Casier Fran\u00e7ais<\/strong> \u00e9tend son expertise au domaine des produits surgel\u00e9s avec une solution technique in\u00e9dite sur le march\u00e9.<\/em>[\/vc_column_text][\/vc_column][\/vc_row][vc_row type=\u00a0\u00bbin_container\u00a0\u00bb full_screen_row_position=\u00a0\u00bbmiddle\u00a0\u00bb scene_position=\u00a0\u00bbcenter\u00a0\u00bb text_color=\u00a0\u00bbdark\u00a0\u00bb text_align=\u00a0\u00bbleft\u00a0\u00bb overlay_strength=\u00a0\u00bb0.3&Prime; shape_divider_position=\u00a0\u00bbbottom\u00a0\u00bb][vc_column column_padding=\u00a0\u00bbno-extra-padding\u00a0\u00bb column_padding_position=\u00a0\u00bball\u00a0\u00bb background_color_opacity=\u00a0\u00bb1&Prime; background_hover_color_opacity=\u00a0\u00bb1&Prime; column_shadow=\u00a0\u00bbnone\u00a0\u00bb column_border_radius=\u00a0\u00bbnone\u00a0\u00bb width=\u00a0\u00bb1\/1&Prime; tablet_text_alignment=\u00a0\u00bbdefault\u00a0\u00bb phone_text_alignment=\u00a0\u00bbdefault\u00a0\u00bb column_border_width=\u00a0\u00bbnone\u00a0\u00bb column_border_style=\u00a0\u00bbsolid\u00a0\u00bb]<div class=\"img-with-aniamtion-wrap center\" data-max-width=\"100%\" data-border-radius=\"none\"><div class=\"inner\"><img decoding=\"async\" data-shadow=\"none\" data-shadow-direction=\"middle\" class=\"img-with-animation \" data-delay=\"0\" height=\"500\" width=\"500\" data-animation=\"none\" src=\"https:\/\/lecasierfrancais.fr\/wp-content\/uploads\/2025\/08\/04eab87a-6cf9-4f62-95b9-11f1b5a016d9-e1756461245936.jpg\"  alt=\"Casier congel\u00e9 pouvant par exemple vendre des glaces\" \/><\/div><\/div>[\/vc_column][\/vc_row][vc_row type=\u00a0\u00bbin_container\u00a0\u00bb full_screen_row_position=\u00a0\u00bbmiddle\u00a0\u00bb scene_position=\u00a0\u00bbcenter\u00a0\u00bb text_color=\u00a0\u00bbdark\u00a0\u00bb text_align=\u00a0\u00bbleft\u00a0\u00bb overlay_strength=\u00a0\u00bb0.3&Prime; shape_divider_position=\u00a0\u00bbbottom\u00a0\u00bb][vc_column column_padding=\u00a0\u00bbno-extra-padding\u00a0\u00bb column_padding_position=\u00a0\u00bball\u00a0\u00bb background_color_opacity=\u00a0\u00bb1&Prime; background_hover_color_opacity=\u00a0\u00bb1&Prime; column_shadow=\u00a0\u00bbnone\u00a0\u00bb column_border_radius=\u00a0\u00bbnone\u00a0\u00bb width=\u00a0\u00bb1\/1&Prime; tablet_text_alignment=\u00a0\u00bbdefault\u00a0\u00bb phone_text_alignment=\u00a0\u00bbdefault\u00a0\u00bb column_border_width=\u00a0\u00bbnone\u00a0\u00bb column_border_style=\u00a0\u00bbsolid\u00a0\u00bb][vc_custom_heading text=\u00a0\u00bbLa nouveaut\u00e9 LCF : le casier congel\u00e9 \ud83e\uddca \u00a0\u00bb use_theme_fonts=\u00a0\u00bbyes\u00a0\u00bb][\/vc_column][\/vc_row][vc_row type=\u00a0\u00bbin_container\u00a0\u00bb full_screen_row_position=\u00a0\u00bbmiddle\u00a0\u00bb scene_position=\u00a0\u00bbcenter\u00a0\u00bb text_color=\u00a0\u00bbdark\u00a0\u00bb text_align=\u00a0\u00bbleft\u00a0\u00bb overlay_strength=\u00a0\u00bb0.3&Prime; shape_divider_position=\u00a0\u00bbbottom\u00a0\u00bb][vc_column column_padding=\u00a0\u00bbno-extra-padding\u00a0\u00bb column_padding_position=\u00a0\u00bball\u00a0\u00bb background_color_opacity=\u00a0\u00bb1&Prime; background_hover_color_opacity=\u00a0\u00bb1&Prime; column_shadow=\u00a0\u00bbnone\u00a0\u00bb column_border_radius=\u00a0\u00bbnone\u00a0\u00bb width=\u00a0\u00bb1\/1&Prime; tablet_text_alignment=\u00a0\u00bbdefault\u00a0\u00bb phone_text_alignment=\u00a0\u00bbdefault\u00a0\u00bb column_border_width=\u00a0\u00bbnone\u00a0\u00bb column_border_style=\u00a0\u00bbsolid\u00a0\u00bb][vc_column_text]\n<p data-start=\"1053\" data-end=\"1582\">Vous \u00e9tiez nombreux \u00e0 nous le demander : un casier congel\u00e9 pour vendre des produits surgel\u00e9s. Alors <a href=\"https:\/\/lecasierfrancais.fr\/index.php\/2024\/07\/16\/nos-distributeurs-automatiques-a-la-pointe-de-la-tech\/\" target=\"_blank\" rel=\"noopener\">nos ing\u00e9nieurs se sont pench\u00e9s sur la question<\/a> et ont cr\u00e9\u00e9 <strong>le distributeur automatique congel\u00e9<\/strong> qui peut se moduler \u00e0 votre installation existante. Aujourd&rsquo;hui, vous avez donc la possibilit\u00e9 de choisir des modules secs, r\u00e9frig\u00e9r\u00e9s et congel\u00e9s au Casier Fran\u00e7ais.<\/p>\n<p>C\u2019est particuli\u00e8rement <strong>pertinent pour des produits issus de circuits courts :<\/strong> viande d\u00e9coup\u00e9e et surgel\u00e9e \u00e0 la ferme, plats cuisin\u00e9s par un traiteur local, glaces artisanales, ou encore l\u00e9gumes congel\u00e9s directement apr\u00e8s r\u00e9colte.<\/p>\n<p data-start=\"1584\" data-end=\"1781\">Gr\u00e2ce \u00e0 un <strong data-start=\"1595\" data-end=\"1622\">casier connect\u00e9 surgel\u00e9<\/strong>, les producteurs peuvent proposer ces produits en toute autonomie, 24h\/24, sans modifier leur processus de production. Et surtout : sans sacrifier la qualit\u00e9.<\/p>\n[\/vc_column_text][\/vc_column][\/vc_row][vc_row type=\u00a0\u00bbin_container\u00a0\u00bb full_screen_row_position=\u00a0\u00bbmiddle\u00a0\u00bb scene_position=\u00a0\u00bbcenter\u00a0\u00bb text_color=\u00a0\u00bbdark\u00a0\u00bb text_align=\u00a0\u00bbleft\u00a0\u00bb overlay_strength=\u00a0\u00bb0.3&Prime; shape_divider_position=\u00a0\u00bbbottom\u00a0\u00bb][vc_column column_padding=\u00a0\u00bbno-extra-padding\u00a0\u00bb column_padding_position=\u00a0\u00bball\u00a0\u00bb background_color_opacity=\u00a0\u00bb1&Prime; background_hover_color_opacity=\u00a0\u00bb1&Prime; column_shadow=\u00a0\u00bbnone\u00a0\u00bb column_border_radius=\u00a0\u00bbnone\u00a0\u00bb width=\u00a0\u00bb1\/1&Prime; tablet_text_alignment=\u00a0\u00bbdefault\u00a0\u00bb phone_text_alignment=\u00a0\u00bbdefault\u00a0\u00bb column_border_width=\u00a0\u00bbnone\u00a0\u00bb column_border_style=\u00a0\u00bbsolid\u00a0\u00bb][vc_custom_heading text=\u00a0\u00bbLe casier congel\u00e9, une technologie de pointe, pens\u00e9e pour le froid extr\u00eame \ud83e\udd76\u00a0\u00bb use_theme_fonts=\u00a0\u00bbyes\u00a0\u00bb][vc_column_text]\n<p data-start=\"1843\" data-end=\"1965\">Chez Le Casier Fran\u00e7ais, <a href=\"https:\/\/lecasierfrancais.fr\/index.php\/gestion-du-froid\/\" target=\"_blank\" rel=\"noopener\"><strong data-start=\"1868\" data-end=\"1891\">la gestion du froid<\/strong> <\/a>est une expertise centrale. Nos casiers connect\u00e9s congel\u00e9s sont \u00e9quip\u00e9s :<\/p>\n<ul data-start=\"1966\" data-end=\"2392\">\n<li data-start=\"1966\" data-end=\"2076\">\n<p data-start=\"1968\" data-end=\"2076\">d\u2019un <strong data-start=\"1973\" data-end=\"2012\">groupe froid ind\u00e9pendant par module<\/strong>, permettant de <strong data-start=\"2028\" data-end=\"2075\">conserver les produits \u00e0 temp\u00e9rature stable<\/strong>,<\/p>\n<\/li>\n<li data-start=\"2077\" data-end=\"2149\">\n<p data-start=\"2079\" data-end=\"2149\">d\u2019un <strong data-start=\"2084\" data-end=\"2111\">double vitrage de 14 mm<\/strong>, garantissant une parfaite isolation,<\/p>\n<\/li>\n<li data-start=\"2150\" data-end=\"2260\">\n<p data-start=\"2152\" data-end=\"2260\">d\u2019un <strong data-start=\"2157\" data-end=\"2196\">bandeau soufflant anti-condensation<\/strong> pour assurer la visibilit\u00e9 des produits \u00e0 travers les vitrines,<\/p>\n<\/li>\n<li data-start=\"2261\" data-end=\"2392\">\n<p data-start=\"2263\" data-end=\"2392\">d\u2019un <strong data-start=\"2268\" data-end=\"2294\">nouveau joint de porte<\/strong> qui optimise l\u2019\u00e9tanch\u00e9it\u00e9 et limite les pertes \u00e9nerg\u00e9tiques.<\/p>\n<\/li>\n<\/ul>\n<p data-start=\"2394\" data-end=\"2600\">Chaque casier peut \u00eatre configur\u00e9 individuellement selon le besoin : temp\u00e9rature, dur\u00e9e de conservation, seuil d\u2019alerte\u2026 Une flexibilit\u00e9 totale pour des <strong data-start=\"2547\" data-end=\"2572\">ventes multi-produits<\/strong>, dans un m\u00eame distributeur.<\/p>\n[\/vc_column_text][\/vc_column][\/vc_row][vc_row type=\u00a0\u00bbin_container\u00a0\u00bb full_screen_row_position=\u00a0\u00bbmiddle\u00a0\u00bb scene_position=\u00a0\u00bbcenter\u00a0\u00bb text_color=\u00a0\u00bbdark\u00a0\u00bb text_align=\u00a0\u00bbleft\u00a0\u00bb overlay_strength=\u00a0\u00bb0.3&Prime; shape_divider_position=\u00a0\u00bbbottom\u00a0\u00bb][vc_column column_padding=\u00a0\u00bbno-extra-padding\u00a0\u00bb column_padding_position=\u00a0\u00bball\u00a0\u00bb background_color_opacity=\u00a0\u00bb1&Prime; background_hover_color_opacity=\u00a0\u00bb1&Prime; column_shadow=\u00a0\u00bbnone\u00a0\u00bb column_border_radius=\u00a0\u00bbnone\u00a0\u00bb width=\u00a0\u00bb1\/1&Prime; tablet_text_alignment=\u00a0\u00bbdefault\u00a0\u00bb phone_text_alignment=\u00a0\u00bbdefault\u00a0\u00bb column_border_width=\u00a0\u00bbnone\u00a0\u00bb column_border_style=\u00a0\u00bbsolid\u00a0\u00bb][vc_custom_heading text=\u00a0\u00bbLe casier congel\u00e9 : quels b\u00e9n\u00e9fices pour les producteurs ? \ud83e\uddfa\u00a0\u00bb use_theme_fonts=\u00a0\u00bbyes\u00a0\u00bb][vc_column_text]\n<p data-start=\"2645\" data-end=\"2871\">L\u2019int\u00e9gration d\u2019un module de cong\u00e9lation dans un casier Le Casier Fran\u00e7ais permet d\u2019<strong data-start=\"2729\" data-end=\"2750\">\u00e9largir son offre<\/strong>, de <strong data-start=\"2755\" data-end=\"2790\">diversifier ses points de vente<\/strong> et d\u2019<strong data-start=\"2796\" data-end=\"2831\">augmenter le chiffre d\u2019affaires<\/strong>, sans mobiliser davantage de personnel.<\/p>\n<p data-start=\"2873\" data-end=\"3231\">De nombreux producteurs l\u2019ont d\u00e9j\u00e0 compris et installent d&rsquo;ores et d\u00e9j\u00e0 leur point de vente congel\u00e9.<\/p>\n<p data-start=\"3233\" data-end=\"3462\">Le <strong data-start=\"3236\" data-end=\"3254\">distributeur automatique congel\u00e9<\/strong> r\u00e9pond aussi \u00e0 un besoin d\u2019optimisation logistique : les produits sont pr\u00e9par\u00e9s \u00e0 l\u2019avance, conditionn\u00e9s et stock\u00e9s directement dans les casiers, ce qui <strong data-start=\"3408\" data-end=\"3429\">r\u00e9duit les pertes<\/strong> et <strong data-start=\"3433\" data-end=\"3461\">fluidifie l\u2019organisation<\/strong>.<\/p>\n[\/vc_column_text][\/vc_column][\/vc_row][vc_row type=\u00a0\u00bbin_container\u00a0\u00bb full_screen_row_position=\u00a0\u00bbmiddle\u00a0\u00bb scene_position=\u00a0\u00bbcenter\u00a0\u00bb text_color=\u00a0\u00bbdark\u00a0\u00bb text_align=\u00a0\u00bbleft\u00a0\u00bb overlay_strength=\u00a0\u00bb0.3&Prime; shape_divider_position=\u00a0\u00bbbottom\u00a0\u00bb][vc_column column_padding=\u00a0\u00bbno-extra-padding\u00a0\u00bb column_padding_position=\u00a0\u00bball\u00a0\u00bb background_color_opacity=\u00a0\u00bb1&Prime; background_hover_color_opacity=\u00a0\u00bb1&Prime; column_shadow=\u00a0\u00bbnone\u00a0\u00bb column_border_radius=\u00a0\u00bbnone\u00a0\u00bb width=\u00a0\u00bb1\/1&Prime; tablet_text_alignment=\u00a0\u00bbdefault\u00a0\u00bb phone_text_alignment=\u00a0\u00bbdefault\u00a0\u00bb column_border_width=\u00a0\u00bbnone\u00a0\u00bb column_border_style=\u00a0\u00bbsolid\u00a0\u00bb]<div class=\"img-with-aniamtion-wrap center\" data-max-width=\"100%\" data-border-radius=\"none\"><div class=\"inner\"><img decoding=\"async\" data-shadow=\"none\" data-shadow-direction=\"middle\" class=\"img-with-animation \" data-delay=\"0\" height=\"600\" width=\"400\" data-animation=\"none\" src=\"https:\/\/lecasierfrancais.fr\/wp-content\/uploads\/2025\/08\/legumes-surgeles-e1756461229855.jpg\"  alt=\"Produits surgel\u00e9s\" \/><\/div><\/div>[\/vc_column][\/vc_row][vc_row type=\u00a0\u00bbin_container\u00a0\u00bb full_screen_row_position=\u00a0\u00bbmiddle\u00a0\u00bb scene_position=\u00a0\u00bbcenter\u00a0\u00bb text_color=\u00a0\u00bbdark\u00a0\u00bb text_align=\u00a0\u00bbleft\u00a0\u00bb overlay_strength=\u00a0\u00bb0.3&Prime; shape_divider_position=\u00a0\u00bbbottom\u00a0\u00bb][vc_column column_padding=\u00a0\u00bbno-extra-padding\u00a0\u00bb column_padding_position=\u00a0\u00bball\u00a0\u00bb background_color_opacity=\u00a0\u00bb1&Prime; background_hover_color_opacity=\u00a0\u00bb1&Prime; column_shadow=\u00a0\u00bbnone\u00a0\u00bb column_border_radius=\u00a0\u00bbnone\u00a0\u00bb width=\u00a0\u00bb1\/1&Prime; tablet_text_alignment=\u00a0\u00bbdefault\u00a0\u00bb phone_text_alignment=\u00a0\u00bbdefault\u00a0\u00bb column_border_width=\u00a0\u00bbnone\u00a0\u00bb column_border_style=\u00a0\u00bbsolid\u00a0\u00bb][vc_custom_heading text=\u00a0\u00bbUne r\u00e9ponse directe \u00e0 la demande des consommateurs \ud83d\uded2\u00a0\u00bb use_theme_fonts=\u00a0\u00bbyes\u00a0\u00bb][vc_column_text]\n<p data-start=\"3519\" data-end=\"3599\">Le <strong>surgel\u00e9 en libre-service<\/strong> correspond aux <a href=\"https:\/\/lecasierfrancais.fr\/index.php\/2024\/01\/29\/circuit-court-nos-modes-de-consommation-evoluent\/\" target=\"_blank\" rel=\"noopener\">nouveaux usages de consommation<\/a> :<\/p>\n<ul data-start=\"3600\" data-end=\"3972\">\n<li data-start=\"3600\" data-end=\"3713\">\n<p data-start=\"3602\" data-end=\"3713\">Les clients veulent acc\u00e9der \u00e0 des <strong data-start=\"3636\" data-end=\"3666\">produits locaux de qualit\u00e9<\/strong>, m\u00eame hors horaires d\u2019ouverture traditionnels.<\/p>\n<\/li>\n<li data-start=\"3714\" data-end=\"3852\">\n<p data-start=\"3716\" data-end=\"3852\">Ils recherchent <strong data-start=\"3732\" data-end=\"3774\">des solutions rapides pour leurs repas<\/strong>, avec une pr\u00e9f\u00e9rence pour des produits authentiques, artisanaux et savoureux.<\/p>\n<\/li>\n<li data-start=\"3853\" data-end=\"3972\">\n<p data-start=\"3855\" data-end=\"3972\">Le pouvoir d\u2019achat en baisse les pousse \u00e0 stocker davantage ou \u00e0 profiter de promotions disponibles en libre-service.<\/p>\n<\/li>\n<\/ul>\n<p data-start=\"3974\" data-end=\"4161\">Le casier connect\u00e9 congel\u00e9 est donc une <strong data-start=\"4014\" data-end=\"4047\">r\u00e9ponse pertinente et durable<\/strong>, qui valorise les savoir-faire locaux tout en offrant une exp\u00e9rience utilisateur fluide, intuitive et rassurante.<\/p>\n[\/vc_column_text][\/vc_column][\/vc_row][vc_row type=\u00a0\u00bbin_container\u00a0\u00bb full_screen_row_position=\u00a0\u00bbmiddle\u00a0\u00bb scene_position=\u00a0\u00bbcenter\u00a0\u00bb text_color=\u00a0\u00bbdark\u00a0\u00bb text_align=\u00a0\u00bbleft\u00a0\u00bb overlay_strength=\u00a0\u00bb0.3&Prime; shape_divider_position=\u00a0\u00bbbottom\u00a0\u00bb][vc_column column_padding=\u00a0\u00bbno-extra-padding\u00a0\u00bb column_padding_position=\u00a0\u00bball\u00a0\u00bb background_color_opacity=\u00a0\u00bb1&Prime; background_hover_color_opacity=\u00a0\u00bb1&Prime; column_shadow=\u00a0\u00bbnone\u00a0\u00bb column_border_radius=\u00a0\u00bbnone\u00a0\u00bb width=\u00a0\u00bb1\/1&Prime; tablet_text_alignment=\u00a0\u00bbdefault\u00a0\u00bb phone_text_alignment=\u00a0\u00bbdefault\u00a0\u00bb column_border_width=\u00a0\u00bbnone\u00a0\u00bb column_border_style=\u00a0\u00bbsolid\u00a0\u00bb][vc_custom_heading text=\u00a0\u00bbUne installation sur-mesure, made in France \ud83d\udd35\u26aa\ud83d\udd34\u00a0\u00bb use_theme_fonts=\u00a0\u00bbyes\u00a0\u00bb][vc_column_text]\n<p data-start=\"4211\" data-end=\"4509\">Comme pour tous ses distributeurs automatiques, Le Casier Fran\u00e7ais con\u00e7oit ses casiers congel\u00e9s dans ses ateliers de Templemars, pr\u00e8s de Lille. <strong data-start=\"4342\" data-end=\"4397\">80 % des composants proviennent d\u2019un rayon de 30 km<\/strong>, et l\u2019ensemble de la production est <strong data-start=\"4434\" data-end=\"4471\">labellis\u00e9 Origine France Garantie<\/strong>.<\/p>\n<p data-start=\"4511\" data-end=\"4746\">Chaque module est <strong data-start=\"4529\" data-end=\"4548\">personnalisable<\/strong> : dimensions, habillage, <a href=\"https:\/\/lecasierfrancais.fr\/index.php\/2024\/08\/06\/votre-distributeur-automatique-sur-mesure\/\" target=\"_blank\" rel=\"noopener\">branding<\/a>, ergonomie, borne tactile, mode de paiement\u2026 Vous pouvez cr\u00e9er un point de vente sur-mesure, coh\u00e9rent avec votre image de marque et vos objectifs de d\u00e9veloppement.<\/p>\n[\/vc_column_text][\/vc_column][\/vc_row][vc_row type=\u00a0\u00bbin_container\u00a0\u00bb full_screen_row_position=\u00a0\u00bbmiddle\u00a0\u00bb scene_position=\u00a0\u00bbcenter\u00a0\u00bb text_color=\u00a0\u00bbdark\u00a0\u00bb text_align=\u00a0\u00bbleft\u00a0\u00bb overlay_strength=\u00a0\u00bb0.3&Prime; shape_divider_position=\u00a0\u00bbbottom\u00a0\u00bb][vc_column column_padding=\u00a0\u00bbno-extra-padding\u00a0\u00bb column_padding_position=\u00a0\u00bball\u00a0\u00bb background_color_opacity=\u00a0\u00bb1&Prime; background_hover_color_opacity=\u00a0\u00bb1&Prime; column_shadow=\u00a0\u00bbnone\u00a0\u00bb column_border_radius=\u00a0\u00bbnone\u00a0\u00bb width=\u00a0\u00bb1\/1&Prime; tablet_text_alignment=\u00a0\u00bbdefault\u00a0\u00bb phone_text_alignment=\u00a0\u00bbdefault\u00a0\u00bb column_border_width=\u00a0\u00bbnone\u00a0\u00bb column_border_style=\u00a0\u00bbsolid\u00a0\u00bb][vc_zigzag color=\u00a0\u00bbvista_blue\u00a0\u00bb][\/vc_column][\/vc_row][vc_row type=\u00a0\u00bbin_container\u00a0\u00bb full_screen_row_position=\u00a0\u00bbmiddle\u00a0\u00bb scene_position=\u00a0\u00bbcenter\u00a0\u00bb text_color=\u00a0\u00bbdark\u00a0\u00bb text_align=\u00a0\u00bbleft\u00a0\u00bb overlay_strength=\u00a0\u00bb0.3&Prime; shape_divider_position=\u00a0\u00bbbottom\u00a0\u00bb][vc_column column_padding=\u00a0\u00bbno-extra-padding\u00a0\u00bb column_padding_position=\u00a0\u00bball\u00a0\u00bb background_color_opacity=\u00a0\u00bb1&Prime; background_hover_color_opacity=\u00a0\u00bb1&Prime; column_shadow=\u00a0\u00bbnone\u00a0\u00bb column_border_radius=\u00a0\u00bbnone\u00a0\u00bb width=\u00a0\u00bb1\/1&Prime; tablet_text_alignment=\u00a0\u00bbdefault\u00a0\u00bb phone_text_alignment=\u00a0\u00bbdefault\u00a0\u00bb column_border_width=\u00a0\u00bbnone\u00a0\u00bb column_border_style=\u00a0\u00bbsolid\u00a0\u00bb][vc_column_text]\n<p data-start=\"5297\" data-end=\"5562\"><strong data-start=\"5297\" data-end=\"5371\">Vous \u00eates producteur, commer\u00e7ant ou acteur de la restauration locale ?<\/strong> Il est temps d\u2019int\u00e9grer les casiers surgel\u00e9s \u00e0 votre strat\u00e9gie de vente directe. Avec le casier connect\u00e9 congel\u00e9 du Casier Fran\u00e7ais, vous conjuguez <strong data-start=\"5512\" data-end=\"5561\">qualit\u00e9, praticit\u00e9, rentabilit\u00e9 et durabilit\u00e9<\/strong>.<\/p>\n<p data-start=\"5564\" data-end=\"5635\">\u27a1\ufe0f Pour une installation ou une extension, contactez notre \u00e9quipe pour une \u00e9tude personnalis\u00e9e de votre projet au \ud83d\udcde03 20 96 76 02 ou par \ud83d\udce7 email \u00e0 contact@lecasierfrancais.fr.<\/p>\n[\/vc_column_text][\/vc_column][\/vc_row]\n","protected":false},"excerpt":{"rendered":"<p>[vc_row type=\u00a0\u00bbin_container\u00a0\u00bb full_screen_row_position=\u00a0\u00bbmiddle\u00a0\u00bb scene_position=\u00a0\u00bbcenter\u00a0\u00bb text_color=\u00a0\u00bbdark\u00a0\u00bb text_align=\u00a0\u00bbleft\u00a0\u00bb overlay_strength=\u00a0\u00bb0.3&Prime; shape_divider_position=\u00a0\u00bbbottom\u00a0\u00bb][vc_column column_padding=\u00a0\u00bbno-extra-padding\u00a0\u00bb column_padding_position=\u00a0\u00bball\u00a0\u00bb background_color_opacity=\u00a0\u00bb1&Prime; background_hover_color_opacity=\u00a0\u00bb1&Prime; column_shadow=\u00a0\u00bbnone\u00a0\u00bb column_border_radius=\u00a0\u00bbnone\u00a0\u00bb width=\u00a0\u00bb1\/1&Prime;&#8230;<\/p>\n","protected":false},"author":8,"featured_media":16411,"comment_status":"open","ping_status":"open","sticky":false,"template":"","format":"standard","meta":{"footnotes":""},"categories":[577],"tags":[618,734,760,576,758,759,586,421,762,567,757,761],"class_list":{"0":"post-16410","1":"post","2":"type-post","3":"status-publish","4":"format-standard","5":"has-post-thumbnail","7":"category-nos-casiers","8":"tag-casier-congele","9":"tag-casier-frais","10":"tag-casier-froid","11":"tag-casier-viande","12":"tag-glaces","13":"tag-glaces-artisanales","14":"tag-innovation","15":"tag-le-casier-francais","16":"tag-legumes-surgeles","17":"tag-libre-service","18":"tag-nouveaute","19":"tag-viande-surgelee"},"yoast_head":"<!-- This site is optimized with the Yoast SEO Premium plugin v26.6 (Yoast SEO v26.6) - https:\/\/yoast.com\/wordpress\/plugins\/seo\/ -->\n<title>NOUVEAUT\u00c9 : D\u00e9couvrez le casier congel\u00e9 par Le Casier Fran\u00e7ais \ud83c\udd95 - Le Casier Fran\u00e7ais<\/title>\n<meta name=\"description\" content=\"Vendez d\u00e9sormais vos glaces artisanales et autres produits surgel\u00e9s dans nos distributeurs automatiques gr\u00e2ce au casier congel\u00e9.\" \/>\n<meta name=\"robots\" content=\"index, follow, max-snippet:-1, max-image-preview:large, max-video-preview:-1\" \/>\n<link rel=\"canonical\" href=\"https:\/\/lecasierfrancais.fr\/index.php\/2025\/09\/02\/nouveaute-decouvrez-le-casier-congele-par-le-casier-francais\/\" \/>\n<meta property=\"og:locale\" content=\"fr_FR\" \/>\n<meta property=\"og:type\" content=\"article\" \/>\n<meta property=\"og:title\" content=\"NOUVEAUT\u00c9 : D\u00e9couvrez le casier congel\u00e9 par Le Casier Fran\u00e7ais \ud83c\udd95\" \/>\n<meta property=\"og:description\" content=\"Vendez d\u00e9sormais vos glaces artisanales et autres produits surgel\u00e9s dans nos distributeurs automatiques gr\u00e2ce au casier congel\u00e9.\" \/>\n<meta property=\"og:url\" content=\"https:\/\/lecasierfrancais.fr\/index.php\/2025\/09\/02\/nouveaute-decouvrez-le-casier-congele-par-le-casier-francais\/\" \/>\n<meta property=\"og:site_name\" content=\"Le Casier Fran\u00e7ais\" \/>\n<meta property=\"article:publisher\" content=\"https:\/\/www.facebook.com\/lecasierfrancais\/\" \/>\n<meta property=\"article:published_time\" content=\"2025-09-02T14:20:06+00:00\" \/>\n<meta property=\"article:modified_time\" content=\"2025-09-22T14:45:14+00:00\" \/>\n<meta property=\"og:image\" content=\"https:\/\/lecasierfrancais.fr\/wp-content\/uploads\/2025\/08\/04eab87a-6cf9-4f62-95b9-11f1b5a016d9-e1756461245936.jpg\" \/>\n\t<meta property=\"og:image:width\" content=\"500\" \/>\n\t<meta property=\"og:image:height\" content=\"500\" \/>\n\t<meta property=\"og:image:type\" content=\"image\/jpeg\" \/>\n<meta name=\"author\" content=\"Le Casier Francais\" \/>\n<meta name=\"twitter:card\" content=\"summary_large_image\" \/>\n<meta name=\"twitter:label1\" content=\"\u00c9crit par\" \/>\n\t<meta name=\"twitter:data1\" content=\"Le Casier Francais\" \/>\n\t<meta name=\"twitter:label2\" content=\"Dur\u00e9e de lecture estim\u00e9e\" \/>\n\t<meta name=\"twitter:data2\" content=\"5 minutes\" \/>\n<script type=\"application\/ld+json\" class=\"yoast-schema-graph\">{\"@context\":\"https:\/\/schema.org\",\"@graph\":[{\"@type\":\"WebPage\",\"@id\":\"https:\/\/lecasierfrancais.fr\/index.php\/2025\/09\/02\/nouveaute-decouvrez-le-casier-congele-par-le-casier-francais\/\",\"url\":\"https:\/\/lecasierfrancais.fr\/index.php\/2025\/09\/02\/nouveaute-decouvrez-le-casier-congele-par-le-casier-francais\/\",\"name\":\"NOUVEAUT\u00c9 : D\u00e9couvrez le casier congel\u00e9 par Le Casier Fran\u00e7ais \ud83c\udd95 - Le Casier Fran\u00e7ais\",\"isPartOf\":{\"@id\":\"https:\/\/lecasierfrancais.fr\/#website\"},\"primaryImageOfPage\":{\"@id\":\"https:\/\/lecasierfrancais.fr\/index.php\/2025\/09\/02\/nouveaute-decouvrez-le-casier-congele-par-le-casier-francais\/#primaryimage\"},\"image\":{\"@id\":\"https:\/\/lecasierfrancais.fr\/index.php\/2025\/09\/02\/nouveaute-decouvrez-le-casier-congele-par-le-casier-francais\/#primaryimage\"},\"thumbnailUrl\":\"https:\/\/lecasierfrancais.fr\/wp-content\/uploads\/2025\/08\/04eab87a-6cf9-4f62-95b9-11f1b5a016d9-e1756461245936.jpg\",\"datePublished\":\"2025-09-02T14:20:06+00:00\",\"dateModified\":\"2025-09-22T14:45:14+00:00\",\"author\":{\"@id\":\"https:\/\/lecasierfrancais.fr\/#\/schema\/person\/7ca32438b040d2a673afe220fe3c2fbd\"},\"description\":\"Vendez d\u00e9sormais vos glaces artisanales et autres produits surgel\u00e9s dans nos distributeurs automatiques gr\u00e2ce au casier congel\u00e9.\",\"breadcrumb\":{\"@id\":\"https:\/\/lecasierfrancais.fr\/index.php\/2025\/09\/02\/nouveaute-decouvrez-le-casier-congele-par-le-casier-francais\/#breadcrumb\"},\"inLanguage\":\"fr-FR\",\"potentialAction\":[{\"@type\":\"ReadAction\",\"target\":[\"https:\/\/lecasierfrancais.fr\/index.php\/2025\/09\/02\/nouveaute-decouvrez-le-casier-congele-par-le-casier-francais\/\"]}]},{\"@type\":\"ImageObject\",\"inLanguage\":\"fr-FR\",\"@id\":\"https:\/\/lecasierfrancais.fr\/index.php\/2025\/09\/02\/nouveaute-decouvrez-le-casier-congele-par-le-casier-francais\/#primaryimage\",\"url\":\"https:\/\/lecasierfrancais.fr\/wp-content\/uploads\/2025\/08\/04eab87a-6cf9-4f62-95b9-11f1b5a016d9-e1756461245936.jpg\",\"contentUrl\":\"https:\/\/lecasierfrancais.fr\/wp-content\/uploads\/2025\/08\/04eab87a-6cf9-4f62-95b9-11f1b5a016d9-e1756461245936.jpg\",\"width\":500,\"height\":500,\"caption\":\"Casier congel\u00e9 pouvant par exemple vendre des glaces\"},{\"@type\":\"BreadcrumbList\",\"@id\":\"https:\/\/lecasierfrancais.fr\/index.php\/2025\/09\/02\/nouveaute-decouvrez-le-casier-congele-par-le-casier-francais\/#breadcrumb\",\"itemListElement\":[{\"@type\":\"ListItem\",\"position\":1,\"name\":\"Accueil\",\"item\":\"https:\/\/lecasierfrancais.fr\/\"},{\"@type\":\"ListItem\",\"position\":2,\"name\":\"NOUVEAUT\u00c9 : D\u00e9couvrez le casier congel\u00e9 par Le Casier Fran\u00e7ais \ud83c\udd95\"}]},{\"@type\":\"WebSite\",\"@id\":\"https:\/\/lecasierfrancais.fr\/#website\",\"url\":\"https:\/\/lecasierfrancais.fr\/\",\"name\":\"Le Casier Fran\u00e7ais\",\"description\":\"Fabricant de casiers connect\u00e9s pour la vente directe de vos produits\",\"potentialAction\":[{\"@type\":\"SearchAction\",\"target\":{\"@type\":\"EntryPoint\",\"urlTemplate\":\"https:\/\/lecasierfrancais.fr\/?s={search_term_string}\"},\"query-input\":{\"@type\":\"PropertyValueSpecification\",\"valueRequired\":true,\"valueName\":\"search_term_string\"}}],\"inLanguage\":\"fr-FR\"},{\"@type\":\"Person\",\"@id\":\"https:\/\/lecasierfrancais.fr\/#\/schema\/person\/7ca32438b040d2a673afe220fe3c2fbd\",\"name\":\"Le Casier Francais\",\"image\":{\"@type\":\"ImageObject\",\"inLanguage\":\"fr-FR\",\"@id\":\"https:\/\/lecasierfrancais.fr\/#\/schema\/person\/image\/\",\"url\":\"https:\/\/secure.gravatar.com\/avatar\/f29776dfd97a4c78aee2ab31cb63a0f4097b8cc071a068daac2d914eb26fbbd4?s=96&d=mm&r=g\",\"contentUrl\":\"https:\/\/secure.gravatar.com\/avatar\/f29776dfd97a4c78aee2ab31cb63a0f4097b8cc071a068daac2d914eb26fbbd4?s=96&d=mm&r=g\",\"caption\":\"Le Casier Francais\"},\"url\":\"https:\/\/lecasierfrancais.fr\/index.php\/author\/le-casier-francais\/\"}]}<\/script>\n<!-- \/ Yoast SEO Premium plugin. -->","yoast_head_json":{"title":"NOUVEAUT\u00c9 : D\u00e9couvrez le casier congel\u00e9 par Le Casier Fran\u00e7ais \ud83c\udd95 - Le Casier Fran\u00e7ais","description":"Vendez d\u00e9sormais vos glaces artisanales et autres produits surgel\u00e9s dans nos distributeurs automatiques gr\u00e2ce au casier congel\u00e9.","robots":{"index":"index","follow":"follow","max-snippet":"max-snippet:-1","max-image-preview":"max-image-preview:large","max-video-preview":"max-video-preview:-1"},"canonical":"https:\/\/lecasierfrancais.fr\/index.php\/2025\/09\/02\/nouveaute-decouvrez-le-casier-congele-par-le-casier-francais\/","og_locale":"fr_FR","og_type":"article","og_title":"NOUVEAUT\u00c9 : D\u00e9couvrez le casier congel\u00e9 par Le Casier Fran\u00e7ais \ud83c\udd95","og_description":"Vendez d\u00e9sormais vos glaces artisanales et autres produits surgel\u00e9s dans nos distributeurs automatiques gr\u00e2ce au casier congel\u00e9.","og_url":"https:\/\/lecasierfrancais.fr\/index.php\/2025\/09\/02\/nouveaute-decouvrez-le-casier-congele-par-le-casier-francais\/","og_site_name":"Le Casier Fran\u00e7ais","article_publisher":"https:\/\/www.facebook.com\/lecasierfrancais\/","article_published_time":"2025-09-02T14:20:06+00:00","article_modified_time":"2025-09-22T14:45:14+00:00","og_image":[{"width":500,"height":500,"url":"https:\/\/lecasierfrancais.fr\/wp-content\/uploads\/2025\/08\/04eab87a-6cf9-4f62-95b9-11f1b5a016d9-e1756461245936.jpg","type":"image\/jpeg"}],"author":"Le Casier Francais","twitter_card":"summary_large_image","twitter_misc":{"\u00c9crit par":"Le Casier Francais","Dur\u00e9e de lecture estim\u00e9e":"5 minutes"},"schema":{"@context":"https:\/\/schema.org","@graph":[{"@type":"WebPage","@id":"https:\/\/lecasierfrancais.fr\/index.php\/2025\/09\/02\/nouveaute-decouvrez-le-casier-congele-par-le-casier-francais\/","url":"https:\/\/lecasierfrancais.fr\/index.php\/2025\/09\/02\/nouveaute-decouvrez-le-casier-congele-par-le-casier-francais\/","name":"NOUVEAUT\u00c9 : D\u00e9couvrez le casier congel\u00e9 par Le Casier Fran\u00e7ais \ud83c\udd95 - Le Casier Fran\u00e7ais","isPartOf":{"@id":"https:\/\/lecasierfrancais.fr\/#website"},"primaryImageOfPage":{"@id":"https:\/\/lecasierfrancais.fr\/index.php\/2025\/09\/02\/nouveaute-decouvrez-le-casier-congele-par-le-casier-francais\/#primaryimage"},"image":{"@id":"https:\/\/lecasierfrancais.fr\/index.php\/2025\/09\/02\/nouveaute-decouvrez-le-casier-congele-par-le-casier-francais\/#primaryimage"},"thumbnailUrl":"https:\/\/lecasierfrancais.fr\/wp-content\/uploads\/2025\/08\/04eab87a-6cf9-4f62-95b9-11f1b5a016d9-e1756461245936.jpg","datePublished":"2025-09-02T14:20:06+00:00","dateModified":"2025-09-22T14:45:14+00:00","author":{"@id":"https:\/\/lecasierfrancais.fr\/#\/schema\/person\/7ca32438b040d2a673afe220fe3c2fbd"},"description":"Vendez d\u00e9sormais vos glaces artisanales et autres produits surgel\u00e9s dans nos distributeurs automatiques gr\u00e2ce au casier congel\u00e9.","breadcrumb":{"@id":"https:\/\/lecasierfrancais.fr\/index.php\/2025\/09\/02\/nouveaute-decouvrez-le-casier-congele-par-le-casier-francais\/#breadcrumb"},"inLanguage":"fr-FR","potentialAction":[{"@type":"ReadAction","target":["https:\/\/lecasierfrancais.fr\/index.php\/2025\/09\/02\/nouveaute-decouvrez-le-casier-congele-par-le-casier-francais\/"]}]},{"@type":"ImageObject","inLanguage":"fr-FR","@id":"https:\/\/lecasierfrancais.fr\/index.php\/2025\/09\/02\/nouveaute-decouvrez-le-casier-congele-par-le-casier-francais\/#primaryimage","url":"https:\/\/lecasierfrancais.fr\/wp-content\/uploads\/2025\/08\/04eab87a-6cf9-4f62-95b9-11f1b5a016d9-e1756461245936.jpg","contentUrl":"https:\/\/lecasierfrancais.fr\/wp-content\/uploads\/2025\/08\/04eab87a-6cf9-4f62-95b9-11f1b5a016d9-e1756461245936.jpg","width":500,"height":500,"caption":"Casier congel\u00e9 pouvant par exemple vendre des glaces"},{"@type":"BreadcrumbList","@id":"https:\/\/lecasierfrancais.fr\/index.php\/2025\/09\/02\/nouveaute-decouvrez-le-casier-congele-par-le-casier-francais\/#breadcrumb","itemListElement":[{"@type":"ListItem","position":1,"name":"Accueil","item":"https:\/\/lecasierfrancais.fr\/"},{"@type":"ListItem","position":2,"name":"NOUVEAUT\u00c9 : D\u00e9couvrez le casier congel\u00e9 par Le Casier Fran\u00e7ais \ud83c\udd95"}]},{"@type":"WebSite","@id":"https:\/\/lecasierfrancais.fr\/#website","url":"https:\/\/lecasierfrancais.fr\/","name":"Le Casier Fran\u00e7ais","description":"Fabricant de casiers connect\u00e9s pour la vente directe de vos produits","potentialAction":[{"@type":"SearchAction","target":{"@type":"EntryPoint","urlTemplate":"https:\/\/lecasierfrancais.fr\/?s={search_term_string}"},"query-input":{"@type":"PropertyValueSpecification","valueRequired":true,"valueName":"search_term_string"}}],"inLanguage":"fr-FR"},{"@type":"Person","@id":"https:\/\/lecasierfrancais.fr\/#\/schema\/person\/7ca32438b040d2a673afe220fe3c2fbd","name":"Le Casier Francais","image":{"@type":"ImageObject","inLanguage":"fr-FR","@id":"https:\/\/lecasierfrancais.fr\/#\/schema\/person\/image\/","url":"https:\/\/secure.gravatar.com\/avatar\/f29776dfd97a4c78aee2ab31cb63a0f4097b8cc071a068daac2d914eb26fbbd4?s=96&d=mm&r=g","contentUrl":"https:\/\/secure.gravatar.com\/avatar\/f29776dfd97a4c78aee2ab31cb63a0f4097b8cc071a068daac2d914eb26fbbd4?s=96&d=mm&r=g","caption":"Le Casier Francais"},"url":"https:\/\/lecasierfrancais.fr\/index.php\/author\/le-casier-francais\/"}]}},"_links":{"self":[{"href":"https:\/\/lecasierfrancais.fr\/index.php\/wp-json\/wp\/v2\/posts\/16410","targetHints":{"allow":["GET"]}}],"collection":[{"href":"https:\/\/lecasierfrancais.fr\/index.php\/wp-json\/wp\/v2\/posts"}],"about":[{"href":"https:\/\/lecasierfrancais.fr\/index.php\/wp-json\/wp\/v2\/types\/post"}],"author":[{"embeddable":true,"href":"https:\/\/lecasierfrancais.fr\/index.php\/wp-json\/wp\/v2\/users\/8"}],"replies":[{"embeddable":true,"href":"https:\/\/lecasierfrancais.fr\/index.php\/wp-json\/wp\/v2\/comments?post=16410"}],"version-history":[{"count":3,"href":"https:\/\/lecasierfrancais.fr\/index.php\/wp-json\/wp\/v2\/posts\/16410\/revisions"}],"predecessor-version":[{"id":16415,"href":"https:\/\/lecasierfrancais.fr\/index.php\/wp-json\/wp\/v2\/posts\/16410\/revisions\/16415"}],"wp:featuredmedia":[{"embeddable":true,"href":"https:\/\/lecasierfrancais.fr\/index.php\/wp-json\/wp\/v2\/media\/16411"}],"wp:attachment":[{"href":"https:\/\/lecasierfrancais.fr\/index.php\/wp-json\/wp\/v2\/media?parent=16410"}],"wp:term":[{"taxonomy":"category","embeddable":true,"href":"https:\/\/lecasierfrancais.fr\/index.php\/wp-json\/wp\/v2\/categories?post=16410"},{"taxonomy":"post_tag","embeddable":true,"href":"https:\/\/lecasierfrancais.fr\/index.php\/wp-json\/wp\/v2\/tags?post=16410"}],"curies":[{"name":"wp","href":"https:\/\/api.w.org\/{rel}","templated":true}]}}