{"id":16837,"date":"2025-09-29T08:30:13","date_gmt":"2025-09-29T06:30:13","guid":{"rendered":"https:\/\/lecasierfrancais.fr\/?p=16837"},"modified":"2025-10-03T12:01:40","modified_gmt":"2025-10-03T10:01:40","slug":"la-reaumerie-45-decouvrez-comment-les-casiers-de-produits-locaux-ont-sauve-lexploitation-damandine","status":"publish","type":"post","link":"https:\/\/lecasierfrancais.fr\/index.php\/2025\/09\/29\/la-reaumerie-45-decouvrez-comment-les-casiers-de-produits-locaux-ont-sauve-lexploitation-damandine\/","title":{"rendered":"[La R\u00e9aumerie (45)] D\u00e9couvrez comment les casiers de produits locaux ont sauv\u00e9 l\u2019exploitation d\u2019Amandine \ud83d\udc14"},"content":{"rendered":"[vc_row type=\u00a0\u00bbin_container\u00a0\u00bb full_screen_row_position=\u00a0\u00bbmiddle\u00a0\u00bb scene_position=\u00a0\u00bbcenter\u00a0\u00bb text_color=\u00a0\u00bbdark\u00a0\u00bb text_align=\u00a0\u00bbleft\u00a0\u00bb overlay_strength=\u00a0\u00bb0.3&Prime; shape_divider_position=\u00a0\u00bbbottom\u00a0\u00bb][vc_column column_padding=\u00a0\u00bbno-extra-padding\u00a0\u00bb column_padding_position=\u00a0\u00bball\u00a0\u00bb background_color_opacity=\u00a0\u00bb1&Prime; background_hover_color_opacity=\u00a0\u00bb1&Prime; column_shadow=\u00a0\u00bbnone\u00a0\u00bb column_border_radius=\u00a0\u00bbnone\u00a0\u00bb width=\u00a0\u00bb1\/1&Prime; tablet_text_alignment=\u00a0\u00bbdefault\u00a0\u00bb phone_text_alignment=\u00a0\u00bbdefault\u00a0\u00bb column_border_width=\u00a0\u00bbnone\u00a0\u00bb column_border_style=\u00a0\u00bbsolid\u00a0\u00bb][vc_column_text]<em>D\u00e9but 2022, Amandine mise sur une id\u00e9e encore peu r\u00e9pandue dans la r\u00e9gion du Loiret<strong> : <\/strong>installer des casiers fermiers de produits locaux au c\u0153ur de sa ferme, pr\u00e8s de Noyers. Ce choix, elle ne le sait pas encore, va lui sauver son exploitation. Ce qui aurait pu marquer la fin s\u2019est r\u00e9v\u00e9l\u00e9 \u00eatre un nouveau d\u00e9part. Aujourd\u2019hui, \u00e0 la R\u00e9aumerie, Amandine ne se contente plus d\u2019\u00e9lever : elle entreprend\u00a0!<\/em>[\/vc_column_text][\/vc_column][\/vc_row][vc_row type=\u00a0\u00bbin_container\u00a0\u00bb full_screen_row_position=\u00a0\u00bbmiddle\u00a0\u00bb scene_position=\u00a0\u00bbcenter\u00a0\u00bb text_color=\u00a0\u00bbdark\u00a0\u00bb text_align=\u00a0\u00bbleft\u00a0\u00bb overlay_strength=\u00a0\u00bb0.3&Prime; shape_divider_position=\u00a0\u00bbbottom\u00a0\u00bb][vc_column column_padding=\u00a0\u00bbno-extra-padding\u00a0\u00bb column_padding_position=\u00a0\u00bball\u00a0\u00bb background_color_opacity=\u00a0\u00bb1&Prime; background_hover_color_opacity=\u00a0\u00bb1&Prime; column_shadow=\u00a0\u00bbnone\u00a0\u00bb column_border_radius=\u00a0\u00bbnone\u00a0\u00bb width=\u00a0\u00bb1\/1&Prime; tablet_text_alignment=\u00a0\u00bbdefault\u00a0\u00bb phone_text_alignment=\u00a0\u00bbdefault\u00a0\u00bb column_border_width=\u00a0\u00bbnone\u00a0\u00bb column_border_style=\u00a0\u00bbsolid\u00a0\u00bb]<div class=\"img-with-aniamtion-wrap center\" data-max-width=\"100%\" data-border-radius=\"none\"><div class=\"inner\"><a href=\"https:\/\/lecasierfrancais.fr\/wp-content\/uploads\/2025\/09\/Interview.jpg\" class=\"pp center\"><img decoding=\"async\" data-shadow=\"none\" data-shadow-direction=\"middle\" class=\"img-with-animation \" data-delay=\"0\" height=\"334\" width=\"334\" data-animation=\"fade-in\" src=\"https:\/\/lecasierfrancais.fr\/wp-content\/uploads\/2025\/09\/Interview.jpg\" srcset=\"https:\/\/lecasierfrancais.fr\/wp-content\/uploads\/2025\/09\/Interview.jpg 334w, https:\/\/lecasierfrancais.fr\/wp-content\/uploads\/2025\/09\/Interview-300x300.jpg 300w, https:\/\/lecasierfrancais.fr\/wp-content\/uploads\/2025\/09\/Interview-150x150.jpg 150w, https:\/\/lecasierfrancais.fr\/wp-content\/uploads\/2025\/09\/Interview-100x100.jpg 100w, https:\/\/lecasierfrancais.fr\/wp-content\/uploads\/2025\/09\/Interview-140x140.jpg 140w, https:\/\/lecasierfrancais.fr\/wp-content\/uploads\/2025\/09\/Interview-200x200.jpg 200w\" sizes=\"100vw\" alt=\"Notre cliente, Amandine, avec ses poules \u00e0 la Ferme - La R\u00e9aumerie\" \/><\/a><\/div><\/div>[\/vc_column][\/vc_row][vc_row type=\u00a0\u00bbin_container\u00a0\u00bb full_screen_row_position=\u00a0\u00bbmiddle\u00a0\u00bb scene_position=\u00a0\u00bbcenter\u00a0\u00bb text_color=\u00a0\u00bbdark\u00a0\u00bb text_align=\u00a0\u00bbleft\u00a0\u00bb overlay_strength=\u00a0\u00bb0.3&Prime; shape_divider_position=\u00a0\u00bbbottom\u00a0\u00bb][vc_column column_padding=\u00a0\u00bbno-extra-padding\u00a0\u00bb column_padding_position=\u00a0\u00bball\u00a0\u00bb background_color_opacity=\u00a0\u00bb1&Prime; background_hover_color_opacity=\u00a0\u00bb1&Prime; column_shadow=\u00a0\u00bbnone\u00a0\u00bb column_border_radius=\u00a0\u00bbnone\u00a0\u00bb width=\u00a0\u00bb1\/1&Prime; tablet_text_alignment=\u00a0\u00bbdefault\u00a0\u00bb phone_text_alignment=\u00a0\u00bbdefault\u00a0\u00bb column_border_width=\u00a0\u00bbnone\u00a0\u00bb column_border_style=\u00a0\u00bbsolid\u00a0\u00bb][vc_custom_heading text=\u00a0\u00bbLes casiers de produits locaux, une id\u00e9e innovante anticip\u00e9e de justesse \ud83d\udcc8 \u00a0\u00bb use_theme_fonts=\u00a0\u00bbyes\u00a0\u00bb][vc_column_text]Productrice de volailles depuis plus de 15 ans, Amandine cr\u00e9e sa propre exploitation en 2021 : la ferme de la R\u00e9aumerie. L\u2019ann\u00e9e suivante, elle y <strong>installe des casiers de produits locaux, proposant sa volaille, ses \u0153ufs ainsi que des produits tartinables<\/strong> directement \u00e0 la ferme. Pas moins de 130 casiers sont mis en place \u00e0 La Bourgeoise.<\/p>\n<p>Ce choix strat\u00e9gique, elle ne le doit pas au hasard, mais \u00e0 une d\u00e9cision prise bien avant que la temp\u00eate ne s\u2019abatte sur sa ferme.[\/vc_column_text][\/vc_column][\/vc_row][vc_row type=\u00a0\u00bbin_container\u00a0\u00bb full_screen_row_position=\u00a0\u00bbmiddle\u00a0\u00bb scene_position=\u00a0\u00bbcenter\u00a0\u00bb text_color=\u00a0\u00bbdark\u00a0\u00bb text_align=\u00a0\u00bbleft\u00a0\u00bb overlay_strength=\u00a0\u00bb0.3&Prime; shape_divider_position=\u00a0\u00bbbottom\u00a0\u00bb][vc_column column_padding=\u00a0\u00bbno-extra-padding\u00a0\u00bb column_padding_position=\u00a0\u00bball\u00a0\u00bb background_color_opacity=\u00a0\u00bb1&Prime; background_hover_color_opacity=\u00a0\u00bb1&Prime; column_shadow=\u00a0\u00bbnone\u00a0\u00bb column_border_radius=\u00a0\u00bbnone\u00a0\u00bb width=\u00a0\u00bb1\/1&Prime; tablet_text_alignment=\u00a0\u00bbdefault\u00a0\u00bb phone_text_alignment=\u00a0\u00bbdefault\u00a0\u00bb column_border_width=\u00a0\u00bbnone\u00a0\u00bb column_border_style=\u00a0\u00bbsolid\u00a0\u00bb][vc_custom_heading text=\u00a0\u00bbDes casiers de produits locaux qui assurent la continuit\u00e9 malgr\u00e9 la crise\ud83e\udd5a\u00a0\u00bb use_theme_fonts=\u00a0\u00bbyes\u00a0\u00bb][vc_column_text]<span dir=\"auto\" style=\"vertical-align: inherit;\"><span dir=\"auto\" style=\"vertical-align: inherit;\">\u00c0 peine 6 mois apr\u00e8s l&rsquo;installation des casiers de produits locaux, la grippe aviaire frappe de plein fouet la production d&rsquo;Amandine : \u00ab <\/span><\/span><em><span dir=\"auto\" style=\"vertical-align: inherit;\"><span dir=\"auto\" style=\"vertical-align: inherit;\">On m&rsquo;a abattu toute ma production, celle que j&rsquo;\u00e9tais cens\u00e9e vendre \u00e0 No\u00ebl<\/span><\/span><\/em><span dir=\"auto\" style=\"vertical-align: inherit;\"><span dir=\"auto\" style=\"vertical-align: inherit;\"> \u00bb, confie-t-elle.<\/span><\/span><\/p>\n<p><span dir=\"auto\" style=\"vertical-align: inherit;\"><span dir=\"auto\" style=\"vertical-align: inherit;\">Plus de volailles, plus d&rsquo;\u0153ufs. Juste le silence. <\/span><\/span><br \/>\n<span dir=\"auto\" style=\"vertical-align: inherit;\"><span dir=\"auto\" style=\"vertical-align: inherit;\">Heureusement, les casiers, eux, <\/span><\/span><strong><span dir=\"auto\" style=\"vertical-align: inherit;\"><span dir=\"auto\" style=\"vertical-align: inherit;\">sont rest\u00e9s en activit\u00e9<\/span><\/span><\/strong><span dir=\"auto\" style=\"vertical-align: inherit;\"><span dir=\"auto\" style=\"vertical-align: inherit;\"> : \u00ab <\/span><\/span><em><span dir=\"auto\" style=\"vertical-align: inherit;\"><span dir=\"auto\" style=\"vertical-align: inherit;\">M\u00eame si ma production \u00e9tait invendable, les casiers ont continu\u00e9 \u00e0 tourner malgr\u00e9 tout avec la vente de produits locaux. Les casiers m&rsquo;ont sauv\u00e9.<\/span><\/span><\/em><span dir=\"auto\" style=\"vertical-align: inherit;\"><span dir=\"auto\" style=\"vertical-align: inherit;\"> \u00bb<\/span><\/span><\/p>\n<p><span dir=\"auto\" style=\"vertical-align: inherit;\"><span dir=\"auto\" style=\"vertical-align: inherit;\">Gr\u00e2ce au distributeur automatique et \u00e0 l&rsquo;anticipation de la transformation de certains produits, Amandine a pu continuer \u00e0 maintenir son activit\u00e9.<\/span><\/span><\/p>\n<p><span dir=\"auto\" style=\"vertical-align: inherit;\"><span dir=\"auto\" style=\"vertical-align: inherit;\">L&rsquo;\u00e9preuve a r\u00e9v\u00e9l\u00e9 le potentiel insoup\u00e7onn\u00e9 des casiers, qui <\/span><\/span><strong><span dir=\"auto\" style=\"vertical-align: inherit;\"><span dir=\"auto\" style=\"vertical-align: inherit;\">ont redonn\u00e9 vie \u00e0 son exploitation.<\/span><\/span><\/strong>[\/vc_column_text][\/vc_column][\/vc_row][vc_row type=\u00a0\u00bbin_container\u00a0\u00bb full_screen_row_position=\u00a0\u00bbmiddle\u00a0\u00bb scene_position=\u00a0\u00bbcenter\u00a0\u00bb text_color=\u00a0\u00bbdark\u00a0\u00bb text_align=\u00a0\u00bbleft\u00a0\u00bb overlay_strength=\u00a0\u00bb0.3&Prime; shape_divider_position=\u00a0\u00bbbottom\u00a0\u00bb][vc_column column_padding=\u00a0\u00bbno-extra-padding\u00a0\u00bb column_padding_position=\u00a0\u00bball\u00a0\u00bb background_color_opacity=\u00a0\u00bb1&Prime; background_hover_color_opacity=\u00a0\u00bb1&Prime; column_shadow=\u00a0\u00bbnone\u00a0\u00bb column_border_radius=\u00a0\u00bbnone\u00a0\u00bb width=\u00a0\u00bb1\/1&Prime; tablet_text_alignment=\u00a0\u00bbdefault\u00a0\u00bb phone_text_alignment=\u00a0\u00bbdefault\u00a0\u00bb column_border_width=\u00a0\u00bbnone\u00a0\u00bb column_border_style=\u00a0\u00bbsolid\u00a0\u00bb][vc_custom_heading text=\u00a0\u00bbUn nouveau d\u00e9part port\u00e9 par les casiers de produits locaux \ud83d\ude80\u00a0\u00bb use_theme_fonts=\u00a0\u00bbyes\u00a0\u00bb][vc_column_text]Amandine explique qu\u2019il lui \u00e9tait impossible d\u2019ouvrir une boutique et d\u2019attendre les clients sur place : \u00ab<em> Je voulais g\u00e9rer mon activit\u00e9 de A \u00e0 Z, sans embaucher. C\u2019est moi qui \u00e9l\u00e8ve, qui pr\u00e9pare, et qui vends.<\/em> \u00bb<\/p>\n<p>Le choix des casiers de produits locaux lui a offert <strong>un point de vente accessible 24h\/24 et 7j\/7, une libert\u00e9 pr\u00e9cieuse<\/strong> pour elle comme pour ses clients.[\/vc_column_text][\/vc_column][\/vc_row][vc_row type=\u00a0\u00bbin_container\u00a0\u00bb full_screen_row_position=\u00a0\u00bbmiddle\u00a0\u00bb scene_position=\u00a0\u00bbcenter\u00a0\u00bb text_color=\u00a0\u00bbdark\u00a0\u00bb text_align=\u00a0\u00bbleft\u00a0\u00bb overlay_strength=\u00a0\u00bb0.3&Prime; shape_divider_position=\u00a0\u00bbbottom\u00a0\u00bb][vc_column column_padding=\u00a0\u00bbno-extra-padding\u00a0\u00bb column_padding_position=\u00a0\u00bball\u00a0\u00bb background_color_opacity=\u00a0\u00bb1&Prime; background_hover_color_opacity=\u00a0\u00bb1&Prime; column_shadow=\u00a0\u00bbnone\u00a0\u00bb column_border_radius=\u00a0\u00bbnone\u00a0\u00bb width=\u00a0\u00bb1\/1&Prime; tablet_text_alignment=\u00a0\u00bbdefault\u00a0\u00bb phone_text_alignment=\u00a0\u00bbdefault\u00a0\u00bb column_border_width=\u00a0\u00bbnone\u00a0\u00bb column_border_style=\u00a0\u00bbsolid\u00a0\u00bb]<div class=\"img-with-aniamtion-wrap center\" data-max-width=\"100%\" data-border-radius=\"none\"><div class=\"inner\"><a href=\"https:\/\/lecasierfrancais.fr\/wp-content\/uploads\/2025\/09\/Capture-decran-2025-09-23-093554.jpg\" class=\"pp center\"><img decoding=\"async\" data-shadow=\"none\" data-shadow-direction=\"middle\" class=\"img-with-animation \" data-delay=\"0\" height=\"429\" width=\"439\" data-animation=\"fade-in\" src=\"https:\/\/lecasierfrancais.fr\/wp-content\/uploads\/2025\/09\/Capture-decran-2025-09-23-093554.jpg\" srcset=\"https:\/\/lecasierfrancais.fr\/wp-content\/uploads\/2025\/09\/Capture-decran-2025-09-23-093554.jpg 439w, https:\/\/lecasierfrancais.fr\/wp-content\/uploads\/2025\/09\/Capture-decran-2025-09-23-093554-300x293.jpg 300w, https:\/\/lecasierfrancais.fr\/wp-content\/uploads\/2025\/09\/Capture-decran-2025-09-23-093554-200x195.jpg 200w\" sizes=\"100vw\" alt=\"Distributeur automatique de produits locaux\" \/><\/a><\/div><\/div>[\/vc_column][\/vc_row][vc_row type=\u00a0\u00bbin_container\u00a0\u00bb full_screen_row_position=\u00a0\u00bbmiddle\u00a0\u00bb scene_position=\u00a0\u00bbcenter\u00a0\u00bb text_color=\u00a0\u00bbdark\u00a0\u00bb text_align=\u00a0\u00bbleft\u00a0\u00bb overlay_strength=\u00a0\u00bb0.3&Prime; shape_divider_position=\u00a0\u00bbbottom\u00a0\u00bb][vc_column column_padding=\u00a0\u00bbno-extra-padding\u00a0\u00bb column_padding_position=\u00a0\u00bball\u00a0\u00bb background_color_opacity=\u00a0\u00bb1&Prime; background_hover_color_opacity=\u00a0\u00bb1&Prime; column_shadow=\u00a0\u00bbnone\u00a0\u00bb column_border_radius=\u00a0\u00bbnone\u00a0\u00bb width=\u00a0\u00bb1\/1&Prime; tablet_text_alignment=\u00a0\u00bbdefault\u00a0\u00bb phone_text_alignment=\u00a0\u00bbdefault\u00a0\u00bb column_border_width=\u00a0\u00bbnone\u00a0\u00bb column_border_style=\u00a0\u00bbsolid\u00a0\u00bb][vc_custom_heading text=\u00a0\u00bbDe productrice \u00e0 entrepreneuse libre gr\u00e2ce aux casiers de produits locaux \ud83d\udc69\u200d\ud83c\udf3e\u00a0\u00bb use_theme_fonts=\u00a0\u00bbyes\u00a0\u00bb][vc_column_text]Au-del\u00e0 de la flexibilit\u00e9 et de la libert\u00e9 qu\u2019ils offrent, les casiers ont profond\u00e9ment chang\u00e9 la mani\u00e8re de travailler. Les casiers de produits locaux ont donn\u00e9 \u00e0 Amandine la possibilit\u00e9 de ma\u00eetriser l\u2019ensemble de sa cha\u00eene, du champ \u00e0 la vente, et de d\u00e9velopper son activit\u00e9 de fa\u00e7on autonome : \u00ab <em>J\u2019ai pu me d\u00e9velopper. Les casiers m\u2019ont fait passer de productrice \u00e0 entrepreneuse. Aujourd\u2019hui, je ma\u00eetrise tout. <\/em>\u00bb<\/p>\n<p>Cette \u00e9volution correspond parfaitement \u00e0 son d\u00e9sir de rester ind\u00e9pendante tout en innovant, <strong>transformant son m\u00e9tier traditionnel en une v\u00e9ritable aventure entrepreneuriale. <\/strong>[\/vc_column_text][\/vc_column][\/vc_row][vc_row type=\u00a0\u00bbin_container\u00a0\u00bb full_screen_row_position=\u00a0\u00bbmiddle\u00a0\u00bb scene_position=\u00a0\u00bbcenter\u00a0\u00bb text_color=\u00a0\u00bbdark\u00a0\u00bb text_align=\u00a0\u00bbleft\u00a0\u00bb overlay_strength=\u00a0\u00bb0.3&Prime; shape_divider_position=\u00a0\u00bbbottom\u00a0\u00bb][vc_column column_padding=\u00a0\u00bbno-extra-padding\u00a0\u00bb column_padding_position=\u00a0\u00bball\u00a0\u00bb background_color_opacity=\u00a0\u00bb1&Prime; background_hover_color_opacity=\u00a0\u00bb1&Prime; column_shadow=\u00a0\u00bbnone\u00a0\u00bb column_border_radius=\u00a0\u00bbnone\u00a0\u00bb width=\u00a0\u00bb1\/1&Prime; tablet_text_alignment=\u00a0\u00bbdefault\u00a0\u00bb phone_text_alignment=\u00a0\u00bbdefault\u00a0\u00bb column_border_width=\u00a0\u00bbnone\u00a0\u00bb column_border_style=\u00a0\u00bbsolid\u00a0\u00bb][vc_custom_heading text=\u00a0\u00bbUn casier de produits locaux bien plac\u00e9, un succ\u00e8s bien lanc\u00e9 \u2705\u00a0\u00bb use_theme_fonts=\u00a0\u00bbyes\u00a0\u00bb][vc_column_text]Cette autonomie dans la gestion se manifeste aussi dans chaque d\u00e9tail op\u00e9rationnel, \u00e0 commencer par le choix strat\u00e9gique de l\u2019emplacement des casiers, un facteur cl\u00e9 de leur succ\u00e8s.<\/p>\n<p><strong>L\u2019emplacement des casiers de produits locaux \u00a0n\u2019a rien d\u2019un hasard<\/strong> : ils sont install\u00e9s le long d\u2019une d\u00e9partementale, avec un parking priv\u00e9 juste devant le laboratoire et l\u2019abattoir d\u2019Amandine. Un emplacement id\u00e9al, qui garantit une tra\u00e7abilit\u00e9 compl\u00e8te des produits\u00a0: un point particuli\u00e8rement appr\u00e9ci\u00e9 par les services sanitaires.<\/p>\n<p>Ce positionnement est d\u2019autant plus strat\u00e9gique qu\u2019Amandine est la seule \u00e0 proposer ce type de point de vente dans la r\u00e9gion du Loiret, de quoi attirer les plus curieux\u00a0: \u00ab\u00a0<em>Au d\u00e9but des casiers, \u00a0on avait juste mis un panneau \u00e0 l\u2019entr\u00e9e, et j\u2019avais mis une publicit\u00e9 sur les petits journaux locaux, puis avec le bouche \u00e0 oreille, c\u2019est la curiosit\u00e9 qui a jou\u00e9 <\/em>\u00bb.<\/p>\n<p>On peut dire que Amandine a <strong>su faire les bons choix<\/strong> jusqu\u2019au bout\u2026 y compris celui du fournisseur\u00a0![\/vc_column_text][\/vc_column][\/vc_row][vc_row type=\u00a0\u00bbin_container\u00a0\u00bb full_screen_row_position=\u00a0\u00bbmiddle\u00a0\u00bb scene_position=\u00a0\u00bbcenter\u00a0\u00bb text_color=\u00a0\u00bbdark\u00a0\u00bb text_align=\u00a0\u00bbleft\u00a0\u00bb overlay_strength=\u00a0\u00bb0.3&Prime; shape_divider_position=\u00a0\u00bbbottom\u00a0\u00bb][vc_column column_padding=\u00a0\u00bbno-extra-padding\u00a0\u00bb column_padding_position=\u00a0\u00bball\u00a0\u00bb background_color_opacity=\u00a0\u00bb1&Prime; background_hover_color_opacity=\u00a0\u00bb1&Prime; column_shadow=\u00a0\u00bbnone\u00a0\u00bb column_border_radius=\u00a0\u00bbnone\u00a0\u00bb width=\u00a0\u00bb1\/1&Prime; tablet_text_alignment=\u00a0\u00bbdefault\u00a0\u00bb phone_text_alignment=\u00a0\u00bbdefault\u00a0\u00bb column_border_width=\u00a0\u00bbnone\u00a0\u00bb column_border_style=\u00a0\u00bbsolid\u00a0\u00bb][vc_custom_heading text=\u00a0\u00bbLe Casier Fran\u00e7ais, partenaire de confiance pour Amandine et ses casiers de produits locaux \ud83d\udd35\u26aa\ud83d\udd34\u00a0\u00bb use_theme_fonts=\u00a0\u00bbyes\u00a0\u00bb][vc_column_text]Ce qui a tout de suite convaincu Amandine, c\u2019est la <strong>fiabilit\u00e9 des casiers propos\u00e9s,<\/strong> mais aussi celle de<a href=\"https:\/\/lecasierfrancais.fr\/index.php\/sav\/\" target=\"_blank\" rel=\"noopener\"> l\u2019\u00e9quipe du Casier Fran\u00e7ais<\/a> : \u00ab <em>Une vraie relation de confiance s\u2019est install\u00e9e. Les techniciens m\u2019ont beaucoup aid\u00e9 au d\u00e9but<\/em> \u00bb, raconte-t-elle.<\/p>\n<p>Tr\u00e8s satisfaite du suivi technique assur\u00e9 par nos \u00e9quipes, Amandine souligne leur <strong>disponibilit\u00e9 et leur r\u00e9activit\u00e9 \u00e0 chaque \u00e9tape<\/strong>. Toujours pr\u00e9sents en cas de besoin, nos techniciens veillent au bon fonctionnement de ses casiers de produits locaux, lui permettant de se concentrer pleinement sur son activit\u00e9.<\/p>\n<p>Autre atout majeur : <strong><a href=\"https:\/\/lecasierfrancais.fr\/index.php\/2024\/04\/16\/le-casier-francais-des-innovations-qui-font-grandir-le-service\/\" target=\"_blank\" rel=\"noopener\">l\u2019esprit d\u2019innovation<\/a> du Casier Fran\u00e7ais<\/strong>\u00a0: \u00ab<em> J\u2019appr\u00e9cie beaucoup que les casiers \u00e9voluent et s\u2019am\u00e9liorent avec le temps<\/em> \u00bb, conclut-elle. Une dynamique d\u2019innovation qui l\u2019inspire dans ses propres projets \u00e0 la ferme.[\/vc_column_text][\/vc_column][\/vc_row][vc_row type=\u00a0\u00bbin_container\u00a0\u00bb full_screen_row_position=\u00a0\u00bbmiddle\u00a0\u00bb scene_position=\u00a0\u00bbcenter\u00a0\u00bb text_color=\u00a0\u00bbdark\u00a0\u00bb text_align=\u00a0\u00bbleft\u00a0\u00bb overlay_strength=\u00a0\u00bb0.3&Prime; shape_divider_position=\u00a0\u00bbbottom\u00a0\u00bb][vc_column column_padding=\u00a0\u00bbno-extra-padding\u00a0\u00bb column_padding_position=\u00a0\u00bball\u00a0\u00bb background_color_opacity=\u00a0\u00bb1&Prime; background_hover_color_opacity=\u00a0\u00bb1&Prime; column_shadow=\u00a0\u00bbnone\u00a0\u00bb column_border_radius=\u00a0\u00bbnone\u00a0\u00bb width=\u00a0\u00bb1\/1&Prime; tablet_text_alignment=\u00a0\u00bbdefault\u00a0\u00bb phone_text_alignment=\u00a0\u00bbdefault\u00a0\u00bb column_border_width=\u00a0\u00bbnone\u00a0\u00bb column_border_style=\u00a0\u00bbsolid\u00a0\u00bb]<div class=\"img-with-aniamtion-wrap center\" data-max-width=\"100%\" data-border-radius=\"none\"><div class=\"inner\"><a href=\"https:\/\/lecasierfrancais.fr\/wp-content\/uploads\/2025\/09\/Capture-decran-2025-09-23-093822.jpg\" class=\"pp center\"><img decoding=\"async\" data-shadow=\"none\" data-shadow-direction=\"middle\" class=\"img-with-animation \" data-delay=\"0\" height=\"398\" width=\"728\" data-animation=\"fade-in\" src=\"https:\/\/lecasierfrancais.fr\/wp-content\/uploads\/2025\/09\/Capture-decran-2025-09-23-093822.jpg\" srcset=\"https:\/\/lecasierfrancais.fr\/wp-content\/uploads\/2025\/09\/Capture-decran-2025-09-23-093822.jpg 728w, https:\/\/lecasierfrancais.fr\/wp-content\/uploads\/2025\/09\/Capture-decran-2025-09-23-093822-300x164.jpg 300w, https:\/\/lecasierfrancais.fr\/wp-content\/uploads\/2025\/09\/Capture-decran-2025-09-23-093822-200x109.jpg 200w\" sizes=\"100vw\" alt=\"Casiers de produits locaux devant un b\u00e2timent agricole vert\" \/><\/a><\/div><\/div>[\/vc_column][\/vc_row][vc_row type=\u00a0\u00bbin_container\u00a0\u00bb full_screen_row_position=\u00a0\u00bbmiddle\u00a0\u00bb scene_position=\u00a0\u00bbcenter\u00a0\u00bb text_color=\u00a0\u00bbdark\u00a0\u00bb text_align=\u00a0\u00bbleft\u00a0\u00bb overlay_strength=\u00a0\u00bb0.3&Prime; shape_divider_position=\u00a0\u00bbbottom\u00a0\u00bb][vc_column column_padding=\u00a0\u00bbno-extra-padding\u00a0\u00bb column_padding_position=\u00a0\u00bball\u00a0\u00bb background_color_opacity=\u00a0\u00bb1&Prime; background_hover_color_opacity=\u00a0\u00bb1&Prime; column_shadow=\u00a0\u00bbnone\u00a0\u00bb column_border_radius=\u00a0\u00bbnone\u00a0\u00bb width=\u00a0\u00bb1\/1&Prime; tablet_text_alignment=\u00a0\u00bbdefault\u00a0\u00bb phone_text_alignment=\u00a0\u00bbdefault\u00a0\u00bb column_border_width=\u00a0\u00bbnone\u00a0\u00bb column_border_style=\u00a0\u00bbsolid\u00a0\u00bb][vc_custom_heading text=\u00a0\u00bbDes r\u00e9sultats prometteurs pour les casiers de produits locaux \ud83d\udc4f\u00a0\u00bb use_theme_fonts=\u00a0\u00bbyes\u00a0\u00bb][vc_column_text]Et les r\u00e9sultats lui donnent raison : <strong>les ventes ont d\u00e9coll\u00e9<\/strong> d\u00e8s la premi\u00e8re ann\u00e9e, puis ont presque doubl\u00e9 l&rsquo;ann\u00e9e suivante.<\/p>\n<div>\n<div>\n<div>Forte de ce succ\u00e8s, Amandine envisage aujourd\u2019hui d\u2019\u00e9largir sa surface de vente. Elle souhaite investir dans une nouvelle innovation : <a href=\"https:\/\/lecasierfrancais.fr\/index.php\/innovations-double-vente\/\" target=\"_blank\" rel=\"noopener\"><strong>des casiers double-vente,<\/strong> <\/a>pour proposer plus de produits dans un m\u00eame casier afin d\u2019optimiser sa surface de vente. Elle souhaite y vendre\u00a0 des produits frais et permettre \u00e0 d\u2019autres producteurs locaux d\u2019y vendre leurs sp\u00e9cialit\u00e9s pour compl\u00e9ter son offre et faire venir toujours plus de monde.<\/div>\n<\/div>\n<\/div>\n[\/vc_column_text][\/vc_column][\/vc_row][vc_row type=\u00a0\u00bbin_container\u00a0\u00bb full_screen_row_position=\u00a0\u00bbmiddle\u00a0\u00bb scene_position=\u00a0\u00bbcenter\u00a0\u00bb text_color=\u00a0\u00bbdark\u00a0\u00bb text_align=\u00a0\u00bbleft\u00a0\u00bb overlay_strength=\u00a0\u00bb0.3&Prime; shape_divider_position=\u00a0\u00bbbottom\u00a0\u00bb][vc_column column_padding=\u00a0\u00bbno-extra-padding\u00a0\u00bb column_padding_position=\u00a0\u00bball\u00a0\u00bb background_color_opacity=\u00a0\u00bb1&Prime; background_hover_color_opacity=\u00a0\u00bb1&Prime; column_shadow=\u00a0\u00bbnone\u00a0\u00bb column_border_radius=\u00a0\u00bbnone\u00a0\u00bb width=\u00a0\u00bb1\/1&Prime; tablet_text_alignment=\u00a0\u00bbdefault\u00a0\u00bb phone_text_alignment=\u00a0\u00bbdefault\u00a0\u00bb column_border_width=\u00a0\u00bbnone\u00a0\u00bb column_border_style=\u00a0\u00bbsolid\u00a0\u00bb][vc_custom_heading text=\u00a0\u00bbUn avenir assur\u00e9 pour la R\u00e9aumerie avec les casiers de produits locaux \ud83d\ude09\u00a0\u00bb use_theme_fonts=\u00a0\u00bbyes\u00a0\u00bb][vc_column_text]Apr\u00e8s avoir surmont\u00e9 une crise, Amandine a su transformer l\u2019\u00e9preuve en opportunit\u00e9. Aujourd\u2019hui, elle regarde l\u2019avenir avec confiance, port\u00e9e par <strong>un mod\u00e8le de vente <\/strong>bas\u00e9 sur les casiers de produits locaux,<strong> qui lui assure autonomie et innovation. <\/strong><\/p>\n<p>Nous souhaitons le meilleur \u00e0 Amandine, et nous sommes impatients de continuer \u00e0 l\u2019accompagner pour ses futurs projets.[\/vc_column_text][\/vc_column][\/vc_row][vc_row type=\u00a0\u00bbin_container\u00a0\u00bb full_screen_row_position=\u00a0\u00bbmiddle\u00a0\u00bb scene_position=\u00a0\u00bbcenter\u00a0\u00bb text_color=\u00a0\u00bbdark\u00a0\u00bb text_align=\u00a0\u00bbleft\u00a0\u00bb overlay_strength=\u00a0\u00bb0.3&Prime; shape_divider_position=\u00a0\u00bbbottom\u00a0\u00bb][vc_column column_padding=\u00a0\u00bbno-extra-padding\u00a0\u00bb column_padding_position=\u00a0\u00bball\u00a0\u00bb background_color_opacity=\u00a0\u00bb1&Prime; background_hover_color_opacity=\u00a0\u00bb1&Prime; column_shadow=\u00a0\u00bbnone\u00a0\u00bb column_border_radius=\u00a0\u00bbnone\u00a0\u00bb width=\u00a0\u00bb1\/1&Prime; tablet_text_alignment=\u00a0\u00bbdefault\u00a0\u00bb phone_text_alignment=\u00a0\u00bbdefault\u00a0\u00bb column_border_width=\u00a0\u00bbnone\u00a0\u00bb column_border_style=\u00a0\u00bbsolid\u00a0\u00bb][vc_zigzag color=\u00a0\u00bbvista_blue\u00a0\u00bb][\/vc_column][\/vc_row][vc_row type=\u00a0\u00bbin_container\u00a0\u00bb full_screen_row_position=\u00a0\u00bbmiddle\u00a0\u00bb scene_position=\u00a0\u00bbcenter\u00a0\u00bb text_color=\u00a0\u00bbdark\u00a0\u00bb text_align=\u00a0\u00bbleft\u00a0\u00bb overlay_strength=\u00a0\u00bb0.3&Prime; shape_divider_position=\u00a0\u00bbbottom\u00a0\u00bb][vc_column column_padding=\u00a0\u00bbno-extra-padding\u00a0\u00bb column_padding_position=\u00a0\u00bball\u00a0\u00bb background_color_opacity=\u00a0\u00bb1&Prime; background_hover_color_opacity=\u00a0\u00bb1&Prime; column_shadow=\u00a0\u00bbnone\u00a0\u00bb column_border_radius=\u00a0\u00bbnone\u00a0\u00bb width=\u00a0\u00bb1\/1&Prime; tablet_text_alignment=\u00a0\u00bbdefault\u00a0\u00bb phone_text_alignment=\u00a0\u00bbdefault\u00a0\u00bb column_border_width=\u00a0\u00bbnone\u00a0\u00bb column_border_style=\u00a0\u00bbsolid\u00a0\u00bb][vc_column_text]\ud83d\udccd<a href=\"https:\/\/www.facebook.com\/labourgeoise.fr\/mentions\/?_rdr\" target=\"_blank\" rel=\"noopener\">L<em>a Bourgeoise<\/em><\/a> \u00e0 la ferme <a href=\"https:\/\/la-bourgeoise.fr\/\" target=\"_blank\" rel=\"noopener\"><em>La R\u00e9aumerie<\/em><\/a> &#8211; 45260 Noyers[\/vc_column_text][\/vc_column][\/vc_row]\n","protected":false},"excerpt":{"rendered":"<p>[vc_row type=\u00a0\u00bbin_container\u00a0\u00bb full_screen_row_position=\u00a0\u00bbmiddle\u00a0\u00bb scene_position=\u00a0\u00bbcenter\u00a0\u00bb text_color=\u00a0\u00bbdark\u00a0\u00bb text_align=\u00a0\u00bbleft\u00a0\u00bb overlay_strength=\u00a0\u00bb0.3&Prime; shape_divider_position=\u00a0\u00bbbottom\u00a0\u00bb][vc_column column_padding=\u00a0\u00bbno-extra-padding\u00a0\u00bb column_padding_position=\u00a0\u00bball\u00a0\u00bb background_color_opacity=\u00a0\u00bb1&Prime; background_hover_color_opacity=\u00a0\u00bb1&Prime; column_shadow=\u00a0\u00bbnone\u00a0\u00bb column_border_radius=\u00a0\u00bbnone\u00a0\u00bb width=\u00a0\u00bb1\/1&Prime;&#8230;<\/p>\n","protected":false},"author":8,"featured_media":16947,"comment_status":"open","ping_status":"open","sticky":false,"template":"","format":"standard","meta":{"footnotes":""},"categories":[564],"tags":[443,594,619,569,421,434,615,765,766,477],"class_list":{"0":"post-16837","1":"post","2":"type-post","3":"status-publish","4":"format-standard","5":"has-post-thumbnail","7":"category-portraits-de-producteurs","8":"tag-agriculture","9":"tag-casier-connecte","10":"tag-casier-produits-frais","11":"tag-casiers-automatiques","12":"tag-le-casier-francais","13":"tag-madeinfrance","14":"tag-portrait-producteur","15":"tag-producteur-local","16":"tag-service-libre","17":"tag-vente-directe"},"yoast_head":"<!-- This site is optimized with the Yoast SEO Premium plugin v26.6 (Yoast SEO v26.6) - https:\/\/yoast.com\/wordpress\/plugins\/seo\/ -->\n<title>[La R\u00e9aumerie (45)] D\u00e9couvrez comment les casiers de produits locaux ont sauv\u00e9 l\u2019exploitation d\u2019Amandine \ud83d\udc14 - Le Casier Fran\u00e7ais<\/title>\n<meta name=\"description\" content=\"Suivez le parcours d&#039;Amandine, qui relance sa ferme avec des casiers connect\u00e9s, surmontant la crise aviaire pour un succ\u00e8s entrepreneurial.\" \/>\n<meta name=\"robots\" content=\"index, follow, max-snippet:-1, max-image-preview:large, max-video-preview:-1\" \/>\n<link rel=\"canonical\" href=\"https:\/\/lecasierfrancais.fr\/index.php\/2025\/09\/29\/la-reaumerie-45-decouvrez-comment-les-casiers-de-produits-locaux-ont-sauve-lexploitation-damandine\/\" \/>\n<meta property=\"og:locale\" content=\"fr_FR\" \/>\n<meta property=\"og:type\" content=\"article\" \/>\n<meta property=\"og:title\" content=\"[La R\u00e9aumerie (45)] D\u00e9couvrez comment les casiers de produits locaux ont sauv\u00e9 l\u2019exploitation d\u2019Amandine \ud83d\udc14\" \/>\n<meta property=\"og:description\" content=\"Suivez le parcours d&#039;Amandine, qui relance sa ferme avec des casiers connect\u00e9s, surmontant la crise aviaire pour un succ\u00e8s entrepreneurial.\" \/>\n<meta property=\"og:url\" content=\"https:\/\/lecasierfrancais.fr\/index.php\/2025\/09\/29\/la-reaumerie-45-decouvrez-comment-les-casiers-de-produits-locaux-ont-sauve-lexploitation-damandine\/\" \/>\n<meta property=\"og:site_name\" content=\"Le Casier Fran\u00e7ais\" \/>\n<meta property=\"article:publisher\" content=\"https:\/\/www.facebook.com\/lecasierfrancais\/\" \/>\n<meta property=\"article:published_time\" content=\"2025-09-29T06:30:13+00:00\" \/>\n<meta property=\"article:modified_time\" content=\"2025-10-03T10:01:40+00:00\" \/>\n<meta property=\"og:image\" content=\"https:\/\/lecasierfrancais.fr\/wp-content\/uploads\/2025\/09\/Capture-decran-2025-09-23-093554.jpg\" \/>\n\t<meta property=\"og:image:width\" content=\"439\" \/>\n\t<meta property=\"og:image:height\" content=\"429\" \/>\n\t<meta property=\"og:image:type\" content=\"image\/jpeg\" \/>\n<meta name=\"author\" content=\"Le Casier Francais\" \/>\n<meta name=\"twitter:card\" content=\"summary_large_image\" \/>\n<meta name=\"twitter:label1\" content=\"\u00c9crit par\" \/>\n\t<meta name=\"twitter:data1\" content=\"Le Casier Francais\" \/>\n\t<meta name=\"twitter:label2\" content=\"Dur\u00e9e de lecture estim\u00e9e\" \/>\n\t<meta name=\"twitter:data2\" content=\"7 minutes\" \/>\n<script type=\"application\/ld+json\" class=\"yoast-schema-graph\">{\"@context\":\"https:\/\/schema.org\",\"@graph\":[{\"@type\":\"WebPage\",\"@id\":\"https:\/\/lecasierfrancais.fr\/index.php\/2025\/09\/29\/la-reaumerie-45-decouvrez-comment-les-casiers-de-produits-locaux-ont-sauve-lexploitation-damandine\/\",\"url\":\"https:\/\/lecasierfrancais.fr\/index.php\/2025\/09\/29\/la-reaumerie-45-decouvrez-comment-les-casiers-de-produits-locaux-ont-sauve-lexploitation-damandine\/\",\"name\":\"[La R\u00e9aumerie (45)] D\u00e9couvrez comment les casiers de produits locaux ont sauv\u00e9 l\u2019exploitation d\u2019Amandine \ud83d\udc14 - Le Casier Fran\u00e7ais\",\"isPartOf\":{\"@id\":\"https:\/\/lecasierfrancais.fr\/#website\"},\"primaryImageOfPage\":{\"@id\":\"https:\/\/lecasierfrancais.fr\/index.php\/2025\/09\/29\/la-reaumerie-45-decouvrez-comment-les-casiers-de-produits-locaux-ont-sauve-lexploitation-damandine\/#primaryimage\"},\"image\":{\"@id\":\"https:\/\/lecasierfrancais.fr\/index.php\/2025\/09\/29\/la-reaumerie-45-decouvrez-comment-les-casiers-de-produits-locaux-ont-sauve-lexploitation-damandine\/#primaryimage\"},\"thumbnailUrl\":\"https:\/\/lecasierfrancais.fr\/wp-content\/uploads\/2025\/09\/Capture-decran-2025-09-23-093554.jpg\",\"datePublished\":\"2025-09-29T06:30:13+00:00\",\"dateModified\":\"2025-10-03T10:01:40+00:00\",\"author\":{\"@id\":\"https:\/\/lecasierfrancais.fr\/#\/schema\/person\/7ca32438b040d2a673afe220fe3c2fbd\"},\"description\":\"Suivez le parcours d'Amandine, qui relance sa ferme avec des casiers connect\u00e9s, surmontant la crise aviaire pour un succ\u00e8s entrepreneurial.\",\"breadcrumb\":{\"@id\":\"https:\/\/lecasierfrancais.fr\/index.php\/2025\/09\/29\/la-reaumerie-45-decouvrez-comment-les-casiers-de-produits-locaux-ont-sauve-lexploitation-damandine\/#breadcrumb\"},\"inLanguage\":\"fr-FR\",\"potentialAction\":[{\"@type\":\"ReadAction\",\"target\":[\"https:\/\/lecasierfrancais.fr\/index.php\/2025\/09\/29\/la-reaumerie-45-decouvrez-comment-les-casiers-de-produits-locaux-ont-sauve-lexploitation-damandine\/\"]}]},{\"@type\":\"ImageObject\",\"inLanguage\":\"fr-FR\",\"@id\":\"https:\/\/lecasierfrancais.fr\/index.php\/2025\/09\/29\/la-reaumerie-45-decouvrez-comment-les-casiers-de-produits-locaux-ont-sauve-lexploitation-damandine\/#primaryimage\",\"url\":\"https:\/\/lecasierfrancais.fr\/wp-content\/uploads\/2025\/09\/Capture-decran-2025-09-23-093554.jpg\",\"contentUrl\":\"https:\/\/lecasierfrancais.fr\/wp-content\/uploads\/2025\/09\/Capture-decran-2025-09-23-093554.jpg\",\"width\":439,\"height\":429,\"caption\":\"Distributeur automatique de produits locaux\"},{\"@type\":\"BreadcrumbList\",\"@id\":\"https:\/\/lecasierfrancais.fr\/index.php\/2025\/09\/29\/la-reaumerie-45-decouvrez-comment-les-casiers-de-produits-locaux-ont-sauve-lexploitation-damandine\/#breadcrumb\",\"itemListElement\":[{\"@type\":\"ListItem\",\"position\":1,\"name\":\"Accueil\",\"item\":\"https:\/\/lecasierfrancais.fr\/\"},{\"@type\":\"ListItem\",\"position\":2,\"name\":\"[La R\u00e9aumerie (45)] D\u00e9couvrez comment les casiers de produits locaux ont sauv\u00e9 l\u2019exploitation d\u2019Amandine \ud83d\udc14\"}]},{\"@type\":\"WebSite\",\"@id\":\"https:\/\/lecasierfrancais.fr\/#website\",\"url\":\"https:\/\/lecasierfrancais.fr\/\",\"name\":\"Le Casier Fran\u00e7ais\",\"description\":\"Fabricant de casiers connect\u00e9s pour la vente directe de vos produits\",\"potentialAction\":[{\"@type\":\"SearchAction\",\"target\":{\"@type\":\"EntryPoint\",\"urlTemplate\":\"https:\/\/lecasierfrancais.fr\/?s={search_term_string}\"},\"query-input\":{\"@type\":\"PropertyValueSpecification\",\"valueRequired\":true,\"valueName\":\"search_term_string\"}}],\"inLanguage\":\"fr-FR\"},{\"@type\":\"Person\",\"@id\":\"https:\/\/lecasierfrancais.fr\/#\/schema\/person\/7ca32438b040d2a673afe220fe3c2fbd\",\"name\":\"Le Casier Francais\",\"image\":{\"@type\":\"ImageObject\",\"inLanguage\":\"fr-FR\",\"@id\":\"https:\/\/lecasierfrancais.fr\/#\/schema\/person\/image\/\",\"url\":\"https:\/\/secure.gravatar.com\/avatar\/f29776dfd97a4c78aee2ab31cb63a0f4097b8cc071a068daac2d914eb26fbbd4?s=96&d=mm&r=g\",\"contentUrl\":\"https:\/\/secure.gravatar.com\/avatar\/f29776dfd97a4c78aee2ab31cb63a0f4097b8cc071a068daac2d914eb26fbbd4?s=96&d=mm&r=g\",\"caption\":\"Le Casier Francais\"},\"url\":\"https:\/\/lecasierfrancais.fr\/index.php\/author\/le-casier-francais\/\"}]}<\/script>\n<!-- \/ Yoast SEO Premium plugin. -->","yoast_head_json":{"title":"[La R\u00e9aumerie (45)] D\u00e9couvrez comment les casiers de produits locaux ont sauv\u00e9 l\u2019exploitation d\u2019Amandine \ud83d\udc14 - Le Casier Fran\u00e7ais","description":"Suivez le parcours d'Amandine, qui relance sa ferme avec des casiers connect\u00e9s, surmontant la crise aviaire pour un succ\u00e8s entrepreneurial.","robots":{"index":"index","follow":"follow","max-snippet":"max-snippet:-1","max-image-preview":"max-image-preview:large","max-video-preview":"max-video-preview:-1"},"canonical":"https:\/\/lecasierfrancais.fr\/index.php\/2025\/09\/29\/la-reaumerie-45-decouvrez-comment-les-casiers-de-produits-locaux-ont-sauve-lexploitation-damandine\/","og_locale":"fr_FR","og_type":"article","og_title":"[La R\u00e9aumerie (45)] D\u00e9couvrez comment les casiers de produits locaux ont sauv\u00e9 l\u2019exploitation d\u2019Amandine \ud83d\udc14","og_description":"Suivez le parcours d'Amandine, qui relance sa ferme avec des casiers connect\u00e9s, surmontant la crise aviaire pour un succ\u00e8s entrepreneurial.","og_url":"https:\/\/lecasierfrancais.fr\/index.php\/2025\/09\/29\/la-reaumerie-45-decouvrez-comment-les-casiers-de-produits-locaux-ont-sauve-lexploitation-damandine\/","og_site_name":"Le Casier Fran\u00e7ais","article_publisher":"https:\/\/www.facebook.com\/lecasierfrancais\/","article_published_time":"2025-09-29T06:30:13+00:00","article_modified_time":"2025-10-03T10:01:40+00:00","og_image":[{"width":439,"height":429,"url":"https:\/\/lecasierfrancais.fr\/wp-content\/uploads\/2025\/09\/Capture-decran-2025-09-23-093554.jpg","type":"image\/jpeg"}],"author":"Le Casier Francais","twitter_card":"summary_large_image","twitter_misc":{"\u00c9crit par":"Le Casier Francais","Dur\u00e9e de lecture estim\u00e9e":"7 minutes"},"schema":{"@context":"https:\/\/schema.org","@graph":[{"@type":"WebPage","@id":"https:\/\/lecasierfrancais.fr\/index.php\/2025\/09\/29\/la-reaumerie-45-decouvrez-comment-les-casiers-de-produits-locaux-ont-sauve-lexploitation-damandine\/","url":"https:\/\/lecasierfrancais.fr\/index.php\/2025\/09\/29\/la-reaumerie-45-decouvrez-comment-les-casiers-de-produits-locaux-ont-sauve-lexploitation-damandine\/","name":"[La R\u00e9aumerie (45)] D\u00e9couvrez comment les casiers de produits locaux ont sauv\u00e9 l\u2019exploitation d\u2019Amandine \ud83d\udc14 - Le Casier Fran\u00e7ais","isPartOf":{"@id":"https:\/\/lecasierfrancais.fr\/#website"},"primaryImageOfPage":{"@id":"https:\/\/lecasierfrancais.fr\/index.php\/2025\/09\/29\/la-reaumerie-45-decouvrez-comment-les-casiers-de-produits-locaux-ont-sauve-lexploitation-damandine\/#primaryimage"},"image":{"@id":"https:\/\/lecasierfrancais.fr\/index.php\/2025\/09\/29\/la-reaumerie-45-decouvrez-comment-les-casiers-de-produits-locaux-ont-sauve-lexploitation-damandine\/#primaryimage"},"thumbnailUrl":"https:\/\/lecasierfrancais.fr\/wp-content\/uploads\/2025\/09\/Capture-decran-2025-09-23-093554.jpg","datePublished":"2025-09-29T06:30:13+00:00","dateModified":"2025-10-03T10:01:40+00:00","author":{"@id":"https:\/\/lecasierfrancais.fr\/#\/schema\/person\/7ca32438b040d2a673afe220fe3c2fbd"},"description":"Suivez le parcours d'Amandine, qui relance sa ferme avec des casiers connect\u00e9s, surmontant la crise aviaire pour un succ\u00e8s entrepreneurial.","breadcrumb":{"@id":"https:\/\/lecasierfrancais.fr\/index.php\/2025\/09\/29\/la-reaumerie-45-decouvrez-comment-les-casiers-de-produits-locaux-ont-sauve-lexploitation-damandine\/#breadcrumb"},"inLanguage":"fr-FR","potentialAction":[{"@type":"ReadAction","target":["https:\/\/lecasierfrancais.fr\/index.php\/2025\/09\/29\/la-reaumerie-45-decouvrez-comment-les-casiers-de-produits-locaux-ont-sauve-lexploitation-damandine\/"]}]},{"@type":"ImageObject","inLanguage":"fr-FR","@id":"https:\/\/lecasierfrancais.fr\/index.php\/2025\/09\/29\/la-reaumerie-45-decouvrez-comment-les-casiers-de-produits-locaux-ont-sauve-lexploitation-damandine\/#primaryimage","url":"https:\/\/lecasierfrancais.fr\/wp-content\/uploads\/2025\/09\/Capture-decran-2025-09-23-093554.jpg","contentUrl":"https:\/\/lecasierfrancais.fr\/wp-content\/uploads\/2025\/09\/Capture-decran-2025-09-23-093554.jpg","width":439,"height":429,"caption":"Distributeur automatique de produits locaux"},{"@type":"BreadcrumbList","@id":"https:\/\/lecasierfrancais.fr\/index.php\/2025\/09\/29\/la-reaumerie-45-decouvrez-comment-les-casiers-de-produits-locaux-ont-sauve-lexploitation-damandine\/#breadcrumb","itemListElement":[{"@type":"ListItem","position":1,"name":"Accueil","item":"https:\/\/lecasierfrancais.fr\/"},{"@type":"ListItem","position":2,"name":"[La R\u00e9aumerie (45)] D\u00e9couvrez comment les casiers de produits locaux ont sauv\u00e9 l\u2019exploitation d\u2019Amandine \ud83d\udc14"}]},{"@type":"WebSite","@id":"https:\/\/lecasierfrancais.fr\/#website","url":"https:\/\/lecasierfrancais.fr\/","name":"Le Casier Fran\u00e7ais","description":"Fabricant de casiers connect\u00e9s pour la vente directe de vos produits","potentialAction":[{"@type":"SearchAction","target":{"@type":"EntryPoint","urlTemplate":"https:\/\/lecasierfrancais.fr\/?s={search_term_string}"},"query-input":{"@type":"PropertyValueSpecification","valueRequired":true,"valueName":"search_term_string"}}],"inLanguage":"fr-FR"},{"@type":"Person","@id":"https:\/\/lecasierfrancais.fr\/#\/schema\/person\/7ca32438b040d2a673afe220fe3c2fbd","name":"Le Casier Francais","image":{"@type":"ImageObject","inLanguage":"fr-FR","@id":"https:\/\/lecasierfrancais.fr\/#\/schema\/person\/image\/","url":"https:\/\/secure.gravatar.com\/avatar\/f29776dfd97a4c78aee2ab31cb63a0f4097b8cc071a068daac2d914eb26fbbd4?s=96&d=mm&r=g","contentUrl":"https:\/\/secure.gravatar.com\/avatar\/f29776dfd97a4c78aee2ab31cb63a0f4097b8cc071a068daac2d914eb26fbbd4?s=96&d=mm&r=g","caption":"Le Casier Francais"},"url":"https:\/\/lecasierfrancais.fr\/index.php\/author\/le-casier-francais\/"}]}},"_links":{"self":[{"href":"https:\/\/lecasierfrancais.fr\/index.php\/wp-json\/wp\/v2\/posts\/16837","targetHints":{"allow":["GET"]}}],"collection":[{"href":"https:\/\/lecasierfrancais.fr\/index.php\/wp-json\/wp\/v2\/posts"}],"about":[{"href":"https:\/\/lecasierfrancais.fr\/index.php\/wp-json\/wp\/v2\/types\/post"}],"author":[{"embeddable":true,"href":"https:\/\/lecasierfrancais.fr\/index.php\/wp-json\/wp\/v2\/users\/8"}],"replies":[{"embeddable":true,"href":"https:\/\/lecasierfrancais.fr\/index.php\/wp-json\/wp\/v2\/comments?post=16837"}],"version-history":[{"count":12,"href":"https:\/\/lecasierfrancais.fr\/index.php\/wp-json\/wp\/v2\/posts\/16837\/revisions"}],"predecessor-version":[{"id":17140,"href":"https:\/\/lecasierfrancais.fr\/index.php\/wp-json\/wp\/v2\/posts\/16837\/revisions\/17140"}],"wp:featuredmedia":[{"embeddable":true,"href":"https:\/\/lecasierfrancais.fr\/index.php\/wp-json\/wp\/v2\/media\/16947"}],"wp:attachment":[{"href":"https:\/\/lecasierfrancais.fr\/index.php\/wp-json\/wp\/v2\/media?parent=16837"}],"wp:term":[{"taxonomy":"category","embeddable":true,"href":"https:\/\/lecasierfrancais.fr\/index.php\/wp-json\/wp\/v2\/categories?post=16837"},{"taxonomy":"post_tag","embeddable":true,"href":"https:\/\/lecasierfrancais.fr\/index.php\/wp-json\/wp\/v2\/tags?post=16837"}],"curies":[{"name":"wp","href":"https:\/\/api.w.org\/{rel}","templated":true}]}}