{"id":17616,"date":"2025-11-25T10:49:14","date_gmt":"2025-11-25T09:49:14","guid":{"rendered":"https:\/\/lecasierfrancais.fr\/?p=17616"},"modified":"2025-12-11T15:02:51","modified_gmt":"2025-12-11T14:02:51","slug":"le-ptit-marche-des-melayons-des-casiers-automatiques-pour-recreer-le-commerce-de-proximite-a-chemille-en-anjou","status":"publish","type":"post","link":"https:\/\/lecasierfrancais.fr\/index.php\/2025\/11\/25\/le-ptit-marche-des-melayons-des-casiers-automatiques-pour-recreer-le-commerce-de-proximite-a-chemille-en-anjou\/","title":{"rendered":"[Le P\u2019tit March\u00e9 des Melayons] Des casiers automatiques pour recr\u00e9er le commerce de proximit\u00e9 \u00e0 Chemill\u00e9-en-Anjou\ud83d\uded2"},"content":{"rendered":"[vc_row type=\u00a0\u00bbin_container\u00a0\u00bb full_screen_row_position=\u00a0\u00bbmiddle\u00a0\u00bb scene_position=\u00a0\u00bbcenter\u00a0\u00bb text_color=\u00a0\u00bbdark\u00a0\u00bb text_align=\u00a0\u00bbleft\u00a0\u00bb overlay_strength=\u00a0\u00bb0.3&Prime; shape_divider_position=\u00a0\u00bbbottom\u00a0\u00bb][vc_column column_padding=\u00a0\u00bbno-extra-padding\u00a0\u00bb column_padding_position=\u00a0\u00bball\u00a0\u00bb background_color_opacity=\u00a0\u00bb1&Prime; background_hover_color_opacity=\u00a0\u00bb1&Prime; column_shadow=\u00a0\u00bbnone\u00a0\u00bb column_border_radius=\u00a0\u00bbnone\u00a0\u00bb width=\u00a0\u00bb1\/1&Prime; tablet_text_alignment=\u00a0\u00bbdefault\u00a0\u00bb phone_text_alignment=\u00a0\u00bbdefault\u00a0\u00bb column_border_width=\u00a0\u00bbnone\u00a0\u00bb column_border_style=\u00a0\u00bbsolid\u00a0\u00bb][vc_column_text]<em>\u00c0 Chemill\u00e9-en-Anjou, petite commune du Maine-et-Loire, l\u2019absence de commerces prive les habitants d\u2019un acc\u00e8s facile aux produits du quotidien. Apr\u00e8s une carri\u00e8re dans le domaine bancaire, Florian Petit a choisi de relever le d\u00e9fi en misant sur un concept innovant et durable avec Le Casier Fran\u00e7ais : le casier automatique. Avec le P\u2019tit March\u00e9 des Melayons, il redonne aujourd\u2019hui acc\u00e8s \u00e0 des produits locaux tout en prouvant qu\u2019il est possible de recr\u00e9er un commerce de proximit\u00e9 moderne, simple et accessible \u00e0 tous.<\/em>[\/vc_column_text][\/vc_column][\/vc_row][vc_row type=\u00a0\u00bbin_container\u00a0\u00bb full_screen_row_position=\u00a0\u00bbmiddle\u00a0\u00bb scene_position=\u00a0\u00bbcenter\u00a0\u00bb text_color=\u00a0\u00bbdark\u00a0\u00bb text_align=\u00a0\u00bbleft\u00a0\u00bb overlay_strength=\u00a0\u00bb0.3&Prime; shape_divider_position=\u00a0\u00bbbottom\u00a0\u00bb][vc_column column_padding=\u00a0\u00bbno-extra-padding\u00a0\u00bb column_padding_position=\u00a0\u00bball\u00a0\u00bb background_color_opacity=\u00a0\u00bb1&Prime; background_hover_color_opacity=\u00a0\u00bb1&Prime; column_shadow=\u00a0\u00bbnone\u00a0\u00bb column_border_radius=\u00a0\u00bbnone\u00a0\u00bb width=\u00a0\u00bb1\/1&Prime; tablet_text_alignment=\u00a0\u00bbdefault\u00a0\u00bb phone_text_alignment=\u00a0\u00bbdefault\u00a0\u00bb column_border_width=\u00a0\u00bbnone\u00a0\u00bb column_border_style=\u00a0\u00bbsolid\u00a0\u00bb]<div class=\"img-with-aniamtion-wrap center\" data-max-width=\"100%\" data-border-radius=\"none\"><div class=\"inner\"><img decoding=\"async\" data-shadow=\"none\" data-shadow-direction=\"middle\" class=\"img-with-animation \" data-delay=\"0\" height=\"800\" width=\"800\" data-animation=\"fade-in\" src=\"https:\/\/lecasierfrancais.fr\/wp-content\/uploads\/2025\/11\/1000015635-e1764064602524.jpg\"  alt=\"Mr Petit, posant devant ses casiers connect\u00e9s\" \/><\/div><\/div>[\/vc_column][\/vc_row][vc_row type=\u00a0\u00bbin_container\u00a0\u00bb full_screen_row_position=\u00a0\u00bbmiddle\u00a0\u00bb scene_position=\u00a0\u00bbcenter\u00a0\u00bb text_color=\u00a0\u00bbdark\u00a0\u00bb text_align=\u00a0\u00bbleft\u00a0\u00bb overlay_strength=\u00a0\u00bb0.3&Prime; shape_divider_position=\u00a0\u00bbbottom\u00a0\u00bb][vc_column column_padding=\u00a0\u00bbno-extra-padding\u00a0\u00bb column_padding_position=\u00a0\u00bball\u00a0\u00bb background_color_opacity=\u00a0\u00bb1&Prime; background_hover_color_opacity=\u00a0\u00bb1&Prime; column_shadow=\u00a0\u00bbnone\u00a0\u00bb column_border_radius=\u00a0\u00bbnone\u00a0\u00bb width=\u00a0\u00bb1\/1&Prime; tablet_text_alignment=\u00a0\u00bbdefault\u00a0\u00bb phone_text_alignment=\u00a0\u00bbdefault\u00a0\u00bb column_border_width=\u00a0\u00bbnone\u00a0\u00bb column_border_style=\u00a0\u00bbsolid\u00a0\u00bb][vc_custom_heading text=\u00a0\u00bbDes casiers automatiques au c\u0153ur d\u2019un projet local \u2764\ufe0f\u00a0\u00bb use_theme_fonts=\u00a0\u00bbyes\u00a0\u00bb][vc_column_text]Propri\u00e9taire d\u2019un local inutilis\u00e9 dans le village, Florian cherchait une id\u00e9e pour lui donner vie. C\u2019est en d\u00e9couvrant \u00e0 la t\u00e9l\u00e9vision Le Casier Fran\u00e7ais et le principe du distributeur automatique qu\u2019il a eu le d\u00e9clic.<\/p>\n<p>\u00ab<em> Dans notre village, il n\u2019y avait plus aucun commerce. Je voulais recr\u00e9er du lien et proposer une offre locale.<\/em> \u00bb explique-t-il.<\/p>\n<p>Apr\u00e8s plus d\u2019un an de pr\u00e9paration, d\u2019\u00e9tudes et de rencontres avec des producteurs locaux, Florian se lance dans l\u2019aventure avec Le Casier Fran\u00e7ais. En mai 2023, <strong>il inaugure <a href=\"https:\/\/www.facebook.com\/p\/Le-ptit-march%C3%A9-des-Melayons-100080290915524\/?locale=fr_FR\" target=\"_blank\" rel=\"noopener\">Le P\u2019tit March\u00e9 des Melayons<\/a>, un point de vente de proximit\u00e9 <\/strong>moderne et autonome qui comprend pr\u00e8s de 115 casiers automatiques r\u00e9frig\u00e9r\u00e9s ! On y retrouve des produits laitiers, des fruits et l\u00e9gumes, de la viande et aussi des ap\u00e9ritifs, ou encore des douceurs sucr\u00e9es\u2026<\/p>\n<p>Avec ce projet,<strong> il redonne au village un commerce de proximit\u00e9 <\/strong>accessible 7j\/7, tout en valorisant le savoir-faire r\u00e9gional.[\/vc_column_text][\/vc_column][\/vc_row][vc_row type=\u00a0\u00bbin_container\u00a0\u00bb full_screen_row_position=\u00a0\u00bbmiddle\u00a0\u00bb scene_position=\u00a0\u00bbcenter\u00a0\u00bb text_color=\u00a0\u00bbdark\u00a0\u00bb text_align=\u00a0\u00bbleft\u00a0\u00bb overlay_strength=\u00a0\u00bb0.3&Prime; shape_divider_position=\u00a0\u00bbbottom\u00a0\u00bb][vc_column column_padding=\u00a0\u00bbno-extra-padding\u00a0\u00bb column_padding_position=\u00a0\u00bball\u00a0\u00bb background_color_opacity=\u00a0\u00bb1&Prime; background_hover_color_opacity=\u00a0\u00bb1&Prime; column_shadow=\u00a0\u00bbnone\u00a0\u00bb column_border_radius=\u00a0\u00bbnone\u00a0\u00bb width=\u00a0\u00bb1\/1&Prime; tablet_text_alignment=\u00a0\u00bbdefault\u00a0\u00bb phone_text_alignment=\u00a0\u00bbdefault\u00a0\u00bb column_border_width=\u00a0\u00bbnone\u00a0\u00bb column_border_style=\u00a0\u00bbsolid\u00a0\u00bb][vc_custom_heading text=\u00a0\u00bbUn casier automatique pens\u00e9 pour la proximit\u00e9\ud83e\udd1d\u00a0\u00bb use_theme_fonts=\u00a0\u00bbyes\u00a0\u00bb][vc_column_text]Commer\u00e7ant avant tout, Florian a fait le choix de <strong>mettre en avant les produits locaux et artisanaux de sa r\u00e9gion<\/strong>. Il collabore aujourd\u2019hui avec plusieurs producteurs du Maine-et-Loire, dont il revend les produits au sein de son distributeur automatique et de son \u00e9picerie. Ce mod\u00e8le lui permet d\u2019assurer un approvisionnement vari\u00e9 tout en soutenant les acteurs locaux.<\/p>\n<p>\u00ab<em> Les clients trouvent chez moi les produits du quotidien : beurre, cr\u00e8me fra\u00eeche, \u0153ufs\u2026 Ce sont les indispensables qui font revenir les habitants du coin.<\/em> \u00bb<\/p>\n<p>Gr\u00e2ce \u00e0 ses casiers automatiques, Florian offre \u00e0 ses clients <strong>la libert\u00e9 de faire leurs courses 7 jours sur 7,<\/strong> m\u00eame en dehors des heures d\u2019ouverture du magasin. Ce mode de distribution s\u00e9duit par sa praticit\u00e9, sa proximit\u00e9 et son authenticit\u00e9.[\/vc_column_text][\/vc_column][\/vc_row][vc_row type=\u00a0\u00bbin_container\u00a0\u00bb full_screen_row_position=\u00a0\u00bbmiddle\u00a0\u00bb scene_position=\u00a0\u00bbcenter\u00a0\u00bb text_color=\u00a0\u00bbdark\u00a0\u00bb text_align=\u00a0\u00bbleft\u00a0\u00bb overlay_strength=\u00a0\u00bb0.3&Prime; shape_divider_position=\u00a0\u00bbbottom\u00a0\u00bb][vc_column column_padding=\u00a0\u00bbno-extra-padding\u00a0\u00bb column_padding_position=\u00a0\u00bball\u00a0\u00bb background_color_opacity=\u00a0\u00bb1&Prime; background_hover_color_opacity=\u00a0\u00bb1&Prime; column_shadow=\u00a0\u00bbnone\u00a0\u00bb column_border_radius=\u00a0\u00bbnone\u00a0\u00bb width=\u00a0\u00bb1\/1&Prime; tablet_text_alignment=\u00a0\u00bbdefault\u00a0\u00bb phone_text_alignment=\u00a0\u00bbdefault\u00a0\u00bb column_border_width=\u00a0\u00bbnone\u00a0\u00bb column_border_style=\u00a0\u00bbsolid\u00a0\u00bb][vc_custom_heading text=\u00a0\u00bbUn casier automatique simple \u00e0 g\u00e9rer au quotidien\ud83d\udca1\u00a0\u00bb use_theme_fonts=\u00a0\u00bbyes\u00a0\u00bb][vc_column_text]Florian g\u00e8re seul l\u2019ensemble de son activit\u00e9 en toute autonomie. De la r\u00e9ception des produits \u00e0 la mise en casiers, en passant par le suivi des ventes, chaque \u00e9tape est facilit\u00e9e gr\u00e2ce<strong> au <a href=\"https:\/\/lecasierfrancais.fr\/index.php\/le-kiosque\/\" target=\"_blank\" rel=\"noopener\">Kiosque<\/a>\u00a0: l\u2019outil de pilotage et de gestion<\/strong> du casier automatique d\u00e9velopp\u00e9 par Le Casier Fran\u00e7ais.<\/p>\n<p>\u00ab <em>Le Kiosque est tr\u00e8s intuitif. Je peux modifier mes produits ou mes prix sans difficult\u00e9. Tout est bien pens\u00e9.<\/em> \u00bb<\/p>\n<p>Cette interface claire et performante d\u00e9velopp\u00e9e par Le Casier Fran\u00e7ais permet \u00e0 Florian de piloter son distributeur automatique depuis un seul outil, sans perte de temps.\u00a0 Un atout essentiel pour un commer\u00e7ant qui g\u00e8re seul son point de vente.[\/vc_column_text][\/vc_column][\/vc_row][vc_row type=\u00a0\u00bbin_container\u00a0\u00bb full_screen_row_position=\u00a0\u00bbmiddle\u00a0\u00bb scene_position=\u00a0\u00bbcenter\u00a0\u00bb text_color=\u00a0\u00bbdark\u00a0\u00bb text_align=\u00a0\u00bbleft\u00a0\u00bb overlay_strength=\u00a0\u00bb0.3&Prime; shape_divider_position=\u00a0\u00bbbottom\u00a0\u00bb][vc_column column_padding=\u00a0\u00bbno-extra-padding\u00a0\u00bb column_padding_position=\u00a0\u00bball\u00a0\u00bb background_color_opacity=\u00a0\u00bb1&Prime; background_hover_color_opacity=\u00a0\u00bb1&Prime; column_shadow=\u00a0\u00bbnone\u00a0\u00bb column_border_radius=\u00a0\u00bbnone\u00a0\u00bb width=\u00a0\u00bb1\/1&Prime; tablet_text_alignment=\u00a0\u00bbdefault\u00a0\u00bb phone_text_alignment=\u00a0\u00bbdefault\u00a0\u00bb column_border_width=\u00a0\u00bbnone\u00a0\u00bb column_border_style=\u00a0\u00bbsolid\u00a0\u00bb]<div class=\"img-with-aniamtion-wrap center\" data-max-width=\"100%\" data-border-radius=\"none\"><div class=\"inner\"><img decoding=\"async\" data-shadow=\"none\" data-shadow-direction=\"middle\" class=\"img-with-animation \" data-delay=\"0\" height=\"801\" width=\"600\" data-animation=\"fade-in\" src=\"https:\/\/lecasierfrancais.fr\/wp-content\/uploads\/2025\/11\/466677376_591793870173638_8718472360793001182_n-e1764064973368.jpg\"  alt=\"Distributeur automatique de produits locaux\" \/><\/div><\/div>[\/vc_column][\/vc_row][vc_row type=\u00a0\u00bbin_container\u00a0\u00bb full_screen_row_position=\u00a0\u00bbmiddle\u00a0\u00bb scene_position=\u00a0\u00bbcenter\u00a0\u00bb text_color=\u00a0\u00bbdark\u00a0\u00bb text_align=\u00a0\u00bbleft\u00a0\u00bb overlay_strength=\u00a0\u00bb0.3&Prime; shape_divider_position=\u00a0\u00bbbottom\u00a0\u00bb][vc_column column_padding=\u00a0\u00bbno-extra-padding\u00a0\u00bb column_padding_position=\u00a0\u00bball\u00a0\u00bb background_color_opacity=\u00a0\u00bb1&Prime; background_hover_color_opacity=\u00a0\u00bb1&Prime; column_shadow=\u00a0\u00bbnone\u00a0\u00bb column_border_radius=\u00a0\u00bbnone\u00a0\u00bb width=\u00a0\u00bb1\/1&Prime; tablet_text_alignment=\u00a0\u00bbdefault\u00a0\u00bb phone_text_alignment=\u00a0\u00bbdefault\u00a0\u00bb column_border_width=\u00a0\u00bbnone\u00a0\u00bb column_border_style=\u00a0\u00bbsolid\u00a0\u00bb][vc_custom_heading text=\u00a0\u00bbLe casier automatique, une innovation bien accueillie \ud83c\udf1f\u00a0\u00bb use_theme_fonts=\u00a0\u00bbyes\u00a0\u00bb][vc_column_text]L\u2019installation du distributeur automatique au c\u0153ur du village a suscit\u00e9 un v\u00e9ritable enthousiasme. D\u00e8s l\u2019inauguration, les habitants ainsi que la mairie ont salu\u00e9 cette <strong>initiative moderne et locale.<\/strong><\/p>\n<p>\u00ab<em> Les habitants sont ravis. Ils trouvent que c\u2019\u00e9tait une excellente id\u00e9e pour redonner de la vie au village.<\/em> \u00bb raconte-t-il.<\/p>\n<p>Pour accompagner ses premiers clients, Florian s\u2019est rendu disponible : il a pris le temps d\u2019expliquer le fonctionnement du casier automatique, de rassurer et d\u2019accompagner chacun dans ses premiers achats. Tr\u00e8s vite, les habitants ont adopt\u00e9 ce nouveau mode de consommation.<\/p>\n<p>Aujourd\u2019hui, Le P\u2019tit March\u00e9 des Melayons <strong>fait partie du quotidien des habitants<\/strong>. Les casiers connect\u00e9s ont trouv\u00e9 leur place dans le paysage local, symbolisant \u00e0 la fois innovation et retour \u00e0 la proximit\u00e9.[\/vc_column_text][\/vc_column][\/vc_row][vc_row type=\u00a0\u00bbin_container\u00a0\u00bb full_screen_row_position=\u00a0\u00bbmiddle\u00a0\u00bb scene_position=\u00a0\u00bbcenter\u00a0\u00bb text_color=\u00a0\u00bbdark\u00a0\u00bb text_align=\u00a0\u00bbleft\u00a0\u00bb overlay_strength=\u00a0\u00bb0.3&Prime; shape_divider_position=\u00a0\u00bbbottom\u00a0\u00bb][vc_column column_padding=\u00a0\u00bbno-extra-padding\u00a0\u00bb column_padding_position=\u00a0\u00bball\u00a0\u00bb background_color_opacity=\u00a0\u00bb1&Prime; background_hover_color_opacity=\u00a0\u00bb1&Prime; column_shadow=\u00a0\u00bbnone\u00a0\u00bb column_border_radius=\u00a0\u00bbnone\u00a0\u00bb width=\u00a0\u00bb1\/1&Prime; tablet_text_alignment=\u00a0\u00bbdefault\u00a0\u00bb phone_text_alignment=\u00a0\u00bbdefault\u00a0\u00bb column_border_width=\u00a0\u00bbnone\u00a0\u00bb column_border_style=\u00a0\u00bbsolid\u00a0\u00bb][vc_custom_heading text=\u00a0\u00bbPacks th\u00e9matiques : l\u2019id\u00e9e toute simple (et super efficace) pour faire cartonner les casiers automatiques ! \ud83d\udcc8\u00a0\u00bb use_theme_fonts=\u00a0\u00bbyes\u00a0\u00bb][vc_column_text]Toujours \u00e0 l\u2019\u00e9coute de sa client\u00e8le, Florian ne cesse d\u2019<strong>innover pour dynamiser son point de vente.<\/strong> Au fil des mois, il a imagin\u00e9 de nouvelles fa\u00e7ons de valoriser ses casiers connect\u00e9s, notamment \u00e0 travers <strong>la cr\u00e9ation de packs \u00ab\u00a0produits\u00a0\u00bb,<\/strong> une id\u00e9e qu\u2019il partage volontiers\u00a0!<\/p>\n<p>\u00ab <em>J\u2019ai d\u00e9velopp\u00e9 des packs \u00ab\u00a0ap\u00e9ro\u201d, \u201ccarbo\u201d, \u201craclette\u201d&#8230; Cela permet aux clients de d\u00e9couvrir plusieurs produits locaux en un seul achat.<\/em> \u00bb explique Florian.<\/p>\n<p>Ces formules pr\u00eates \u00e0 l\u2019emploi s\u00e9duisent par leur praticit\u00e9 et leur originalit\u00e9. Elles facilitent l\u2019achat impulsif et encouragent la d\u00e9couverte des produits du terroir, tout en donnant plus de visibilit\u00e9 aux producteurs partenaires. Cette d\u00e9marche permet au commer\u00e7ant d\u2019<strong>optimiser son espace de vente<\/strong>, en proposant plusieurs produits en un seul casier automatique.[\/vc_column_text][\/vc_column][\/vc_row][vc_row type=\u00a0\u00bbin_container\u00a0\u00bb full_screen_row_position=\u00a0\u00bbmiddle\u00a0\u00bb scene_position=\u00a0\u00bbcenter\u00a0\u00bb text_color=\u00a0\u00bbdark\u00a0\u00bb text_align=\u00a0\u00bbleft\u00a0\u00bb overlay_strength=\u00a0\u00bb0.3&Prime; shape_divider_position=\u00a0\u00bbbottom\u00a0\u00bb][vc_column column_padding=\u00a0\u00bbno-extra-padding\u00a0\u00bb column_padding_position=\u00a0\u00bball\u00a0\u00bb background_color_opacity=\u00a0\u00bb1&Prime; background_hover_color_opacity=\u00a0\u00bb1&Prime; column_shadow=\u00a0\u00bbnone\u00a0\u00bb column_border_radius=\u00a0\u00bbnone\u00a0\u00bb width=\u00a0\u00bb1\/1&Prime; tablet_text_alignment=\u00a0\u00bbdefault\u00a0\u00bb phone_text_alignment=\u00a0\u00bbdefault\u00a0\u00bb column_border_width=\u00a0\u00bbnone\u00a0\u00bb column_border_style=\u00a0\u00bbsolid\u00a0\u00bb][vc_custom_heading text=\u00a0\u00bbLe casier automatique, une innovation fran\u00e7aise qui s\u00e9duit \ud83d\udd35\u26aa\ud83d\udd34\u00a0\u00bb use_theme_fonts=\u00a0\u00bbyes\u00a0\u00bb][vc_column_text]Enti\u00e8rement satisfait de son installation, Florian souligne la qualit\u00e9 et la fiabilit\u00e9 du casier automatique con\u00e7u par <a href=\"https:\/\/lecasierfrancais.fr\/index.php\/le-casier-francais-2\/\" target=\"_blank\" rel=\"noopener\">Le Casier Fran\u00e7ais<\/a>. Le mat\u00e9riel r\u00e9pond parfaitement \u00e0 ses besoins quotidiens et lui permet de g\u00e9rer son activit\u00e9 en toute s\u00e9r\u00e9nit\u00e9.<\/p>\n<p>\u00ab <em>Le produit est tr\u00e8s bien pens\u00e9. <\/em><strong><em>J\u2019aime beaucoup le concept, le c\u00f4t\u00e9 pratique et surtout le Made in France.<\/em> \u00bb<\/strong><\/p>\n<p>Pour Florian, le distributeur automatique repr\u00e9sente bien plus qu\u2019un outil de vente : c\u2019est<strong> un concentr\u00e9 d\u2019innovations fran\u00e7aises<\/strong> au service du commerce local.<\/p>\n<p>Toujours attentif aux \u00e9volutions technologiques, Florian se r\u00e9jouit de voir le Casier Fran\u00e7ais poursuivre le d\u00e9veloppement de fonctionnalit\u00e9s connect\u00e9es comme le Kiosque, preuve d\u2019une volont\u00e9<a href=\"https:\/\/lecasierfrancais.fr\/index.php\/nos-solutions-modulables\/nos-specificites-et-outils\/\" target=\"_blank\" rel=\"noopener\"> d\u2019innovation constante<\/a>.[\/vc_column_text][\/vc_column][\/vc_row][vc_row type=\u00a0\u00bbin_container\u00a0\u00bb full_screen_row_position=\u00a0\u00bbmiddle\u00a0\u00bb scene_position=\u00a0\u00bbcenter\u00a0\u00bb text_color=\u00a0\u00bbdark\u00a0\u00bb text_align=\u00a0\u00bbleft\u00a0\u00bb overlay_strength=\u00a0\u00bb0.3&Prime; shape_divider_position=\u00a0\u00bbbottom\u00a0\u00bb][vc_column column_padding=\u00a0\u00bbno-extra-padding\u00a0\u00bb column_padding_position=\u00a0\u00bball\u00a0\u00bb background_color_opacity=\u00a0\u00bb1&Prime; background_hover_color_opacity=\u00a0\u00bb1&Prime; column_shadow=\u00a0\u00bbnone\u00a0\u00bb column_border_radius=\u00a0\u00bbnone\u00a0\u00bb width=\u00a0\u00bb1\/1&Prime; tablet_text_alignment=\u00a0\u00bbdefault\u00a0\u00bb phone_text_alignment=\u00a0\u00bbdefault\u00a0\u00bb column_border_width=\u00a0\u00bbnone\u00a0\u00bb column_border_style=\u00a0\u00bbsolid\u00a0\u00bb]<div class=\"img-with-aniamtion-wrap center\" data-max-width=\"100%\" data-border-radius=\"none\"><div class=\"inner\"><img decoding=\"async\" data-shadow=\"none\" data-shadow-direction=\"middle\" class=\"img-with-animation \" data-delay=\"0\" height=\"700\" width=\"700\" data-animation=\"fade-in\" src=\"https:\/\/lecasierfrancais.fr\/wp-content\/uploads\/2025\/11\/1000015638-e1764064934970.jpg\"  alt=\"Mr Petit, g\u00e9rant du P'tit march\u00e9 des Melayons qui remplit ses casiers\" \/><\/div><\/div>[\/vc_column][\/vc_row][vc_row type=\u00a0\u00bbin_container\u00a0\u00bb full_screen_row_position=\u00a0\u00bbmiddle\u00a0\u00bb scene_position=\u00a0\u00bbcenter\u00a0\u00bb text_color=\u00a0\u00bbdark\u00a0\u00bb text_align=\u00a0\u00bbleft\u00a0\u00bb overlay_strength=\u00a0\u00bb0.3&Prime; shape_divider_position=\u00a0\u00bbbottom\u00a0\u00bb][vc_column column_padding=\u00a0\u00bbno-extra-padding\u00a0\u00bb column_padding_position=\u00a0\u00bball\u00a0\u00bb background_color_opacity=\u00a0\u00bb1&Prime; background_hover_color_opacity=\u00a0\u00bb1&Prime; column_shadow=\u00a0\u00bbnone\u00a0\u00bb column_border_radius=\u00a0\u00bbnone\u00a0\u00bb width=\u00a0\u00bb1\/1&Prime; tablet_text_alignment=\u00a0\u00bbdefault\u00a0\u00bb phone_text_alignment=\u00a0\u00bbdefault\u00a0\u00bb column_border_width=\u00a0\u00bbnone\u00a0\u00bb column_border_style=\u00a0\u00bbsolid\u00a0\u00bb][vc_custom_heading text=\u00a0\u00bb\ud83d\udc68\u200dCe que l\u2019exp\u00e9rience d\u2019un commer\u00e7ant peut vous apprendre sur les casiers automatiques \u00a0\u00bb use_theme_fonts=\u00a0\u00bbyes\u00a0\u00bb][vc_column_text]Fort de son exp\u00e9rience, Florian n\u2019h\u00e9site pas \u00e0 transmettre ses conseils avec celles et ceux qui souhaitent se lancer dans l\u2019aventure du distributeur connect\u00e9.<\/p>\n<p>\u00ab <em>Pour un producteur qui a d\u00e9j\u00e0 un point de vente, je conseille de commencer avec une petite installation, mais bien \u00e9quip\u00e9e, avec des options comme<a href=\"https:\/\/lecasierfrancais.fr\/index.php\/innovations-double-vente\/\" target=\"_blank\" rel=\"noopener\"> la trappe double-vente<\/a> ou<a href=\"https:\/\/lecasierfrancais.fr\/index.php\/innovation-plateau-tournant\/\" target=\"_blank\" rel=\"noopener\"> le plateau tournant<\/a>.<\/em> \u00bb<\/p>\n<p>Selon lui, il est <strong>essentiel de soigner la visibilit\u00e9 du casier automatique<\/strong> d\u00e8s son installation. <a href=\"https:\/\/lecasierfrancais.fr\/index.php\/personnalisation\/\" target=\"_blank\" rel=\"noopener\">Les bandeaux personnalis\u00e9s<\/a>, les couleurs attractives et une signal\u00e9tique claire jouent un r\u00f4le important pour attirer les clients et renforcer l\u2019identit\u00e9 du point de vente.<\/p>\n<p>\u00ab<em> Le design fait toute la diff\u00e9rence. Un casier bien identifi\u00e9 attire davantage et donne envie de s\u2019arr\u00eater lorsque l\u2019on passe devant.<\/em> \u00bb<\/p>\n<p>Pour lui, chaque installation est unique, mais le succ\u00e8s repose toujours sur la m\u00eame base : la proximit\u00e9, la qualit\u00e9 et la r\u00e9gularit\u00e9.[\/vc_column_text][\/vc_column][\/vc_row][vc_row type=\u00a0\u00bbin_container\u00a0\u00bb full_screen_row_position=\u00a0\u00bbmiddle\u00a0\u00bb scene_position=\u00a0\u00bbcenter\u00a0\u00bb text_color=\u00a0\u00bbdark\u00a0\u00bb text_align=\u00a0\u00bbleft\u00a0\u00bb overlay_strength=\u00a0\u00bb0.3&Prime; shape_divider_position=\u00a0\u00bbbottom\u00a0\u00bb][vc_column column_padding=\u00a0\u00bbno-extra-padding\u00a0\u00bb column_padding_position=\u00a0\u00bball\u00a0\u00bb background_color_opacity=\u00a0\u00bb1&Prime; background_hover_color_opacity=\u00a0\u00bb1&Prime; column_shadow=\u00a0\u00bbnone\u00a0\u00bb column_border_radius=\u00a0\u00bbnone\u00a0\u00bb width=\u00a0\u00bb1\/1&Prime; tablet_text_alignment=\u00a0\u00bbdefault\u00a0\u00bb phone_text_alignment=\u00a0\u00bbdefault\u00a0\u00bb column_border_width=\u00a0\u00bbnone\u00a0\u00bb column_border_style=\u00a0\u00bbsolid\u00a0\u00bb][vc_custom_heading text=\u00a0\u00bbDe belles perspectives pour le casier automatique du P\u2019tit March\u00e9 des Melayons\u2728\u00a0\u00bb use_theme_fonts=\u00a0\u00bbyes\u00a0\u00bb][vc_column_text]Toujours en qu\u00eate d\u2019am\u00e9lioration, Florian voit encore de nombreuses perspectives d\u2019\u00e9volution pour son installation de casiers connect\u00e9s. Son prochain projet : mettre en place un site de commande en ligne reli\u00e9 \u00e0 son point de vente afin de permettre \u00e0 ses clients de r\u00e9server leurs produits \u00e0 distance et de les r\u00e9cup\u00e9rer directement dans les casiers.<\/p>\n<p>\u00ab <em>Ce serait un vrai plus pour optimiser les ventes et mieux conna\u00eetre ma client\u00e8le<\/em> \u00bb , explique Florian.<\/p>\n<p>Visionnaire et passionn\u00e9, Florian prouve qu\u2019un casier automatique peut \u00eatre bien plus qu\u2019un simple distributeur : un v\u00e9ritable<strong> levier de modernisation du commerce rural. <\/strong><\/p>\n<p>Toute l\u2019\u00e9quipe du Casier Fran\u00e7ais lui souhaite le meilleur dans le d\u00e9veloppement de ses futurs projets, \u00a0et se r\u00e9jouit d\u2019accompagner des entrepreneurs aussi engag\u00e9s et inspirants que lui.[\/vc_column_text][\/vc_column][\/vc_row][vc_row type=\u00a0\u00bbin_container\u00a0\u00bb full_screen_row_position=\u00a0\u00bbmiddle\u00a0\u00bb scene_position=\u00a0\u00bbcenter\u00a0\u00bb text_color=\u00a0\u00bbdark\u00a0\u00bb text_align=\u00a0\u00bbleft\u00a0\u00bb overlay_strength=\u00a0\u00bb0.3&Prime; shape_divider_position=\u00a0\u00bbbottom\u00a0\u00bb][vc_column column_padding=\u00a0\u00bbno-extra-padding\u00a0\u00bb column_padding_position=\u00a0\u00bball\u00a0\u00bb background_color_opacity=\u00a0\u00bb1&Prime; background_hover_color_opacity=\u00a0\u00bb1&Prime; column_shadow=\u00a0\u00bbnone\u00a0\u00bb column_border_radius=\u00a0\u00bbnone\u00a0\u00bb width=\u00a0\u00bb1\/1&Prime; tablet_text_alignment=\u00a0\u00bbdefault\u00a0\u00bb phone_text_alignment=\u00a0\u00bbdefault\u00a0\u00bb column_border_width=\u00a0\u00bbnone\u00a0\u00bb column_border_style=\u00a0\u00bbsolid\u00a0\u00bb][vc_zigzag][\/vc_column][\/vc_row][vc_row type=\u00a0\u00bbin_container\u00a0\u00bb full_screen_row_position=\u00a0\u00bbmiddle\u00a0\u00bb scene_position=\u00a0\u00bbcenter\u00a0\u00bb text_color=\u00a0\u00bbdark\u00a0\u00bb text_align=\u00a0\u00bbleft\u00a0\u00bb overlay_strength=\u00a0\u00bb0.3&Prime; shape_divider_position=\u00a0\u00bbbottom\u00a0\u00bb][vc_column column_padding=\u00a0\u00bbno-extra-padding\u00a0\u00bb column_padding_position=\u00a0\u00bball\u00a0\u00bb background_color_opacity=\u00a0\u00bb1&Prime; background_hover_color_opacity=\u00a0\u00bb1&Prime; column_shadow=\u00a0\u00bbnone\u00a0\u00bb column_border_radius=\u00a0\u00bbnone\u00a0\u00bb width=\u00a0\u00bb1\/1&Prime; tablet_text_alignment=\u00a0\u00bbdefault\u00a0\u00bb phone_text_alignment=\u00a0\u00bbdefault\u00a0\u00bb column_border_width=\u00a0\u00bbnone\u00a0\u00bb column_border_style=\u00a0\u00bbsolid\u00a0\u00bb][vc_column_text]<strong>\ud83d\udccd Le P\u2019tit March\u00e9 des Melayons \u2013 SARL DISTRICOURT<\/strong><br \/>\n44 bis avenue de Verdun \u2013 Melay<br \/>\n49750 Chemill\u00e9-en-Anjou[\/vc_column_text][\/vc_column][\/vc_row]\n","protected":false},"excerpt":{"rendered":"<p>[vc_row type=\u00a0\u00bbin_container\u00a0\u00bb full_screen_row_position=\u00a0\u00bbmiddle\u00a0\u00bb scene_position=\u00a0\u00bbcenter\u00a0\u00bb text_color=\u00a0\u00bbdark\u00a0\u00bb text_align=\u00a0\u00bbleft\u00a0\u00bb overlay_strength=\u00a0\u00bb0.3&Prime; shape_divider_position=\u00a0\u00bbbottom\u00a0\u00bb][vc_column column_padding=\u00a0\u00bbno-extra-padding\u00a0\u00bb column_padding_position=\u00a0\u00bball\u00a0\u00bb background_color_opacity=\u00a0\u00bb1&Prime; background_hover_color_opacity=\u00a0\u00bb1&Prime; column_shadow=\u00a0\u00bbnone\u00a0\u00bb column_border_radius=\u00a0\u00bbnone\u00a0\u00bb width=\u00a0\u00bb1\/1&Prime;&#8230;<\/p>\n","protected":false},"author":8,"featured_media":18098,"comment_status":"open","ping_status":"open","sticky":false,"template":"","format":"standard","meta":{"footnotes":""},"categories":[564],"tags":[453,594,417,771,770,418,421,772,477],"class_list":{"0":"post-17616","1":"post","2":"type-post","3":"status-publish","4":"format-standard","5":"has-post-thumbnail","7":"category-portraits-de-producteurs","8":"tag-casier-automatique","9":"tag-casier-connecte","10":"tag-circuit-court","11":"tag-commerce-de-proximite","12":"tag-commerce-local","13":"tag-distributeur-automatique","14":"tag-le-casier-francais","15":"tag-producteurs-locaux","16":"tag-vente-directe"},"yoast_head":"<!-- This site is optimized with the Yoast SEO Premium plugin v26.6 (Yoast SEO v26.6) - https:\/\/yoast.com\/wordpress\/plugins\/seo\/ -->\n<title>Casiers automatiques : le commerce local rena\u00eet \u00e0 Chemill\u00e9<\/title>\n<meta name=\"description\" content=\"D\u00e9couvrez comment Le P\u2019tit March\u00e9 des Melayons relance le commerce local \u00e0 Chemill\u00e9-en-Anjou avec les casiers connect\u00e9s du Casier Fran\u00e7ais.\" \/>\n<meta name=\"robots\" content=\"index, follow, max-snippet:-1, max-image-preview:large, max-video-preview:-1\" \/>\n<link rel=\"canonical\" href=\"https:\/\/lecasierfrancais.fr\/index.php\/2025\/11\/25\/le-ptit-marche-des-melayons-des-casiers-automatiques-pour-recreer-le-commerce-de-proximite-a-chemille-en-anjou\/\" \/>\n<meta property=\"og:locale\" content=\"fr_FR\" \/>\n<meta property=\"og:type\" content=\"article\" \/>\n<meta property=\"og:title\" content=\"[Le P\u2019tit March\u00e9 des Melayons] Des casiers automatiques pour recr\u00e9er le commerce de proximit\u00e9 \u00e0 Chemill\u00e9-en-Anjou\ud83d\uded2\" \/>\n<meta property=\"og:description\" content=\"D\u00e9couvrez comment Le P\u2019tit March\u00e9 des Melayons relance le commerce local \u00e0 Chemill\u00e9-en-Anjou avec les casiers connect\u00e9s du Casier Fran\u00e7ais.\" \/>\n<meta property=\"og:url\" content=\"https:\/\/lecasierfrancais.fr\/index.php\/2025\/11\/25\/le-ptit-marche-des-melayons-des-casiers-automatiques-pour-recreer-le-commerce-de-proximite-a-chemille-en-anjou\/\" \/>\n<meta property=\"og:site_name\" content=\"Le Casier Fran\u00e7ais\" \/>\n<meta property=\"article:publisher\" content=\"https:\/\/www.facebook.com\/lecasierfrancais\/\" \/>\n<meta property=\"article:published_time\" content=\"2025-11-25T09:49:14+00:00\" \/>\n<meta property=\"article:modified_time\" content=\"2025-12-11T14:02:51+00:00\" \/>\n<meta property=\"og:image\" content=\"https:\/\/lecasierfrancais.fr\/wp-content\/uploads\/2025\/11\/1000015635-e1764064602524.jpg\" \/>\n\t<meta property=\"og:image:width\" content=\"800\" \/>\n\t<meta property=\"og:image:height\" content=\"800\" \/>\n\t<meta property=\"og:image:type\" content=\"image\/jpeg\" \/>\n<meta name=\"author\" content=\"Le Casier Francais\" \/>\n<meta name=\"twitter:card\" content=\"summary_large_image\" \/>\n<meta name=\"twitter:label1\" content=\"\u00c9crit par\" \/>\n\t<meta name=\"twitter:data1\" content=\"Le Casier Francais\" \/>\n\t<meta name=\"twitter:label2\" content=\"Dur\u00e9e de lecture estim\u00e9e\" \/>\n\t<meta name=\"twitter:data2\" content=\"8 minutes\" \/>\n<script type=\"application\/ld+json\" class=\"yoast-schema-graph\">{\"@context\":\"https:\/\/schema.org\",\"@graph\":[{\"@type\":\"WebPage\",\"@id\":\"https:\/\/lecasierfrancais.fr\/index.php\/2025\/11\/25\/le-ptit-marche-des-melayons-des-casiers-automatiques-pour-recreer-le-commerce-de-proximite-a-chemille-en-anjou\/\",\"url\":\"https:\/\/lecasierfrancais.fr\/index.php\/2025\/11\/25\/le-ptit-marche-des-melayons-des-casiers-automatiques-pour-recreer-le-commerce-de-proximite-a-chemille-en-anjou\/\",\"name\":\"Casiers automatiques : le commerce local rena\u00eet \u00e0 Chemill\u00e9\",\"isPartOf\":{\"@id\":\"https:\/\/lecasierfrancais.fr\/#website\"},\"primaryImageOfPage\":{\"@id\":\"https:\/\/lecasierfrancais.fr\/index.php\/2025\/11\/25\/le-ptit-marche-des-melayons-des-casiers-automatiques-pour-recreer-le-commerce-de-proximite-a-chemille-en-anjou\/#primaryimage\"},\"image\":{\"@id\":\"https:\/\/lecasierfrancais.fr\/index.php\/2025\/11\/25\/le-ptit-marche-des-melayons-des-casiers-automatiques-pour-recreer-le-commerce-de-proximite-a-chemille-en-anjou\/#primaryimage\"},\"thumbnailUrl\":\"https:\/\/lecasierfrancais.fr\/wp-content\/uploads\/2025\/11\/1000015635-e1764064602524.jpg\",\"datePublished\":\"2025-11-25T09:49:14+00:00\",\"dateModified\":\"2025-12-11T14:02:51+00:00\",\"author\":{\"@id\":\"https:\/\/lecasierfrancais.fr\/#\/schema\/person\/7ca32438b040d2a673afe220fe3c2fbd\"},\"description\":\"D\u00e9couvrez comment Le P\u2019tit March\u00e9 des Melayons relance le commerce local \u00e0 Chemill\u00e9-en-Anjou avec les casiers connect\u00e9s du Casier Fran\u00e7ais.\",\"breadcrumb\":{\"@id\":\"https:\/\/lecasierfrancais.fr\/index.php\/2025\/11\/25\/le-ptit-marche-des-melayons-des-casiers-automatiques-pour-recreer-le-commerce-de-proximite-a-chemille-en-anjou\/#breadcrumb\"},\"inLanguage\":\"fr-FR\",\"potentialAction\":[{\"@type\":\"ReadAction\",\"target\":[\"https:\/\/lecasierfrancais.fr\/index.php\/2025\/11\/25\/le-ptit-marche-des-melayons-des-casiers-automatiques-pour-recreer-le-commerce-de-proximite-a-chemille-en-anjou\/\"]}]},{\"@type\":\"ImageObject\",\"inLanguage\":\"fr-FR\",\"@id\":\"https:\/\/lecasierfrancais.fr\/index.php\/2025\/11\/25\/le-ptit-marche-des-melayons-des-casiers-automatiques-pour-recreer-le-commerce-de-proximite-a-chemille-en-anjou\/#primaryimage\",\"url\":\"https:\/\/lecasierfrancais.fr\/wp-content\/uploads\/2025\/11\/1000015635-e1764064602524.jpg\",\"contentUrl\":\"https:\/\/lecasierfrancais.fr\/wp-content\/uploads\/2025\/11\/1000015635-e1764064602524.jpg\",\"width\":800,\"height\":800,\"caption\":\"Mr Petit, posant devant ses casiers connect\u00e9s\"},{\"@type\":\"BreadcrumbList\",\"@id\":\"https:\/\/lecasierfrancais.fr\/index.php\/2025\/11\/25\/le-ptit-marche-des-melayons-des-casiers-automatiques-pour-recreer-le-commerce-de-proximite-a-chemille-en-anjou\/#breadcrumb\",\"itemListElement\":[{\"@type\":\"ListItem\",\"position\":1,\"name\":\"Accueil\",\"item\":\"https:\/\/lecasierfrancais.fr\/\"},{\"@type\":\"ListItem\",\"position\":2,\"name\":\"[Le P\u2019tit March\u00e9 des Melayons] Des casiers automatiques pour recr\u00e9er le commerce de proximit\u00e9 \u00e0 Chemill\u00e9-en-Anjou\ud83d\uded2\"}]},{\"@type\":\"WebSite\",\"@id\":\"https:\/\/lecasierfrancais.fr\/#website\",\"url\":\"https:\/\/lecasierfrancais.fr\/\",\"name\":\"Le Casier Fran\u00e7ais\",\"description\":\"Fabricant de casiers connect\u00e9s pour la vente directe de vos produits\",\"potentialAction\":[{\"@type\":\"SearchAction\",\"target\":{\"@type\":\"EntryPoint\",\"urlTemplate\":\"https:\/\/lecasierfrancais.fr\/?s={search_term_string}\"},\"query-input\":{\"@type\":\"PropertyValueSpecification\",\"valueRequired\":true,\"valueName\":\"search_term_string\"}}],\"inLanguage\":\"fr-FR\"},{\"@type\":\"Person\",\"@id\":\"https:\/\/lecasierfrancais.fr\/#\/schema\/person\/7ca32438b040d2a673afe220fe3c2fbd\",\"name\":\"Le Casier Francais\",\"image\":{\"@type\":\"ImageObject\",\"inLanguage\":\"fr-FR\",\"@id\":\"https:\/\/lecasierfrancais.fr\/#\/schema\/person\/image\/\",\"url\":\"https:\/\/secure.gravatar.com\/avatar\/f29776dfd97a4c78aee2ab31cb63a0f4097b8cc071a068daac2d914eb26fbbd4?s=96&d=mm&r=g\",\"contentUrl\":\"https:\/\/secure.gravatar.com\/avatar\/f29776dfd97a4c78aee2ab31cb63a0f4097b8cc071a068daac2d914eb26fbbd4?s=96&d=mm&r=g\",\"caption\":\"Le Casier Francais\"},\"url\":\"https:\/\/lecasierfrancais.fr\/index.php\/author\/le-casier-francais\/\"}]}<\/script>\n<!-- \/ Yoast SEO Premium plugin. -->","yoast_head_json":{"title":"Casiers automatiques : le commerce local rena\u00eet \u00e0 Chemill\u00e9","description":"D\u00e9couvrez comment Le P\u2019tit March\u00e9 des Melayons relance le commerce local \u00e0 Chemill\u00e9-en-Anjou avec les casiers connect\u00e9s du Casier Fran\u00e7ais.","robots":{"index":"index","follow":"follow","max-snippet":"max-snippet:-1","max-image-preview":"max-image-preview:large","max-video-preview":"max-video-preview:-1"},"canonical":"https:\/\/lecasierfrancais.fr\/index.php\/2025\/11\/25\/le-ptit-marche-des-melayons-des-casiers-automatiques-pour-recreer-le-commerce-de-proximite-a-chemille-en-anjou\/","og_locale":"fr_FR","og_type":"article","og_title":"[Le P\u2019tit March\u00e9 des Melayons] Des casiers automatiques pour recr\u00e9er le commerce de proximit\u00e9 \u00e0 Chemill\u00e9-en-Anjou\ud83d\uded2","og_description":"D\u00e9couvrez comment Le P\u2019tit March\u00e9 des Melayons relance le commerce local \u00e0 Chemill\u00e9-en-Anjou avec les casiers connect\u00e9s du Casier Fran\u00e7ais.","og_url":"https:\/\/lecasierfrancais.fr\/index.php\/2025\/11\/25\/le-ptit-marche-des-melayons-des-casiers-automatiques-pour-recreer-le-commerce-de-proximite-a-chemille-en-anjou\/","og_site_name":"Le Casier Fran\u00e7ais","article_publisher":"https:\/\/www.facebook.com\/lecasierfrancais\/","article_published_time":"2025-11-25T09:49:14+00:00","article_modified_time":"2025-12-11T14:02:51+00:00","og_image":[{"width":800,"height":800,"url":"https:\/\/lecasierfrancais.fr\/wp-content\/uploads\/2025\/11\/1000015635-e1764064602524.jpg","type":"image\/jpeg"}],"author":"Le Casier Francais","twitter_card":"summary_large_image","twitter_misc":{"\u00c9crit par":"Le Casier Francais","Dur\u00e9e de lecture estim\u00e9e":"8 minutes"},"schema":{"@context":"https:\/\/schema.org","@graph":[{"@type":"WebPage","@id":"https:\/\/lecasierfrancais.fr\/index.php\/2025\/11\/25\/le-ptit-marche-des-melayons-des-casiers-automatiques-pour-recreer-le-commerce-de-proximite-a-chemille-en-anjou\/","url":"https:\/\/lecasierfrancais.fr\/index.php\/2025\/11\/25\/le-ptit-marche-des-melayons-des-casiers-automatiques-pour-recreer-le-commerce-de-proximite-a-chemille-en-anjou\/","name":"Casiers automatiques : le commerce local rena\u00eet \u00e0 Chemill\u00e9","isPartOf":{"@id":"https:\/\/lecasierfrancais.fr\/#website"},"primaryImageOfPage":{"@id":"https:\/\/lecasierfrancais.fr\/index.php\/2025\/11\/25\/le-ptit-marche-des-melayons-des-casiers-automatiques-pour-recreer-le-commerce-de-proximite-a-chemille-en-anjou\/#primaryimage"},"image":{"@id":"https:\/\/lecasierfrancais.fr\/index.php\/2025\/11\/25\/le-ptit-marche-des-melayons-des-casiers-automatiques-pour-recreer-le-commerce-de-proximite-a-chemille-en-anjou\/#primaryimage"},"thumbnailUrl":"https:\/\/lecasierfrancais.fr\/wp-content\/uploads\/2025\/11\/1000015635-e1764064602524.jpg","datePublished":"2025-11-25T09:49:14+00:00","dateModified":"2025-12-11T14:02:51+00:00","author":{"@id":"https:\/\/lecasierfrancais.fr\/#\/schema\/person\/7ca32438b040d2a673afe220fe3c2fbd"},"description":"D\u00e9couvrez comment Le P\u2019tit March\u00e9 des Melayons relance le commerce local \u00e0 Chemill\u00e9-en-Anjou avec les casiers connect\u00e9s du Casier Fran\u00e7ais.","breadcrumb":{"@id":"https:\/\/lecasierfrancais.fr\/index.php\/2025\/11\/25\/le-ptit-marche-des-melayons-des-casiers-automatiques-pour-recreer-le-commerce-de-proximite-a-chemille-en-anjou\/#breadcrumb"},"inLanguage":"fr-FR","potentialAction":[{"@type":"ReadAction","target":["https:\/\/lecasierfrancais.fr\/index.php\/2025\/11\/25\/le-ptit-marche-des-melayons-des-casiers-automatiques-pour-recreer-le-commerce-de-proximite-a-chemille-en-anjou\/"]}]},{"@type":"ImageObject","inLanguage":"fr-FR","@id":"https:\/\/lecasierfrancais.fr\/index.php\/2025\/11\/25\/le-ptit-marche-des-melayons-des-casiers-automatiques-pour-recreer-le-commerce-de-proximite-a-chemille-en-anjou\/#primaryimage","url":"https:\/\/lecasierfrancais.fr\/wp-content\/uploads\/2025\/11\/1000015635-e1764064602524.jpg","contentUrl":"https:\/\/lecasierfrancais.fr\/wp-content\/uploads\/2025\/11\/1000015635-e1764064602524.jpg","width":800,"height":800,"caption":"Mr Petit, posant devant ses casiers connect\u00e9s"},{"@type":"BreadcrumbList","@id":"https:\/\/lecasierfrancais.fr\/index.php\/2025\/11\/25\/le-ptit-marche-des-melayons-des-casiers-automatiques-pour-recreer-le-commerce-de-proximite-a-chemille-en-anjou\/#breadcrumb","itemListElement":[{"@type":"ListItem","position":1,"name":"Accueil","item":"https:\/\/lecasierfrancais.fr\/"},{"@type":"ListItem","position":2,"name":"[Le P\u2019tit March\u00e9 des Melayons] Des casiers automatiques pour recr\u00e9er le commerce de proximit\u00e9 \u00e0 Chemill\u00e9-en-Anjou\ud83d\uded2"}]},{"@type":"WebSite","@id":"https:\/\/lecasierfrancais.fr\/#website","url":"https:\/\/lecasierfrancais.fr\/","name":"Le Casier Fran\u00e7ais","description":"Fabricant de casiers connect\u00e9s pour la vente directe de vos produits","potentialAction":[{"@type":"SearchAction","target":{"@type":"EntryPoint","urlTemplate":"https:\/\/lecasierfrancais.fr\/?s={search_term_string}"},"query-input":{"@type":"PropertyValueSpecification","valueRequired":true,"valueName":"search_term_string"}}],"inLanguage":"fr-FR"},{"@type":"Person","@id":"https:\/\/lecasierfrancais.fr\/#\/schema\/person\/7ca32438b040d2a673afe220fe3c2fbd","name":"Le Casier Francais","image":{"@type":"ImageObject","inLanguage":"fr-FR","@id":"https:\/\/lecasierfrancais.fr\/#\/schema\/person\/image\/","url":"https:\/\/secure.gravatar.com\/avatar\/f29776dfd97a4c78aee2ab31cb63a0f4097b8cc071a068daac2d914eb26fbbd4?s=96&d=mm&r=g","contentUrl":"https:\/\/secure.gravatar.com\/avatar\/f29776dfd97a4c78aee2ab31cb63a0f4097b8cc071a068daac2d914eb26fbbd4?s=96&d=mm&r=g","caption":"Le Casier Francais"},"url":"https:\/\/lecasierfrancais.fr\/index.php\/author\/le-casier-francais\/"}]}},"_links":{"self":[{"href":"https:\/\/lecasierfrancais.fr\/index.php\/wp-json\/wp\/v2\/posts\/17616","targetHints":{"allow":["GET"]}}],"collection":[{"href":"https:\/\/lecasierfrancais.fr\/index.php\/wp-json\/wp\/v2\/posts"}],"about":[{"href":"https:\/\/lecasierfrancais.fr\/index.php\/wp-json\/wp\/v2\/types\/post"}],"author":[{"embeddable":true,"href":"https:\/\/lecasierfrancais.fr\/index.php\/wp-json\/wp\/v2\/users\/8"}],"replies":[{"embeddable":true,"href":"https:\/\/lecasierfrancais.fr\/index.php\/wp-json\/wp\/v2\/comments?post=17616"}],"version-history":[{"count":8,"href":"https:\/\/lecasierfrancais.fr\/index.php\/wp-json\/wp\/v2\/posts\/17616\/revisions"}],"predecessor-version":[{"id":18116,"href":"https:\/\/lecasierfrancais.fr\/index.php\/wp-json\/wp\/v2\/posts\/17616\/revisions\/18116"}],"wp:featuredmedia":[{"embeddable":true,"href":"https:\/\/lecasierfrancais.fr\/index.php\/wp-json\/wp\/v2\/media\/18098"}],"wp:attachment":[{"href":"https:\/\/lecasierfrancais.fr\/index.php\/wp-json\/wp\/v2\/media?parent=17616"}],"wp:term":[{"taxonomy":"category","embeddable":true,"href":"https:\/\/lecasierfrancais.fr\/index.php\/wp-json\/wp\/v2\/categories?post=17616"},{"taxonomy":"post_tag","embeddable":true,"href":"https:\/\/lecasierfrancais.fr\/index.php\/wp-json\/wp\/v2\/tags?post=17616"}],"curies":[{"name":"wp","href":"https:\/\/api.w.org\/{rel}","templated":true}]}}