{"id":18566,"date":"2026-01-19T15:13:54","date_gmt":"2026-01-19T14:13:54","guid":{"rendered":"https:\/\/lecasierfrancais.fr\/?p=18566"},"modified":"2026-01-19T15:13:54","modified_gmt":"2026-01-19T14:13:54","slug":"la-ferme-de-julie-des-casiers-de-produits-locaux-pour-attirer-une-nouvelle-clientele","status":"publish","type":"post","link":"https:\/\/lecasierfrancais.fr\/index.php\/2026\/01\/19\/la-ferme-de-julie-des-casiers-de-produits-locaux-pour-attirer-une-nouvelle-clientele\/","title":{"rendered":"[La Ferme de Julie] : Des casiers de produits locaux pour attirer une nouvelle client\u00e8le \ud83c\udf48"},"content":{"rendered":"[vc_row type=\u00a0\u00bbin_container\u00a0\u00bb full_screen_row_position=\u00a0\u00bbmiddle\u00a0\u00bb scene_position=\u00a0\u00bbcenter\u00a0\u00bb text_color=\u00a0\u00bbdark\u00a0\u00bb text_align=\u00a0\u00bbleft\u00a0\u00bb overlay_strength=\u00a0\u00bb0.3&Prime; shape_divider_position=\u00a0\u00bbbottom\u00a0\u00bb][vc_column column_padding=\u00a0\u00bbno-extra-padding\u00a0\u00bb column_padding_position=\u00a0\u00bball\u00a0\u00bb background_color_opacity=\u00a0\u00bb1&Prime; background_hover_color_opacity=\u00a0\u00bb1&Prime; column_shadow=\u00a0\u00bbnone\u00a0\u00bb column_border_radius=\u00a0\u00bbnone\u00a0\u00bb width=\u00a0\u00bb1\/1&Prime; tablet_text_alignment=\u00a0\u00bbdefault\u00a0\u00bb phone_text_alignment=\u00a0\u00bbdefault\u00a0\u00bb column_border_width=\u00a0\u00bbnone\u00a0\u00bb column_border_style=\u00a0\u00bbsolid\u00a0\u00bb][vc_column_text]<em>\u00c0 Eymet, dans le P\u00e9rigord, Julie, maraich\u00e8re, a choisi d\u2019allier tradition familiale et modernit\u00e9 pour relancer la vente de ses produits \u00e0 la ferme. Confront\u00e9e \u00e0 une client\u00e8le vieillissante, elle a fait le pari d\u2019une solution innovante : les casiers de produits locaux. Un changement discret et pourtant strat\u00e9gique, qui attire aujourd\u2019hui une nouvelle client\u00e8le. D\u00e9couvrez comment Julie a r\u00e9ussi \u00e0 transmettre le go\u00fbt du terroir \u00e0 une toute nouvelle g\u00e9n\u00e9ration gr\u00e2ce au casier connect\u00e9.<\/em>[\/vc_column_text][\/vc_column][\/vc_row][vc_row type=\u00a0\u00bbin_container\u00a0\u00bb full_screen_row_position=\u00a0\u00bbmiddle\u00a0\u00bb scene_position=\u00a0\u00bbcenter\u00a0\u00bb text_color=\u00a0\u00bbdark\u00a0\u00bb text_align=\u00a0\u00bbleft\u00a0\u00bb overlay_strength=\u00a0\u00bb0.3&Prime; shape_divider_position=\u00a0\u00bbbottom\u00a0\u00bb][vc_column column_padding=\u00a0\u00bbno-extra-padding\u00a0\u00bb column_padding_position=\u00a0\u00bball\u00a0\u00bb background_color_opacity=\u00a0\u00bb1&Prime; background_hover_color_opacity=\u00a0\u00bb1&Prime; column_shadow=\u00a0\u00bbnone\u00a0\u00bb column_border_radius=\u00a0\u00bbnone\u00a0\u00bb width=\u00a0\u00bb1\/1&Prime; tablet_text_alignment=\u00a0\u00bbdefault\u00a0\u00bb phone_text_alignment=\u00a0\u00bbdefault\u00a0\u00bb column_border_width=\u00a0\u00bbnone\u00a0\u00bb column_border_style=\u00a0\u00bbsolid\u00a0\u00bb]<div class=\"img-with-aniamtion-wrap center\" data-max-width=\"100%\" data-border-radius=\"none\"><div class=\"inner\"><a href=\"https:\/\/lecasierfrancais.fr\/wp-content\/uploads\/2025\/12\/Julie-Lajaunie-e1768301924634.jpg\" class=\"pp center\"><img decoding=\"async\" data-shadow=\"none\" data-shadow-direction=\"middle\" class=\"img-with-animation \" data-delay=\"0\" height=\"667\" width=\"500\" data-animation=\"fade-in\" src=\"https:\/\/lecasierfrancais.fr\/wp-content\/uploads\/2025\/12\/Julie-Lajaunie-e1768301924634.jpg\"  alt=\"Julie posant devant ses casiers connect\u00e9s \u00e0 la ferme.\" \/><\/a><\/div><\/div>[\/vc_column][\/vc_row][vc_row type=\u00a0\u00bbin_container\u00a0\u00bb full_screen_row_position=\u00a0\u00bbmiddle\u00a0\u00bb scene_position=\u00a0\u00bbcenter\u00a0\u00bb text_color=\u00a0\u00bbdark\u00a0\u00bb text_align=\u00a0\u00bbleft\u00a0\u00bb overlay_strength=\u00a0\u00bb0.3&Prime; shape_divider_position=\u00a0\u00bbbottom\u00a0\u00bb][vc_column column_padding=\u00a0\u00bbno-extra-padding\u00a0\u00bb column_padding_position=\u00a0\u00bball\u00a0\u00bb background_color_opacity=\u00a0\u00bb1&Prime; background_hover_color_opacity=\u00a0\u00bb1&Prime; column_shadow=\u00a0\u00bbnone\u00a0\u00bb column_border_radius=\u00a0\u00bbnone\u00a0\u00bb width=\u00a0\u00bb1\/1&Prime; tablet_text_alignment=\u00a0\u00bbdefault\u00a0\u00bb phone_text_alignment=\u00a0\u00bbdefault\u00a0\u00bb column_border_width=\u00a0\u00bbnone\u00a0\u00bb column_border_style=\u00a0\u00bbsolid\u00a0\u00bb][vc_custom_heading text=\u00a0\u00bbModerniser la ferme familiale gr\u00e2ce aux casiers de produits locaux\ud83d\ude9c\u00a0\u00bb use_theme_fonts=\u00a0\u00bbyes\u00a0\u00bb][vc_column_text]En f\u00e9vrier 2024, Julie reprend l\u2019exploitation familiale en Dordogne. Depuis plus de 10 ans, la ferme vivait des ventes de ses productions avec un stand en bord de route, ouvert chaque \u00e9t\u00e9. Un \u00e9tal qui a fait ses preuves, mais qui montrait ses limites.<\/p>\n<p>\u00ab<em>\u202fLa client<\/em><em>\u00e8le <\/em><em>\u00e9tait fid<\/em><em>\u00e8le, mais elle vieillissait. On voyait bien que <\/em><em>\u00e7a tournait un peu en rond<\/em><em>\u202f<\/em><em>\u00bb,<\/em> confie-t-elle.<\/p>\n<p>C\u2019est son p\u00e8re, attentif aux \u00e9volutions du m\u00e9tier, qui pense \u00e0 une id\u00e9e <strong>: installer des casiers<\/strong> <strong>de produits locaux<\/strong> pour attirer une nouvelle population. Un projet simple, et visionnaire pour renouveler la client\u00e8le et vendre ses produits 24h\/24 et 7j\/7.[\/vc_column_text][\/vc_column][\/vc_row][vc_row type=\u00a0\u00bbin_container\u00a0\u00bb full_screen_row_position=\u00a0\u00bbmiddle\u00a0\u00bb scene_position=\u00a0\u00bbcenter\u00a0\u00bb text_color=\u00a0\u00bbdark\u00a0\u00bb text_align=\u00a0\u00bbleft\u00a0\u00bb overlay_strength=\u00a0\u00bb0.3&Prime; shape_divider_position=\u00a0\u00bbbottom\u00a0\u00bb][vc_column column_padding=\u00a0\u00bbno-extra-padding\u00a0\u00bb column_padding_position=\u00a0\u00bball\u00a0\u00bb background_color_opacity=\u00a0\u00bb1&Prime; background_hover_color_opacity=\u00a0\u00bb1&Prime; column_shadow=\u00a0\u00bbnone\u00a0\u00bb column_border_radius=\u00a0\u00bbnone\u00a0\u00bb width=\u00a0\u00bb1\/1&Prime; tablet_text_alignment=\u00a0\u00bbdefault\u00a0\u00bb phone_text_alignment=\u00a0\u00bbdefault\u00a0\u00bb column_border_width=\u00a0\u00bbnone\u00a0\u00bb column_border_style=\u00a0\u00bbsolid\u00a0\u00bb][vc_custom_heading text=\u00a0\u00bbInstaller des casiers de produits locaux : un pari rapidement gagnant \ud83d\ude80\u00a0\u00bb use_theme_fonts=\u00a0\u00bbyes\u00a0\u00bb][vc_column_text]Quelques mois plus tard, en juin 2025, les premiers casiers de produits locaux sont mis en service. Julie d\u00e9marre avec un module de 15 casiers, compl\u00e9t\u00e9 d\u2019un second en<a href=\"https:\/\/lecasierfrancais.fr\/index.php\/innovations-double-vente\/\" target=\"_blank\" rel=\"noopener\"> double vente<\/a>, ce qui lui permet de vendre 2 produits par case, et de recharger moins souvent ses distributeurs.<\/p>\n<p>Rapidement, les premiers achats confirment l\u2019intuition familiale. Les clients sont curieux, intrigu\u00e9s, puis s\u00e9duits par la simplicit\u00e9 du syst\u00e8me.<\/p>\n<p>Le pari est tenu : ses casiers de produits locaux trouvent leur public et <strong>les ventes se multiplient d\u00e8s les premiers mois.<\/strong>[\/vc_column_text][\/vc_column][\/vc_row][vc_row type=\u00a0\u00bbin_container\u00a0\u00bb full_screen_row_position=\u00a0\u00bbmiddle\u00a0\u00bb scene_position=\u00a0\u00bbcenter\u00a0\u00bb text_color=\u00a0\u00bbdark\u00a0\u00bb text_align=\u00a0\u00bbleft\u00a0\u00bb overlay_strength=\u00a0\u00bb0.3&Prime; shape_divider_position=\u00a0\u00bbbottom\u00a0\u00bb][vc_column column_padding=\u00a0\u00bbno-extra-padding\u00a0\u00bb column_padding_position=\u00a0\u00bball\u00a0\u00bb background_color_opacity=\u00a0\u00bb1&Prime; background_hover_color_opacity=\u00a0\u00bb1&Prime; column_shadow=\u00a0\u00bbnone\u00a0\u00bb column_border_radius=\u00a0\u00bbnone\u00a0\u00bb width=\u00a0\u00bb1\/1&Prime; tablet_text_alignment=\u00a0\u00bbdefault\u00a0\u00bb phone_text_alignment=\u00a0\u00bbdefault\u00a0\u00bb column_border_width=\u00a0\u00bbnone\u00a0\u00bb column_border_style=\u00a0\u00bbsolid\u00a0\u00bb][vc_custom_heading text=\u00a0\u00bbUne offre vari\u00e9e pour faire vivre les casiers de produits locaux toute l\u2019ann\u00e9e \u2600\ufe0f\u00a0\u00bb use_theme_fonts=\u00a0\u00bbyes\u00a0\u00bb][vc_column_text]Julie sait qu\u2019un <a href=\"https:\/\/lecasierfrancais.fr\/index.php\/2024\/03\/12\/10-bonnes-raisons-de-passer-a-la-vente-directe-par-casiers\/\" target=\"_blank\" rel=\"noopener\">bon fonctionnement des casiers<\/a> passe par une offre adapt\u00e9e \u00e0 chaque saison<strong>.<\/strong> L\u2019\u00e9t\u00e9, elle <strong>s\u2019appuie sur sa propre production<\/strong>, 100\u202f% locale et de saison\u2026<\/p>\n<p>\u00ab<em>\u202fJe propose ce que je cultive : tomates, melons, p<\/em><em>\u00eaches, nectarines, poivrons<\/em><em>\u2026 Tout vient de mes champs.<\/em><em>\u202f<\/em><em>\u00bb<\/em><\/p>\n<p>Ultra local, vous avez dit\u00a0? D\u00e8s l\u2019automne, la mara\u00eech\u00e8re choisit <strong>d<\/strong><strong>\u2019ouvrir ses casiers <\/strong><strong>\u00e0 d<\/strong><strong>\u2019autres producteurs locaux.<\/strong> Poulet fermier, produits laitiers, jus de fruits, p\u00e2tes feuillet\u00e9es artisanales ou encore cannel\u00e9s viennent compl\u00e9ter l\u2019offre. \u00ab<em>\u00a0Je s<\/em><em>\u00e9lectionne des produits que j<\/em><em>\u2019aimerais trouver moi-m<\/em><em>\u00eame, avec des producteurs du coin.<\/em><em>\u00a0<\/em><em>\u00bb<\/em> Cette logique de compl\u00e9mentarit\u00e9 permet aux distributeurs automatiques de rester actifs toute l\u2019ann\u00e9e, et d\u2019assurer une continuit\u00e9 de service aupr\u00e8s des clients, m\u00eame hors saison.<\/p>\n<p>Un \u00e9quilibre qui renforce l\u2019attractivit\u00e9 de l\u2019installation et sa pertinence \u00e9conomique.[\/vc_column_text][\/vc_column][\/vc_row][vc_row type=\u00a0\u00bbin_container\u00a0\u00bb full_screen_row_position=\u00a0\u00bbmiddle\u00a0\u00bb scene_position=\u00a0\u00bbcenter\u00a0\u00bb text_color=\u00a0\u00bbdark\u00a0\u00bb text_align=\u00a0\u00bbleft\u00a0\u00bb overlay_strength=\u00a0\u00bb0.3&Prime; shape_divider_position=\u00a0\u00bbbottom\u00a0\u00bb][vc_column column_padding=\u00a0\u00bbno-extra-padding\u00a0\u00bb column_padding_position=\u00a0\u00bball\u00a0\u00bb background_color_opacity=\u00a0\u00bb1&Prime; background_hover_color_opacity=\u00a0\u00bb1&Prime; column_shadow=\u00a0\u00bbnone\u00a0\u00bb column_border_radius=\u00a0\u00bbnone\u00a0\u00bb width=\u00a0\u00bb1\/1&Prime; tablet_text_alignment=\u00a0\u00bbdefault\u00a0\u00bb phone_text_alignment=\u00a0\u00bbdefault\u00a0\u00bb column_border_width=\u00a0\u00bbnone\u00a0\u00bb column_border_style=\u00a0\u00bbsolid\u00a0\u00bb]<div class=\"img-with-aniamtion-wrap center\" data-max-width=\"100%\" data-border-radius=\"none\"><div class=\"inner\"><a href=\"https:\/\/lecasierfrancais.fr\/wp-content\/uploads\/2025\/12\/Capture-decran-2025-07-03-104658.jpg\" class=\"pp center\"><img decoding=\"async\" data-shadow=\"none\" data-shadow-direction=\"middle\" class=\"img-with-animation \" data-delay=\"0\" height=\"804\" width=\"598\" data-animation=\"fade-in\" src=\"https:\/\/lecasierfrancais.fr\/wp-content\/uploads\/2025\/12\/Capture-decran-2025-07-03-104658.jpg\" srcset=\"https:\/\/lecasierfrancais.fr\/wp-content\/uploads\/2025\/12\/Capture-decran-2025-07-03-104658.jpg 598w, https:\/\/lecasierfrancais.fr\/wp-content\/uploads\/2025\/12\/Capture-decran-2025-07-03-104658-223x300.jpg 223w, https:\/\/lecasierfrancais.fr\/wp-content\/uploads\/2025\/12\/Capture-decran-2025-07-03-104658-200x269.jpg 200w\" sizes=\"100vw\" alt=\"Photo du point de vente de la ferme de Julie\" \/><\/a><\/div><\/div>[\/vc_column][\/vc_row][vc_row type=\u00a0\u00bbin_container\u00a0\u00bb full_screen_row_position=\u00a0\u00bbmiddle\u00a0\u00bb scene_position=\u00a0\u00bbcenter\u00a0\u00bb text_color=\u00a0\u00bbdark\u00a0\u00bb text_align=\u00a0\u00bbleft\u00a0\u00bb overlay_strength=\u00a0\u00bb0.3&Prime; shape_divider_position=\u00a0\u00bbbottom\u00a0\u00bb][vc_column column_padding=\u00a0\u00bbno-extra-padding\u00a0\u00bb column_padding_position=\u00a0\u00bball\u00a0\u00bb background_color_opacity=\u00a0\u00bb1&Prime; background_hover_color_opacity=\u00a0\u00bb1&Prime; column_shadow=\u00a0\u00bbnone\u00a0\u00bb column_border_radius=\u00a0\u00bbnone\u00a0\u00bb width=\u00a0\u00bb1\/1&Prime; tablet_text_alignment=\u00a0\u00bbdefault\u00a0\u00bb phone_text_alignment=\u00a0\u00bbdefault\u00a0\u00bb column_border_width=\u00a0\u00bbnone\u00a0\u00bb column_border_style=\u00a0\u00bbsolid\u00a0\u00bb][vc_custom_heading text=\u00a0\u00bbLes casiers de produits locaux, un outil pour mieux g\u00e9rer son temps \u231a\u00a0\u00bb use_theme_fonts=\u00a0\u00bbyes\u00a0\u00bb][vc_column_text]Au-del\u00e0 de la vente, les casiers de produits locaux ont transform\u00e9 l\u2019organisation du travail de Julie. \u00ab<em>\u202fL<\/em><em>\u2019\u00e9t<\/em><em>\u00e9, je gagne un temps fou. Je peux rester sur l<\/em><em>\u2019exploitation, avancer dans les cultures, tout en continuant <\/em><em>\u00e0 vendre<\/em><em>\u202f<\/em><em>\u00bb,<\/em> explique-t-elle.<\/p>\n<p>Ce fonctionnement en continu lui permet de se concentrer sur son c\u0153ur de m\u00e9tier, sans avoir \u00e0 g\u00e9rer une pr\u00e9sence constante \u00e0 un point de vente. Une v\u00e9ritable <strong>flexibilit\u00e9 au quotidien.<\/strong><\/p>\n<p>Et l\u2019hiver, l\u00e0 o\u00f9 les revenus \u00e9taient traditionnellement faibles, elle maintient d\u00e9sormais <strong>une activit<\/strong><strong>\u00e9 r<\/strong><strong>\u00e9guli<\/strong><strong>\u00e8re.<\/strong> \u00ab\u202fJ\u2019ai enfin un compl\u00e9ment de revenu en basse saison, ce que je n\u2019avais pas du tout avant.\u202f\u00bb<\/p>\n<p>Ses casiers de produits locaux sont devenus un levier d\u2019autonomie et de s\u00e9r\u00e9nit\u00e9 pour notre mara\u00eech\u00e8re.[\/vc_column_text][\/vc_column][\/vc_row][vc_row type=\u00a0\u00bbin_container\u00a0\u00bb full_screen_row_position=\u00a0\u00bbmiddle\u00a0\u00bb scene_position=\u00a0\u00bbcenter\u00a0\u00bb text_color=\u00a0\u00bbdark\u00a0\u00bb text_align=\u00a0\u00bbleft\u00a0\u00bb overlay_strength=\u00a0\u00bb0.3&Prime; shape_divider_position=\u00a0\u00bbbottom\u00a0\u00bb][vc_column column_padding=\u00a0\u00bbno-extra-padding\u00a0\u00bb column_padding_position=\u00a0\u00bball\u00a0\u00bb background_color_opacity=\u00a0\u00bb1&Prime; background_hover_color_opacity=\u00a0\u00bb1&Prime; column_shadow=\u00a0\u00bbnone\u00a0\u00bb column_border_radius=\u00a0\u00bbnone\u00a0\u00bb width=\u00a0\u00bb1\/1&Prime; tablet_text_alignment=\u00a0\u00bbdefault\u00a0\u00bb phone_text_alignment=\u00a0\u00bbdefault\u00a0\u00bb column_border_width=\u00a0\u00bbnone\u00a0\u00bb column_border_style=\u00a0\u00bbsolid\u00a0\u00bb][vc_custom_heading text=\u00a0\u00bbUne nouvelle client\u00e8le s\u00e9duite par les casiers de produits locaux\u2764\ufe0f\u00a0\u00bb use_theme_fonts=\u00a0\u00bbyes\u00a0\u00bb][vc_column_text]L\u2019installation des casiers de produits locaux a eu <strong>un effet imm\u00e9diat<\/strong> sur le profil des clients. Julie l\u2019observe tr\u00e8s rapidement \u00a0: <em>\u00ab<\/em><em>\u202fLe stand attire surtout les habitu<\/em><em>\u00e9s, souvent plus <\/em><em>\u00e2g<\/em><em>\u00e9s. Les casiers, eux, ont fait venir une client<\/em><em>\u00e8le nouvelle.<\/em><em>\u202f<\/em><em>\u00bb <\/em><\/p>\n<p>En \u00e9t\u00e9, ce sont des familles, des jeunes actifs, des touristes de passage qui viennent consommer dans les casiers alors qu\u2019en hiver, ce sont des consommateurs plus sensibles \u00e0 la qualit\u00e9 des produits, parfois plus ais\u00e9s, qui prennent le relais. Cette \u00e9volution s\u2019explique aussi par le choix de Julie de remplir ses casiers, hors saison, avec des productions locales et biologiques soigneusement s\u00e9lectionn\u00e9es.<\/p>\n<p>Le <a href=\"https:\/\/lecasierfrancais.fr\/index.php\/nos-solutions-modulables\/\" target=\"_blank\" rel=\"noopener\">distributeur<\/a> est capable de r\u00e9pondre \u00e0 des attentes diverses et la client\u00e8le est bel et bien au rendez-vous : les ventes <strong>ont m\u00eame d\u00e9pass\u00e9 les attentes<\/strong> de Julie d\u00e8s les premi\u00e8res semaines. En 6 mois, elle a d\u00e9j\u00e0 \u00e9coul\u00e9 8500 produits dans ses casiers connect\u00e9s.[\/vc_column_text][\/vc_column][\/vc_row][vc_row type=\u00a0\u00bbin_container\u00a0\u00bb full_screen_row_position=\u00a0\u00bbmiddle\u00a0\u00bb scene_position=\u00a0\u00bbcenter\u00a0\u00bb text_color=\u00a0\u00bbdark\u00a0\u00bb text_align=\u00a0\u00bbleft\u00a0\u00bb overlay_strength=\u00a0\u00bb0.3&Prime; shape_divider_position=\u00a0\u00bbbottom\u00a0\u00bb][vc_column column_padding=\u00a0\u00bbno-extra-padding\u00a0\u00bb column_padding_position=\u00a0\u00bball\u00a0\u00bb background_color_opacity=\u00a0\u00bb1&Prime; background_hover_color_opacity=\u00a0\u00bb1&Prime; column_shadow=\u00a0\u00bbnone\u00a0\u00bb column_border_radius=\u00a0\u00bbnone\u00a0\u00bb width=\u00a0\u00bb1\/1&Prime; tablet_text_alignment=\u00a0\u00bbdefault\u00a0\u00bb phone_text_alignment=\u00a0\u00bbdefault\u00a0\u00bb column_border_width=\u00a0\u00bbnone\u00a0\u00bb column_border_style=\u00a0\u00bbsolid\u00a0\u00bb][vc_custom_heading text=\u00a0\u00bbLes casiers de produits locaux, un mod\u00e8le qui inspire d\u2019autres producteurs \ud83d\udca1\u00a0\u00bb use_theme_fonts=\u00a0\u00bbyes\u00a0\u00bb][vc_column_text]Dans la r\u00e9gion, Julie explique que ce type de point de vente en casiers <strong>est tr\u00e8s d\u00e9velopp\u00e9. <\/strong><\/p>\n<p>Depuis l\u2019installation de ses casiers de produits locaux, Julie est sollicit\u00e9e par d\u2019autres producteurs curieux de ce nouveau mod\u00e8le.<\/p>\n<p>\u00ab<em>Je recommande vivement les casiers connect\u00e9s \u00e0 mes confr\u00e8res. Il faut foncer<\/em><em>\u202f!<\/em><em>\u202f<\/em>\u00bb<\/p>\n<p>En partageant son retour terrain, elle contribue \u00e0 diffuser une autre mani\u00e8re de vendre : plus autonome, plus souple et toujours ancr\u00e9e dans le local.<\/p>\n<p>Pour Julie, les casiers de produits locaux ne sont pas qu\u2019un outil technique\u202f: ils sont un pont entre des modes de vie qui bougent et <strong>un m<\/strong><strong>\u00e9tier agricole qui s<\/strong><strong>\u2019adapte<\/strong>.[\/vc_column_text][\/vc_column][\/vc_row][vc_row type=\u00a0\u00bbin_container\u00a0\u00bb full_screen_row_position=\u00a0\u00bbmiddle\u00a0\u00bb scene_position=\u00a0\u00bbcenter\u00a0\u00bb text_color=\u00a0\u00bbdark\u00a0\u00bb text_align=\u00a0\u00bbleft\u00a0\u00bb overlay_strength=\u00a0\u00bb0.3&Prime; shape_divider_position=\u00a0\u00bbbottom\u00a0\u00bb][vc_column column_padding=\u00a0\u00bbno-extra-padding\u00a0\u00bb column_padding_position=\u00a0\u00bball\u00a0\u00bb background_color_opacity=\u00a0\u00bb1&Prime; background_hover_color_opacity=\u00a0\u00bb1&Prime; column_shadow=\u00a0\u00bbnone\u00a0\u00bb column_border_radius=\u00a0\u00bbnone\u00a0\u00bb width=\u00a0\u00bb1\/1&Prime; tablet_text_alignment=\u00a0\u00bbdefault\u00a0\u00bb phone_text_alignment=\u00a0\u00bbdefault\u00a0\u00bb column_border_width=\u00a0\u00bbnone\u00a0\u00bb column_border_style=\u00a0\u00bbsolid\u00a0\u00bb]<div class=\"img-with-aniamtion-wrap center\" data-max-width=\"100%\" data-border-radius=\"none\"><div class=\"inner\"><a href=\"https:\/\/lecasierfrancais.fr\/wp-content\/uploads\/2025\/12\/la-ferme-de-julie-24-2-e1768303125975.jpg\" class=\"pp center\"><img decoding=\"async\" data-shadow=\"none\" data-shadow-direction=\"middle\" class=\"img-with-animation \" data-delay=\"0\" height=\"700\" width=\"525\" data-animation=\"fade-in\" src=\"https:\/\/lecasierfrancais.fr\/wp-content\/uploads\/2025\/12\/la-ferme-de-julie-24-2-e1768303125975.jpg\"  alt=\"Distributeur automatique la Ferme de Julie\" \/><\/a><\/div><\/div>[\/vc_column][\/vc_row][vc_row type=\u00a0\u00bbin_container\u00a0\u00bb full_screen_row_position=\u00a0\u00bbmiddle\u00a0\u00bb scene_position=\u00a0\u00bbcenter\u00a0\u00bb text_color=\u00a0\u00bbdark\u00a0\u00bb text_align=\u00a0\u00bbleft\u00a0\u00bb overlay_strength=\u00a0\u00bb0.3&Prime; shape_divider_position=\u00a0\u00bbbottom\u00a0\u00bb][vc_column column_padding=\u00a0\u00bbno-extra-padding\u00a0\u00bb column_padding_position=\u00a0\u00bball\u00a0\u00bb background_color_opacity=\u00a0\u00bb1&Prime; background_hover_color_opacity=\u00a0\u00bb1&Prime; column_shadow=\u00a0\u00bbnone\u00a0\u00bb column_border_radius=\u00a0\u00bbnone\u00a0\u00bb width=\u00a0\u00bb1\/1&Prime; tablet_text_alignment=\u00a0\u00bbdefault\u00a0\u00bb phone_text_alignment=\u00a0\u00bbdefault\u00a0\u00bb column_border_width=\u00a0\u00bbnone\u00a0\u00bb column_border_style=\u00a0\u00bbsolid\u00a0\u00bb][vc_custom_heading text=\u00a0\u00bbLe Casier Fran\u00e7ais : un partenaire fiable pour ses casiers de produits locaux \ud83d\udd35\u26aa\ufe0f\ud83d\udd34\u00a0\u00bb use_theme_fonts=\u00a0\u00bbyes\u00a0\u00bb][vc_column_text]Derri\u00e8re cette transformation, Julie sait qu\u2019elle a \u00e9t\u00e9 bien entour\u00e9e. <em>\u00ab Je suis tr\u00e8s contente des \u00e9quipes <a href=\"https:\/\/lecasierfrancais.fr\/index.php\/2024\/07\/29\/distributeur-automatique-le-casier-francais-achat-location\/\" target=\"_blank\" rel=\"noopener\">Le Casier Fran\u00e7ais.<\/a> Le SAV est rapide, efficace, et l\u2019\u00e9quipe est pr\u00e9sente sur toutes les phases du projet \u00bb.<\/em> Elle souligne \u00e9galement <strong>le soin apport\u00e9 au design<\/strong> <em>\u00ab Les casiers sont sobres, bien pens\u00e9s, j\u2019aime beaucoup l\u2019esth\u00e9tique, c\u2019est ce qui a fait la diff<\/em><em>\u00e9rence avec d<\/em><em>\u2019autres marques.<\/em><em>\u202f<\/em><em>\u00bb<\/em><\/p>\n<p>Julie ajoute aussi la <strong>facilit\u00e9 d\u2019utilisation<\/strong> au quotidien <em>: \u00ab<\/em><em>\u202fL<\/em><em>\u2019\u00e9cran est grand, l<\/em><em>\u2019interface est intuitive<\/em><em>\u2026 On prend vite ses marques.<\/em><em>\u202f<\/em><em>\u00bb<\/em>[\/vc_column_text][\/vc_column][\/vc_row][vc_row type=\u00a0\u00bbin_container\u00a0\u00bb full_screen_row_position=\u00a0\u00bbmiddle\u00a0\u00bb scene_position=\u00a0\u00bbcenter\u00a0\u00bb text_color=\u00a0\u00bbdark\u00a0\u00bb text_align=\u00a0\u00bbleft\u00a0\u00bb overlay_strength=\u00a0\u00bb0.3&Prime; shape_divider_position=\u00a0\u00bbbottom\u00a0\u00bb][vc_column column_padding=\u00a0\u00bbno-extra-padding\u00a0\u00bb column_padding_position=\u00a0\u00bball\u00a0\u00bb background_color_opacity=\u00a0\u00bb1&Prime; background_hover_color_opacity=\u00a0\u00bb1&Prime; column_shadow=\u00a0\u00bbnone\u00a0\u00bb column_border_radius=\u00a0\u00bbnone\u00a0\u00bb width=\u00a0\u00bb1\/1&Prime; tablet_text_alignment=\u00a0\u00bbdefault\u00a0\u00bb phone_text_alignment=\u00a0\u00bbdefault\u00a0\u00bb column_border_width=\u00a0\u00bbnone\u00a0\u00bb column_border_style=\u00a0\u00bbsolid\u00a0\u00bb][vc_custom_heading text=\u00a0\u00bbUne extension en vue pour les casiers de produits locaux de Julie\ud83d\udc4f\u00a0\u00bb use_theme_fonts=\u00a0\u00bbyes\u00a0\u00bb][vc_column_text]Face au succ\u00e8s de ses casiers de produits locaux, Julie ne compte pas en rester l\u00e0. D\u00e8s janvier prochain, un <strong>nouveau module double vente<\/strong> viendra compl\u00e9ter son installation. \u00ab<em>\u00a0<\/em><em>\u00c7a fonctionne bien, j<\/em><em>\u2019ai besoin de plus de capacit<\/em><em>\u00e9 pour r\u00e9pondre \u00e0 la demande.<\/em><em>\u00a0<\/em>\u00bb<\/p>\n<p>Et si ses ventes continuent de cro\u00eetre, elle envisage m\u00eame d\u2019aller jusqu\u2019\u00e0 4 armoires \u00e0 terme.<\/p>\n<p>Ce d\u00e9veloppement n\u2019est pas qu\u2019une affaire de volumes : il s\u2019inscrit dans un changement de vie.<\/p>\n<p><em>\u00ab<\/em><em>\u202fLes casiers m<\/em><em>\u2019ont permis de quitter mon ancien emploi plus t\u00f4t que pr\u00e9vu afin de m\u2019installer \u00e0 temps plein sur la ferme.<\/em><em>\u202f<\/em>\u00bb Ce qu\u2019elle n\u2019envisageait pas si t\u00f4t est devenu possible, en quelques mois.<\/p>\n<p>Plus qu\u2019un simple outil de vente, ses casiers de produits locaux sont devenus le socle <strong>d<\/strong><strong>\u2019une autonomie retrouv<\/strong><strong>\u00e9e,<\/strong> d\u2019une trajectoire qui lui ressemble, et d\u2019une vision confiante pour la suite.[\/vc_column_text][\/vc_column][\/vc_row][vc_row type=\u00a0\u00bbin_container\u00a0\u00bb full_screen_row_position=\u00a0\u00bbmiddle\u00a0\u00bb scene_position=\u00a0\u00bbcenter\u00a0\u00bb text_color=\u00a0\u00bbdark\u00a0\u00bb text_align=\u00a0\u00bbleft\u00a0\u00bb overlay_strength=\u00a0\u00bb0.3&Prime; shape_divider_position=\u00a0\u00bbbottom\u00a0\u00bb][vc_column column_padding=\u00a0\u00bbno-extra-padding\u00a0\u00bb column_padding_position=\u00a0\u00bball\u00a0\u00bb background_color_opacity=\u00a0\u00bb1&Prime; background_hover_color_opacity=\u00a0\u00bb1&Prime; column_shadow=\u00a0\u00bbnone\u00a0\u00bb column_border_radius=\u00a0\u00bbnone\u00a0\u00bb width=\u00a0\u00bb1\/1&Prime; tablet_text_alignment=\u00a0\u00bbdefault\u00a0\u00bb phone_text_alignment=\u00a0\u00bbdefault\u00a0\u00bb column_border_width=\u00a0\u00bbnone\u00a0\u00bb column_border_style=\u00a0\u00bbsolid\u00a0\u00bb][vc_zigzag color=\u00a0\u00bbvista_blue\u00a0\u00bb][vc_column_text]Nous remercions Julie pour sa confiance accord\u00e9e et nous sommes impatients de l\u2019accompagner dans ses futurs projets d\u2019extension.<\/p>\n<p>\ud83d\udccdLa Ferme de Julie \u00e0 Eymet dans le P\u00e9rigord, distributeur automatique ouvert toute l\u2019ann\u00e9e, 7j\/7 24h\/24.<\/p>\n<ul>\n<li><a href=\"https:\/\/www.facebook.com\/lafermedejulieljn\/?locale=fr_FR\" target=\"_blank\" rel=\"noopener\">Page Facebook<\/a><\/li>\n<li><a href=\"https:\/\/www.instagram.com\/laferme_dejulie\/\" target=\"_blank\" rel=\"noopener\">Page Instagram\u00a0<\/a><\/li>\n<\/ul>\n[\/vc_column_text][\/vc_column][\/vc_row]\n","protected":false},"excerpt":{"rendered":"<p>[vc_row type=\u00a0\u00bbin_container\u00a0\u00bb full_screen_row_position=\u00a0\u00bbmiddle\u00a0\u00bb scene_position=\u00a0\u00bbcenter\u00a0\u00bb text_color=\u00a0\u00bbdark\u00a0\u00bb text_align=\u00a0\u00bbleft\u00a0\u00bb overlay_strength=\u00a0\u00bb0.3&Prime; shape_divider_position=\u00a0\u00bbbottom\u00a0\u00bb][vc_column column_padding=\u00a0\u00bbno-extra-padding\u00a0\u00bb column_padding_position=\u00a0\u00bball\u00a0\u00bb background_color_opacity=\u00a0\u00bb1&Prime; background_hover_color_opacity=\u00a0\u00bb1&Prime; column_shadow=\u00a0\u00bbnone\u00a0\u00bb column_border_radius=\u00a0\u00bbnone\u00a0\u00bb width=\u00a0\u00bb1\/1&Prime;&#8230;<\/p>\n","protected":false},"author":8,"featured_media":18567,"comment_status":"open","ping_status":"open","sticky":false,"template":"","format":"standard","meta":{"footnotes":""},"categories":[564],"tags":[443,453,594,773,417,573,421,567,407,447,477],"class_list":{"0":"post-18566","1":"post","2":"type-post","3":"status-publish","4":"format-standard","5":"has-post-thumbnail","7":"category-portraits-de-producteurs","8":"tag-agriculture","9":"tag-casier-automatique","10":"tag-casier-connecte","11":"tag-casier-de-produits-locaux","12":"tag-circuit-court","13":"tag-distributeur-alimentaire","14":"tag-le-casier-francais","15":"tag-libre-service","16":"tag-made-in-france","17":"tag-productionlocale","18":"tag-vente-directe"},"yoast_head":"<!-- This site is optimized with the Yoast SEO Premium plugin v26.6 (Yoast SEO v26.6) - https:\/\/yoast.com\/wordpress\/plugins\/seo\/ -->\n<title>[La Ferme de Julie] : Des casiers de produits locaux pour attirer une nouvelle client\u00e8le \ud83c\udf48 - Le Casier Fran\u00e7ais<\/title>\n<meta name=\"description\" content=\"\u00c0 Eymet, dans le P\u00e9rigord, Julie modernise la vente \u00e0 la ferme avec des casiers connect\u00e9s, attirant une nouvelle g\u00e9n\u00e9ration au terroir local.\" \/>\n<meta name=\"robots\" content=\"index, follow, max-snippet:-1, max-image-preview:large, max-video-preview:-1\" \/>\n<link rel=\"canonical\" href=\"https:\/\/lecasierfrancais.fr\/index.php\/2026\/01\/19\/la-ferme-de-julie-des-casiers-de-produits-locaux-pour-attirer-une-nouvelle-clientele\/\" \/>\n<meta property=\"og:locale\" content=\"fr_FR\" \/>\n<meta property=\"og:type\" content=\"article\" \/>\n<meta property=\"og:title\" content=\"[La Ferme de Julie] : Des casiers de produits locaux pour attirer une nouvelle client\u00e8le \ud83c\udf48\" \/>\n<meta property=\"og:description\" content=\"\u00c0 Eymet, dans le P\u00e9rigord, Julie modernise la vente \u00e0 la ferme avec des casiers connect\u00e9s, attirant une nouvelle g\u00e9n\u00e9ration au terroir local.\" \/>\n<meta property=\"og:url\" content=\"https:\/\/lecasierfrancais.fr\/index.php\/2026\/01\/19\/la-ferme-de-julie-des-casiers-de-produits-locaux-pour-attirer-une-nouvelle-clientele\/\" \/>\n<meta property=\"og:site_name\" content=\"Le Casier Fran\u00e7ais\" \/>\n<meta property=\"article:publisher\" content=\"https:\/\/www.facebook.com\/lecasierfrancais\/\" \/>\n<meta property=\"article:published_time\" content=\"2026-01-19T14:13:54+00:00\" \/>\n<meta property=\"og:image\" content=\"https:\/\/lecasierfrancais.fr\/wp-content\/uploads\/2025\/12\/Julie-Lajaunie-e1768301924634.jpg\" \/>\n\t<meta property=\"og:image:width\" content=\"500\" \/>\n\t<meta property=\"og:image:height\" content=\"667\" \/>\n\t<meta property=\"og:image:type\" content=\"image\/jpeg\" \/>\n<meta name=\"author\" content=\"Le Casier Francais\" \/>\n<meta name=\"twitter:card\" content=\"summary_large_image\" \/>\n<meta name=\"twitter:label1\" content=\"\u00c9crit par\" \/>\n\t<meta name=\"twitter:data1\" content=\"Le Casier Francais\" \/>\n\t<meta name=\"twitter:label2\" content=\"Dur\u00e9e de lecture estim\u00e9e\" \/>\n\t<meta name=\"twitter:data2\" content=\"8 minutes\" \/>\n<script type=\"application\/ld+json\" class=\"yoast-schema-graph\">{\"@context\":\"https:\/\/schema.org\",\"@graph\":[{\"@type\":\"WebPage\",\"@id\":\"https:\/\/lecasierfrancais.fr\/index.php\/2026\/01\/19\/la-ferme-de-julie-des-casiers-de-produits-locaux-pour-attirer-une-nouvelle-clientele\/\",\"url\":\"https:\/\/lecasierfrancais.fr\/index.php\/2026\/01\/19\/la-ferme-de-julie-des-casiers-de-produits-locaux-pour-attirer-une-nouvelle-clientele\/\",\"name\":\"[La Ferme de Julie] : Des casiers de produits locaux pour attirer une nouvelle client\u00e8le \ud83c\udf48 - Le Casier Fran\u00e7ais\",\"isPartOf\":{\"@id\":\"https:\/\/lecasierfrancais.fr\/#website\"},\"primaryImageOfPage\":{\"@id\":\"https:\/\/lecasierfrancais.fr\/index.php\/2026\/01\/19\/la-ferme-de-julie-des-casiers-de-produits-locaux-pour-attirer-une-nouvelle-clientele\/#primaryimage\"},\"image\":{\"@id\":\"https:\/\/lecasierfrancais.fr\/index.php\/2026\/01\/19\/la-ferme-de-julie-des-casiers-de-produits-locaux-pour-attirer-une-nouvelle-clientele\/#primaryimage\"},\"thumbnailUrl\":\"https:\/\/lecasierfrancais.fr\/wp-content\/uploads\/2025\/12\/Julie-Lajaunie-e1768301924634.jpg\",\"datePublished\":\"2026-01-19T14:13:54+00:00\",\"author\":{\"@id\":\"https:\/\/lecasierfrancais.fr\/#\/schema\/person\/7ca32438b040d2a673afe220fe3c2fbd\"},\"description\":\"\u00c0 Eymet, dans le P\u00e9rigord, Julie modernise la vente \u00e0 la ferme avec des casiers connect\u00e9s, attirant une nouvelle g\u00e9n\u00e9ration au terroir local.\",\"breadcrumb\":{\"@id\":\"https:\/\/lecasierfrancais.fr\/index.php\/2026\/01\/19\/la-ferme-de-julie-des-casiers-de-produits-locaux-pour-attirer-une-nouvelle-clientele\/#breadcrumb\"},\"inLanguage\":\"fr-FR\",\"potentialAction\":[{\"@type\":\"ReadAction\",\"target\":[\"https:\/\/lecasierfrancais.fr\/index.php\/2026\/01\/19\/la-ferme-de-julie-des-casiers-de-produits-locaux-pour-attirer-une-nouvelle-clientele\/\"]}]},{\"@type\":\"ImageObject\",\"inLanguage\":\"fr-FR\",\"@id\":\"https:\/\/lecasierfrancais.fr\/index.php\/2026\/01\/19\/la-ferme-de-julie-des-casiers-de-produits-locaux-pour-attirer-une-nouvelle-clientele\/#primaryimage\",\"url\":\"https:\/\/lecasierfrancais.fr\/wp-content\/uploads\/2025\/12\/Julie-Lajaunie-e1768301924634.jpg\",\"contentUrl\":\"https:\/\/lecasierfrancais.fr\/wp-content\/uploads\/2025\/12\/Julie-Lajaunie-e1768301924634.jpg\",\"width\":500,\"height\":667,\"caption\":\"Julie posant devant ses casiers connect\u00e9s \u00e0 la ferme.\"},{\"@type\":\"BreadcrumbList\",\"@id\":\"https:\/\/lecasierfrancais.fr\/index.php\/2026\/01\/19\/la-ferme-de-julie-des-casiers-de-produits-locaux-pour-attirer-une-nouvelle-clientele\/#breadcrumb\",\"itemListElement\":[{\"@type\":\"ListItem\",\"position\":1,\"name\":\"Accueil\",\"item\":\"https:\/\/lecasierfrancais.fr\/\"},{\"@type\":\"ListItem\",\"position\":2,\"name\":\"[La Ferme de Julie] : Des casiers de produits locaux pour attirer une nouvelle client\u00e8le \ud83c\udf48\"}]},{\"@type\":\"WebSite\",\"@id\":\"https:\/\/lecasierfrancais.fr\/#website\",\"url\":\"https:\/\/lecasierfrancais.fr\/\",\"name\":\"Le Casier Fran\u00e7ais\",\"description\":\"Fabricant de casiers connect\u00e9s pour la vente directe de vos produits\",\"potentialAction\":[{\"@type\":\"SearchAction\",\"target\":{\"@type\":\"EntryPoint\",\"urlTemplate\":\"https:\/\/lecasierfrancais.fr\/?s={search_term_string}\"},\"query-input\":{\"@type\":\"PropertyValueSpecification\",\"valueRequired\":true,\"valueName\":\"search_term_string\"}}],\"inLanguage\":\"fr-FR\"},{\"@type\":\"Person\",\"@id\":\"https:\/\/lecasierfrancais.fr\/#\/schema\/person\/7ca32438b040d2a673afe220fe3c2fbd\",\"name\":\"Le Casier Francais\",\"image\":{\"@type\":\"ImageObject\",\"inLanguage\":\"fr-FR\",\"@id\":\"https:\/\/lecasierfrancais.fr\/#\/schema\/person\/image\/\",\"url\":\"https:\/\/secure.gravatar.com\/avatar\/f29776dfd97a4c78aee2ab31cb63a0f4097b8cc071a068daac2d914eb26fbbd4?s=96&d=mm&r=g\",\"contentUrl\":\"https:\/\/secure.gravatar.com\/avatar\/f29776dfd97a4c78aee2ab31cb63a0f4097b8cc071a068daac2d914eb26fbbd4?s=96&d=mm&r=g\",\"caption\":\"Le Casier Francais\"},\"url\":\"https:\/\/lecasierfrancais.fr\/index.php\/author\/le-casier-francais\/\"}]}<\/script>\n<!-- \/ Yoast SEO Premium plugin. -->","yoast_head_json":{"title":"[La Ferme de Julie] : Des casiers de produits locaux pour attirer une nouvelle client\u00e8le \ud83c\udf48 - Le Casier Fran\u00e7ais","description":"\u00c0 Eymet, dans le P\u00e9rigord, Julie modernise la vente \u00e0 la ferme avec des casiers connect\u00e9s, attirant une nouvelle g\u00e9n\u00e9ration au terroir local.","robots":{"index":"index","follow":"follow","max-snippet":"max-snippet:-1","max-image-preview":"max-image-preview:large","max-video-preview":"max-video-preview:-1"},"canonical":"https:\/\/lecasierfrancais.fr\/index.php\/2026\/01\/19\/la-ferme-de-julie-des-casiers-de-produits-locaux-pour-attirer-une-nouvelle-clientele\/","og_locale":"fr_FR","og_type":"article","og_title":"[La Ferme de Julie] : Des casiers de produits locaux pour attirer une nouvelle client\u00e8le \ud83c\udf48","og_description":"\u00c0 Eymet, dans le P\u00e9rigord, Julie modernise la vente \u00e0 la ferme avec des casiers connect\u00e9s, attirant une nouvelle g\u00e9n\u00e9ration au terroir local.","og_url":"https:\/\/lecasierfrancais.fr\/index.php\/2026\/01\/19\/la-ferme-de-julie-des-casiers-de-produits-locaux-pour-attirer-une-nouvelle-clientele\/","og_site_name":"Le Casier Fran\u00e7ais","article_publisher":"https:\/\/www.facebook.com\/lecasierfrancais\/","article_published_time":"2026-01-19T14:13:54+00:00","og_image":[{"width":500,"height":667,"url":"https:\/\/lecasierfrancais.fr\/wp-content\/uploads\/2025\/12\/Julie-Lajaunie-e1768301924634.jpg","type":"image\/jpeg"}],"author":"Le Casier Francais","twitter_card":"summary_large_image","twitter_misc":{"\u00c9crit par":"Le Casier Francais","Dur\u00e9e de lecture estim\u00e9e":"8 minutes"},"schema":{"@context":"https:\/\/schema.org","@graph":[{"@type":"WebPage","@id":"https:\/\/lecasierfrancais.fr\/index.php\/2026\/01\/19\/la-ferme-de-julie-des-casiers-de-produits-locaux-pour-attirer-une-nouvelle-clientele\/","url":"https:\/\/lecasierfrancais.fr\/index.php\/2026\/01\/19\/la-ferme-de-julie-des-casiers-de-produits-locaux-pour-attirer-une-nouvelle-clientele\/","name":"[La Ferme de Julie] : Des casiers de produits locaux pour attirer une nouvelle client\u00e8le \ud83c\udf48 - Le Casier Fran\u00e7ais","isPartOf":{"@id":"https:\/\/lecasierfrancais.fr\/#website"},"primaryImageOfPage":{"@id":"https:\/\/lecasierfrancais.fr\/index.php\/2026\/01\/19\/la-ferme-de-julie-des-casiers-de-produits-locaux-pour-attirer-une-nouvelle-clientele\/#primaryimage"},"image":{"@id":"https:\/\/lecasierfrancais.fr\/index.php\/2026\/01\/19\/la-ferme-de-julie-des-casiers-de-produits-locaux-pour-attirer-une-nouvelle-clientele\/#primaryimage"},"thumbnailUrl":"https:\/\/lecasierfrancais.fr\/wp-content\/uploads\/2025\/12\/Julie-Lajaunie-e1768301924634.jpg","datePublished":"2026-01-19T14:13:54+00:00","author":{"@id":"https:\/\/lecasierfrancais.fr\/#\/schema\/person\/7ca32438b040d2a673afe220fe3c2fbd"},"description":"\u00c0 Eymet, dans le P\u00e9rigord, Julie modernise la vente \u00e0 la ferme avec des casiers connect\u00e9s, attirant une nouvelle g\u00e9n\u00e9ration au terroir local.","breadcrumb":{"@id":"https:\/\/lecasierfrancais.fr\/index.php\/2026\/01\/19\/la-ferme-de-julie-des-casiers-de-produits-locaux-pour-attirer-une-nouvelle-clientele\/#breadcrumb"},"inLanguage":"fr-FR","potentialAction":[{"@type":"ReadAction","target":["https:\/\/lecasierfrancais.fr\/index.php\/2026\/01\/19\/la-ferme-de-julie-des-casiers-de-produits-locaux-pour-attirer-une-nouvelle-clientele\/"]}]},{"@type":"ImageObject","inLanguage":"fr-FR","@id":"https:\/\/lecasierfrancais.fr\/index.php\/2026\/01\/19\/la-ferme-de-julie-des-casiers-de-produits-locaux-pour-attirer-une-nouvelle-clientele\/#primaryimage","url":"https:\/\/lecasierfrancais.fr\/wp-content\/uploads\/2025\/12\/Julie-Lajaunie-e1768301924634.jpg","contentUrl":"https:\/\/lecasierfrancais.fr\/wp-content\/uploads\/2025\/12\/Julie-Lajaunie-e1768301924634.jpg","width":500,"height":667,"caption":"Julie posant devant ses casiers connect\u00e9s \u00e0 la ferme."},{"@type":"BreadcrumbList","@id":"https:\/\/lecasierfrancais.fr\/index.php\/2026\/01\/19\/la-ferme-de-julie-des-casiers-de-produits-locaux-pour-attirer-une-nouvelle-clientele\/#breadcrumb","itemListElement":[{"@type":"ListItem","position":1,"name":"Accueil","item":"https:\/\/lecasierfrancais.fr\/"},{"@type":"ListItem","position":2,"name":"[La Ferme de Julie] : Des casiers de produits locaux pour attirer une nouvelle client\u00e8le \ud83c\udf48"}]},{"@type":"WebSite","@id":"https:\/\/lecasierfrancais.fr\/#website","url":"https:\/\/lecasierfrancais.fr\/","name":"Le Casier Fran\u00e7ais","description":"Fabricant de casiers connect\u00e9s pour la vente directe de vos produits","potentialAction":[{"@type":"SearchAction","target":{"@type":"EntryPoint","urlTemplate":"https:\/\/lecasierfrancais.fr\/?s={search_term_string}"},"query-input":{"@type":"PropertyValueSpecification","valueRequired":true,"valueName":"search_term_string"}}],"inLanguage":"fr-FR"},{"@type":"Person","@id":"https:\/\/lecasierfrancais.fr\/#\/schema\/person\/7ca32438b040d2a673afe220fe3c2fbd","name":"Le Casier Francais","image":{"@type":"ImageObject","inLanguage":"fr-FR","@id":"https:\/\/lecasierfrancais.fr\/#\/schema\/person\/image\/","url":"https:\/\/secure.gravatar.com\/avatar\/f29776dfd97a4c78aee2ab31cb63a0f4097b8cc071a068daac2d914eb26fbbd4?s=96&d=mm&r=g","contentUrl":"https:\/\/secure.gravatar.com\/avatar\/f29776dfd97a4c78aee2ab31cb63a0f4097b8cc071a068daac2d914eb26fbbd4?s=96&d=mm&r=g","caption":"Le Casier Francais"},"url":"https:\/\/lecasierfrancais.fr\/index.php\/author\/le-casier-francais\/"}]}},"_links":{"self":[{"href":"https:\/\/lecasierfrancais.fr\/index.php\/wp-json\/wp\/v2\/posts\/18566","targetHints":{"allow":["GET"]}}],"collection":[{"href":"https:\/\/lecasierfrancais.fr\/index.php\/wp-json\/wp\/v2\/posts"}],"about":[{"href":"https:\/\/lecasierfrancais.fr\/index.php\/wp-json\/wp\/v2\/types\/post"}],"author":[{"embeddable":true,"href":"https:\/\/lecasierfrancais.fr\/index.php\/wp-json\/wp\/v2\/users\/8"}],"replies":[{"embeddable":true,"href":"https:\/\/lecasierfrancais.fr\/index.php\/wp-json\/wp\/v2\/comments?post=18566"}],"version-history":[{"count":6,"href":"https:\/\/lecasierfrancais.fr\/index.php\/wp-json\/wp\/v2\/posts\/18566\/revisions"}],"predecessor-version":[{"id":18951,"href":"https:\/\/lecasierfrancais.fr\/index.php\/wp-json\/wp\/v2\/posts\/18566\/revisions\/18951"}],"wp:featuredmedia":[{"embeddable":true,"href":"https:\/\/lecasierfrancais.fr\/index.php\/wp-json\/wp\/v2\/media\/18567"}],"wp:attachment":[{"href":"https:\/\/lecasierfrancais.fr\/index.php\/wp-json\/wp\/v2\/media?parent=18566"}],"wp:term":[{"taxonomy":"category","embeddable":true,"href":"https:\/\/lecasierfrancais.fr\/index.php\/wp-json\/wp\/v2\/categories?post=18566"},{"taxonomy":"post_tag","embeddable":true,"href":"https:\/\/lecasierfrancais.fr\/index.php\/wp-json\/wp\/v2\/tags?post=18566"}],"curies":[{"name":"wp","href":"https:\/\/api.w.org\/{rel}","templated":true}]}}