{"id":18798,"date":"2026-01-15T13:44:08","date_gmt":"2026-01-15T12:44:08","guid":{"rendered":"https:\/\/lecasierfrancais.fr\/?p=18798"},"modified":"2026-01-15T13:44:08","modified_gmt":"2026-01-15T12:44:08","slug":"pourquoi-nous-defendons-le-made-in-france-un-choix-qui-change-tout-pour-un-casier-fabrique-en-france","status":"publish","type":"post","link":"https:\/\/lecasierfrancais.fr\/index.php\/2026\/01\/15\/pourquoi-nous-defendons-le-made-in-france-un-choix-qui-change-tout-pour-un-casier-fabrique-en-france\/","title":{"rendered":"Pourquoi nous d\u00e9fendons le Made in France : un choix qui change tout pour un casier fabriqu\u00e9 en France \ud83d\udd35 \u26aa \ud83d\udd34"},"content":{"rendered":"[vc_row type=\u00a0\u00bbin_container\u00a0\u00bb full_screen_row_position=\u00a0\u00bbmiddle\u00a0\u00bb scene_position=\u00a0\u00bbcenter\u00a0\u00bb text_color=\u00a0\u00bbdark\u00a0\u00bb text_align=\u00a0\u00bbleft\u00a0\u00bb overlay_strength=\u00a0\u00bb0.3&Prime; shape_divider_position=\u00a0\u00bbbottom\u00a0\u00bb][vc_column column_padding=\u00a0\u00bbno-extra-padding\u00a0\u00bb column_padding_position=\u00a0\u00bball\u00a0\u00bb background_color_opacity=\u00a0\u00bb1&Prime; background_hover_color_opacity=\u00a0\u00bb1&Prime; column_shadow=\u00a0\u00bbnone\u00a0\u00bb column_border_radius=\u00a0\u00bbnone\u00a0\u00bb width=\u00a0\u00bb1\/1&Prime; tablet_text_alignment=\u00a0\u00bbdefault\u00a0\u00bb phone_text_alignment=\u00a0\u00bbdefault\u00a0\u00bb column_border_width=\u00a0\u00bbnone\u00a0\u00bb column_border_style=\u00a0\u00bbsolid\u00a0\u00bb][vc_column_text]<em>Chez Le Casier Fran\u00e7ais, nous avons fait un choix clair : produire localement, durablement et avec exigence. Le Made in France n\u2019est pas un slogan, c\u2019est notre ADN. Dans un contexte o\u00f9 les consommateurs recherchent transparence, proximit\u00e9 et qualit\u00e9, nous sommes convaincus que fabriquer ici, dans notre atelier des Hauts-de-France, avec des partenaires locaux, est la voie la plus responsable et la plus performante. Voici pourquoi.<\/em>[\/vc_column_text][\/vc_column][\/vc_row][vc_row type=\u00a0\u00bbin_container\u00a0\u00bb full_screen_row_position=\u00a0\u00bbmiddle\u00a0\u00bb scene_position=\u00a0\u00bbcenter\u00a0\u00bb text_color=\u00a0\u00bbdark\u00a0\u00bb text_align=\u00a0\u00bbleft\u00a0\u00bb overlay_strength=\u00a0\u00bb0.3&Prime; shape_divider_position=\u00a0\u00bbbottom\u00a0\u00bb][vc_column column_padding=\u00a0\u00bbno-extra-padding\u00a0\u00bb column_padding_position=\u00a0\u00bball\u00a0\u00bb background_color_opacity=\u00a0\u00bb1&Prime; background_hover_color_opacity=\u00a0\u00bb1&Prime; column_shadow=\u00a0\u00bbnone\u00a0\u00bb column_border_radius=\u00a0\u00bbnone\u00a0\u00bb width=\u00a0\u00bb1\/1&Prime; tablet_text_alignment=\u00a0\u00bbdefault\u00a0\u00bb phone_text_alignment=\u00a0\u00bbdefault\u00a0\u00bb column_border_width=\u00a0\u00bbnone\u00a0\u00bb column_border_style=\u00a0\u00bbsolid\u00a0\u00bb]<div class=\"img-with-aniamtion-wrap center\" data-max-width=\"100%\" data-border-radius=\"none\"><div class=\"inner\"><a href=\"https:\/\/lecasierfrancais.fr\/wp-content\/uploads\/2026\/01\/Reportage-Metier-fabrication-casier-\u252c\u00ae-Greg-Gonzalez-95-e1768480486105.jpg\" class=\"pp center\"><img decoding=\"async\" data-shadow=\"none\" data-shadow-direction=\"middle\" class=\"img-with-animation \" data-delay=\"0\" height=\"475\" width=\"700\" data-animation=\"fade-in\" src=\"https:\/\/lecasierfrancais.fr\/wp-content\/uploads\/2026\/01\/Reportage-Metier-fabrication-casier-\u252c\u00ae-Greg-Gonzalez-95-e1768480486105.jpg\"  alt=\"Photo d'un distributeur LCF en bleu blanc rouge\" \/><\/a><\/div><\/div>[\/vc_column][\/vc_row][vc_row type=\u00a0\u00bbin_container\u00a0\u00bb full_screen_row_position=\u00a0\u00bbmiddle\u00a0\u00bb scene_position=\u00a0\u00bbcenter\u00a0\u00bb text_color=\u00a0\u00bbdark\u00a0\u00bb text_align=\u00a0\u00bbleft\u00a0\u00bb overlay_strength=\u00a0\u00bb0.3&Prime; shape_divider_position=\u00a0\u00bbbottom\u00a0\u00bb][vc_column column_padding=\u00a0\u00bbno-extra-padding\u00a0\u00bb column_padding_position=\u00a0\u00bball\u00a0\u00bb background_color_opacity=\u00a0\u00bb1&Prime; background_hover_color_opacity=\u00a0\u00bb1&Prime; column_shadow=\u00a0\u00bbnone\u00a0\u00bb column_border_radius=\u00a0\u00bbnone\u00a0\u00bb width=\u00a0\u00bb1\/1&Prime; tablet_text_alignment=\u00a0\u00bbdefault\u00a0\u00bb phone_text_alignment=\u00a0\u00bbdefault\u00a0\u00bb column_border_width=\u00a0\u00bbnone\u00a0\u00bb column_border_style=\u00a0\u00bbsolid\u00a0\u00bb][vc_custom_heading text=\u00a0\u00bbR\u00e9pondre aux nouvelles attentes des consommateurs avec un casier fabriqu\u00e9 en France \ud83d\udd0d\u00a0\u00bb use_theme_fonts=\u00a0\u00bbyes\u00a0\u00bb][vc_column_text]Les habitudes de consommation \u00e9voluent rapidement. Les Fran\u00e7ais veulent savoir d\u2019o\u00f9 viennent les produits, comment ils sont fabriqu\u00e9s et quel impact ils ont sur l\u2019environnement. En choisissant un casier fabriqu\u00e9 en France, nous apportons une r\u00e9ponse claire \u00e0 ces attentes.<\/p>\n<p>Nos casiers automatiques sont con\u00e7us et assembl\u00e9s <strong>dans nos ateliers de Templemars, \u00e0 seulement 20 minutes de Lille<\/strong>. Cette proximit\u00e9 garantit une transparence totale, une qualit\u00e9 constante et une relation de confiance avec nos clients.<\/p>\n<p>Le Made in France n\u2019est plus seulement un crit\u00e8re d\u2019achat : c\u2019est <strong>devenu un marqueur de fiabilit\u00e9 et d\u2019engagement.<\/strong>[\/vc_column_text][\/vc_column][\/vc_row][vc_row type=\u00a0\u00bbin_container\u00a0\u00bb full_screen_row_position=\u00a0\u00bbmiddle\u00a0\u00bb scene_position=\u00a0\u00bbcenter\u00a0\u00bb text_color=\u00a0\u00bbdark\u00a0\u00bb text_align=\u00a0\u00bbleft\u00a0\u00bb overlay_strength=\u00a0\u00bb0.3&Prime; shape_divider_position=\u00a0\u00bbbottom\u00a0\u00bb][vc_column column_padding=\u00a0\u00bbno-extra-padding\u00a0\u00bb column_padding_position=\u00a0\u00bball\u00a0\u00bb background_color_opacity=\u00a0\u00bb1&Prime; background_hover_color_opacity=\u00a0\u00bb1&Prime; column_shadow=\u00a0\u00bbnone\u00a0\u00bb column_border_radius=\u00a0\u00bbnone\u00a0\u00bb width=\u00a0\u00bb1\/1&Prime; tablet_text_alignment=\u00a0\u00bbdefault\u00a0\u00bb phone_text_alignment=\u00a0\u00bbdefault\u00a0\u00bb column_border_width=\u00a0\u00bbnone\u00a0\u00bb column_border_style=\u00a0\u00bbsolid\u00a0\u00bb][vc_custom_heading text=\u00a0\u00bbSoutenir l\u2019\u00e9conomie locale avec un casier fabriqu\u00e9 en France \ud83e\udd1d\u00a0\u00bb use_theme_fonts=\u00a0\u00bbyes\u00a0\u00bb][vc_column_text]Produire localement, c\u2019est agir concr\u00e8tement pour l\u2019\u00e9conomie fran\u00e7aise. Chez Le Casier Fran\u00e7ais, <strong>93 % de nos casiers sont fabriqu\u00e9s en France<\/strong> et <strong>80 % des composants<\/strong> proviennent d\u2019un <strong>rayon de 30 km<\/strong> autour de notre atelier.<\/p>\n<p>Ce mod\u00e8le ultralocal cr\u00e9e une dynamique vertueuse :<\/p>\n<ul>\n<li>il soutient les entreprises partenaires,<\/li>\n<li>renforce les fili\u00e8res industrielles r\u00e9gionales,<\/li>\n<li>contribue \u00e0 maintenir des emplois qualifi\u00e9s dans les Hauts-de-France.<\/li>\n<\/ul>\n<p>En <strong>ma\u00eetrisant notre cha\u00eene de production<\/strong>, nous gagnons en r\u00e9activit\u00e9 et en stabilit\u00e9 face aux fluctuations internationales.[\/vc_column_text][\/vc_column][\/vc_row][vc_row type=\u00a0\u00bbin_container\u00a0\u00bb full_screen_row_position=\u00a0\u00bbmiddle\u00a0\u00bb scene_position=\u00a0\u00bbcenter\u00a0\u00bb text_color=\u00a0\u00bbdark\u00a0\u00bb text_align=\u00a0\u00bbleft\u00a0\u00bb overlay_strength=\u00a0\u00bb0.3&Prime; shape_divider_position=\u00a0\u00bbbottom\u00a0\u00bb][vc_column column_padding=\u00a0\u00bbno-extra-padding\u00a0\u00bb column_padding_position=\u00a0\u00bball\u00a0\u00bb background_color_opacity=\u00a0\u00bb1&Prime; background_hover_color_opacity=\u00a0\u00bb1&Prime; column_shadow=\u00a0\u00bbnone\u00a0\u00bb column_border_radius=\u00a0\u00bbnone\u00a0\u00bb width=\u00a0\u00bb1\/1&Prime; tablet_text_alignment=\u00a0\u00bbdefault\u00a0\u00bb phone_text_alignment=\u00a0\u00bbdefault\u00a0\u00bb column_border_width=\u00a0\u00bbnone\u00a0\u00bb column_border_style=\u00a0\u00bbsolid\u00a0\u00bb][vc_custom_heading text=\u00a0\u00bbR\u00e9duire l\u2019impact environnemental gr\u00e2ce au circuit court industriel \ud83c\udf31\u00a0\u00bb use_theme_fonts=\u00a0\u00bbyes\u00a0\u00bb][vc_column_text]Le Made in France est aussi un levier puissant pour <strong>r\u00e9duire l\u2019empreinte carbone<\/strong>. En privil\u00e9giant des fournisseurs proches, nous diminuons significativement les \u00e9missions li\u00e9es \u00e0 la logistique.<\/p>\n<p>Nos casiers automatiques sont le r\u00e9sultat d\u2019un <strong>circuit court industriel<\/strong> pens\u00e9 pour \u00eatre le plus responsable possible. Cette proximit\u00e9 nous permet de contr\u00f4ler chaque \u00e9tape de fabrication, de s\u00e9lectionner des mat\u00e9riaux conformes aux normes fran\u00e7aises, et d\u2019optimiser nos processus pour limiter les d\u00e9chets.<\/p>\n<p>En choisissant nos solutions, nos clients s\u2019inscrivent eux aussi dans une d\u00e9marche durable et coh\u00e9rente.[\/vc_column_text][\/vc_column][\/vc_row][vc_row type=\u00a0\u00bbin_container\u00a0\u00bb full_screen_row_position=\u00a0\u00bbmiddle\u00a0\u00bb scene_position=\u00a0\u00bbcenter\u00a0\u00bb text_color=\u00a0\u00bbdark\u00a0\u00bb text_align=\u00a0\u00bbleft\u00a0\u00bb overlay_strength=\u00a0\u00bb0.3&Prime; shape_divider_position=\u00a0\u00bbbottom\u00a0\u00bb][vc_column column_padding=\u00a0\u00bbno-extra-padding\u00a0\u00bb column_padding_position=\u00a0\u00bball\u00a0\u00bb background_color_opacity=\u00a0\u00bb1&Prime; background_hover_color_opacity=\u00a0\u00bb1&Prime; column_shadow=\u00a0\u00bbnone\u00a0\u00bb column_border_radius=\u00a0\u00bbnone\u00a0\u00bb width=\u00a0\u00bb1\/1&Prime; tablet_text_alignment=\u00a0\u00bbdefault\u00a0\u00bb phone_text_alignment=\u00a0\u00bbdefault\u00a0\u00bb column_border_width=\u00a0\u00bbnone\u00a0\u00bb column_border_style=\u00a0\u00bbsolid\u00a0\u00bb]<div class=\"img-with-aniamtion-wrap center\" data-max-width=\"100%\" data-border-radius=\"none\"><div class=\"inner\"><a href=\"https:\/\/lecasierfrancais.fr\/wp-content\/uploads\/2026\/01\/Reportage-Metier-fabrication-casier-\u252c\u00ae-Greg-Gonzalez-2-e1768480504389.jpg\" class=\"pp center\"><img decoding=\"async\" data-shadow=\"none\" data-shadow-direction=\"middle\" class=\"img-with-animation \" data-delay=\"0\" height=\"449\" width=\"700\" data-animation=\"fade-in\" src=\"https:\/\/lecasierfrancais.fr\/wp-content\/uploads\/2026\/01\/Reportage-Metier-fabrication-casier-\u252c\u00ae-Greg-Gonzalez-2-e1768480504389.jpg\"  alt=\"Photo du ballon du Casier Fran\u00e7ais\" \/><\/a><\/div><\/div>[\/vc_column][\/vc_row][vc_row type=\u00a0\u00bbin_container\u00a0\u00bb full_screen_row_position=\u00a0\u00bbmiddle\u00a0\u00bb scene_position=\u00a0\u00bbcenter\u00a0\u00bb text_color=\u00a0\u00bbdark\u00a0\u00bb text_align=\u00a0\u00bbleft\u00a0\u00bb overlay_strength=\u00a0\u00bb0.3&Prime; shape_divider_position=\u00a0\u00bbbottom\u00a0\u00bb][vc_column column_padding=\u00a0\u00bbno-extra-padding\u00a0\u00bb column_padding_position=\u00a0\u00bball\u00a0\u00bb background_color_opacity=\u00a0\u00bb1&Prime; background_hover_color_opacity=\u00a0\u00bb1&Prime; column_shadow=\u00a0\u00bbnone\u00a0\u00bb column_border_radius=\u00a0\u00bbnone\u00a0\u00bb width=\u00a0\u00bb1\/1&Prime; tablet_text_alignment=\u00a0\u00bbdefault\u00a0\u00bb phone_text_alignment=\u00a0\u00bbdefault\u00a0\u00bb column_border_width=\u00a0\u00bbnone\u00a0\u00bb column_border_style=\u00a0\u00bbsolid\u00a0\u00bb][vc_custom_heading text=\u00a0\u00bbPr\u00e9server les savoir-faire fran\u00e7ais gr\u00e2ce \u00e0 un casier fabriqu\u00e9 en France \ud83d\udee0\ufe0f\u00a0\u00bb use_theme_fonts=\u00a0\u00bbyes\u00a0\u00bb][vc_column_text]La France poss\u00e8de une <strong>richesse industrielle unique<\/strong>, faite de comp\u00e9tences techniques, de pr\u00e9cision et d\u2019exigence. En fabriquant nos casiers ici, nous contribuons \u00e0 pr\u00e9server ces savoir-faire essentiels.<\/p>\n<p>Nos <strong>\u00e9quipes ma\u00eetrisent l\u2019ensemble du processus<\/strong> : conception, assemblage, programmation, tests et exp\u00e9dition. Cette expertise int\u00e9gr\u00e9e garantit :<\/p>\n<ul>\n<li>un niveau de qualit\u00e9 \u00e9lev\u00e9\u00a0;<\/li>\n<li>une innovation constante\u00a0;<\/li>\n<li>une transmission des comp\u00e9tences aux nouvelles g\u00e9n\u00e9rations.<\/li>\n<\/ul>\n<p>En valorisant les savoir-faire fran\u00e7ais, nous d\u00e9fendons une industrie moderne, performante et tourn\u00e9e vers l\u2019avenir.[\/vc_column_text][\/vc_column][\/vc_row][vc_row type=\u00a0\u00bbin_container\u00a0\u00bb full_screen_row_position=\u00a0\u00bbmiddle\u00a0\u00bb scene_position=\u00a0\u00bbcenter\u00a0\u00bb text_color=\u00a0\u00bbdark\u00a0\u00bb text_align=\u00a0\u00bbleft\u00a0\u00bb overlay_strength=\u00a0\u00bb0.3&Prime; shape_divider_position=\u00a0\u00bbbottom\u00a0\u00bb][vc_column column_padding=\u00a0\u00bbno-extra-padding\u00a0\u00bb column_padding_position=\u00a0\u00bball\u00a0\u00bb background_color_opacity=\u00a0\u00bb1&Prime; background_hover_color_opacity=\u00a0\u00bb1&Prime; column_shadow=\u00a0\u00bbnone\u00a0\u00bb column_border_radius=\u00a0\u00bbnone\u00a0\u00bb width=\u00a0\u00bb1\/1&Prime; tablet_text_alignment=\u00a0\u00bbdefault\u00a0\u00bb phone_text_alignment=\u00a0\u00bbdefault\u00a0\u00bb column_border_width=\u00a0\u00bbnone\u00a0\u00bb column_border_style=\u00a0\u00bbsolid\u00a0\u00bb][vc_custom_heading text=\u00a0\u00bbPourquoi nos clients veulent un distributeur Made in France \u2764\ufe0f\u00a0\u00bb use_theme_fonts=\u00a0\u00bbyes\u00a0\u00bb][vc_column_text]Ce choix n\u2019a pas de sens uniquement pour nous : il a du <strong>sens pour nos clients.<\/strong> La majorit\u00e9 d\u2019entre eux vendent des produits locaux, issus de circuits courts, et d\u00e9fendent une consommation responsable. Pour eux, utiliser un distributeur automatique Made in France est une \u00e9vidence.<\/p>\n<p>Comme nous l\u2019ont dit <strong><a href=\"https:\/\/lecasierfrancais.fr\/index.php\/2025\/11\/25\/le-ptit-marche-des-melayons-des-casiers-automatiques-pour-recreer-le-commerce-de-proximite-a-chemille-en-anjou\/\" target=\"_blank\" rel=\"noopener\">Florian<\/a><\/strong>, <a href=\"https:\/\/lecasierfrancais.fr\/index.php\/2025\/12\/15\/gwel-ar-mor-les-casiers-de-produits-laitiers-une-reponse-aux-ventes-perdues\/\" target=\"_blank\" rel=\"noopener\"><strong>Virginie<\/strong><\/a>, ou encore <a href=\"https:\/\/lecasierfrancais.fr\/index.php\/2025\/06\/23\/casiers-de-rignosot-des-distributeurs-de-produits-locaux\/\" target=\"_blank\" rel=\"noopener\"><strong>Christelle,<\/strong><\/a> choisir un casier fabriqu\u00e9 en France est en coh\u00e9rence avec leurs valeurs\u00a0: ils sont fiers de proposer un outil fran\u00e7ais, parce qu&rsquo;ils ont confiance en la qualit\u00e9 et la durabilit\u00e9 du produit, et cela permet de renforcer leur image aupr\u00e8s de leurs propres clients.[\/vc_column_text][\/vc_column][\/vc_row][vc_row type=\u00a0\u00bbin_container\u00a0\u00bb full_screen_row_position=\u00a0\u00bbmiddle\u00a0\u00bb scene_position=\u00a0\u00bbcenter\u00a0\u00bb text_color=\u00a0\u00bbdark\u00a0\u00bb text_align=\u00a0\u00bbleft\u00a0\u00bb overlay_strength=\u00a0\u00bb0.3&Prime; shape_divider_position=\u00a0\u00bbbottom\u00a0\u00bb][vc_column column_padding=\u00a0\u00bbno-extra-padding\u00a0\u00bb column_padding_position=\u00a0\u00bball\u00a0\u00bb background_color_opacity=\u00a0\u00bb1&Prime; background_hover_color_opacity=\u00a0\u00bb1&Prime; column_shadow=\u00a0\u00bbnone\u00a0\u00bb column_border_radius=\u00a0\u00bbnone\u00a0\u00bb width=\u00a0\u00bb1\/1&Prime; tablet_text_alignment=\u00a0\u00bbdefault\u00a0\u00bb phone_text_alignment=\u00a0\u00bbdefault\u00a0\u00bb column_border_width=\u00a0\u00bbnone\u00a0\u00bb column_border_style=\u00a0\u00bbsolid\u00a0\u00bb][vc_custom_heading text=\u00a0\u00bbInnover localement avec un casier fabriqu\u00e9 en France \ud83d\udca1\u00a0\u00bb use_theme_fonts=\u00a0\u00bbyes\u00a0\u00bb][vc_column_text]L\u2019innovation est au c\u0153ur de notre d\u00e9marche. Nos casiers automatiques connect\u00e9s <strong>r\u00e9pondent \u00e0 des besoins vari\u00e9s<\/strong> : vente en circuit court, restauration collective, logistique durable, tourisme, etc.<\/p>\n<p>D\u00e9velopper nos solutions en France nous permet d\u2019\u00eatre au plus pr\u00e8s des usages, d\u2019adapter rapidement nos produits, de proposer du sur-mesure, et d\u2019int\u00e9grer les derni\u00e8res technologies.<\/p>\n<p>Dans nos ateliers, chaque casier est pens\u00e9 pour <strong>\u00eatre fiable, \u00e9volutif et durable<\/strong>.[\/vc_column_text][\/vc_column][\/vc_row][vc_row type=\u00a0\u00bbin_container\u00a0\u00bb full_screen_row_position=\u00a0\u00bbmiddle\u00a0\u00bb scene_position=\u00a0\u00bbcenter\u00a0\u00bb text_color=\u00a0\u00bbdark\u00a0\u00bb text_align=\u00a0\u00bbleft\u00a0\u00bb overlay_strength=\u00a0\u00bb0.3&Prime; shape_divider_position=\u00a0\u00bbbottom\u00a0\u00bb][vc_column column_padding=\u00a0\u00bbno-extra-padding\u00a0\u00bb column_padding_position=\u00a0\u00bball\u00a0\u00bb background_color_opacity=\u00a0\u00bb1&Prime; background_hover_color_opacity=\u00a0\u00bb1&Prime; column_shadow=\u00a0\u00bbnone\u00a0\u00bb column_border_radius=\u00a0\u00bbnone\u00a0\u00bb width=\u00a0\u00bb1\/1&Prime; tablet_text_alignment=\u00a0\u00bbdefault\u00a0\u00bb phone_text_alignment=\u00a0\u00bbdefault\u00a0\u00bb column_border_width=\u00a0\u00bbnone\u00a0\u00bb column_border_style=\u00a0\u00bbsolid\u00a0\u00bb]<div class=\"img-with-aniamtion-wrap center\" data-max-width=\"100%\" data-border-radius=\"none\"><div class=\"inner\"><a href=\"https:\/\/lecasierfrancais.fr\/wp-content\/uploads\/2026\/01\/Reportage-Metier-fabrication-casier-\u252c\u00ae-Greg-Gonzalez-37-e1768480535840.jpg\" class=\"pp center\"><img decoding=\"async\" data-shadow=\"none\" data-shadow-direction=\"middle\" class=\"img-with-animation \" data-delay=\"0\" height=\"426\" width=\"700\" data-animation=\"fade-in\" src=\"https:\/\/lecasierfrancais.fr\/wp-content\/uploads\/2026\/01\/Reportage-Metier-fabrication-casier-\u252c\u00ae-Greg-Gonzalez-37-e1768480535840.jpg\"  alt=\"Photos de 2 techniciens LCF\" \/><\/a><\/div><\/div>[\/vc_column][\/vc_row][vc_row type=\u00a0\u00bbin_container\u00a0\u00bb full_screen_row_position=\u00a0\u00bbmiddle\u00a0\u00bb scene_position=\u00a0\u00bbcenter\u00a0\u00bb text_color=\u00a0\u00bbdark\u00a0\u00bb text_align=\u00a0\u00bbleft\u00a0\u00bb overlay_strength=\u00a0\u00bb0.3&Prime; shape_divider_position=\u00a0\u00bbbottom\u00a0\u00bb][vc_column column_padding=\u00a0\u00bbno-extra-padding\u00a0\u00bb column_padding_position=\u00a0\u00bball\u00a0\u00bb background_color_opacity=\u00a0\u00bb1&Prime; background_hover_color_opacity=\u00a0\u00bb1&Prime; column_shadow=\u00a0\u00bbnone\u00a0\u00bb column_border_radius=\u00a0\u00bbnone\u00a0\u00bb width=\u00a0\u00bb1\/1&Prime; tablet_text_alignment=\u00a0\u00bbdefault\u00a0\u00bb phone_text_alignment=\u00a0\u00bbdefault\u00a0\u00bb column_border_width=\u00a0\u00bbnone\u00a0\u00bb column_border_style=\u00a0\u00bbsolid\u00a0\u00bb][vc_custom_heading text=\u00a0\u00bbChoisir un casier fabriqu\u00e9 en France : un engagement pour demain \ud83d\ude80\u00a0\u00bb use_theme_fonts=\u00a0\u00bbyes\u00a0\u00bb][vc_column_text]Choisir le Made in France, c\u2019est d\u00e9cider du mod\u00e8le industriel que nous voulons encourager. <strong>Produire localement<\/strong>, c\u2019est assumer notre r\u00f4le dans une \u00e9conomie plus durable, plus humaine et plus r\u00e9siliente.<\/p>\n<p>Nous croyons qu\u2019une industrie forte se construit l\u00e0 o\u00f9 l\u2019on vit, avec ceux qui partagent nos exigences et nos ambitions. Le Made in France n\u2019est pas une option : <strong>c\u2019est une direction.<\/strong>[\/vc_column_text][\/vc_column][\/vc_row][vc_row type=\u00a0\u00bbin_container\u00a0\u00bb full_screen_row_position=\u00a0\u00bbmiddle\u00a0\u00bb scene_position=\u00a0\u00bbcenter\u00a0\u00bb text_color=\u00a0\u00bbdark\u00a0\u00bb text_align=\u00a0\u00bbleft\u00a0\u00bb overlay_strength=\u00a0\u00bb0.3&Prime; shape_divider_position=\u00a0\u00bbbottom\u00a0\u00bb][vc_column column_padding=\u00a0\u00bbno-extra-padding\u00a0\u00bb column_padding_position=\u00a0\u00bball\u00a0\u00bb background_color_opacity=\u00a0\u00bb1&Prime; background_hover_color_opacity=\u00a0\u00bb1&Prime; column_shadow=\u00a0\u00bbnone\u00a0\u00bb column_border_radius=\u00a0\u00bbnone\u00a0\u00bb width=\u00a0\u00bb1\/1&Prime; tablet_text_alignment=\u00a0\u00bbdefault\u00a0\u00bb phone_text_alignment=\u00a0\u00bbdefault\u00a0\u00bb column_border_width=\u00a0\u00bbnone\u00a0\u00bb column_border_style=\u00a0\u00bbsolid\u00a0\u00bb][vc_zigzag color=\u00a0\u00bbvista_blue\u00a0\u00bb][\/vc_column][\/vc_row][vc_row type=\u00a0\u00bbin_container\u00a0\u00bb full_screen_row_position=\u00a0\u00bbmiddle\u00a0\u00bb scene_position=\u00a0\u00bbcenter\u00a0\u00bb text_color=\u00a0\u00bbdark\u00a0\u00bb text_align=\u00a0\u00bbleft\u00a0\u00bb overlay_strength=\u00a0\u00bb0.3&Prime; shape_divider_position=\u00a0\u00bbbottom\u00a0\u00bb][vc_column column_padding=\u00a0\u00bbno-extra-padding\u00a0\u00bb column_padding_position=\u00a0\u00bball\u00a0\u00bb background_color_opacity=\u00a0\u00bb1&Prime; background_hover_color_opacity=\u00a0\u00bb1&Prime; column_shadow=\u00a0\u00bbnone\u00a0\u00bb column_border_radius=\u00a0\u00bbnone\u00a0\u00bb width=\u00a0\u00bb1\/1&Prime; tablet_text_alignment=\u00a0\u00bbdefault\u00a0\u00bb phone_text_alignment=\u00a0\u00bbdefault\u00a0\u00bb column_border_width=\u00a0\u00bbnone\u00a0\u00bb column_border_style=\u00a0\u00bbsolid\u00a0\u00bb][vc_column_text]<strong>Et si un casier fabriqu\u00e9 en France avait du sens pour vous aussi ?<\/strong><strong> \ud83c\udf1f<\/strong><\/p>\n<p>Si vous souhaitez vendre vos produits en libre-service avec un casier fabriqu\u00e9 en France, durable, fiable et pens\u00e9 pour vos usages, notre \u00e9quipe se fera un plaisir d\u2019\u00e9changer avec vous.<\/p>\n<p>\ud83d\udc49 Contactez-nous d\u00e8s maintenant pour imaginer ensemble votre futur distributeur automatique Made in France.[\/vc_column_text][\/vc_column][\/vc_row]\n","protected":false},"excerpt":{"rendered":"<p>[vc_row type=\u00a0\u00bbin_container\u00a0\u00bb full_screen_row_position=\u00a0\u00bbmiddle\u00a0\u00bb scene_position=\u00a0\u00bbcenter\u00a0\u00bb text_color=\u00a0\u00bbdark\u00a0\u00bb text_align=\u00a0\u00bbleft\u00a0\u00bb overlay_strength=\u00a0\u00bb0.3&Prime; shape_divider_position=\u00a0\u00bbbottom\u00a0\u00bb][vc_column column_padding=\u00a0\u00bbno-extra-padding\u00a0\u00bb column_padding_position=\u00a0\u00bball\u00a0\u00bb background_color_opacity=\u00a0\u00bb1&Prime; background_hover_color_opacity=\u00a0\u00bb1&Prime; column_shadow=\u00a0\u00bbnone\u00a0\u00bb column_border_radius=\u00a0\u00bbnone\u00a0\u00bb width=\u00a0\u00bb1\/1&Prime;&#8230;<\/p>\n","protected":false},"author":8,"featured_media":18801,"comment_status":"open","ping_status":"open","sticky":false,"template":"","format":"standard","meta":{"footnotes":""},"categories":[577],"tags":[453,594,417,418,422,390,416,383,567,407,434,420,447,502,477],"class_list":{"0":"post-18798","1":"post","2":"type-post","3":"status-publish","4":"format-standard","5":"has-post-thumbnail","7":"category-nos-casiers","8":"tag-casier-automatique","9":"tag-casier-connecte","10":"tag-circuit-court","11":"tag-distributeur-automatique","12":"tag-distributeur-connecte","13":"tag-distributeurautomatique","14":"tag-fabrication-francaise","15":"tag-lecasierfrancais","16":"tag-libre-service","17":"tag-made-in-france","18":"tag-madeinfrance","19":"tag-origine-france","20":"tag-productionlocale","21":"tag-produits-locaux","22":"tag-vente-directe"},"yoast_head":"<!-- This site is optimized with the Yoast SEO Premium plugin v26.6 (Yoast SEO v26.6) - https:\/\/yoast.com\/wordpress\/plugins\/seo\/ -->\n<title>Pourquoi nous d\u00e9fendons le Made in France : un choix qui change tout pour un casier fabriqu\u00e9 en France \ud83d\udd35 \u26aa \ud83d\udd34 - Le Casier Fran\u00e7ais<\/title>\n<meta name=\"description\" content=\"D\u00e9couvrez pourquoi Le Casier Fran\u00e7ais fabrique des casiers automatiques 100 % Made in France con\u00e7u dans les Hauts\u2011de\u2011France.\" \/>\n<meta name=\"robots\" content=\"index, follow, max-snippet:-1, max-image-preview:large, max-video-preview:-1\" \/>\n<link rel=\"canonical\" href=\"https:\/\/lecasierfrancais.fr\/index.php\/2026\/01\/15\/pourquoi-nous-defendons-le-made-in-france-un-choix-qui-change-tout-pour-un-casier-fabrique-en-france\/\" \/>\n<meta property=\"og:locale\" content=\"fr_FR\" \/>\n<meta property=\"og:type\" content=\"article\" \/>\n<meta property=\"og:title\" content=\"Pourquoi nous d\u00e9fendons le Made in France : un choix qui change tout pour un casier fabriqu\u00e9 en France \ud83d\udd35 \u26aa \ud83d\udd34\" \/>\n<meta property=\"og:description\" content=\"D\u00e9couvrez pourquoi Le Casier Fran\u00e7ais fabrique des casiers automatiques 100 % Made in France con\u00e7u dans les Hauts\u2011de\u2011France.\" \/>\n<meta property=\"og:url\" content=\"https:\/\/lecasierfrancais.fr\/index.php\/2026\/01\/15\/pourquoi-nous-defendons-le-made-in-france-un-choix-qui-change-tout-pour-un-casier-fabrique-en-france\/\" \/>\n<meta property=\"og:site_name\" content=\"Le Casier Fran\u00e7ais\" \/>\n<meta property=\"article:publisher\" content=\"https:\/\/www.facebook.com\/lecasierfrancais\/\" \/>\n<meta property=\"article:published_time\" content=\"2026-01-15T12:44:08+00:00\" \/>\n<meta property=\"og:image\" content=\"https:\/\/lecasierfrancais.fr\/wp-content\/uploads\/2026\/01\/Reportage-Metier-fabrication-casier-\u252c\u00ae-Greg-Gonzalez-95-e1768480486105.jpg\" \/>\n\t<meta property=\"og:image:width\" content=\"700\" \/>\n\t<meta property=\"og:image:height\" content=\"475\" \/>\n\t<meta property=\"og:image:type\" content=\"image\/jpeg\" \/>\n<meta name=\"author\" content=\"Le Casier Francais\" \/>\n<meta name=\"twitter:card\" content=\"summary_large_image\" \/>\n<meta name=\"twitter:label1\" content=\"\u00c9crit par\" \/>\n\t<meta name=\"twitter:data1\" content=\"Le Casier Francais\" \/>\n\t<meta name=\"twitter:label2\" content=\"Dur\u00e9e de lecture estim\u00e9e\" \/>\n\t<meta name=\"twitter:data2\" content=\"6 minutes\" \/>\n<script type=\"application\/ld+json\" class=\"yoast-schema-graph\">{\"@context\":\"https:\/\/schema.org\",\"@graph\":[{\"@type\":\"WebPage\",\"@id\":\"https:\/\/lecasierfrancais.fr\/index.php\/2026\/01\/15\/pourquoi-nous-defendons-le-made-in-france-un-choix-qui-change-tout-pour-un-casier-fabrique-en-france\/\",\"url\":\"https:\/\/lecasierfrancais.fr\/index.php\/2026\/01\/15\/pourquoi-nous-defendons-le-made-in-france-un-choix-qui-change-tout-pour-un-casier-fabrique-en-france\/\",\"name\":\"Pourquoi nous d\u00e9fendons le Made in France : un choix qui change tout pour un casier fabriqu\u00e9 en France \ud83d\udd35 \u26aa \ud83d\udd34 - Le Casier Fran\u00e7ais\",\"isPartOf\":{\"@id\":\"https:\/\/lecasierfrancais.fr\/#website\"},\"primaryImageOfPage\":{\"@id\":\"https:\/\/lecasierfrancais.fr\/index.php\/2026\/01\/15\/pourquoi-nous-defendons-le-made-in-france-un-choix-qui-change-tout-pour-un-casier-fabrique-en-france\/#primaryimage\"},\"image\":{\"@id\":\"https:\/\/lecasierfrancais.fr\/index.php\/2026\/01\/15\/pourquoi-nous-defendons-le-made-in-france-un-choix-qui-change-tout-pour-un-casier-fabrique-en-france\/#primaryimage\"},\"thumbnailUrl\":\"https:\/\/lecasierfrancais.fr\/wp-content\/uploads\/2026\/01\/Reportage-Metier-fabrication-casier-\u252c\u00ae-Greg-Gonzalez-95-e1768480486105.jpg\",\"datePublished\":\"2026-01-15T12:44:08+00:00\",\"author\":{\"@id\":\"https:\/\/lecasierfrancais.fr\/#\/schema\/person\/7ca32438b040d2a673afe220fe3c2fbd\"},\"description\":\"D\u00e9couvrez pourquoi Le Casier Fran\u00e7ais fabrique des casiers automatiques 100 % Made in France con\u00e7u dans les Hauts\u2011de\u2011France.\",\"breadcrumb\":{\"@id\":\"https:\/\/lecasierfrancais.fr\/index.php\/2026\/01\/15\/pourquoi-nous-defendons-le-made-in-france-un-choix-qui-change-tout-pour-un-casier-fabrique-en-france\/#breadcrumb\"},\"inLanguage\":\"fr-FR\",\"potentialAction\":[{\"@type\":\"ReadAction\",\"target\":[\"https:\/\/lecasierfrancais.fr\/index.php\/2026\/01\/15\/pourquoi-nous-defendons-le-made-in-france-un-choix-qui-change-tout-pour-un-casier-fabrique-en-france\/\"]}]},{\"@type\":\"ImageObject\",\"inLanguage\":\"fr-FR\",\"@id\":\"https:\/\/lecasierfrancais.fr\/index.php\/2026\/01\/15\/pourquoi-nous-defendons-le-made-in-france-un-choix-qui-change-tout-pour-un-casier-fabrique-en-france\/#primaryimage\",\"url\":\"https:\/\/lecasierfrancais.fr\/wp-content\/uploads\/2026\/01\/Reportage-Metier-fabrication-casier-\u252c\u00ae-Greg-Gonzalez-95-e1768480486105.jpg\",\"contentUrl\":\"https:\/\/lecasierfrancais.fr\/wp-content\/uploads\/2026\/01\/Reportage-Metier-fabrication-casier-\u252c\u00ae-Greg-Gonzalez-95-e1768480486105.jpg\",\"width\":700,\"height\":475,\"caption\":\"Photo d'un distributeur LCF en bleu blanc rouge\"},{\"@type\":\"BreadcrumbList\",\"@id\":\"https:\/\/lecasierfrancais.fr\/index.php\/2026\/01\/15\/pourquoi-nous-defendons-le-made-in-france-un-choix-qui-change-tout-pour-un-casier-fabrique-en-france\/#breadcrumb\",\"itemListElement\":[{\"@type\":\"ListItem\",\"position\":1,\"name\":\"Accueil\",\"item\":\"https:\/\/lecasierfrancais.fr\/\"},{\"@type\":\"ListItem\",\"position\":2,\"name\":\"Pourquoi nous d\u00e9fendons le Made in France : un choix qui change tout pour un casier fabriqu\u00e9 en France \ud83d\udd35 \u26aa \ud83d\udd34\"}]},{\"@type\":\"WebSite\",\"@id\":\"https:\/\/lecasierfrancais.fr\/#website\",\"url\":\"https:\/\/lecasierfrancais.fr\/\",\"name\":\"Le Casier Fran\u00e7ais\",\"description\":\"Fabricant de casiers connect\u00e9s pour la vente directe de vos produits\",\"potentialAction\":[{\"@type\":\"SearchAction\",\"target\":{\"@type\":\"EntryPoint\",\"urlTemplate\":\"https:\/\/lecasierfrancais.fr\/?s={search_term_string}\"},\"query-input\":{\"@type\":\"PropertyValueSpecification\",\"valueRequired\":true,\"valueName\":\"search_term_string\"}}],\"inLanguage\":\"fr-FR\"},{\"@type\":\"Person\",\"@id\":\"https:\/\/lecasierfrancais.fr\/#\/schema\/person\/7ca32438b040d2a673afe220fe3c2fbd\",\"name\":\"Le Casier Francais\",\"image\":{\"@type\":\"ImageObject\",\"inLanguage\":\"fr-FR\",\"@id\":\"https:\/\/lecasierfrancais.fr\/#\/schema\/person\/image\/\",\"url\":\"https:\/\/secure.gravatar.com\/avatar\/f29776dfd97a4c78aee2ab31cb63a0f4097b8cc071a068daac2d914eb26fbbd4?s=96&d=mm&r=g\",\"contentUrl\":\"https:\/\/secure.gravatar.com\/avatar\/f29776dfd97a4c78aee2ab31cb63a0f4097b8cc071a068daac2d914eb26fbbd4?s=96&d=mm&r=g\",\"caption\":\"Le Casier Francais\"},\"url\":\"https:\/\/lecasierfrancais.fr\/index.php\/author\/le-casier-francais\/\"}]}<\/script>\n<!-- \/ Yoast SEO Premium plugin. -->","yoast_head_json":{"title":"Pourquoi nous d\u00e9fendons le Made in France : un choix qui change tout pour un casier fabriqu\u00e9 en France \ud83d\udd35 \u26aa \ud83d\udd34 - Le Casier Fran\u00e7ais","description":"D\u00e9couvrez pourquoi Le Casier Fran\u00e7ais fabrique des casiers automatiques 100 % Made in France con\u00e7u dans les Hauts\u2011de\u2011France.","robots":{"index":"index","follow":"follow","max-snippet":"max-snippet:-1","max-image-preview":"max-image-preview:large","max-video-preview":"max-video-preview:-1"},"canonical":"https:\/\/lecasierfrancais.fr\/index.php\/2026\/01\/15\/pourquoi-nous-defendons-le-made-in-france-un-choix-qui-change-tout-pour-un-casier-fabrique-en-france\/","og_locale":"fr_FR","og_type":"article","og_title":"Pourquoi nous d\u00e9fendons le Made in France : un choix qui change tout pour un casier fabriqu\u00e9 en France \ud83d\udd35 \u26aa \ud83d\udd34","og_description":"D\u00e9couvrez pourquoi Le Casier Fran\u00e7ais fabrique des casiers automatiques 100 % Made in France con\u00e7u dans les Hauts\u2011de\u2011France.","og_url":"https:\/\/lecasierfrancais.fr\/index.php\/2026\/01\/15\/pourquoi-nous-defendons-le-made-in-france-un-choix-qui-change-tout-pour-un-casier-fabrique-en-france\/","og_site_name":"Le Casier Fran\u00e7ais","article_publisher":"https:\/\/www.facebook.com\/lecasierfrancais\/","article_published_time":"2026-01-15T12:44:08+00:00","og_image":[{"width":700,"height":475,"url":"https:\/\/lecasierfrancais.fr\/wp-content\/uploads\/2026\/01\/Reportage-Metier-fabrication-casier-\u252c\u00ae-Greg-Gonzalez-95-e1768480486105.jpg","type":"image\/jpeg"}],"author":"Le Casier Francais","twitter_card":"summary_large_image","twitter_misc":{"\u00c9crit par":"Le Casier Francais","Dur\u00e9e de lecture estim\u00e9e":"6 minutes"},"schema":{"@context":"https:\/\/schema.org","@graph":[{"@type":"WebPage","@id":"https:\/\/lecasierfrancais.fr\/index.php\/2026\/01\/15\/pourquoi-nous-defendons-le-made-in-france-un-choix-qui-change-tout-pour-un-casier-fabrique-en-france\/","url":"https:\/\/lecasierfrancais.fr\/index.php\/2026\/01\/15\/pourquoi-nous-defendons-le-made-in-france-un-choix-qui-change-tout-pour-un-casier-fabrique-en-france\/","name":"Pourquoi nous d\u00e9fendons le Made in France : un choix qui change tout pour un casier fabriqu\u00e9 en France \ud83d\udd35 \u26aa \ud83d\udd34 - Le Casier Fran\u00e7ais","isPartOf":{"@id":"https:\/\/lecasierfrancais.fr\/#website"},"primaryImageOfPage":{"@id":"https:\/\/lecasierfrancais.fr\/index.php\/2026\/01\/15\/pourquoi-nous-defendons-le-made-in-france-un-choix-qui-change-tout-pour-un-casier-fabrique-en-france\/#primaryimage"},"image":{"@id":"https:\/\/lecasierfrancais.fr\/index.php\/2026\/01\/15\/pourquoi-nous-defendons-le-made-in-france-un-choix-qui-change-tout-pour-un-casier-fabrique-en-france\/#primaryimage"},"thumbnailUrl":"https:\/\/lecasierfrancais.fr\/wp-content\/uploads\/2026\/01\/Reportage-Metier-fabrication-casier-\u252c\u00ae-Greg-Gonzalez-95-e1768480486105.jpg","datePublished":"2026-01-15T12:44:08+00:00","author":{"@id":"https:\/\/lecasierfrancais.fr\/#\/schema\/person\/7ca32438b040d2a673afe220fe3c2fbd"},"description":"D\u00e9couvrez pourquoi Le Casier Fran\u00e7ais fabrique des casiers automatiques 100 % Made in France con\u00e7u dans les Hauts\u2011de\u2011France.","breadcrumb":{"@id":"https:\/\/lecasierfrancais.fr\/index.php\/2026\/01\/15\/pourquoi-nous-defendons-le-made-in-france-un-choix-qui-change-tout-pour-un-casier-fabrique-en-france\/#breadcrumb"},"inLanguage":"fr-FR","potentialAction":[{"@type":"ReadAction","target":["https:\/\/lecasierfrancais.fr\/index.php\/2026\/01\/15\/pourquoi-nous-defendons-le-made-in-france-un-choix-qui-change-tout-pour-un-casier-fabrique-en-france\/"]}]},{"@type":"ImageObject","inLanguage":"fr-FR","@id":"https:\/\/lecasierfrancais.fr\/index.php\/2026\/01\/15\/pourquoi-nous-defendons-le-made-in-france-un-choix-qui-change-tout-pour-un-casier-fabrique-en-france\/#primaryimage","url":"https:\/\/lecasierfrancais.fr\/wp-content\/uploads\/2026\/01\/Reportage-Metier-fabrication-casier-\u252c\u00ae-Greg-Gonzalez-95-e1768480486105.jpg","contentUrl":"https:\/\/lecasierfrancais.fr\/wp-content\/uploads\/2026\/01\/Reportage-Metier-fabrication-casier-\u252c\u00ae-Greg-Gonzalez-95-e1768480486105.jpg","width":700,"height":475,"caption":"Photo d'un distributeur LCF en bleu blanc rouge"},{"@type":"BreadcrumbList","@id":"https:\/\/lecasierfrancais.fr\/index.php\/2026\/01\/15\/pourquoi-nous-defendons-le-made-in-france-un-choix-qui-change-tout-pour-un-casier-fabrique-en-france\/#breadcrumb","itemListElement":[{"@type":"ListItem","position":1,"name":"Accueil","item":"https:\/\/lecasierfrancais.fr\/"},{"@type":"ListItem","position":2,"name":"Pourquoi nous d\u00e9fendons le Made in France : un choix qui change tout pour un casier fabriqu\u00e9 en France \ud83d\udd35 \u26aa \ud83d\udd34"}]},{"@type":"WebSite","@id":"https:\/\/lecasierfrancais.fr\/#website","url":"https:\/\/lecasierfrancais.fr\/","name":"Le Casier Fran\u00e7ais","description":"Fabricant de casiers connect\u00e9s pour la vente directe de vos produits","potentialAction":[{"@type":"SearchAction","target":{"@type":"EntryPoint","urlTemplate":"https:\/\/lecasierfrancais.fr\/?s={search_term_string}"},"query-input":{"@type":"PropertyValueSpecification","valueRequired":true,"valueName":"search_term_string"}}],"inLanguage":"fr-FR"},{"@type":"Person","@id":"https:\/\/lecasierfrancais.fr\/#\/schema\/person\/7ca32438b040d2a673afe220fe3c2fbd","name":"Le Casier Francais","image":{"@type":"ImageObject","inLanguage":"fr-FR","@id":"https:\/\/lecasierfrancais.fr\/#\/schema\/person\/image\/","url":"https:\/\/secure.gravatar.com\/avatar\/f29776dfd97a4c78aee2ab31cb63a0f4097b8cc071a068daac2d914eb26fbbd4?s=96&d=mm&r=g","contentUrl":"https:\/\/secure.gravatar.com\/avatar\/f29776dfd97a4c78aee2ab31cb63a0f4097b8cc071a068daac2d914eb26fbbd4?s=96&d=mm&r=g","caption":"Le Casier Francais"},"url":"https:\/\/lecasierfrancais.fr\/index.php\/author\/le-casier-francais\/"}]}},"_links":{"self":[{"href":"https:\/\/lecasierfrancais.fr\/index.php\/wp-json\/wp\/v2\/posts\/18798","targetHints":{"allow":["GET"]}}],"collection":[{"href":"https:\/\/lecasierfrancais.fr\/index.php\/wp-json\/wp\/v2\/posts"}],"about":[{"href":"https:\/\/lecasierfrancais.fr\/index.php\/wp-json\/wp\/v2\/types\/post"}],"author":[{"embeddable":true,"href":"https:\/\/lecasierfrancais.fr\/index.php\/wp-json\/wp\/v2\/users\/8"}],"replies":[{"embeddable":true,"href":"https:\/\/lecasierfrancais.fr\/index.php\/wp-json\/wp\/v2\/comments?post=18798"}],"version-history":[{"count":3,"href":"https:\/\/lecasierfrancais.fr\/index.php\/wp-json\/wp\/v2\/posts\/18798\/revisions"}],"predecessor-version":[{"id":18809,"href":"https:\/\/lecasierfrancais.fr\/index.php\/wp-json\/wp\/v2\/posts\/18798\/revisions\/18809"}],"wp:featuredmedia":[{"embeddable":true,"href":"https:\/\/lecasierfrancais.fr\/index.php\/wp-json\/wp\/v2\/media\/18801"}],"wp:attachment":[{"href":"https:\/\/lecasierfrancais.fr\/index.php\/wp-json\/wp\/v2\/media?parent=18798"}],"wp:term":[{"taxonomy":"category","embeddable":true,"href":"https:\/\/lecasierfrancais.fr\/index.php\/wp-json\/wp\/v2\/categories?post=18798"},{"taxonomy":"post_tag","embeddable":true,"href":"https:\/\/lecasierfrancais.fr\/index.php\/wp-json\/wp\/v2\/tags?post=18798"}],"curies":[{"name":"wp","href":"https:\/\/api.w.org\/{rel}","templated":true}]}}