{"id":20050,"date":"2026-03-09T14:14:23","date_gmt":"2026-03-09T13:14:23","guid":{"rendered":"https:\/\/lecasierfrancais.fr\/?p=20050"},"modified":"2026-03-16T09:37:57","modified_gmt":"2026-03-16T08:37:57","slug":"16-millions-de-portes-de-casiers-connectes-ouvertes-la-preuve-que-le-circuit-court-change-dechelle","status":"publish","type":"post","link":"https:\/\/lecasierfrancais.fr\/index.php\/2026\/03\/09\/16-millions-de-portes-de-casiers-connectes-ouvertes-la-preuve-que-le-circuit-court-change-dechelle\/","title":{"rendered":"16 millions de portes de casiers connect\u00e9s ouvertes : la preuve que le circuit court change d\u2019\u00e9chelle\ud83d\udd25"},"content":{"rendered":"[vc_row type=\u00a0\u00bbin_container\u00a0\u00bb full_screen_row_position=\u00a0\u00bbmiddle\u00a0\u00bb scene_position=\u00a0\u00bbcenter\u00a0\u00bb text_color=\u00a0\u00bbdark\u00a0\u00bb text_align=\u00a0\u00bbleft\u00a0\u00bb overlay_strength=\u00a0\u00bb0.3&Prime; shape_divider_position=\u00a0\u00bbbottom\u00a0\u00bb][vc_column column_padding=\u00a0\u00bbno-extra-padding\u00a0\u00bb column_padding_position=\u00a0\u00bball\u00a0\u00bb background_color_opacity=\u00a0\u00bb1&Prime; background_hover_color_opacity=\u00a0\u00bb1&Prime; column_shadow=\u00a0\u00bbnone\u00a0\u00bb column_border_radius=\u00a0\u00bbnone\u00a0\u00bb width=\u00a0\u00bb1\/1&Prime; tablet_text_alignment=\u00a0\u00bbdefault\u00a0\u00bb phone_text_alignment=\u00a0\u00bbdefault\u00a0\u00bb column_border_width=\u00a0\u00bbnone\u00a0\u00bb column_border_style=\u00a0\u00bbsolid\u00a0\u00bb][vc_column_text]<em><span class=\"TextRun SCXW212552171 BCX8\" lang=\"FR-FR\" xml:lang=\"FR-FR\" data-contrast=\"auto\"><span class=\"NormalTextRun SCXW212552171 BCX8\">16 millions d\u2019ouvertures. Oui, 16 millions de portes<\/span><span class=\"NormalTextRun SCXW212552171 BCX8\">\u00a0de casiers connect\u00e9s<\/span><span class=\"NormalTextRun SCXW212552171 BCX8\">\u00a0Le Casier Fran\u00e7ais<\/span><span class=\"NormalTextRun SCXW212552171 BCX8\"> d\u00e9j\u00e0 ouvertes. 16 millions de fois o\u00f9 un consommateur a fait le choix du circuit court. Ce chiffre ne raconte pas une tendance passag\u00e8re : il r\u00e9v\u00e8le l\u2019ampleur d\u2019un mouvement qui transforme durablement la distribution locale en France. Chaque porte ouverte, c\u2019est un produit retir\u00e9<\/span><span class=\"NormalTextRun SCXW212552171 BCX8\">\u00a0et\u00a0<\/span><span class=\"NormalTextRun SCXW212552171 BCX8\">un producteur r\u00e9mun\u00e9r\u00e9<\/span><span class=\"NormalTextRun SCXW212552171 BCX8\">.<\/span><span class=\"NormalTextRun SCXW212552171 BCX8\">\u00a0Ce cap symbolique envoie un\u00a0<\/span><span class=\"NormalTextRun SCXW212552171 BCX8\">message<\/span><span class=\"NormalTextRun SCXW212552171 BCX8\">\u00a0clair : le casier connect\u00e9<\/span><span class=\"NormalTextRun SCXW212552171 BCX8\">\u00a0est devenu<\/span><span class=\"NormalTextRun SCXW212552171 BCX8\">\u00a0un mod\u00e8le de vente adopt\u00e9<\/span><span class=\"NormalTextRun SCXW212552171 BCX8\">\u00a0et\u00a0<\/span><span class=\"NormalTextRun SCXW212552171 BCX8\">mesurable<\/span><span class=\"NormalTextRun SCXW212552171 BCX8\">.\u00a0<\/span><span class=\"NormalTextRun SCXW212552171 BCX8\">Et s<\/span><span class=\"NormalTextRun SCXW212552171 BCX8\">i ce chiffre continue de cro\u00eetre, c\u2019est parce\u00a0<\/span><span class=\"NormalTextRun SCXW212552171 BCX8\">que le circuit court est devenu plus simple, plus accessible, et compatible avec les usages d\u2019aujourd\u2019hui. Et tout indique que cette dynamique ne fait que commencer<\/span><span class=\"NormalTextRun SCXW212552171 BCX8\">\u2026<\/span><\/span><\/em><span class=\"EOP Selected SCXW212552171 BCX8\" data-ccp-props=\"{}\">\u00a0<\/span>[\/vc_column_text][\/vc_column][\/vc_row][vc_row type=\u00a0\u00bbin_container\u00a0\u00bb full_screen_row_position=\u00a0\u00bbmiddle\u00a0\u00bb scene_position=\u00a0\u00bbcenter\u00a0\u00bb text_color=\u00a0\u00bbdark\u00a0\u00bb text_align=\u00a0\u00bbleft\u00a0\u00bb overlay_strength=\u00a0\u00bb0.3&Prime; shape_divider_position=\u00a0\u00bbbottom\u00a0\u00bb][vc_column column_padding=\u00a0\u00bbno-extra-padding\u00a0\u00bb column_padding_position=\u00a0\u00bball\u00a0\u00bb background_color_opacity=\u00a0\u00bb1&Prime; background_hover_color_opacity=\u00a0\u00bb1&Prime; column_shadow=\u00a0\u00bbnone\u00a0\u00bb column_border_radius=\u00a0\u00bbnone\u00a0\u00bb width=\u00a0\u00bb1\/1&Prime; tablet_text_alignment=\u00a0\u00bbdefault\u00a0\u00bb phone_text_alignment=\u00a0\u00bbdefault\u00a0\u00bb column_border_width=\u00a0\u00bbnone\u00a0\u00bb column_border_style=\u00a0\u00bbsolid\u00a0\u00bb]<div class=\"img-with-aniamtion-wrap center\" data-max-width=\"100%\" data-border-radius=\"none\"><div class=\"inner\"><a href=\"https:\/\/lecasierfrancais.fr\/wp-content\/uploads\/2024\/09\/Reportage-Metier-fabrication-casier-\u252c\u00ae-Greg-Gonzalez-117-scaled.jpg\" class=\"pp center\"><img decoding=\"async\" data-shadow=\"none\" data-shadow-direction=\"middle\" class=\"img-with-animation \" data-delay=\"0\" height=\"1334\" width=\"2000\" data-animation=\"none\" src=\"https:\/\/lecasierfrancais.fr\/wp-content\/uploads\/2024\/09\/Reportage-Metier-fabrication-casier-\u252c\u00ae-Greg-Gonzalez-117-scaled.jpg\" srcset=\"https:\/\/lecasierfrancais.fr\/wp-content\/uploads\/2024\/09\/Reportage-Metier-fabrication-casier-\u252c\u00ae-Greg-Gonzalez-117-scaled.jpg 2000w, https:\/\/lecasierfrancais.fr\/wp-content\/uploads\/2024\/09\/Reportage-Metier-fabrication-casier-\u252c\u00ae-Greg-Gonzalez-117-300x200.jpg 300w, https:\/\/lecasierfrancais.fr\/wp-content\/uploads\/2024\/09\/Reportage-Metier-fabrication-casier-\u252c\u00ae-Greg-Gonzalez-117-1024x683.jpg 1024w, https:\/\/lecasierfrancais.fr\/wp-content\/uploads\/2024\/09\/Reportage-Metier-fabrication-casier-\u252c\u00ae-Greg-Gonzalez-117-768x512.jpg 768w, https:\/\/lecasierfrancais.fr\/wp-content\/uploads\/2024\/09\/Reportage-Metier-fabrication-casier-\u252c\u00ae-Greg-Gonzalez-117-1536x1024.jpg 1536w, https:\/\/lecasierfrancais.fr\/wp-content\/uploads\/2024\/09\/Reportage-Metier-fabrication-casier-\u252c\u00ae-Greg-Gonzalez-117-2048x1365.jpg 2048w, https:\/\/lecasierfrancais.fr\/wp-content\/uploads\/2024\/09\/Reportage-Metier-fabrication-casier-\u252c\u00ae-Greg-Gonzalez-117-900x600.jpg 900w, https:\/\/lecasierfrancais.fr\/wp-content\/uploads\/2024\/09\/Reportage-Metier-fabrication-casier-\u252c\u00ae-Greg-Gonzalez-117-200x133.jpg 200w\" sizes=\"100vw\" alt=\"Distributeur automatique Le Casier Fran\u00e7ais blanc vide, portes ouvertes lors de la fabrication dans les ateliers des Hauts-de-France\" \/><\/a><\/div><\/div>[\/vc_column][\/vc_row][vc_row type=\u00a0\u00bbin_container\u00a0\u00bb full_screen_row_position=\u00a0\u00bbmiddle\u00a0\u00bb scene_position=\u00a0\u00bbcenter\u00a0\u00bb text_color=\u00a0\u00bbdark\u00a0\u00bb text_align=\u00a0\u00bbleft\u00a0\u00bb overlay_strength=\u00a0\u00bb0.3&Prime; shape_divider_position=\u00a0\u00bbbottom\u00a0\u00bb][vc_column column_padding=\u00a0\u00bbno-extra-padding\u00a0\u00bb column_padding_position=\u00a0\u00bball\u00a0\u00bb background_color_opacity=\u00a0\u00bb1&Prime; background_hover_color_opacity=\u00a0\u00bb1&Prime; column_shadow=\u00a0\u00bbnone\u00a0\u00bb column_border_radius=\u00a0\u00bbnone\u00a0\u00bb width=\u00a0\u00bb1\/1&Prime; tablet_text_alignment=\u00a0\u00bbdefault\u00a0\u00bb phone_text_alignment=\u00a0\u00bbdefault\u00a0\u00bb column_border_width=\u00a0\u00bbnone\u00a0\u00bb column_border_style=\u00a0\u00bbsolid\u00a0\u00bb][vc_custom_heading text=\u00a0\u00bb\u2705 L\u2019essentiel \u00e0 retenir\u202f: \u00a0\u00bb use_theme_fonts=\u00a0\u00bbyes\u00a0\u00bb][vc_column_text]\n<ul>\n<li aria-setsize=\"-1\" data-leveltext=\"\uf0b7\" data-font=\"Symbol\" data-listid=\"43\" data-list-defn-props=\"{&quot;335552541&quot;:1,&quot;335559685&quot;:720,&quot;335559991&quot;:360,&quot;469769226&quot;:&quot;Symbol&quot;,&quot;469769242&quot;:[8226],&quot;469777803&quot;:&quot;left&quot;,&quot;469777804&quot;:&quot;\uf0b7&quot;,&quot;469777815&quot;:&quot;multilevel&quot;}\" data-aria-posinset=\"1\" data-aria-level=\"1\"><span data-contrast=\"auto\">16 millions de portes ouvertes correspondent \u00e0 16 millions d\u2019achats effectu\u00e9s\u202f;<\/span><\/li>\n<li aria-setsize=\"-1\" data-leveltext=\"\uf0b7\" data-font=\"Symbol\" data-listid=\"43\" data-list-defn-props=\"{&quot;335552541&quot;:1,&quot;335559685&quot;:720,&quot;335559991&quot;:360,&quot;469769226&quot;:&quot;Symbol&quot;,&quot;469769242&quot;:[8226],&quot;469777803&quot;:&quot;left&quot;,&quot;469777804&quot;:&quot;\uf0b7&quot;,&quot;469777815&quot;:&quot;multilevel&quot;}\" data-aria-posinset=\"1\" data-aria-level=\"1\"><span data-contrast=\"auto\">Les casiers g\u00e9n\u00e8rent du chiffre d\u2019affaires directement pour les producteurs\u202f;<\/span><span data-ccp-props=\"{&quot;335559739&quot;:0}\">\u00a0<\/span><\/li>\n<li aria-setsize=\"-1\" data-leveltext=\"\uf0b7\" data-font=\"Symbol\" data-listid=\"43\" data-list-defn-props=\"{&quot;335552541&quot;:1,&quot;335559685&quot;:720,&quot;335559991&quot;:360,&quot;469769226&quot;:&quot;Symbol&quot;,&quot;469769242&quot;:[8226],&quot;469777803&quot;:&quot;left&quot;,&quot;469777804&quot;:&quot;\uf0b7&quot;,&quot;469777815&quot;:&quot;multilevel&quot;}\" data-aria-posinset=\"1\" data-aria-level=\"1\"><span data-contrast=\"auto\">Chaque ouverture traduit un choix en faveur du circuit court\u00a0et du local\u202f;<\/span><span data-ccp-props=\"{&quot;335559739&quot;:0}\">\u00a0<\/span><\/li>\n<li aria-setsize=\"-1\" data-leveltext=\"\uf0b7\" data-font=\"Symbol\" data-listid=\"43\" data-list-defn-props=\"{&quot;335552541&quot;:1,&quot;335559685&quot;:720,&quot;335559991&quot;:360,&quot;469769226&quot;:&quot;Symbol&quot;,&quot;469769242&quot;:[8226],&quot;469777803&quot;:&quot;left&quot;,&quot;469777804&quot;:&quot;\uf0b7&quot;,&quot;469777815&quot;:&quot;multilevel&quot;}\" data-aria-posinset=\"1\" data-aria-level=\"1\"><span data-contrast=\"auto\">Ce cap est le fruit d\u2019un mod\u00e8le industriel coh\u00e9rent et assum\u00e9\u202f;<\/span><span data-ccp-props=\"{&quot;335559739&quot;:0}\">\u00a0<\/span><\/li>\n<li aria-setsize=\"-1\" data-leveltext=\"\uf0b7\" data-font=\"Symbol\" data-listid=\"43\" data-list-defn-props=\"{&quot;335552541&quot;:1,&quot;335559685&quot;:720,&quot;335559991&quot;:360,&quot;469769226&quot;:&quot;Symbol&quot;,&quot;469769242&quot;:[8226],&quot;469777803&quot;:&quot;left&quot;,&quot;469777804&quot;:&quot;\uf0b7&quot;,&quot;469777815&quot;:&quot;multilevel&quot;}\" data-aria-posinset=\"1\" data-aria-level=\"1\"><span data-contrast=\"auto\">La dynamique s\u2019inscrit dans une transformation durable du commerce local.<\/span><span data-ccp-props=\"{&quot;335559739&quot;:0}\">\u00a0<\/span><\/li>\n<\/ul>\n[\/vc_column_text][\/vc_column][\/vc_row][vc_row type=\u00a0\u00bbin_container\u00a0\u00bb full_screen_row_position=\u00a0\u00bbmiddle\u00a0\u00bb scene_position=\u00a0\u00bbcenter\u00a0\u00bb text_color=\u00a0\u00bbdark\u00a0\u00bb text_align=\u00a0\u00bbleft\u00a0\u00bb overlay_strength=\u00a0\u00bb0.3&Prime; shape_divider_position=\u00a0\u00bbbottom\u00a0\u00bb][vc_column column_padding=\u00a0\u00bbno-extra-padding\u00a0\u00bb column_padding_position=\u00a0\u00bball\u00a0\u00bb background_color_opacity=\u00a0\u00bb1&Prime; background_hover_color_opacity=\u00a0\u00bb1&Prime; column_shadow=\u00a0\u00bbnone\u00a0\u00bb column_border_radius=\u00a0\u00bbnone\u00a0\u00bb width=\u00a0\u00bb1\/1&Prime; tablet_text_alignment=\u00a0\u00bbdefault\u00a0\u00bb phone_text_alignment=\u00a0\u00bbdefault\u00a0\u00bb column_border_width=\u00a0\u00bbnone\u00a0\u00bb column_border_style=\u00a0\u00bbsolid\u00a0\u00bb][vc_custom_heading text=\u00a0\u00bbBien plus qu\u2019un chiffre, une preuve concr\u00e8te du succ\u00e8s du casier connect\u00e9\ud83d\udd0e \u00a0\u00bb use_theme_fonts=\u00a0\u00bbyes\u00a0\u00bb][vc_custom_heading text=\u00a0\u00bb\ud83d\udd39Chaque ouverture de casier correspond \u00e0 une vente r\u00e9alis\u00e9e\u00a0\u00bb font_container=\u00a0\u00bbtag:h3|text_align:left\u00a0\u00bb use_theme_fonts=\u00a0\u00bbyes\u00a0\u00bb][vc_column_text]<span data-contrast=\"auto\">16 millions d\u2019ouvertures de casiers.<\/span><br \/>\n<span data-contrast=\"auto\">Ce chiffre ne repr\u00e9sente pas une simple visite\u2026 mais <strong>16 millions d\u2019achats r\u00e9ellement effectu\u00e9s.<\/strong><\/span><strong>\u00a0<\/strong><\/p>\n<p><span data-contrast=\"auto\">Pour les producteurs, commer\u00e7ants ou entreprises qui souhaitent se lancer, ce chiffre est un signal fort : les consommateurs utilisent r\u00e9ellement les casiers connect\u00e9s pour acheter leurs produits.<\/span><span data-ccp-props=\"{}\">\u00a0<\/span><\/p>\n<p><span data-contrast=\"auto\"><strong>Disponible 24h\/24 et 7j\/7<\/strong>, ce mode de distribution s\u2019inscrit pleinement dans les nouvelles habitudes de consommation : rapide, autonome et accessible \u00e0 tout moment.<\/span><span data-ccp-props=\"{}\">\u00a0<\/span><\/p>\n<p><span data-contrast=\"auto\">Ces millions d\u2019achats r\u00e9alis\u00e9s montrent une chose :<strong> le commerce en libre-service fonctionne<\/strong>, et il continue de se d\u00e9velopper.<\/span><span data-ccp-props=\"{}\">\u00a0<\/span>[\/vc_column_text][\/vc_column][\/vc_row][vc_row type=\u00a0\u00bbin_container\u00a0\u00bb full_screen_row_position=\u00a0\u00bbmiddle\u00a0\u00bb scene_position=\u00a0\u00bbcenter\u00a0\u00bb text_color=\u00a0\u00bbdark\u00a0\u00bb text_align=\u00a0\u00bbleft\u00a0\u00bb overlay_strength=\u00a0\u00bb0.3&Prime; shape_divider_position=\u00a0\u00bbbottom\u00a0\u00bb][vc_column column_padding=\u00a0\u00bbno-extra-padding\u00a0\u00bb column_padding_position=\u00a0\u00bball\u00a0\u00bb background_color_opacity=\u00a0\u00bb1&Prime; background_hover_color_opacity=\u00a0\u00bb1&Prime; column_shadow=\u00a0\u00bbnone\u00a0\u00bb column_border_radius=\u00a0\u00bbnone\u00a0\u00bb width=\u00a0\u00bb1\/1&Prime; tablet_text_alignment=\u00a0\u00bbdefault\u00a0\u00bb phone_text_alignment=\u00a0\u00bbdefault\u00a0\u00bb column_border_width=\u00a0\u00bbnone\u00a0\u00bb column_border_style=\u00a0\u00bbsolid\u00a0\u00bb][vc_custom_heading text=\u00a0\u00bb\ud83d\udd3916 millions d\u2019ouvertures : la preuve que les casiers sont utiles\u00a0\u00bb font_container=\u00a0\u00bbtag:h3|text_align:left\u00a0\u00bb use_theme_fonts=\u00a0\u00bbyes\u00a0\u00bb][vc_column_text]<span data-contrast=\"auto\">Ce chiffre montre une chose :\u00a0<\/span>les casiers connect\u00e9s ont un usage quotidien.<span data-ccp-props=\"{}\">\u00a0<\/span><\/p>\n<p><span data-contrast=\"auto\">Et cela s\u2019explique facilement. Aujourd\u2019hui,\u00a0<\/span>pr\u00e8s de<b><span data-contrast=\"auto\"> 65 % des communes rurales ne disposent plus de commerce alimentaire<\/span><\/b><span data-contrast=\"auto\">. Les habitants cherchent donc des solutions simples pour acheter pr\u00e8s de chez eux.<\/span><span data-ccp-props=\"{}\">\u00a0<\/span><span data-contrast=\"auto\">Disponible\u00a0<\/span><b><span data-contrast=\"auto\">24h\/24 et 7j\/7<\/span><\/b><span data-contrast=\"auto\">, le casier connect\u00e9 r\u00e9pond parfaitement \u00e0 ce besoin.<\/span><br \/>\n<span data-contrast=\"auto\">Il permet d\u2019acc\u00e9der facilement \u00e0 des produits locaux,\u00a0<\/span><b><span data-contrast=\"auto\">\u00e0 toute heure et en toute autonomie<\/span><\/b><span data-contrast=\"auto\">.<\/span><span data-ccp-props=\"{}\">\u00a0<\/span>[\/vc_column_text][\/vc_column][\/vc_row][vc_row type=\u00a0\u00bbin_container\u00a0\u00bb full_screen_row_position=\u00a0\u00bbmiddle\u00a0\u00bb scene_position=\u00a0\u00bbcenter\u00a0\u00bb text_color=\u00a0\u00bbdark\u00a0\u00bb text_align=\u00a0\u00bbleft\u00a0\u00bb overlay_strength=\u00a0\u00bb0.3&Prime; shape_divider_position=\u00a0\u00bbbottom\u00a0\u00bb][vc_column column_padding=\u00a0\u00bbno-extra-padding\u00a0\u00bb column_padding_position=\u00a0\u00bball\u00a0\u00bb background_color_opacity=\u00a0\u00bb1&Prime; background_hover_color_opacity=\u00a0\u00bb1&Prime; column_shadow=\u00a0\u00bbnone\u00a0\u00bb column_border_radius=\u00a0\u00bbnone\u00a0\u00bb width=\u00a0\u00bb1\/1&Prime; tablet_text_alignment=\u00a0\u00bbdefault\u00a0\u00bb phone_text_alignment=\u00a0\u00bbdefault\u00a0\u00bb column_border_width=\u00a0\u00bbnone\u00a0\u00bb column_border_style=\u00a0\u00bbsolid\u00a0\u00bb][vc_custom_heading text=\u00a0\u00bbLes casiers connect\u00e9s g\u00e9n\u00e8rent du chiffre d\u2019affaires directement pour les producteurs \ud83d\ude80\u00a0\u00bb use_theme_fonts=\u00a0\u00bbyes\u00a0\u00bb][vc_custom_heading text=\u00a0\u00bb\ud83d\udd39Un point de vente autonome : compl\u00e9ment strat\u00e9gique ou alternative \u00e0 la boutique\u00a0\u00bb font_container=\u00a0\u00bbtag:h3|text_align:left\u00a0\u00bb use_theme_fonts=\u00a0\u00bbyes\u00a0\u00bb][vc_column_text]<span data-contrast=\"auto\">Installer\u00a0des\u00a0distributeurs de produits locaux\u00a0permet aux producteurs, artisans et agriculteurs de\u00a0<\/span><b><span data-contrast=\"auto\">vendre en direct, sans interm\u00e9diaires.<\/span><\/b><span data-ccp-props=\"{}\">\u00a0<\/span><\/p>\n<p><span data-contrast=\"auto\">Le distributeur peut constituer une alternative \u00e0 une boutique physique ou venir compl\u00e9ter une activit\u00e9 existante. Dans les deux cas, il s\u2019agit d\u2019une d\u00e9cision strat\u00e9gique : cr\u00e9er un point de vente autonome capable de\u00a0<\/span><b><span data-contrast=\"auto\">g\u00e9n\u00e9rer des revenus suppl\u00e9mentaires<\/span><\/b><span data-contrast=\"auto\">, sans contrainte de pr\u00e9sence permanente.<\/span><span data-ccp-props=\"{}\">\u00a0<\/span><\/p>\n<p><span data-contrast=\"auto\">Accessible 24h\/24 et 7j\/7, le casier\u00a0<\/span><b><span data-contrast=\"auto\">\u00e9largit les horaires de vente\u00a0<\/span><\/b><span data-contrast=\"auto\">et\u00a0g\u00e9n\u00e8re des achats\u00a0d\u2019impulsion\u00a0qui n\u2019auraient pas eu lieu dans un cadre classique.\u00a0<\/span><span data-contrast=\"none\">Sophie,\u00a0notre cliente <a href=\"https:\/\/unebranchedethym.fr\/\" target=\"_blank\" rel=\"noopener\">Une Branche de Thym<\/a>\u00a0<\/span><span data-contrast=\"auto\">en t\u00e9moigne\u00a0:\u00a0\u00a0\u00ab\u202f<\/span><i><span data-contrast=\"auto\">J\u2019ai \u00e9norm\u00e9ment de ventes tr\u00e8s t\u00f4t le matin<\/span><\/i><span data-contrast=\"auto\">\u202f\u00bb.\u00a0Des ventes qu\u2019elle n\u2019aurait pas pu effectuer avec un commerce traditionnel.<\/span><span data-ccp-props=\"{}\">\u00a0<\/span>[\/vc_column_text][vc_custom_heading text=\u00a0\u00bb\ud83d\udd39Transformer l\u2019activit\u00e9 : pilotage et rentabilit\u00e9 ma\u00eetris\u00e9e\u00a0\u00bb font_container=\u00a0\u00bbtag:h3|text_align:left\u00a0\u00bb use_theme_fonts=\u00a0\u00bbyes\u00a0\u00bb][vc_column_text]<span data-contrast=\"auto\">Au-del\u00e0 du chiffre d\u2019affaires g\u00e9n\u00e9r\u00e9, le\u00a0distributeur automatique \u00e0 casiers\u00a0permet de gagner du temps et en libert\u00e9 : les ventes s\u2019effectuent de mani\u00e8re autonome.\u00a0<\/span><span data-ccp-props=\"{}\">\u00a0<\/span><\/p>\n<p><span data-contrast=\"auto\">La gestion et le r\u00e9approvisionnement sont simplifi\u00e9s gr\u00e2ce au\u00a0<\/span><span data-contrast=\"none\"><a href=\"https:\/\/lecasierfrancais.fr\/index.php\/le-kiosque\/\" target=\"_blank\" rel=\"noopener\">Kiosque<\/a>,\u00a0<\/span><span data-contrast=\"auto\">notre\u00a0syst\u00e8me de pilotage\u00a0intelligent. Les producteurs peuvent\u00a0<\/span><b><span data-contrast=\"auto\">suivre leurs ventes \u00e0 distance, analyser les produits les plus performants et ajuster leurs stocks en cons\u00e9quence.<\/span><\/b><span data-ccp-props=\"{}\">\u00a0<\/span><\/p>\n<p><span data-contrast=\"auto\">La<strong> gestion des dates courtes<\/strong> est facilit\u00e9e gr\u00e2ce au principe\u00a0<\/span><span data-contrast=\"none\">du <a href=\"https:\/\/lecasierfrancais.fr\/index.php\/fifo\/\" target=\"_blank\" rel=\"noopener\">FIFO<\/a> (\u201c<\/span><span data-contrast=\"auto\">premier\u00a0produit\u00a0entr\u00e9, premier\u00a0produit\u00a0sorti\u201d), limitant les pertes et optimisant la rotation des produits.<\/span><span data-ccp-props=\"{}\">\u00a0<\/span><\/p>\n<p><span data-contrast=\"auto\">Cette ma\u00eetrise des donn\u00e9es permet d\u2019am\u00e9liorer progressivement la rentabilit\u00e9, avec une vision claire et pr\u00e9cise de l\u2019activit\u00e9\u00a0pour\u00a0<\/span><b><span data-contrast=\"auto\">maximiser leurs\u00a0ventes\u00a0<\/span><\/b><span data-contrast=\"auto\">et leur chiffre d&rsquo;affaires.<\/span>[\/vc_column_text][\/vc_column][\/vc_row][vc_row type=\u00a0\u00bbin_container\u00a0\u00bb full_screen_row_position=\u00a0\u00bbmiddle\u00a0\u00bb scene_position=\u00a0\u00bbcenter\u00a0\u00bb text_color=\u00a0\u00bbdark\u00a0\u00bb text_align=\u00a0\u00bbleft\u00a0\u00bb overlay_strength=\u00a0\u00bb0.3&Prime; shape_divider_position=\u00a0\u00bbbottom\u00a0\u00bb][vc_column column_padding=\u00a0\u00bbno-extra-padding\u00a0\u00bb column_padding_position=\u00a0\u00bball\u00a0\u00bb background_color_opacity=\u00a0\u00bb1&Prime; background_hover_color_opacity=\u00a0\u00bb1&Prime; column_shadow=\u00a0\u00bbnone\u00a0\u00bb column_border_radius=\u00a0\u00bbnone\u00a0\u00bb width=\u00a0\u00bb1\/1&Prime; tablet_text_alignment=\u00a0\u00bbdefault\u00a0\u00bb phone_text_alignment=\u00a0\u00bbdefault\u00a0\u00bb column_border_width=\u00a0\u00bbnone\u00a0\u00bb column_border_style=\u00a0\u00bbsolid\u00a0\u00bb][vc_custom_heading text=\u00a0\u00bb16 millions de choix pour le local avec le casier connect\u00e9\ud83c\udf31 \u00a0\u00bb use_theme_fonts=\u00a0\u00bbyes\u00a0\u00bb][vc_custom_heading text=\u00a0\u00bb\ud83d\udd39Une consommation locale devient une habitude de consommation\u00a0\u00bb font_container=\u00a0\u00bbtag:h3|text_align:left\u00a0\u00bb use_theme_fonts=\u00a0\u00bbyes\u00a0\u00bb][vc_column_text]<span data-contrast=\"auto\">Consommer\u00a0local s\u2019observe\u00a0d\u00e9sormais\u00a0dans les comportements d\u2019achat.<\/span><span data-ccp-props=\"{}\">\u00a0<\/span><\/p>\n<p><span data-contrast=\"auto\">Selon <a href=\"https:\/\/www.ecommercemag.fr\/Thematique\/etudes-1273\/Breves\/produits-locaux-reflexe-francais-481990.htm\" target=\"_blank\" rel=\"noopener\">une \u00e9tude Ipsos<\/a><\/span><span data-contrast=\"none\">, <strong>8 Fran\u00e7ais sur 10\u00a0<\/strong><\/span><span data-contrast=\"auto\"><strong>ach\u00e8tent r\u00e9guli\u00e8rement des produits locaux<\/strong>\u00a0avant tout pour leur go\u00fbt, leur impact positif sur l&#8217;emploi et sur l&rsquo;environnement, t\u00e9moignant d\u2019un ancrage profond de cette pratique dans les habitudes de consommation.\u00a0<\/span><span data-ccp-props=\"{}\">\u00a0<\/span><\/p>\n<p><span data-contrast=\"auto\">Ces donn\u00e9es traduisent une \u00e9volution profonde : les consommateurs recherchent davantage de\u00a0<\/span><b><span data-contrast=\"auto\">proximit\u00e9<\/span><\/b><span data-contrast=\"auto\">, de\u00a0<\/span><b><span data-contrast=\"auto\">tra\u00e7abilit\u00e9\u00a0<\/span><\/b><span data-contrast=\"auto\">et de<\/span><b><span data-contrast=\"auto\">\u00a0lien direct avec les producteurs\u00a0autour d\u2019eux.<\/span><\/b>[\/vc_column_text][vc_custom_heading text=\u00a0\u00bb\ud83d\udd39Rendre le local accessible : lever les freins pratiques\u00a0\u00bb font_container=\u00a0\u00bbtag:h3|text_align:left\u00a0\u00bb use_theme_fonts=\u00a0\u00bbyes\u00a0\u00bb][vc_column_text]<span data-contrast=\"auto\">Les 16<\/span><span data-contrast=\"auto\">\u202f<\/span><span data-contrast=\"auto\">millions d\u2019ouvertures enregistr\u00e9es\u00a0sur notre casier intelligent\u00a0montrent que <strong>l\u2019offre locale devient r\u00e9ellement accessible.<\/strong> Bonne nouvelle !\u00a0Si les alternatives propos\u00e9es en <a href=\"https:\/\/lecasierfrancais.fr\/index.php\/2024\/03\/12\/10-bonnes-raisons-de-passer-a-la-vente-directe-par-casiers\/\" target=\"_blank\" rel=\"noopener\">circuit court<\/a> restent souvent limit\u00e9es par leur nombre, des horaires\u00a0restreints, des points de vente \u00e9loign\u00e9s ou une disponibilit\u00e9 irr\u00e9guli\u00e8re, le casier\u00a0libre-service Le Casier Fran\u00e7ais\u00a0l\u00e8ve ces freins\u00a0<\/span><b><span data-contrast=\"auto\">en offrant un acc\u00e8s 24h\/24 et 7j\/7.\u00a0<\/span><\/b><span data-contrast=\"auto\">Votre client viendra donc acheter quand il en a besoin, pas seulement quand le magasin est ouvert !<\/span><br \/>\n<span data-ccp-props=\"{}\">\u00a0<\/span><\/p>\n<p><span data-contrast=\"auto\">Cette accessibilit\u00e9 est renforc\u00e9e par<a href=\"https:\/\/lecasierfrancais.fr\/index.php\/telecharger-lapplication\/\" target=\"_blank\" rel=\"noopener\">\u00a0<\/a><\/span><a href=\"https:\/\/lecasierfrancais.fr\/index.php\/telecharger-lapplication\/\" target=\"_blank\" rel=\"noopener\"><span data-contrast=\"none\">l\u2019application\u00a0mobile\u00a0<\/span><i><span data-contrast=\"none\">Le Casier Fran\u00e7ais<\/span><\/i><span data-contrast=\"none\">,\u00a0<\/span><\/a><span data-contrast=\"auto\">qui permet de consulter \u00e0 distance les produits disponibles avant de se d\u00e9placer. R\u00e9sultat : l\u2019achat local devient\u00a0encore plus\u00a0simple\u00a0!<\/span> L&rsquo;application mobile est en pleine transformation et proposera m\u00eame, prochainement, <strong>le Click &amp; Collect :<\/strong> commande en ligne, retrait de la commande en casiers.[\/vc_column_text][\/vc_column][\/vc_row][vc_row type=\u00a0\u00bbin_container\u00a0\u00bb full_screen_row_position=\u00a0\u00bbmiddle\u00a0\u00bb scene_position=\u00a0\u00bbcenter\u00a0\u00bb text_color=\u00a0\u00bbdark\u00a0\u00bb text_align=\u00a0\u00bbleft\u00a0\u00bb overlay_strength=\u00a0\u00bb0.3&Prime; shape_divider_position=\u00a0\u00bbbottom\u00a0\u00bb][vc_column column_padding=\u00a0\u00bbno-extra-padding\u00a0\u00bb column_padding_position=\u00a0\u00bball\u00a0\u00bb background_color_opacity=\u00a0\u00bb1&Prime; background_hover_color_opacity=\u00a0\u00bb1&Prime; column_shadow=\u00a0\u00bbnone\u00a0\u00bb column_border_radius=\u00a0\u00bbnone\u00a0\u00bb width=\u00a0\u00bb1\/1&Prime; tablet_text_alignment=\u00a0\u00bbdefault\u00a0\u00bb phone_text_alignment=\u00a0\u00bbdefault\u00a0\u00bb column_border_width=\u00a0\u00bbnone\u00a0\u00bb column_border_style=\u00a0\u00bbsolid\u00a0\u00bb]<div class=\"img-with-aniamtion-wrap center\" data-max-width=\"100%\" data-border-radius=\"none\"><div class=\"inner\"><a href=\"https:\/\/lecasierfrancais.fr\/wp-content\/uploads\/2024\/09\/zoom-case-1-scaled.jpg\" class=\"pp center\"><img decoding=\"async\" data-shadow=\"none\" data-shadow-direction=\"middle\" class=\"img-with-animation \" data-delay=\"0\" height=\"1334\" width=\"2000\" data-animation=\"none\" src=\"https:\/\/lecasierfrancais.fr\/wp-content\/uploads\/2024\/09\/zoom-case-1-scaled.jpg\" srcset=\"https:\/\/lecasierfrancais.fr\/wp-content\/uploads\/2024\/09\/zoom-case-1-scaled.jpg 2000w, https:\/\/lecasierfrancais.fr\/wp-content\/uploads\/2024\/09\/zoom-case-1-300x200.jpg 300w, https:\/\/lecasierfrancais.fr\/wp-content\/uploads\/2024\/09\/zoom-case-1-1024x683.jpg 1024w, https:\/\/lecasierfrancais.fr\/wp-content\/uploads\/2024\/09\/zoom-case-1-768x512.jpg 768w, https:\/\/lecasierfrancais.fr\/wp-content\/uploads\/2024\/09\/zoom-case-1-1536x1024.jpg 1536w, https:\/\/lecasierfrancais.fr\/wp-content\/uploads\/2024\/09\/zoom-case-1-2048x1365.jpg 2048w, https:\/\/lecasierfrancais.fr\/wp-content\/uploads\/2024\/09\/zoom-case-1-900x600.jpg 900w, https:\/\/lecasierfrancais.fr\/wp-content\/uploads\/2024\/09\/zoom-case-1-200x133.jpg 200w\" sizes=\"100vw\" alt=\"Zoom sur un distributeur automatique Le Casier Fran\u00e7ais qui vend en libre-service des fruits et l\u00e9gumes en circuit court\" \/><\/a><\/div><\/div>[\/vc_column][\/vc_row][vc_row type=\u00a0\u00bbin_container\u00a0\u00bb full_screen_row_position=\u00a0\u00bbmiddle\u00a0\u00bb scene_position=\u00a0\u00bbcenter\u00a0\u00bb text_color=\u00a0\u00bbdark\u00a0\u00bb text_align=\u00a0\u00bbleft\u00a0\u00bb overlay_strength=\u00a0\u00bb0.3&Prime; shape_divider_position=\u00a0\u00bbbottom\u00a0\u00bb][vc_column column_padding=\u00a0\u00bbno-extra-padding\u00a0\u00bb column_padding_position=\u00a0\u00bball\u00a0\u00bb background_color_opacity=\u00a0\u00bb1&Prime; background_hover_color_opacity=\u00a0\u00bb1&Prime; column_shadow=\u00a0\u00bbnone\u00a0\u00bb column_border_radius=\u00a0\u00bbnone\u00a0\u00bb width=\u00a0\u00bb1\/1&Prime; tablet_text_alignment=\u00a0\u00bbdefault\u00a0\u00bb phone_text_alignment=\u00a0\u00bbdefault\u00a0\u00bb column_border_width=\u00a0\u00bbnone\u00a0\u00bb column_border_style=\u00a0\u00bbsolid\u00a0\u00bb][vc_custom_heading text=\u00a0\u00bb Un chiffre qui prouve la fiabilit\u00e9 industrielle de notre casier connect\u00e9 \u2699\ufe0f\u00a0\u00bb use_theme_fonts=\u00a0\u00bbyes\u00a0\u00bb][vc_custom_heading text=\u00a0\u00bb\ud83d\udd39Une conception produit pens\u00e9e pour durer et pour vendre\u00a0\u00bb font_container=\u00a0\u00bbtag:h3|text_align:left\u00a0\u00bb use_theme_fonts=\u00a0\u00bbyes\u00a0\u00bb][vc_column_text]<span data-contrast=\"auto\">16 millions d\u2019ouvertures, \u00e7a veut dire une chose tr\u00e8s simple : \u00e7a fonctionne.<\/span><br \/>\n<span data-contrast=\"auto\">Tous les jours. Partout. Par tous les temps. D&rsquo;ailleurs, nos \u00e9quipes R&amp;D ont imagin\u00e9 <\/span><span data-contrast=\"none\">des <a href=\"https:\/\/lecasierfrancais.fr\/index.php\/batiment-modulaire-en-bois\/\" target=\"_blank\" rel=\"noopener\">b\u00e2timents modulaires en bois ou en acier<\/a>\u00a0<\/span><span data-contrast=\"auto\">pour prot\u00e9ger les installations\u00a0de distributeurs en libre-service\u00a0et\u00a0<\/span><b><span data-contrast=\"auto\">cr\u00e9er de vrais points de vente connect\u00e9s, visibles et durables<\/span><\/b><span data-contrast=\"auto\">. Au-del\u00e0 de cela, le b\u00e2timent modulaire cr\u00e9e un v\u00e9ritable espace boutique pour accueillir vos visiteurs.<\/span><\/p>\n<p><span data-contrast=\"auto\">Aussi, la fiabilit\u00e9 des distributeurs automatiques connect\u00e9s repose sur la qualit\u00e9 des mat\u00e9riaux choisis. Nos proc\u00e9d\u00e9s de fabrication sont pr\u00e9cis et rigoureux et nous apportons une attention particuli\u00e8re \u00e0 choisir des mat\u00e9riaux faits pour durer et compatibles avec l&rsquo;usage du casier. <\/span><span data-contrast=\"none\"><a href=\"https:\/\/lecasierfrancais.fr\/index.php\/2024\/10\/29\/elargir-sa-clientele-avec-son-casier-automatique-comme-la-ferme-de-kerguilavant\/\" target=\"_blank\" rel=\"noopener\">Gw\u00e9na\u00ebl de la ferme de\u00a0Kerguilavant<\/a>\u00a0<\/span><span data-contrast=\"auto\">le confirme\u202f:\u00a0\u00a0<\/span><i><span data-contrast=\"auto\">\u00ab\u202fPour moi, c\u2019\u00e9tait ce qu\u2019il y avait de plus abouti sur le march\u00e9\u202f!\u202f\u00bb<\/span><\/i><span data-contrast=\"auto\">\u202f<\/span><span data-ccp-props=\"{}\">\u00a0<\/span><\/p>\n<p><span data-contrast=\"auto\">\u00a0Gr\u00e2ce aux retours terrain de nos clients, nous am\u00e9liorons en permanence notre machine de distribution automatique. C\u2019est dans notre ADN : la rendre toujours plus efficace pour vos ventes.\u00a0\u00a0<\/span><span data-ccp-props=\"{}\">\u00a0<\/span>[\/vc_column_text][vc_custom_heading text=\u00a0\u00bb\ud83d\udd39Une entreprise structur\u00e9e autour d\u2019un mod\u00e8le industriel fiable \u00a0\u00bb font_container=\u00a0\u00bbtag:h3|text_align:left\u00a0\u00bb use_theme_fonts=\u00a0\u00bbyes\u00a0\u00bb][vc_column_text]<span data-contrast=\"auto\">Derri\u00e8re la\u00a0fiabilit\u00e9 de\u00a0solution de vente automatis\u00e9e, il\u00a0y\u00a0a notre\u00a0atelier, situ\u00e9 \u00e0\u00a0Templemars\u00a0dans les Hauts-de-France qui\u00a0est\u00a0au\u00a0c\u0153ur du dispositif\u202f: c\u2019est l\u00e0 que tout est con\u00e7u, assembl\u00e9 et contr\u00f4l\u00e9\u00a0par nos op\u00e9rateurs d\u2019assemblage.\u00a0<\/span><b><span data-contrast=\"auto\">De la conception jusqu\u2019au produit final,<\/span><\/b><span data-contrast=\"auto\"> nous ma\u00eetrisons la cha\u00eene de production. Nos casiers connect\u00e9s sont con\u00e7us avec <\/span><b><span data-contrast=\"auto\">des mat\u00e9riaux fran\u00e7ais\u00a0<\/span><\/b><span data-contrast=\"auto\">et des fournisseurs situ\u00e9s \u00e0 proximit\u00e9 de notre atelier. Ce choix n\u2019est pas anodin : il renforce la qualit\u00e9, la tra\u00e7abilit\u00e9 et la r\u00e9activit\u00e9, et nos valeurs en choisissant du\u00a0<\/span><a href=\"https:\/\/lecasierfrancais.fr\/index.php\/2026\/01\/15\/pourquoi-nous-defendons-le-made-in-france-un-choix-qui-change-tout-pour-un-casier-fabrique-en-france\/\"><span data-contrast=\"none\">Made In France.\u00a0<\/span><span data-ccp-props=\"{}\">\u00a0<\/span><\/a><\/p>\n<p><span data-contrast=\"auto\">Si le chiffre atteint 16 millions aujourd\u2019hui, c\u2019est parce que derri\u00e8re chaque ouverture\u00a0de casier, derri\u00e8re chaque vente, il y a une entreprise qui ma\u00eetrise son outil\u00a0et\u00a0qui construit sur le long terme.\u00a0<\/span>[\/vc_column_text][\/vc_column][\/vc_row][vc_row type=\u00a0\u00bbin_container\u00a0\u00bb full_screen_row_position=\u00a0\u00bbmiddle\u00a0\u00bb scene_position=\u00a0\u00bbcenter\u00a0\u00bb text_color=\u00a0\u00bbdark\u00a0\u00bb text_align=\u00a0\u00bbleft\u00a0\u00bb overlay_strength=\u00a0\u00bb0.3&Prime; shape_divider_position=\u00a0\u00bbbottom\u00a0\u00bb][vc_column column_padding=\u00a0\u00bbno-extra-padding\u00a0\u00bb column_padding_position=\u00a0\u00bball\u00a0\u00bb background_color_opacity=\u00a0\u00bb1&Prime; background_hover_color_opacity=\u00a0\u00bb1&Prime; column_shadow=\u00a0\u00bbnone\u00a0\u00bb column_border_radius=\u00a0\u00bbnone\u00a0\u00bb width=\u00a0\u00bb1\/1&Prime; tablet_text_alignment=\u00a0\u00bbdefault\u00a0\u00bb phone_text_alignment=\u00a0\u00bbdefault\u00a0\u00bb column_border_width=\u00a0\u00bbnone\u00a0\u00bb column_border_style=\u00a0\u00bbsolid\u00a0\u00bb][vc_custom_heading text=\u00a0\u00bb16 millions de portes de casiers connect\u00e9s ouvertes : et ce n\u2019est que le d\u00e9but \ud83d\udcc8\u00a0\u00bb use_theme_fonts=\u00a0\u00bbyes\u00a0\u00bb][vc_column_text]<span data-contrast=\"auto\">Le Casier Fran\u00e7ais ne compte pas s\u2019arr\u00eater l\u00e0 !<\/span><span data-ccp-props=\"{}\">\u00a0<\/span><\/p>\n<p><span data-contrast=\"auto\">Ce chiffre annonce une trajectoire\u202f:\u00a0<\/span><b><span data-contrast=\"auto\">les consommateurs veulent du\u00a0local, de l\u2019autonomie, sans\u00a0contrainte horaire.\u00a0<\/span><\/b><span data-contrast=\"auto\">Le circuit court n\u2019est plus une niche militante : il devient une habitude de consommation.<\/span><span data-ccp-props=\"{}\">\u00a0<\/span><\/p>\n<p><span data-contrast=\"auto\">En parall\u00e8le, les producteurs cherchent des mod\u00e8les plus directs, plus rentables, moins d\u00e9pendants des interm\u00e9diaires. Le casier connect\u00e9 r\u00e9pond \u00e0 cette double \u00e9volution :\u00a0<\/span><b><span data-contrast=\"auto\">simplifier l\u2019achat pour le client, s\u00e9curiser la vente pour le producteur.<\/span><\/b><span data-ccp-props=\"{}\">\u00a0<\/span><\/p>\n<p><span data-contrast=\"auto\">Et le mouvement d\u00e9passe d\u00e9sormais le seul monde agricole. Restauration, boulangerie, poisonnerie, p\u00e2tisserie, traiteur&#8230; De nouveaux usages \u00e9mergent et \u00e9largissent le champ des possibles. <\/span><span data-ccp-props=\"{}\">\u00a0<\/span><\/p>\n<p><span data-contrast=\"auto\">16 millions\u00a0d\u2019ouvertures ne sont pas un aboutissement.\u00a0Elles sont le d\u00e9but d\u2019un changement durable dans la mani\u00e8re de vendre\u2026 et d\u2019acheter.\u00a0<\/span><span data-ccp-props=\"{}\">\u00a0<\/span>[\/vc_column_text][\/vc_column][\/vc_row][vc_row type=\u00a0\u00bbin_container\u00a0\u00bb full_screen_row_position=\u00a0\u00bbmiddle\u00a0\u00bb scene_position=\u00a0\u00bbcenter\u00a0\u00bb text_color=\u00a0\u00bbdark\u00a0\u00bb text_align=\u00a0\u00bbleft\u00a0\u00bb overlay_strength=\u00a0\u00bb0.3&Prime; shape_divider_position=\u00a0\u00bbbottom\u00a0\u00bb][vc_column column_padding=\u00a0\u00bbno-extra-padding\u00a0\u00bb column_padding_position=\u00a0\u00bball\u00a0\u00bb background_color_opacity=\u00a0\u00bb1&Prime; background_hover_color_opacity=\u00a0\u00bb1&Prime; column_shadow=\u00a0\u00bbnone\u00a0\u00bb column_border_radius=\u00a0\u00bbnone\u00a0\u00bb width=\u00a0\u00bb1\/1&Prime; tablet_text_alignment=\u00a0\u00bbdefault\u00a0\u00bb phone_text_alignment=\u00a0\u00bbdefault\u00a0\u00bb column_border_width=\u00a0\u00bbnone\u00a0\u00bb column_border_style=\u00a0\u00bbsolid\u00a0\u00bb][vc_zigzag color=\u00a0\u00bbvista_blue\u00a0\u00bb][\/vc_column][\/vc_row][vc_row type=\u00a0\u00bbin_container\u00a0\u00bb full_screen_row_position=\u00a0\u00bbmiddle\u00a0\u00bb scene_position=\u00a0\u00bbcenter\u00a0\u00bb text_color=\u00a0\u00bbdark\u00a0\u00bb text_align=\u00a0\u00bbleft\u00a0\u00bb overlay_strength=\u00a0\u00bb0.3&Prime; shape_divider_position=\u00a0\u00bbbottom\u00a0\u00bb][vc_column column_padding=\u00a0\u00bbno-extra-padding\u00a0\u00bb column_padding_position=\u00a0\u00bball\u00a0\u00bb background_color_opacity=\u00a0\u00bb1&Prime; background_hover_color_opacity=\u00a0\u00bb1&Prime; column_shadow=\u00a0\u00bbnone\u00a0\u00bb column_border_radius=\u00a0\u00bbnone\u00a0\u00bb width=\u00a0\u00bb1\/1&Prime; tablet_text_alignment=\u00a0\u00bbdefault\u00a0\u00bb phone_text_alignment=\u00a0\u00bbdefault\u00a0\u00bb column_border_width=\u00a0\u00bbnone\u00a0\u00bb column_border_style=\u00a0\u00bbsolid\u00a0\u00bb][vc_column_text]<span style=\"font-size: 18px;\"><b>Et si le prochain chiffre, c\u2019\u00e9tait le v\u00f4tre ?<\/b>\u00a0<\/span><\/p>\n<p><span data-contrast=\"auto\">Vous \u00eates producteur, artisan ou porteur de projet et vous vous interrogez sur le potentiel d\u2019un casier connect\u00e9 ?<\/span><span data-ccp-props=\"{}\">\u00a0<\/span><\/p>\n<p><span data-contrast=\"auto\">\u00c9changeons sur votre situation, votre territoire et vos objectifs.<\/span><br \/>\n<span data-contrast=\"auto\">Chaque implantation est unique.<\/span><span data-ccp-props=\"{}\">\u00a0<\/span><\/p>\n<p><span data-contrast=\"auto\">\ud83d\udc49<\/span><span data-contrast=\"auto\">\u00a0<\/span><span data-contrast=\"none\"><a href=\"https:\/\/lecasierfrancais.fr\/index.php\/contact-le-casier-francais\/\" target=\"_blank\" rel=\"noopener\">Contactez nos \u00e9quipes<\/a>\u00a0<\/span><span data-contrast=\"auto\">pour \u00e9tudier votre projet.<\/span><span data-ccp-props=\"{}\">\u00a0<\/span>[\/vc_column_text]<div class=\"divider-wrap\"><div style=\"height: 100px;\" class=\"divider\"><\/div><\/div>[\/vc_column][\/vc_row][vc_row type=\u00a0\u00bbin_container\u00a0\u00bb full_screen_row_position=\u00a0\u00bbmiddle\u00a0\u00bb scene_position=\u00a0\u00bbcenter\u00a0\u00bb text_color=\u00a0\u00bbdark\u00a0\u00bb text_align=\u00a0\u00bbleft\u00a0\u00bb overlay_strength=\u00a0\u00bb0.3&Prime; shape_divider_position=\u00a0\u00bbbottom\u00a0\u00bb][vc_column column_padding=\u00a0\u00bbno-extra-padding\u00a0\u00bb column_padding_position=\u00a0\u00bball\u00a0\u00bb background_color_opacity=\u00a0\u00bb1&Prime; background_hover_color_opacity=\u00a0\u00bb1&Prime; column_shadow=\u00a0\u00bbnone\u00a0\u00bb column_border_radius=\u00a0\u00bbnone\u00a0\u00bb width=\u00a0\u00bb1\/1&Prime; tablet_text_alignment=\u00a0\u00bbdefault\u00a0\u00bb phone_text_alignment=\u00a0\u00bbdefault\u00a0\u00bb column_border_width=\u00a0\u00bbnone\u00a0\u00bb column_border_style=\u00a0\u00bbsolid\u00a0\u00bb][vc_custom_heading text=\u00a0\u00bb\ud83d\udccd FAQ \u00a0\u00bb use_theme_fonts=\u00a0\u00bbyes\u00a0\u00bb][vc_column_text]\n<ol>\n<li><span style=\"font-size: 13px;\"><b> Comment est calcul\u00e9 le chiffre des 16 millions de portes de casiers ouvertes ?<\/b><\/span><\/li>\n<\/ol>\n<p><span style=\"font-size: 13px;\">Chaque ouverture est enregistr\u00e9e automatiquement lors d\u2019un achat valid\u00e9 par paiement. Seule l\u2019ouverture physique d\u2019un casier est comptabilis\u00e9e. Il ne s\u2019agit pas d\u2019une estimation, mais d\u2019une donn\u00e9e r\u00e9elle issue des transactions effectu\u00e9es sur l\u2019ensemble des installations\u00a0via Le Kiosque.\u00a0\u00a0<\/span><\/p>\n<ol start=\"2\">\n<li><span style=\"font-size: 13px;\"><b> Que repr\u00e9sentent concr\u00e8tement 16 millions de portes de casiers ouvertes ?<\/b><\/span><\/li>\n<\/ol>\n<p><span style=\"font-size: 13px;\">Ce chiffre correspond \u00e0 16 millions d\u2019actes d\u2019achat r\u00e9alis\u00e9s en circuit court via des casiers connect\u00e9s\u00a0Le Casier Fran\u00e7ais. Chaque ouverture signifie qu\u2019un produit a \u00e9t\u00e9 vendu\u00a0par un producteur, agriculteur, artisan en vente directe.\u00a0<\/span><\/p>\n<ol start=\"3\">\n<li><span style=\"font-size: 13px;\"><b> Pourquoi le nombre de portes de casiers ouvertes continue-t-il d\u2019augmenter ?<\/b><\/span><\/li>\n<\/ol>\n<p><span style=\"font-size: 13px;\">Parce que la demande est l\u00e0 : les consommateurs recherchent du local, de l\u2019autonomie et des horaires \u00e9tendus. En parall\u00e8le, les producteurs cherchent des canaux de vente plus directs et plus rentables. Le casier connect\u00e9 est alors une solution concr\u00e8te. Le chiffre progresse car il r\u00e9pond \u00e0 un besoin durable, pas \u00e0 une tendance passag\u00e8re.\u00a0<\/span><\/p>\n<ol start=\"4\">\n<li><span style=\"font-size: 13px;\"><b> Les 16 millions de portes de casiers ouvertes prouvent-ils la rentabilit\u00e9 du mod\u00e8le ?<\/b><\/span><\/li>\n<\/ol>\n<p><span style=\"font-size: 13px;\">Oui, ces 16 millions d\u00e9montrent concr\u00e8tement qu\u2019il y a de la demande de la part de ceux qui vont faire vivre votre casier, vos clients.\u00a0Ils d\u00e9montrent surtout l\u2019adoption massive du syst\u00e8me. Un tel volume d\u2019ouvertures implique une r\u00e9p\u00e9tition d\u2019achats, une fid\u00e9lisation et une activit\u00e9 r\u00e9elle sur le terrain. La rentabilit\u00e9 d\u00e9pend de l\u2019emplacement et de l\u2019offre. L\u2019usage, lui,\u00a0prouve la viabilit\u00e9 du mod\u00e8le.\u00a0<\/span><\/p>\n<ol start=\"5\">\n<li><span style=\"font-size: 13px;\"><b> Le mod\u00e8le des casiers connect\u00e9s fonctionne-t-il uniquement en zone rurale ?<\/b><\/span><\/li>\n<\/ol>\n<p><span style=\"font-size: 13px;\" data-contrast=\"auto\">Pas seulement. Les 16 millions d\u2019ouvertures concernent aussi bien des zones rurales\u00a0o\u00f9 les commerces manquent \u00e0 l\u2019appel,\u00a0que p\u00e9riurbaines ou urbaines. Le syst\u00e8me s\u2019adapte aux producteurs, aux artisans, aux restaurateurs et m\u00eame \u00e0 de nouveaux usages comme la restauration rapide\u00a0dans les universit\u00e9s.\u00a0<\/span>[\/vc_column_text][\/vc_column][\/vc_row]\n","protected":false},"excerpt":{"rendered":"<p>[vc_row type=\u00a0\u00bbin_container\u00a0\u00bb full_screen_row_position=\u00a0\u00bbmiddle\u00a0\u00bb scene_position=\u00a0\u00bbcenter\u00a0\u00bb text_color=\u00a0\u00bbdark\u00a0\u00bb text_align=\u00a0\u00bbleft\u00a0\u00bb overlay_strength=\u00a0\u00bb0.3&Prime; shape_divider_position=\u00a0\u00bbbottom\u00a0\u00bb][vc_column column_padding=\u00a0\u00bbno-extra-padding\u00a0\u00bb column_padding_position=\u00a0\u00bball\u00a0\u00bb background_color_opacity=\u00a0\u00bb1&Prime; background_hover_color_opacity=\u00a0\u00bb1&Prime; column_shadow=\u00a0\u00bbnone\u00a0\u00bb column_border_radius=\u00a0\u00bbnone\u00a0\u00bb width=\u00a0\u00bb1\/1&Prime;&#8230;<\/p>\n","protected":false},"author":8,"featured_media":11254,"comment_status":"open","ping_status":"open","sticky":false,"template":"","format":"standard","meta":{"footnotes":""},"categories":[577],"tags":[782,417,783,784,418,633,421,567,572],"class_list":{"0":"post-20050","1":"post","2":"type-post","3":"status-publish","4":"format-standard","5":"has-post-thumbnail","7":"category-nos-casiers","8":"tag-artisans","9":"tag-circuit-court","10":"tag-commercants","11":"tag-commerce-autonome","12":"tag-distributeur-automatique","13":"tag-fabrique-en-france","14":"tag-le-casier-francais","15":"tag-libre-service","16":"tag-producteurs"},"yoast_head":"<!-- This site is optimized with the Yoast SEO Premium plugin v26.6 (Yoast SEO v26.6) - https:\/\/yoast.com\/wordpress\/plugins\/seo\/ -->\n<title>16 millions de portes de casiers connect\u00e9s ouvertes : la preuve que le circuit court change d\u2019\u00e9chelle\ud83d\udd25 - Le Casier Fran\u00e7ais<\/title>\n<meta name=\"description\" content=\"D\u00e9couvrez comment le casier connect\u00e9 Le Casier Fran\u00e7ais se met au service des consommateurs comme des producteurs.\" \/>\n<meta name=\"robots\" content=\"index, follow, max-snippet:-1, max-image-preview:large, max-video-preview:-1\" \/>\n<link rel=\"canonical\" href=\"https:\/\/lecasierfrancais.fr\/index.php\/2026\/03\/09\/16-millions-de-portes-de-casiers-connectes-ouvertes-la-preuve-que-le-circuit-court-change-dechelle\/\" \/>\n<meta property=\"og:locale\" content=\"fr_FR\" \/>\n<meta property=\"og:type\" content=\"article\" \/>\n<meta property=\"og:title\" content=\"16 millions de portes de casiers connect\u00e9s ouvertes : la preuve que le circuit court change d\u2019\u00e9chelle\ud83d\udd25\" \/>\n<meta property=\"og:description\" content=\"D\u00e9couvrez comment le casier connect\u00e9 Le Casier Fran\u00e7ais se met au service des consommateurs comme des producteurs.\" \/>\n<meta property=\"og:url\" content=\"https:\/\/lecasierfrancais.fr\/index.php\/2026\/03\/09\/16-millions-de-portes-de-casiers-connectes-ouvertes-la-preuve-que-le-circuit-court-change-dechelle\/\" \/>\n<meta property=\"og:site_name\" content=\"Le Casier Fran\u00e7ais\" \/>\n<meta property=\"article:publisher\" content=\"https:\/\/www.facebook.com\/lecasierfrancais\/\" \/>\n<meta property=\"article:published_time\" content=\"2026-03-09T13:14:23+00:00\" \/>\n<meta property=\"article:modified_time\" content=\"2026-03-16T08:37:57+00:00\" \/>\n<meta property=\"og:image\" content=\"https:\/\/lecasierfrancais.fr\/wp-content\/uploads\/2024\/09\/Reportage-Metier-fabrication-casier-\u252c\u00ae-Greg-Gonzalez-117-scaled.jpg\" \/>\n\t<meta property=\"og:image:width\" content=\"2000\" \/>\n\t<meta property=\"og:image:height\" content=\"1334\" \/>\n\t<meta property=\"og:image:type\" content=\"image\/jpeg\" \/>\n<meta name=\"author\" content=\"Le Casier Francais\" \/>\n<meta name=\"twitter:card\" content=\"summary_large_image\" \/>\n<meta name=\"twitter:label1\" content=\"\u00c9crit par\" \/>\n\t<meta name=\"twitter:data1\" content=\"Le Casier Francais\" \/>\n\t<meta name=\"twitter:label2\" content=\"Dur\u00e9e de lecture estim\u00e9e\" \/>\n\t<meta name=\"twitter:data2\" content=\"11 minutes\" \/>\n<script type=\"application\/ld+json\" class=\"yoast-schema-graph\">{\"@context\":\"https:\/\/schema.org\",\"@graph\":[{\"@type\":\"WebPage\",\"@id\":\"https:\/\/lecasierfrancais.fr\/index.php\/2026\/03\/09\/16-millions-de-portes-de-casiers-connectes-ouvertes-la-preuve-que-le-circuit-court-change-dechelle\/\",\"url\":\"https:\/\/lecasierfrancais.fr\/index.php\/2026\/03\/09\/16-millions-de-portes-de-casiers-connectes-ouvertes-la-preuve-que-le-circuit-court-change-dechelle\/\",\"name\":\"16 millions de portes de casiers connect\u00e9s ouvertes : la preuve que le circuit court change d\u2019\u00e9chelle\ud83d\udd25 - Le Casier Fran\u00e7ais\",\"isPartOf\":{\"@id\":\"https:\/\/lecasierfrancais.fr\/#website\"},\"primaryImageOfPage\":{\"@id\":\"https:\/\/lecasierfrancais.fr\/index.php\/2026\/03\/09\/16-millions-de-portes-de-casiers-connectes-ouvertes-la-preuve-que-le-circuit-court-change-dechelle\/#primaryimage\"},\"image\":{\"@id\":\"https:\/\/lecasierfrancais.fr\/index.php\/2026\/03\/09\/16-millions-de-portes-de-casiers-connectes-ouvertes-la-preuve-que-le-circuit-court-change-dechelle\/#primaryimage\"},\"thumbnailUrl\":\"https:\/\/lecasierfrancais.fr\/wp-content\/uploads\/2024\/09\/Reportage-Metier-fabrication-casier-\u252c\u00ae-Greg-Gonzalez-117-scaled.jpg\",\"datePublished\":\"2026-03-09T13:14:23+00:00\",\"dateModified\":\"2026-03-16T08:37:57+00:00\",\"author\":{\"@id\":\"https:\/\/lecasierfrancais.fr\/#\/schema\/person\/7ca32438b040d2a673afe220fe3c2fbd\"},\"description\":\"D\u00e9couvrez comment le casier connect\u00e9 Le Casier Fran\u00e7ais se met au service des consommateurs comme des producteurs.\",\"breadcrumb\":{\"@id\":\"https:\/\/lecasierfrancais.fr\/index.php\/2026\/03\/09\/16-millions-de-portes-de-casiers-connectes-ouvertes-la-preuve-que-le-circuit-court-change-dechelle\/#breadcrumb\"},\"inLanguage\":\"fr-FR\",\"potentialAction\":[{\"@type\":\"ReadAction\",\"target\":[\"https:\/\/lecasierfrancais.fr\/index.php\/2026\/03\/09\/16-millions-de-portes-de-casiers-connectes-ouvertes-la-preuve-que-le-circuit-court-change-dechelle\/\"]}]},{\"@type\":\"ImageObject\",\"inLanguage\":\"fr-FR\",\"@id\":\"https:\/\/lecasierfrancais.fr\/index.php\/2026\/03\/09\/16-millions-de-portes-de-casiers-connectes-ouvertes-la-preuve-que-le-circuit-court-change-dechelle\/#primaryimage\",\"url\":\"https:\/\/lecasierfrancais.fr\/wp-content\/uploads\/2024\/09\/Reportage-Metier-fabrication-casier-\u252c\u00ae-Greg-Gonzalez-117-scaled.jpg\",\"contentUrl\":\"https:\/\/lecasierfrancais.fr\/wp-content\/uploads\/2024\/09\/Reportage-Metier-fabrication-casier-\u252c\u00ae-Greg-Gonzalez-117-scaled.jpg\",\"width\":2000,\"height\":1334,\"caption\":\"Distributeur automatique Le Casier Fran\u00e7ais blanc vide, portes ouvertes lors de la fabrication dans les ateliers des Hauts-de-France\"},{\"@type\":\"BreadcrumbList\",\"@id\":\"https:\/\/lecasierfrancais.fr\/index.php\/2026\/03\/09\/16-millions-de-portes-de-casiers-connectes-ouvertes-la-preuve-que-le-circuit-court-change-dechelle\/#breadcrumb\",\"itemListElement\":[{\"@type\":\"ListItem\",\"position\":1,\"name\":\"Accueil\",\"item\":\"https:\/\/lecasierfrancais.fr\/\"},{\"@type\":\"ListItem\",\"position\":2,\"name\":\"16 millions de portes de casiers connect\u00e9s ouvertes : la preuve que le circuit court change d\u2019\u00e9chelle\ud83d\udd25\"}]},{\"@type\":\"WebSite\",\"@id\":\"https:\/\/lecasierfrancais.fr\/#website\",\"url\":\"https:\/\/lecasierfrancais.fr\/\",\"name\":\"Le Casier Fran\u00e7ais\",\"description\":\"Fabricant de casiers connect\u00e9s pour la vente directe de vos produits\",\"potentialAction\":[{\"@type\":\"SearchAction\",\"target\":{\"@type\":\"EntryPoint\",\"urlTemplate\":\"https:\/\/lecasierfrancais.fr\/?s={search_term_string}\"},\"query-input\":{\"@type\":\"PropertyValueSpecification\",\"valueRequired\":true,\"valueName\":\"search_term_string\"}}],\"inLanguage\":\"fr-FR\"},{\"@type\":\"Person\",\"@id\":\"https:\/\/lecasierfrancais.fr\/#\/schema\/person\/7ca32438b040d2a673afe220fe3c2fbd\",\"name\":\"Le Casier Francais\",\"image\":{\"@type\":\"ImageObject\",\"inLanguage\":\"fr-FR\",\"@id\":\"https:\/\/lecasierfrancais.fr\/#\/schema\/person\/image\/\",\"url\":\"https:\/\/secure.gravatar.com\/avatar\/f29776dfd97a4c78aee2ab31cb63a0f4097b8cc071a068daac2d914eb26fbbd4?s=96&d=mm&r=g\",\"contentUrl\":\"https:\/\/secure.gravatar.com\/avatar\/f29776dfd97a4c78aee2ab31cb63a0f4097b8cc071a068daac2d914eb26fbbd4?s=96&d=mm&r=g\",\"caption\":\"Le Casier Francais\"},\"url\":\"https:\/\/lecasierfrancais.fr\/index.php\/author\/le-casier-francais\/\"}]}<\/script>\n<!-- \/ Yoast SEO Premium plugin. -->","yoast_head_json":{"title":"16 millions de portes de casiers connect\u00e9s ouvertes : la preuve que le circuit court change d\u2019\u00e9chelle\ud83d\udd25 - Le Casier Fran\u00e7ais","description":"D\u00e9couvrez comment le casier connect\u00e9 Le Casier Fran\u00e7ais se met au service des consommateurs comme des producteurs.","robots":{"index":"index","follow":"follow","max-snippet":"max-snippet:-1","max-image-preview":"max-image-preview:large","max-video-preview":"max-video-preview:-1"},"canonical":"https:\/\/lecasierfrancais.fr\/index.php\/2026\/03\/09\/16-millions-de-portes-de-casiers-connectes-ouvertes-la-preuve-que-le-circuit-court-change-dechelle\/","og_locale":"fr_FR","og_type":"article","og_title":"16 millions de portes de casiers connect\u00e9s ouvertes : la preuve que le circuit court change d\u2019\u00e9chelle\ud83d\udd25","og_description":"D\u00e9couvrez comment le casier connect\u00e9 Le Casier Fran\u00e7ais se met au service des consommateurs comme des producteurs.","og_url":"https:\/\/lecasierfrancais.fr\/index.php\/2026\/03\/09\/16-millions-de-portes-de-casiers-connectes-ouvertes-la-preuve-que-le-circuit-court-change-dechelle\/","og_site_name":"Le Casier Fran\u00e7ais","article_publisher":"https:\/\/www.facebook.com\/lecasierfrancais\/","article_published_time":"2026-03-09T13:14:23+00:00","article_modified_time":"2026-03-16T08:37:57+00:00","og_image":[{"width":2000,"height":1334,"url":"https:\/\/lecasierfrancais.fr\/wp-content\/uploads\/2024\/09\/Reportage-Metier-fabrication-casier-\u252c\u00ae-Greg-Gonzalez-117-scaled.jpg","type":"image\/jpeg"}],"author":"Le Casier Francais","twitter_card":"summary_large_image","twitter_misc":{"\u00c9crit par":"Le Casier Francais","Dur\u00e9e de lecture estim\u00e9e":"11 minutes"},"schema":{"@context":"https:\/\/schema.org","@graph":[{"@type":"WebPage","@id":"https:\/\/lecasierfrancais.fr\/index.php\/2026\/03\/09\/16-millions-de-portes-de-casiers-connectes-ouvertes-la-preuve-que-le-circuit-court-change-dechelle\/","url":"https:\/\/lecasierfrancais.fr\/index.php\/2026\/03\/09\/16-millions-de-portes-de-casiers-connectes-ouvertes-la-preuve-que-le-circuit-court-change-dechelle\/","name":"16 millions de portes de casiers connect\u00e9s ouvertes : la preuve que le circuit court change d\u2019\u00e9chelle\ud83d\udd25 - Le Casier Fran\u00e7ais","isPartOf":{"@id":"https:\/\/lecasierfrancais.fr\/#website"},"primaryImageOfPage":{"@id":"https:\/\/lecasierfrancais.fr\/index.php\/2026\/03\/09\/16-millions-de-portes-de-casiers-connectes-ouvertes-la-preuve-que-le-circuit-court-change-dechelle\/#primaryimage"},"image":{"@id":"https:\/\/lecasierfrancais.fr\/index.php\/2026\/03\/09\/16-millions-de-portes-de-casiers-connectes-ouvertes-la-preuve-que-le-circuit-court-change-dechelle\/#primaryimage"},"thumbnailUrl":"https:\/\/lecasierfrancais.fr\/wp-content\/uploads\/2024\/09\/Reportage-Metier-fabrication-casier-\u252c\u00ae-Greg-Gonzalez-117-scaled.jpg","datePublished":"2026-03-09T13:14:23+00:00","dateModified":"2026-03-16T08:37:57+00:00","author":{"@id":"https:\/\/lecasierfrancais.fr\/#\/schema\/person\/7ca32438b040d2a673afe220fe3c2fbd"},"description":"D\u00e9couvrez comment le casier connect\u00e9 Le Casier Fran\u00e7ais se met au service des consommateurs comme des producteurs.","breadcrumb":{"@id":"https:\/\/lecasierfrancais.fr\/index.php\/2026\/03\/09\/16-millions-de-portes-de-casiers-connectes-ouvertes-la-preuve-que-le-circuit-court-change-dechelle\/#breadcrumb"},"inLanguage":"fr-FR","potentialAction":[{"@type":"ReadAction","target":["https:\/\/lecasierfrancais.fr\/index.php\/2026\/03\/09\/16-millions-de-portes-de-casiers-connectes-ouvertes-la-preuve-que-le-circuit-court-change-dechelle\/"]}]},{"@type":"ImageObject","inLanguage":"fr-FR","@id":"https:\/\/lecasierfrancais.fr\/index.php\/2026\/03\/09\/16-millions-de-portes-de-casiers-connectes-ouvertes-la-preuve-que-le-circuit-court-change-dechelle\/#primaryimage","url":"https:\/\/lecasierfrancais.fr\/wp-content\/uploads\/2024\/09\/Reportage-Metier-fabrication-casier-\u252c\u00ae-Greg-Gonzalez-117-scaled.jpg","contentUrl":"https:\/\/lecasierfrancais.fr\/wp-content\/uploads\/2024\/09\/Reportage-Metier-fabrication-casier-\u252c\u00ae-Greg-Gonzalez-117-scaled.jpg","width":2000,"height":1334,"caption":"Distributeur automatique Le Casier Fran\u00e7ais blanc vide, portes ouvertes lors de la fabrication dans les ateliers des Hauts-de-France"},{"@type":"BreadcrumbList","@id":"https:\/\/lecasierfrancais.fr\/index.php\/2026\/03\/09\/16-millions-de-portes-de-casiers-connectes-ouvertes-la-preuve-que-le-circuit-court-change-dechelle\/#breadcrumb","itemListElement":[{"@type":"ListItem","position":1,"name":"Accueil","item":"https:\/\/lecasierfrancais.fr\/"},{"@type":"ListItem","position":2,"name":"16 millions de portes de casiers connect\u00e9s ouvertes : la preuve que le circuit court change d\u2019\u00e9chelle\ud83d\udd25"}]},{"@type":"WebSite","@id":"https:\/\/lecasierfrancais.fr\/#website","url":"https:\/\/lecasierfrancais.fr\/","name":"Le Casier Fran\u00e7ais","description":"Fabricant de casiers connect\u00e9s pour la vente directe de vos produits","potentialAction":[{"@type":"SearchAction","target":{"@type":"EntryPoint","urlTemplate":"https:\/\/lecasierfrancais.fr\/?s={search_term_string}"},"query-input":{"@type":"PropertyValueSpecification","valueRequired":true,"valueName":"search_term_string"}}],"inLanguage":"fr-FR"},{"@type":"Person","@id":"https:\/\/lecasierfrancais.fr\/#\/schema\/person\/7ca32438b040d2a673afe220fe3c2fbd","name":"Le Casier Francais","image":{"@type":"ImageObject","inLanguage":"fr-FR","@id":"https:\/\/lecasierfrancais.fr\/#\/schema\/person\/image\/","url":"https:\/\/secure.gravatar.com\/avatar\/f29776dfd97a4c78aee2ab31cb63a0f4097b8cc071a068daac2d914eb26fbbd4?s=96&d=mm&r=g","contentUrl":"https:\/\/secure.gravatar.com\/avatar\/f29776dfd97a4c78aee2ab31cb63a0f4097b8cc071a068daac2d914eb26fbbd4?s=96&d=mm&r=g","caption":"Le Casier Francais"},"url":"https:\/\/lecasierfrancais.fr\/index.php\/author\/le-casier-francais\/"}]}},"_links":{"self":[{"href":"https:\/\/lecasierfrancais.fr\/index.php\/wp-json\/wp\/v2\/posts\/20050","targetHints":{"allow":["GET"]}}],"collection":[{"href":"https:\/\/lecasierfrancais.fr\/index.php\/wp-json\/wp\/v2\/posts"}],"about":[{"href":"https:\/\/lecasierfrancais.fr\/index.php\/wp-json\/wp\/v2\/types\/post"}],"author":[{"embeddable":true,"href":"https:\/\/lecasierfrancais.fr\/index.php\/wp-json\/wp\/v2\/users\/8"}],"replies":[{"embeddable":true,"href":"https:\/\/lecasierfrancais.fr\/index.php\/wp-json\/wp\/v2\/comments?post=20050"}],"version-history":[{"count":9,"href":"https:\/\/lecasierfrancais.fr\/index.php\/wp-json\/wp\/v2\/posts\/20050\/revisions"}],"predecessor-version":[{"id":20065,"href":"https:\/\/lecasierfrancais.fr\/index.php\/wp-json\/wp\/v2\/posts\/20050\/revisions\/20065"}],"wp:featuredmedia":[{"embeddable":true,"href":"https:\/\/lecasierfrancais.fr\/index.php\/wp-json\/wp\/v2\/media\/11254"}],"wp:attachment":[{"href":"https:\/\/lecasierfrancais.fr\/index.php\/wp-json\/wp\/v2\/media?parent=20050"}],"wp:term":[{"taxonomy":"category","embeddable":true,"href":"https:\/\/lecasierfrancais.fr\/index.php\/wp-json\/wp\/v2\/categories?post=20050"},{"taxonomy":"post_tag","embeddable":true,"href":"https:\/\/lecasierfrancais.fr\/index.php\/wp-json\/wp\/v2\/tags?post=20050"}],"curies":[{"name":"wp","href":"https:\/\/api.w.org\/{rel}","templated":true}]}}