{"id":22768,"date":"2026-07-17T09:00:25","date_gmt":"2026-07-17T07:00:25","guid":{"rendered":"https:\/\/lecasierfrancais.fr\/?p=22768"},"modified":"2026-08-17T16:37:54","modified_gmt":"2026-08-17T14:37:54","slug":"distributeur-automatique-de-plats-cuisines-pres-de-besancon-food-flo","status":"publish","type":"post","link":"https:\/\/lecasierfrancais.fr\/index.php\/2026\/07\/17\/distributeur-automatique-de-plats-cuisines-pres-de-besancon-food-flo\/","title":{"rendered":"Distributeur automatique de plats cuisin\u00e9s pr\u00e8s de Besan\u00e7on : Food &#038; Flo ouvre un nouveau point de vente accessible 24\/7"},"content":{"rendered":"[vc_row type=\u00a0\u00bbin_container\u00a0\u00bb full_screen_row_position=\u00a0\u00bbmiddle\u00a0\u00bb scene_position=\u00a0\u00bbcenter\u00a0\u00bb text_color=\u00a0\u00bbdark\u00a0\u00bb text_align=\u00a0\u00bbleft\u00a0\u00bb overlay_strength=\u00a0\u00bb0.3&Prime; shape_divider_position=\u00a0\u00bbbottom\u00a0\u00bb][vc_column column_padding=\u00a0\u00bbno-extra-padding\u00a0\u00bb column_padding_position=\u00a0\u00bball\u00a0\u00bb background_color_opacity=\u00a0\u00bb1&Prime; background_hover_color_opacity=\u00a0\u00bb1&Prime; column_shadow=\u00a0\u00bbnone\u00a0\u00bb column_border_radius=\u00a0\u00bbnone\u00a0\u00bb width=\u00a0\u00bb1\/1&Prime; tablet_text_alignment=\u00a0\u00bbdefault\u00a0\u00bb phone_text_alignment=\u00a0\u00bbdefault\u00a0\u00bb column_border_width=\u00a0\u00bbnone\u00a0\u00bb column_border_style=\u00a0\u00bbsolid\u00a0\u00bb][vc_column_text]<em>\u00c0 Ornans, dans le Doubs, une nouvelle solution pratique et gourmande vient enrichir l\u2019offre de restauration locale. Apr\u00e8s le succ\u00e8s de son premier distributeur \u00e0 Vuillafans, le traiteur Food &amp; Flo inaugure un second point de vente sous forme de distributeur automatique de plats cuisin\u00e9s, accessible 24h\/24 et 7j\/7. Install\u00e9 sur un axe passant au c\u0153ur de la ville, ce dispositif innovant permet aux habitants comme aux visiteurs de profiter \u00e0 tout moment de recettes savoureuses, \u00e9labor\u00e9es par le chef Florent \u00e0 partir de produits nobles et soigneusement s\u00e9lectionn\u00e9s.<\/em>[\/vc_column_text][\/vc_column][\/vc_row][vc_row type=\u00a0\u00bbin_container\u00a0\u00bb full_screen_row_position=\u00a0\u00bbmiddle\u00a0\u00bb scene_position=\u00a0\u00bbcenter\u00a0\u00bb text_color=\u00a0\u00bbdark\u00a0\u00bb text_align=\u00a0\u00bbleft\u00a0\u00bb overlay_strength=\u00a0\u00bb0.3&Prime; shape_divider_position=\u00a0\u00bbbottom\u00a0\u00bb][vc_column column_padding=\u00a0\u00bbno-extra-padding\u00a0\u00bb column_padding_position=\u00a0\u00bball\u00a0\u00bb background_color_opacity=\u00a0\u00bb1&Prime; background_hover_color_opacity=\u00a0\u00bb1&Prime; column_shadow=\u00a0\u00bbnone\u00a0\u00bb column_border_radius=\u00a0\u00bbnone\u00a0\u00bb width=\u00a0\u00bb1\/1&Prime; tablet_text_alignment=\u00a0\u00bbdefault\u00a0\u00bb phone_text_alignment=\u00a0\u00bbdefault\u00a0\u00bb column_border_width=\u00a0\u00bbnone\u00a0\u00bb column_border_style=\u00a0\u00bbsolid\u00a0\u00bb]<div class=\"img-with-aniamtion-wrap center\" data-max-width=\"100%\" data-border-radius=\"none\"><div class=\"inner\"><img decoding=\"async\" data-shadow=\"none\" data-shadow-direction=\"middle\" class=\"img-with-animation \" data-delay=\"0\" height=\"534\" width=\"300\" data-animation=\"none\" src=\"https:\/\/lecasierfrancais.fr\/wp-content\/uploads\/2026\/07\/WhatsApp-Image-2026-05-21-at-11.49.31-e1783591678113.jpeg\"  alt=\"Distributeur automatique alimentaire pour activit\u00e9 traiteur\" \/><\/div><\/div>[\/vc_column][\/vc_row][vc_row type=\u00a0\u00bbin_container\u00a0\u00bb full_screen_row_position=\u00a0\u00bbmiddle\u00a0\u00bb scene_position=\u00a0\u00bbcenter\u00a0\u00bb text_color=\u00a0\u00bbdark\u00a0\u00bb text_align=\u00a0\u00bbleft\u00a0\u00bb overlay_strength=\u00a0\u00bb0.3&Prime; shape_divider_position=\u00a0\u00bbbottom\u00a0\u00bb][vc_column column_padding=\u00a0\u00bbno-extra-padding\u00a0\u00bb column_padding_position=\u00a0\u00bball\u00a0\u00bb background_color_opacity=\u00a0\u00bb1&Prime; background_hover_color_opacity=\u00a0\u00bb1&Prime; column_shadow=\u00a0\u00bbnone\u00a0\u00bb column_border_radius=\u00a0\u00bbnone\u00a0\u00bb width=\u00a0\u00bb1\/1&Prime; tablet_text_alignment=\u00a0\u00bbdefault\u00a0\u00bb phone_text_alignment=\u00a0\u00bbdefault\u00a0\u00bb column_border_width=\u00a0\u00bbnone\u00a0\u00bb column_border_style=\u00a0\u00bbsolid\u00a0\u00bb][vc_custom_heading text=\u00a0\u00bbUne nouvelle offre de distributeur automatique de plats cuisin\u00e9s pr\u00e8s de Besan\u00e7on\u00a0\u00bb use_theme_fonts=\u00a0\u00bbyes\u00a0\u00bb][vc_column_text]Cette fois-ci, rendez-vous dans le Doubs, \u00e0 Ornans (25), o\u00f9 un nouveau <a href=\"https:\/\/lecasierfrancais.fr\/index.php\/2024\/09\/19\/ouvrir-un-casier-traiteur-a-la-place-dun-restaurant-le-bon-choix-pour-les-recettes-des-tontons\/\">distributeur automatique pour traiteur<\/a> a \u00e9t\u00e9 install\u00e9. La machine a trouv\u00e9 sa place pr\u00e8s de Point S sur l\u2019axe principal de la commune, dans une zone commer\u00e7ante qui devrait assurer le succ\u00e8s du casier. Ainsi, Food &amp; Flo offre un <strong>service pratique et accessible en continu<\/strong>\u00a024h\/24, 7j\/7.[\/vc_column_text][\/vc_column][\/vc_row][vc_row type=\u00a0\u00bbin_container\u00a0\u00bb full_screen_row_position=\u00a0\u00bbmiddle\u00a0\u00bb scene_position=\u00a0\u00bbcenter\u00a0\u00bb text_color=\u00a0\u00bbdark\u00a0\u00bb text_align=\u00a0\u00bbleft\u00a0\u00bb overlay_strength=\u00a0\u00bb0.3&Prime; shape_divider_position=\u00a0\u00bbbottom\u00a0\u00bb][vc_column column_padding=\u00a0\u00bbno-extra-padding\u00a0\u00bb column_padding_position=\u00a0\u00bball\u00a0\u00bb background_color_opacity=\u00a0\u00bb1&Prime; background_hover_color_opacity=\u00a0\u00bb1&Prime; column_shadow=\u00a0\u00bbnone\u00a0\u00bb column_border_radius=\u00a0\u00bbnone\u00a0\u00bb width=\u00a0\u00bb1\/1&Prime; tablet_text_alignment=\u00a0\u00bbdefault\u00a0\u00bb phone_text_alignment=\u00a0\u00bbdefault\u00a0\u00bb column_border_width=\u00a0\u00bbnone\u00a0\u00bb column_border_style=\u00a0\u00bbsolid\u00a0\u00bb][vc_custom_heading text=\u00a0\u00bbFood &amp; Flo, traiteur \u00e0 Ornans : le savoir-faire du chef Florent\u00a0\u00bb use_theme_fonts=\u00a0\u00bbyes\u00a0\u00bb][vc_column_text]Florent est un chef cuisinier passionn\u00e9 pr\u00e8s de Besan\u00e7on. Il y a une <strong>activit\u00e9 traiteur\u00a0 pour particuliers et entreprises.<\/strong> Il aime transmettre son go\u00fbt des produits nobles et prestigieux gr\u00e2ce \u00e0 ses plats cuisin\u00e9s maison. Apr\u00e8s le succ\u00e8s du premier <a href=\"https:\/\/www.estrepublicain.fr\/economie\/2025\/10\/20\/food-amp-flo-un-nouveau-concept-culinaire-au-village\" target=\"_blank\" rel=\"noopener\">distributeur automatique de repas \u00e0 Vuillafans<\/a>, il a d\u00e9cid\u00e9 de poursuivre l\u2019aventure pour \u00e9toffer son offre.[\/vc_column_text][\/vc_column][\/vc_row][vc_row type=\u00a0\u00bbin_container\u00a0\u00bb full_screen_row_position=\u00a0\u00bbmiddle\u00a0\u00bb scene_position=\u00a0\u00bbcenter\u00a0\u00bb text_color=\u00a0\u00bbdark\u00a0\u00bb text_align=\u00a0\u00bbleft\u00a0\u00bb overlay_strength=\u00a0\u00bb0.3&Prime; shape_divider_position=\u00a0\u00bbbottom\u00a0\u00bb][vc_column column_padding=\u00a0\u00bbno-extra-padding\u00a0\u00bb column_padding_position=\u00a0\u00bball\u00a0\u00bb background_color_opacity=\u00a0\u00bb1&Prime; background_hover_color_opacity=\u00a0\u00bb1&Prime; column_shadow=\u00a0\u00bbnone\u00a0\u00bb column_border_radius=\u00a0\u00bbnone\u00a0\u00bb width=\u00a0\u00bb1\/1&Prime; tablet_text_alignment=\u00a0\u00bbdefault\u00a0\u00bb phone_text_alignment=\u00a0\u00bbdefault\u00a0\u00bb column_border_width=\u00a0\u00bbnone\u00a0\u00bb column_border_style=\u00a0\u00bbsolid\u00a0\u00bb][vc_custom_heading text=\u00a0\u00bbUn distributeur automatique alimentaire r\u00e9frig\u00e9r\u00e9, pratique et accessible 24\/7&Prime; use_theme_fonts=\u00a0\u00bbyes\u00a0\u00bb][vc_column_text]Chez Le Casier Fran\u00e7ais, Florent a opt\u00e9 pour 42 casiers automatiques alimentaires regroup\u00e9s en 1 <a href=\"https:\/\/lecasierfrancais.fr\/index.php\/module-21-casiers\/\">module de 21 casiers<\/a> avec l\u2019<strong>option double vente<\/strong>. Cela lui permet de <strong>doubler sa capacit\u00e9 de vente<\/strong> en moins de r\u00e9approvisionnements. Les casiers sont r\u00e9frig\u00e9r\u00e9s pour assurer une parfaite conservation de ses petits plats.<\/p>\n<p>Gr\u00e2ce \u00e0 son <a href=\"https:\/\/www.doubs.travel\/restaurants\/food-flo\" target=\"_blank\" rel=\"noopener\">distributeur automatique dans le Doubs<\/a>, Florent garantit\u00a0:<\/p>\n<ul>\n<li>Un fonctionnement simple et rapide pour tous ses clients\u00a0;<\/li>\n<li>Une accessibilit\u00e9 24\/7\u00a0;<\/li>\n<li>Un service en fonctionnement autonome, pratique et disponible en libre-service.<\/li>\n<\/ul>\n[\/vc_column_text][\/vc_column][\/vc_row][vc_row type=\u00a0\u00bbin_container\u00a0\u00bb full_screen_row_position=\u00a0\u00bbmiddle\u00a0\u00bb scene_position=\u00a0\u00bbcenter\u00a0\u00bb text_color=\u00a0\u00bbdark\u00a0\u00bb text_align=\u00a0\u00bbleft\u00a0\u00bb overlay_strength=\u00a0\u00bb0.3&Prime; shape_divider_position=\u00a0\u00bbbottom\u00a0\u00bb][vc_column column_padding=\u00a0\u00bbno-extra-padding\u00a0\u00bb column_padding_position=\u00a0\u00bball\u00a0\u00bb background_color_opacity=\u00a0\u00bb1&Prime; background_hover_color_opacity=\u00a0\u00bb1&Prime; column_shadow=\u00a0\u00bbnone\u00a0\u00bb column_border_radius=\u00a0\u00bbnone\u00a0\u00bb width=\u00a0\u00bb1\/1&Prime; tablet_text_alignment=\u00a0\u00bbdefault\u00a0\u00bb phone_text_alignment=\u00a0\u00bbdefault\u00a0\u00bb column_border_width=\u00a0\u00bbnone\u00a0\u00bb column_border_style=\u00a0\u00bbsolid\u00a0\u00bb]<div class=\"img-with-aniamtion-wrap center\" data-max-width=\"100%\" data-border-radius=\"none\"><div class=\"inner\"><a href=\"https:\/\/lecasierfrancais.fr\/wp-content\/uploads\/2026\/07\/IMG_4853-scaled-rbi6gh60alndqv589jbw330bjjwoo0ugtgykcglap2.jpg\" class=\"pp center\"><img decoding=\"async\" data-shadow=\"none\" data-shadow-direction=\"middle\" class=\"img-with-animation \" data-delay=\"0\" height=\"599\" width=\"520\" data-animation=\"none\" src=\"https:\/\/lecasierfrancais.fr\/wp-content\/uploads\/2026\/07\/IMG_4853-scaled-rbi6gh60alndqv589jbw330bjjwoo0ugtgykcglap2.jpg\" srcset=\"https:\/\/lecasierfrancais.fr\/wp-content\/uploads\/2026\/07\/IMG_4853-scaled-rbi6gh60alndqv589jbw330bjjwoo0ugtgykcglap2.jpg 520w, https:\/\/lecasierfrancais.fr\/wp-content\/uploads\/2026\/07\/IMG_4853-scaled-rbi6gh60alndqv589jbw330bjjwoo0ugtgykcglap2-260x300.jpg 260w, https:\/\/lecasierfrancais.fr\/wp-content\/uploads\/2026\/07\/IMG_4853-scaled-rbi6gh60alndqv589jbw330bjjwoo0ugtgykcglap2-200x230.jpg 200w\" sizes=\"100vw\" alt=\"Un traiteur devant son laboratoire pr\u00eat \u00e0 pr\u00e9parer des petits plats\" \/><\/a><\/div><\/div>[\/vc_column][\/vc_row][vc_row type=\u00a0\u00bbin_container\u00a0\u00bb full_screen_row_position=\u00a0\u00bbmiddle\u00a0\u00bb scene_position=\u00a0\u00bbcenter\u00a0\u00bb text_color=\u00a0\u00bbdark\u00a0\u00bb text_align=\u00a0\u00bbleft\u00a0\u00bb overlay_strength=\u00a0\u00bb0.3&Prime; shape_divider_position=\u00a0\u00bbbottom\u00a0\u00bb][vc_column column_padding=\u00a0\u00bbno-extra-padding\u00a0\u00bb column_padding_position=\u00a0\u00bball\u00a0\u00bb background_color_opacity=\u00a0\u00bb1&Prime; background_hover_color_opacity=\u00a0\u00bb1&Prime; column_shadow=\u00a0\u00bbnone\u00a0\u00bb column_border_radius=\u00a0\u00bbnone\u00a0\u00bb width=\u00a0\u00bb1\/1&Prime; tablet_text_alignment=\u00a0\u00bbdefault\u00a0\u00bb phone_text_alignment=\u00a0\u00bbdefault\u00a0\u00bb column_border_width=\u00a0\u00bbnone\u00a0\u00bb column_border_style=\u00a0\u00bbsolid\u00a0\u00bb][vc_custom_heading text=\u00a0\u00bbDes plats cuisin\u00e9s haut de gamme disponibles en distributeur automatique\u00a0\u00bb use_theme_fonts=\u00a0\u00bbyes\u00a0\u00bb][vc_column_text]<strong>Des plats cuisin\u00e9s 24\/7\u00a0? C\u2019est possible\u00a0!<\/strong> Pour la pause d\u00e9j, un encas sur la route des vacances, un d\u00eener en famille\u2026 Les clients de Florent trouvent toujours de bonnes raisons pour acheter ses bons petits plats. L\u2019offre \u00e9volue au fil des saisons mais la qualit\u00e9 perdure. Pav\u00e9 au saumon, magret de canard, poulet aux morilles, boissons et aussi de d\u00e9licieux desserts. Ses clients raffolent de ses repas \u00e0 emporter \u00e0 Ornans.[\/vc_column_text][\/vc_column][\/vc_row][vc_row type=\u00a0\u00bbin_container\u00a0\u00bb full_screen_row_position=\u00a0\u00bbmiddle\u00a0\u00bb scene_position=\u00a0\u00bbcenter\u00a0\u00bb text_color=\u00a0\u00bbdark\u00a0\u00bb text_align=\u00a0\u00bbleft\u00a0\u00bb overlay_strength=\u00a0\u00bb0.3&Prime; shape_divider_position=\u00a0\u00bbbottom\u00a0\u00bb][vc_column column_padding=\u00a0\u00bbno-extra-padding\u00a0\u00bb column_padding_position=\u00a0\u00bball\u00a0\u00bb background_color_opacity=\u00a0\u00bb1&Prime; background_hover_color_opacity=\u00a0\u00bb1&Prime; column_shadow=\u00a0\u00bbnone\u00a0\u00bb column_border_radius=\u00a0\u00bbnone\u00a0\u00bb width=\u00a0\u00bb1\/1&Prime; tablet_text_alignment=\u00a0\u00bbdefault\u00a0\u00bb phone_text_alignment=\u00a0\u00bbdefault\u00a0\u00bb column_border_width=\u00a0\u00bbnone\u00a0\u00bb column_border_style=\u00a0\u00bbsolid\u00a0\u00bb][vc_custom_heading text=\u00a0\u00bbUn distributeur de repas \u00e0 Ornans d\u00e9j\u00e0 adopt\u00e9 par les habitants\u00a0\u00bb use_theme_fonts=\u00a0\u00bbyes\u00a0\u00bb][vc_column_text]Aujourd\u2019hui, le nouveau distributeur r\u00e9frig\u00e9r\u00e9 de plats traiteur <a href=\"https:\/\/foodandflo.fr\/\" target=\"_blank\" rel=\"noopener\">Food &amp; Flo<\/a> fait sensation puisqu\u2019en quelques semaines \u00e0 peine, il a <strong>d\u00e9j\u00e0 \u00e9coul\u00e9 pr\u00e8s de 1500 produits.<\/strong> Les consommateurs ont vite adopt\u00e9 ce nouveau mode de consommation et a r\u00e9pondu \u00e0 une v\u00e9ritable attente locale.[\/vc_column_text][\/vc_column][\/vc_row][vc_row type=\u00a0\u00bbin_container\u00a0\u00bb full_screen_row_position=\u00a0\u00bbmiddle\u00a0\u00bb scene_position=\u00a0\u00bbcenter\u00a0\u00bb text_color=\u00a0\u00bbdark\u00a0\u00bb text_align=\u00a0\u00bbleft\u00a0\u00bb overlay_strength=\u00a0\u00bb0.3&Prime; shape_divider_position=\u00a0\u00bbbottom\u00a0\u00bb][vc_column column_padding=\u00a0\u00bbno-extra-padding\u00a0\u00bb column_padding_position=\u00a0\u00bball\u00a0\u00bb background_color_opacity=\u00a0\u00bb1&Prime; background_hover_color_opacity=\u00a0\u00bb1&Prime; column_shadow=\u00a0\u00bbnone\u00a0\u00bb column_border_radius=\u00a0\u00bbnone\u00a0\u00bb width=\u00a0\u00bb1\/1&Prime; tablet_text_alignment=\u00a0\u00bbdefault\u00a0\u00bb phone_text_alignment=\u00a0\u00bbdefault\u00a0\u00bb column_border_width=\u00a0\u00bbnone\u00a0\u00bb column_border_style=\u00a0\u00bbsolid\u00a0\u00bb][vc_column_text]Avec ses 2 points de vente autonomes, Florent a toutes les cartes en main pour r\u00e9ussir en compl\u00e9ment de <a href=\"https:\/\/lecasierfrancais.fr\/index.php\/2026\/07\/20\/distributeur-automatique-de-plats-prepares-la-solution-ideale-pour-vendre-24-7-et-developper-votre-activite\/\" target=\"_blank\" rel=\"noopener\">son activit\u00e9 de traiteur.<\/a> Nous lui souhaitons beaucoup de succ\u00e8s\u00a0! Merci \u00e0 lui pour sa (double) confiance.[\/vc_column_text][\/vc_column][\/vc_row][vc_row type=\u00a0\u00bbin_container\u00a0\u00bb full_screen_row_position=\u00a0\u00bbmiddle\u00a0\u00bb scene_position=\u00a0\u00bbcenter\u00a0\u00bb text_color=\u00a0\u00bbdark\u00a0\u00bb text_align=\u00a0\u00bbleft\u00a0\u00bb overlay_strength=\u00a0\u00bb0.3&Prime; shape_divider_position=\u00a0\u00bbbottom\u00a0\u00bb][vc_column column_padding=\u00a0\u00bbno-extra-padding\u00a0\u00bb column_padding_position=\u00a0\u00bball\u00a0\u00bb background_color_opacity=\u00a0\u00bb1&Prime; background_hover_color_opacity=\u00a0\u00bb1&Prime; column_shadow=\u00a0\u00bbnone\u00a0\u00bb column_border_radius=\u00a0\u00bbnone\u00a0\u00bb width=\u00a0\u00bb1\/1&Prime; tablet_text_alignment=\u00a0\u00bbdefault\u00a0\u00bb phone_text_alignment=\u00a0\u00bbdefault\u00a0\u00bb column_border_width=\u00a0\u00bbnone\u00a0\u00bb column_border_style=\u00a0\u00bbsolid\u00a0\u00bb][vc_zigzag color=\u00a0\u00bbvista_blue\u00a0\u00bb][\/vc_column][\/vc_row][vc_row type=\u00a0\u00bbin_container\u00a0\u00bb full_screen_row_position=\u00a0\u00bbmiddle\u00a0\u00bb scene_position=\u00a0\u00bbcenter\u00a0\u00bb text_color=\u00a0\u00bbdark\u00a0\u00bb text_align=\u00a0\u00bbleft\u00a0\u00bb overlay_strength=\u00a0\u00bb0.3&Prime; shape_divider_position=\u00a0\u00bbbottom\u00a0\u00bb][vc_column column_padding=\u00a0\u00bbno-extra-padding\u00a0\u00bb column_padding_position=\u00a0\u00bball\u00a0\u00bb background_color_opacity=\u00a0\u00bb1&Prime; background_hover_color_opacity=\u00a0\u00bb1&Prime; column_shadow=\u00a0\u00bbnone\u00a0\u00bb column_border_radius=\u00a0\u00bbnone\u00a0\u00bb width=\u00a0\u00bb1\/1&Prime; tablet_text_alignment=\u00a0\u00bbdefault\u00a0\u00bb phone_text_alignment=\u00a0\u00bbdefault\u00a0\u00bb column_border_width=\u00a0\u00bbnone\u00a0\u00bb column_border_style=\u00a0\u00bbsolid\u00a0\u00bb][vc_column_text]<strong>Food &amp; Flo<\/strong>, 21 rue du Mar\u00e9chal Delattre de Tassigny \u00e0 Ornans, ouvert 24\/7[\/vc_column_text][\/vc_column][\/vc_row][vc_row type=\u00a0\u00bbin_container\u00a0\u00bb full_screen_row_position=\u00a0\u00bbmiddle\u00a0\u00bb scene_position=\u00a0\u00bbcenter\u00a0\u00bb text_color=\u00a0\u00bbdark\u00a0\u00bb text_align=\u00a0\u00bbleft\u00a0\u00bb overlay_strength=\u00a0\u00bb0.3&Prime; shape_divider_position=\u00a0\u00bbbottom\u00a0\u00bb][vc_column column_padding=\u00a0\u00bbno-extra-padding\u00a0\u00bb column_padding_position=\u00a0\u00bball\u00a0\u00bb background_color_opacity=\u00a0\u00bb1&Prime; background_hover_color_opacity=\u00a0\u00bb1&Prime; column_shadow=\u00a0\u00bbnone\u00a0\u00bb column_border_radius=\u00a0\u00bbnone\u00a0\u00bb width=\u00a0\u00bb1\/1&Prime; tablet_text_alignment=\u00a0\u00bbdefault\u00a0\u00bb phone_text_alignment=\u00a0\u00bbdefault\u00a0\u00bb column_border_width=\u00a0\u00bbnone\u00a0\u00bb column_border_style=\u00a0\u00bbsolid\u00a0\u00bb]<div class=\"divider-wrap\"><div style=\"height: 100px;\" class=\"divider\"><\/div><\/div>[\/vc_column][\/vc_row][vc_row type=\u00a0\u00bbin_container\u00a0\u00bb full_screen_row_position=\u00a0\u00bbmiddle\u00a0\u00bb scene_position=\u00a0\u00bbcenter\u00a0\u00bb text_color=\u00a0\u00bbdark\u00a0\u00bb text_align=\u00a0\u00bbleft\u00a0\u00bb overlay_strength=\u00a0\u00bb0.3&Prime; shape_divider_position=\u00a0\u00bbbottom\u00a0\u00bb][vc_column column_padding=\u00a0\u00bbno-extra-padding\u00a0\u00bb column_padding_position=\u00a0\u00bball\u00a0\u00bb background_color_opacity=\u00a0\u00bb1&Prime; background_hover_color_opacity=\u00a0\u00bb1&Prime; column_shadow=\u00a0\u00bbnone\u00a0\u00bb column_border_radius=\u00a0\u00bbnone\u00a0\u00bb width=\u00a0\u00bb1\/1&Prime; tablet_text_alignment=\u00a0\u00bbdefault\u00a0\u00bb phone_text_alignment=\u00a0\u00bbdefault\u00a0\u00bb column_border_width=\u00a0\u00bbnone\u00a0\u00bb column_border_style=\u00a0\u00bbsolid\u00a0\u00bb][vc_custom_heading text=\u00a0\u00bb\ud83d\udcccFAQ\u00a0\u00bb use_theme_fonts=\u00a0\u00bbyes\u00a0\u00bb][vc_custom_heading text=\u00a0\u00bb\ud83d\udd39Quel est l\u2019avantage d\u2019un distributeur automatique de plats cuisin\u00e9s ?\u00a0\u00bb font_container=\u00a0\u00bbtag:h3|text_align:left\u00a0\u00bb use_theme_fonts=\u00a0\u00bbyes\u00a0\u00bb][vc_column_text]Le distributeur automatique se pr\u00eate totalement \u00e0 l\u2019activit\u00e9 de traiteur puis qu\u2019il offre un service pratique et continu aux consommateurs, une offre de restauration qualitative et rapide \u00e0 la fois et une conservation optimale des plats gr\u00e2ce \u00e0 la r\u00e9frig\u00e9ration.[\/vc_column_text]<div class=\"divider-wrap\"><div style=\"height: 20px;\" class=\"divider\"><\/div><\/div>[vc_custom_heading text=\u00a0\u00bb\ud83d\udd39O\u00f9 installer son distributeur automatique pour traiteur ?\u00a0\u00bb font_container=\u00a0\u00bbtag:h3|text_align:left\u00a0\u00bb use_theme_fonts=\u00a0\u00bbyes\u00a0\u00bb][vc_column_text]Il est possible d\u2019installer son casier connect\u00e9 de plats cuisin\u00e9s devant son magasin\u00a0pour un acc\u00e8s rapide et d\u00e9sengorger les files d\u2019attente \u00e0 l\u2019int\u00e9rieur du magasin. Autre solution, l\u2019implanter sur un axe strat\u00e9gique \u00e0 fort passage, dans une zone commer\u00e7ante pour \u00eatre visible, attractif et cr\u00e9er l\u2019envie.[\/vc_column_text]<div class=\"divider-wrap\"><div style=\"height: 20px;\" class=\"divider\"><\/div><\/div>[vc_custom_heading text=\u00a0\u00bb\ud83d\udd39Le distributeur est-il accessible \u00e0 toute heure ?\u00a0\u00bb font_container=\u00a0\u00bbtag:h3|text_align:left\u00a0\u00bb use_theme_fonts=\u00a0\u00bbyes\u00a0\u00bb][vc_column_text]Oui, le distributeur automatique est accessible 24h\/24 et 7j\/7, permettant de se restaurer \u00e0 tout moment, que ce soit pour un repas sur le pouce ou un d\u00eener en famille.[\/vc_column_text]<div class=\"divider-wrap\"><div style=\"height: 100px;\" class=\"divider\"><\/div><\/div>[\/vc_column][\/vc_row][vc_row type=\u00a0\u00bbin_container\u00a0\u00bb full_screen_row_position=\u00a0\u00bbmiddle\u00a0\u00bb scene_position=\u00a0\u00bbcenter\u00a0\u00bb text_color=\u00a0\u00bbdark\u00a0\u00bb text_align=\u00a0\u00bbleft\u00a0\u00bb overlay_strength=\u00a0\u00bb0.3&Prime; shape_divider_position=\u00a0\u00bbbottom\u00a0\u00bb][vc_column column_padding=\u00a0\u00bbno-extra-padding\u00a0\u00bb column_padding_position=\u00a0\u00bball\u00a0\u00bb background_color_opacity=\u00a0\u00bb1&Prime; background_hover_color_opacity=\u00a0\u00bb1&Prime; column_shadow=\u00a0\u00bbnone\u00a0\u00bb column_border_radius=\u00a0\u00bbnone\u00a0\u00bb width=\u00a0\u00bb1\/1&Prime; tablet_text_alignment=\u00a0\u00bbdefault\u00a0\u00bb phone_text_alignment=\u00a0\u00bbdefault\u00a0\u00bb column_border_width=\u00a0\u00bbnone\u00a0\u00bb column_border_style=\u00a0\u00bbsolid\u00a0\u00bb]<div class=\"divider-wrap\"><div style=\"height: 100px;\" class=\"divider\"><\/div><\/div>[vc_custom_heading text=\u00a0\u00bbIls vendent aussi des produits bouchers, charcutiers et traiteurs en libre-service&#8230;\u00a0\u00bb use_theme_fonts=\u00a0\u00bbyes\u00a0\u00bb]\t\t\t<div class=\"row blog-recent columns-3\" data-style=\"default\" data-color-scheme=\"light\">\n\t\t\t\t\n\t\t\t\t\n\t\t\t\t<div class=\"col span_4 post-23599 post type-post status-publish format-standard has-post-thumbnail category-besancon category-boucherie-charcuterie-traiteur category-ouvertures tag-boucherie tag-casier-boucherie tag-casier-connecte tag-charcuterie tag-circuit-court tag-distributeur-automatique tag-le-casier-francais tag-libre-service tag-plats-prepares tag-produits-locaux tag-traiteur tag-vente-directe\" >\n\t\t\t\t\t\n\t\t\t\t\t<a href=\"https:\/\/lecasierfrancais.fr\/index.php\/2026\/08\/19\/maison-renaudot-ouvre-un-distributeur-automatique-de-viande-24h-24-pres-de-besancon\/\"><img decoding=\"async\" width=\"600\" height=\"403\" src=\"https:\/\/lecasierfrancais.fr\/wp-content\/uploads\/2026\/08\/1-600x403.jpg\" class=\"attachment-portfolio-thumb size-portfolio-thumb wp-post-image\" alt=\"Distributeur automatique \u00e0 viande dans son cabanon\" title=\"\" srcset=\"https:\/\/lecasierfrancais.fr\/wp-content\/uploads\/2026\/08\/1-600x403.jpg 600w, https:\/\/lecasierfrancais.fr\/wp-content\/uploads\/2026\/08\/1-400x269.jpg 400w\" sizes=\"(max-width: 600px) 100vw, 600px\" \/><\/a>\n\t\t\t\t\t\t\t<div class=\"post-header\">\n\t\t\t\t\t\t\t\t<h3 class=\"title\"><a href=\"https:\/\/lecasierfrancais.fr\/index.php\/2026\/08\/19\/maison-renaudot-ouvre-un-distributeur-automatique-de-viande-24h-24-pres-de-besancon\/\">Maison Renaudot ouvre un distributeur automatique de viande 24h\/24 pr\u00e8s de Besan\u00e7on<\/a><\/h3>\t\n\t\t\t\t\t\t\t\t<span class=\"meta-author\"><a href=\"https:\/\/lecasierfrancais.fr\/index.php\/author\/le-casier-francais\/\" title=\"Articles par Le Casier Francais\" rel=\"author\">Le Casier Francais<\/a> <\/span> <span class=\"meta-category\"> | <a href=\"https:\/\/lecasierfrancais.fr\/index.php\/category\/ouvertures\/besancon\/\">Besan\u00e7on<\/a>, <a href=\"https:\/\/lecasierfrancais.fr\/index.php\/category\/ouvertures\/boucherie-charcuterie-traiteur\/\">Boucherie Charcuterie Traiteur<\/a>, <a href=\"https:\/\/lecasierfrancais.fr\/index.php\/category\/ouvertures\/\">Ouvertures<\/a> <\/span> <span class=\"meta-comment-count\"> | <a href=\"https:\/\/lecasierfrancais.fr\/index.php\/2026\/08\/19\/maison-renaudot-ouvre-un-distributeur-automatique-de-viande-24h-24-pres-de-besancon\/#respond\">\n\t\t\t\t\t\t\t\tSans Commentaire<\/a> <\/span>\n\t\t\t\t\t\t\t<\/div><!--\/post-header-->\n\t\t\t\t\t\t\t\n\t\t\t\t\t\t\t<div class=\"excerpt\">La boucherie charcuterie Maison Renaudot, situ\u00e9e \u00e0 Les Fins dans le Doubs (25), pr\u00e8s de\u2026<\/div>\t\t\t\t\t\n\t\t\t\t<\/div><!--\/col-->\n\t\t\t\t\n\t\t\t\t\n\t\t\t\t<div class=\"col span_4 post-23351 post type-post status-publish format-standard has-post-thumbnail category-agen category-boucherie-charcuterie-traiteur category-ouvertures tag-agen tag-antigaspi tag-casier-automatique-alimentaire tag-casier-connecte tag-distributeur-automatique tag-gaspillage-alimentaire tag-le-casier-francais tag-libre-service tag-lot-et-garonne\" >\n\t\t\t\t\t\n\t\t\t\t\t<a href=\"https:\/\/lecasierfrancais.fr\/index.php\/2026\/08\/12\/le-hangart-a-agen-ouvre-son-casier-automatique-refrigere-pour-lutter-contre-le-gaspillage\/\"><img decoding=\"async\" width=\"600\" height=\"403\" src=\"https:\/\/lecasierfrancais.fr\/wp-content\/uploads\/2026\/07\/WhatsApp-Image-2026-06-02-at-12.28.31-1-600x403.jpeg\" class=\"attachment-portfolio-thumb size-portfolio-thumb wp-post-image\" alt=\"Casier Compact 14 double vente du Casier Fran\u00e7ais pour son client Le Hang&#039;Art\" title=\"\" srcset=\"https:\/\/lecasierfrancais.fr\/wp-content\/uploads\/2026\/07\/WhatsApp-Image-2026-06-02-at-12.28.31-1-600x403.jpeg 600w, https:\/\/lecasierfrancais.fr\/wp-content\/uploads\/2026\/07\/WhatsApp-Image-2026-06-02-at-12.28.31-1-400x269.jpeg 400w\" sizes=\"(max-width: 600px) 100vw, 600px\" \/><\/a>\n\t\t\t\t\t\t\t<div class=\"post-header\">\n\t\t\t\t\t\t\t\t<h3 class=\"title\"><a href=\"https:\/\/lecasierfrancais.fr\/index.php\/2026\/08\/12\/le-hangart-a-agen-ouvre-son-casier-automatique-refrigere-pour-lutter-contre-le-gaspillage\/\">Le Hang\u2019ART \u00e0 Agen ouvre son casier automatique r\u00e9frig\u00e9r\u00e9 pour lutter contre le gaspillage<\/a><\/h3>\t\n\t\t\t\t\t\t\t\t<span class=\"meta-author\"><a href=\"https:\/\/lecasierfrancais.fr\/index.php\/author\/le-casier-francais\/\" title=\"Articles par Le Casier Francais\" rel=\"author\">Le Casier Francais<\/a> <\/span> <span class=\"meta-category\"> | <a href=\"https:\/\/lecasierfrancais.fr\/index.php\/category\/ouvertures\/agen\/\">Agen<\/a>, <a href=\"https:\/\/lecasierfrancais.fr\/index.php\/category\/ouvertures\/boucherie-charcuterie-traiteur\/\">Boucherie Charcuterie Traiteur<\/a>, <a href=\"https:\/\/lecasierfrancais.fr\/index.php\/category\/ouvertures\/\">Ouvertures<\/a> <\/span> <span class=\"meta-comment-count\"> | <a href=\"https:\/\/lecasierfrancais.fr\/index.php\/2026\/08\/12\/le-hangart-a-agen-ouvre-son-casier-automatique-refrigere-pour-lutter-contre-le-gaspillage\/#respond\">\n\t\t\t\t\t\t\t\tSans Commentaire<\/a> <\/span>\n\t\t\t\t\t\t\t<\/div><!--\/post-header-->\n\t\t\t\t\t\t\t\n\t\t\t\t\t\t\t<div class=\"excerpt\">Le Hang\u2019ART, caf\u00e9-restaurant solidaire port\u00e9 par l\u2019association Stand\u2019UP \u00e0 Agen, vient d\u2019installer un nouveau casier\u2026<\/div>\t\t\t\t\t\n\t\t\t\t<\/div><!--\/col-->\n\t\t\t\t\n\t\t\t\t\n\t\t\t\t<div class=\"col span_4 post-23300 post type-post status-publish format-standard has-post-thumbnail category-boucherie-charcuterie-traiteur category-ouvertures category-rocamadour tag-boucherie tag-camping-la-paille-basse tag-casier-automatique-alimentaire tag-casier-connecte tag-casier-foie-gras tag-casier-refrigere tag-charcuterie tag-circuit-court tag-distributeur-automatique-boucherie tag-distributeur-automatique-produits-locaux tag-ferme-lacombe tag-la-forge-gourmande tag-le-casier-francais tag-libre-service tag-lot tag-produits-locaux tag-rocamadour tag-souillac tag-specialites-regionales tag-vente-directe\" >\n\t\t\t\t\t\n\t\t\t\t\t<a href=\"https:\/\/lecasierfrancais.fr\/index.php\/2026\/08\/05\/la-forge-gourmande-et-la-ferme-lacombe-un-distributeur-automatique-boucherie-charcuterie-pres-de-rocamadour\/\"><img decoding=\"async\" width=\"600\" height=\"403\" src=\"https:\/\/lecasierfrancais.fr\/wp-content\/uploads\/2026\/07\/WhatsApp-Image-2026-06-23-at-18.21.20-600x403.jpeg\" class=\"attachment-portfolio-thumb size-portfolio-thumb wp-post-image\" alt=\"Casier automatique La Forge gourmande par Le Casier Fran\u00e7ais\" title=\"\" srcset=\"https:\/\/lecasierfrancais.fr\/wp-content\/uploads\/2026\/07\/WhatsApp-Image-2026-06-23-at-18.21.20-600x403.jpeg 600w, https:\/\/lecasierfrancais.fr\/wp-content\/uploads\/2026\/07\/WhatsApp-Image-2026-06-23-at-18.21.20-400x269.jpeg 400w\" sizes=\"(max-width: 600px) 100vw, 600px\" \/><\/a>\n\t\t\t\t\t\t\t<div class=\"post-header\">\n\t\t\t\t\t\t\t\t<h3 class=\"title\"><a href=\"https:\/\/lecasierfrancais.fr\/index.php\/2026\/08\/05\/la-forge-gourmande-et-la-ferme-lacombe-un-distributeur-automatique-boucherie-charcuterie-pres-de-rocamadour\/\">La forge gourmande et la Ferme Lacombe : un distributeur automatique boucherie charcuterie pr\u00e8s de Rocamadour<\/a><\/h3>\t\n\t\t\t\t\t\t\t\t<span class=\"meta-author\"><a href=\"https:\/\/lecasierfrancais.fr\/index.php\/author\/admin4915\/\" title=\"Articles par Le Casier Fran\u00e7ais\" rel=\"author\">Le Casier Fran\u00e7ais<\/a> <\/span> <span class=\"meta-category\"> | <a href=\"https:\/\/lecasierfrancais.fr\/index.php\/category\/ouvertures\/boucherie-charcuterie-traiteur\/\">Boucherie Charcuterie Traiteur<\/a>, <a href=\"https:\/\/lecasierfrancais.fr\/index.php\/category\/ouvertures\/\">Ouvertures<\/a>, <a href=\"https:\/\/lecasierfrancais.fr\/index.php\/category\/ouvertures\/rocamadour\/\">Rocamadour<\/a> <\/span> <span class=\"meta-comment-count\"> | <a href=\"https:\/\/lecasierfrancais.fr\/index.php\/2026\/08\/05\/la-forge-gourmande-et-la-ferme-lacombe-un-distributeur-automatique-boucherie-charcuterie-pres-de-rocamadour\/#respond\">\n\t\t\t\t\t\t\t\tSans Commentaire<\/a> <\/span>\n\t\t\t\t\t\t\t<\/div><!--\/post-header-->\n\t\t\t\t\t\t\t\n\t\t\t\t\t\t\t<div class=\"excerpt\">Le Casier Fran\u00e7ais accompagne une nouvelle initiative de vente directe dans le Lot : l\u2019installation\u2026<\/div>\t\t\t\t\t\n\t\t\t\t<\/div><!--\/col-->\n\t\t\t\t\n\t\t\t\t\t\t\n\t\t\t<\/div><!--\/blog-recent-->\n\t\t\n\t\t<div class=\"divider-wrap\"><div style=\"height: 30px;\" class=\"divider\"><\/div><\/div>[vc_custom_heading text=\u00a0\u00bbIls ont aussi un casier pr\u00e8s de Besan\u00e7on&#8230;\u00a0\u00bb use_theme_fonts=\u00a0\u00bbyes\u00a0\u00bb]\t\t\t<div class=\"row blog-recent columns-3\" data-style=\"default\" data-color-scheme=\"light\">\n\t\t\t\t\n\t\t\t\t\n\t\t\t\t<div class=\"col span_4 post-23599 post type-post status-publish format-standard has-post-thumbnail category-besancon category-boucherie-charcuterie-traiteur category-ouvertures tag-boucherie tag-casier-boucherie tag-casier-connecte tag-charcuterie tag-circuit-court tag-distributeur-automatique tag-le-casier-francais tag-libre-service tag-plats-prepares tag-produits-locaux tag-traiteur tag-vente-directe\" >\n\t\t\t\t\t\n\t\t\t\t\t<a href=\"https:\/\/lecasierfrancais.fr\/index.php\/2026\/08\/19\/maison-renaudot-ouvre-un-distributeur-automatique-de-viande-24h-24-pres-de-besancon\/\"><img decoding=\"async\" width=\"600\" height=\"403\" src=\"https:\/\/lecasierfrancais.fr\/wp-content\/uploads\/2026\/08\/1-600x403.jpg\" class=\"attachment-portfolio-thumb size-portfolio-thumb wp-post-image\" alt=\"Distributeur automatique \u00e0 viande dans son cabanon\" title=\"\" srcset=\"https:\/\/lecasierfrancais.fr\/wp-content\/uploads\/2026\/08\/1-600x403.jpg 600w, https:\/\/lecasierfrancais.fr\/wp-content\/uploads\/2026\/08\/1-400x269.jpg 400w\" sizes=\"(max-width: 600px) 100vw, 600px\" \/><\/a>\n\t\t\t\t\t\t\t<div class=\"post-header\">\n\t\t\t\t\t\t\t\t<h3 class=\"title\"><a href=\"https:\/\/lecasierfrancais.fr\/index.php\/2026\/08\/19\/maison-renaudot-ouvre-un-distributeur-automatique-de-viande-24h-24-pres-de-besancon\/\">Maison Renaudot ouvre un distributeur automatique de viande 24h\/24 pr\u00e8s de Besan\u00e7on<\/a><\/h3>\t\n\t\t\t\t\t\t\t\t<span class=\"meta-author\"><a href=\"https:\/\/lecasierfrancais.fr\/index.php\/author\/le-casier-francais\/\" title=\"Articles par Le Casier Francais\" rel=\"author\">Le Casier Francais<\/a> <\/span> <span class=\"meta-category\"> | <a href=\"https:\/\/lecasierfrancais.fr\/index.php\/category\/ouvertures\/besancon\/\">Besan\u00e7on<\/a>, <a href=\"https:\/\/lecasierfrancais.fr\/index.php\/category\/ouvertures\/boucherie-charcuterie-traiteur\/\">Boucherie Charcuterie Traiteur<\/a>, <a href=\"https:\/\/lecasierfrancais.fr\/index.php\/category\/ouvertures\/\">Ouvertures<\/a> <\/span> <span class=\"meta-comment-count\"> | <a href=\"https:\/\/lecasierfrancais.fr\/index.php\/2026\/08\/19\/maison-renaudot-ouvre-un-distributeur-automatique-de-viande-24h-24-pres-de-besancon\/#respond\">\n\t\t\t\t\t\t\t\tSans Commentaire<\/a> <\/span>\n\t\t\t\t\t\t\t<\/div><!--\/post-header-->\n\t\t\t\t\t\t\t\n\t\t\t\t\t\t\t<div class=\"excerpt\">La boucherie charcuterie Maison Renaudot, situ\u00e9e \u00e0 Les Fins dans le Doubs (25), pr\u00e8s de\u2026<\/div>\t\t\t\t\t\n\t\t\t\t<\/div><!--\/col-->\n\t\t\t\t\n\t\t\t\t\n\t\t\t\t<div class=\"col span_4 post-22768 post type-post status-publish format-standard has-post-thumbnail category-besancon category-boucherie-charcuterie-traiteur category-ouvertures tag-besancon tag-casier-automatique-alimentaire tag-casier-connecte tag-distributeur-automatique tag-distributeur-automatique-alimentaire tag-distributeur-automatique-de-repas tag-distributeur-automatique-refrigere tag-distributeur-refrigere tag-doubs tag-food-flo tag-franche-comte tag-le-casier-francais tag-libre-service tag-ornans tag-plats-cuisines tag-plats-cuisines-24-7 tag-repas-a-emporter-ornans tag-traiteur\" >\n\t\t\t\t\t\n\t\t\t\t\t<a href=\"https:\/\/lecasierfrancais.fr\/index.php\/2026\/07\/17\/distributeur-automatique-de-plats-cuisines-pres-de-besancon-food-flo\/\"><img decoding=\"async\" width=\"520\" height=\"403\" src=\"https:\/\/lecasierfrancais.fr\/wp-content\/uploads\/2026\/07\/IMG_4853-scaled-rbi6gh60alndqv589jbw330bjjwoo0ugtgykcglap2-520x403.jpg\" class=\"attachment-portfolio-thumb size-portfolio-thumb wp-post-image\" alt=\"Un traiteur devant son laboratoire pr\u00eat \u00e0 pr\u00e9parer des petits plats\" title=\"\" \/><\/a>\n\t\t\t\t\t\t\t<div class=\"post-header\">\n\t\t\t\t\t\t\t\t<h3 class=\"title\"><a href=\"https:\/\/lecasierfrancais.fr\/index.php\/2026\/07\/17\/distributeur-automatique-de-plats-cuisines-pres-de-besancon-food-flo\/\">Distributeur automatique de plats cuisin\u00e9s pr\u00e8s de Besan\u00e7on : Food &#038; Flo ouvre un nouveau point de vente accessible 24\/7<\/a><\/h3>\t\n\t\t\t\t\t\t\t\t<span class=\"meta-author\"><a href=\"https:\/\/lecasierfrancais.fr\/index.php\/author\/admin4915\/\" title=\"Articles par Le Casier Fran\u00e7ais\" rel=\"author\">Le Casier Fran\u00e7ais<\/a> <\/span> <span class=\"meta-category\"> | <a href=\"https:\/\/lecasierfrancais.fr\/index.php\/category\/ouvertures\/besancon\/\">Besan\u00e7on<\/a>, <a href=\"https:\/\/lecasierfrancais.fr\/index.php\/category\/ouvertures\/boucherie-charcuterie-traiteur\/\">Boucherie Charcuterie Traiteur<\/a>, <a href=\"https:\/\/lecasierfrancais.fr\/index.php\/category\/ouvertures\/\">Ouvertures<\/a> <\/span> <span class=\"meta-comment-count\"> | <a href=\"https:\/\/lecasierfrancais.fr\/index.php\/2026\/07\/17\/distributeur-automatique-de-plats-cuisines-pres-de-besancon-food-flo\/#respond\">\n\t\t\t\t\t\t\t\tSans Commentaire<\/a> <\/span>\n\t\t\t\t\t\t\t<\/div><!--\/post-header-->\n\t\t\t\t\t\t\t\n\t\t\t\t\t\t\t<div class=\"excerpt\">\u00c0 Ornans, dans le Doubs, une nouvelle solution pratique et gourmande vient enrichir l\u2019offre de\u2026<\/div>\t\t\t\t\t\n\t\t\t\t<\/div><!--\/col-->\n\t\t\t\t\n\t\t\t\t\t\t\n\t\t\t<\/div><!--\/blog-recent-->\n\t\t\n\t\t[\/vc_column][\/vc_row]\n","protected":false},"excerpt":{"rendered":"<p>[vc_row type=\u00a0\u00bbin_container\u00a0\u00bb full_screen_row_position=\u00a0\u00bbmiddle\u00a0\u00bb scene_position=\u00a0\u00bbcenter\u00a0\u00bb text_color=\u00a0\u00bbdark\u00a0\u00bb text_align=\u00a0\u00bbleft\u00a0\u00bb overlay_strength=\u00a0\u00bb0.3&Prime; shape_divider_position=\u00a0\u00bbbottom\u00a0\u00bb][vc_column column_padding=\u00a0\u00bbno-extra-padding\u00a0\u00bb column_padding_position=\u00a0\u00bball\u00a0\u00bb background_color_opacity=\u00a0\u00bb1&Prime; background_hover_color_opacity=\u00a0\u00bb1&Prime; column_shadow=\u00a0\u00bbnone\u00a0\u00bb column_border_radius=\u00a0\u00bbnone\u00a0\u00bb width=\u00a0\u00bb1\/1&Prime;&#8230;<\/p>\n","protected":false},"author":3,"featured_media":22770,"comment_status":"open","ping_status":"open","sticky":false,"template":"","format":"standard","meta":{"footnotes":""},"categories":[931,963,381],"tags":[888,887,594,418,870,886,883,892,756,885,755,421,567,889,603,890,891,445],"class_list":{"0":"post-22768","1":"post","2":"type-post","3":"status-publish","4":"format-standard","5":"has-post-thumbnail","7":"category-besancon","8":"category-boucherie-charcuterie-traiteur","9":"category-ouvertures","10":"tag-besancon","11":"tag-casier-automatique-alimentaire","12":"tag-casier-connecte","13":"tag-distributeur-automatique","14":"tag-distributeur-automatique-alimentaire","15":"tag-distributeur-automatique-de-repas","16":"tag-distributeur-automatique-refrigere","17":"tag-distributeur-refrigere","18":"tag-doubs","19":"tag-food-flo","20":"tag-franche-comte","21":"tag-le-casier-francais","22":"tag-libre-service","23":"tag-ornans","24":"tag-plats-cuisines","25":"tag-plats-cuisines-24-7","26":"tag-repas-a-emporter-ornans","27":"tag-traiteur"},"yoast_head":"<!-- This site is optimized with the Yoast SEO Premium plugin v26.6 (Yoast SEO v26.6) - https:\/\/yoast.com\/wordpress\/plugins\/seo\/ -->\n<title>Distributeur automatique de plats cuisin\u00e9s pr\u00e8s de Besan\u00e7on : Food &amp; Flo ouvre un nouveau point de vente accessible 24\/7 - Le Casier Fran\u00e7ais<\/title>\n<meta name=\"description\" content=\"Nouveau distributeur automatique de plats cuisin\u00e9s \u00e0 Besan\u00e7on avec Food &amp; Flo. Une activit\u00e9 traiteur en libre-service gourmande et qualitative.\" \/>\n<meta name=\"robots\" content=\"index, follow, max-snippet:-1, max-image-preview:large, max-video-preview:-1\" \/>\n<link rel=\"canonical\" href=\"https:\/\/lecasierfrancais.fr\/index.php\/2026\/07\/17\/distributeur-automatique-de-plats-cuisines-pres-de-besancon-food-flo\/\" \/>\n<meta property=\"og:locale\" content=\"fr_FR\" \/>\n<meta property=\"og:type\" content=\"article\" \/>\n<meta property=\"og:title\" content=\"Distributeur automatique de plats cuisin\u00e9s pr\u00e8s de Besan\u00e7on : Food &amp; Flo ouvre un nouveau point de vente accessible 24\/7\" \/>\n<meta property=\"og:description\" content=\"Nouveau distributeur automatique de plats cuisin\u00e9s \u00e0 Besan\u00e7on avec Food &amp; Flo. Une activit\u00e9 traiteur en libre-service gourmande et qualitative.\" \/>\n<meta property=\"og:url\" content=\"https:\/\/lecasierfrancais.fr\/index.php\/2026\/07\/17\/distributeur-automatique-de-plats-cuisines-pres-de-besancon-food-flo\/\" \/>\n<meta property=\"og:site_name\" content=\"Le Casier Fran\u00e7ais\" \/>\n<meta property=\"article:publisher\" content=\"https:\/\/www.facebook.com\/lecasierfrancais\/\" \/>\n<meta property=\"article:author\" content=\"https:\/\/www.facebook.com\/lecasierfrancais\/\" \/>\n<meta property=\"article:published_time\" content=\"2026-07-17T07:00:25+00:00\" \/>\n<meta property=\"article:modified_time\" content=\"2026-08-17T14:37:54+00:00\" \/>\n<meta property=\"og:image\" content=\"https:\/\/lecasierfrancais.fr\/wp-content\/uploads\/2026\/07\/IMG_4853-scaled-rbi6gh60alndqv589jbw330bjjwoo0ugtgykcglap2.jpg\" \/>\n\t<meta property=\"og:image:width\" content=\"520\" \/>\n\t<meta property=\"og:image:height\" content=\"599\" \/>\n\t<meta property=\"og:image:type\" content=\"image\/jpeg\" \/>\n<meta name=\"author\" content=\"Le Casier Fran\u00e7ais\" \/>\n<meta name=\"twitter:card\" content=\"summary_large_image\" \/>\n<meta name=\"twitter:label1\" content=\"\u00c9crit par\" \/>\n\t<meta name=\"twitter:data1\" content=\"Le Casier Fran\u00e7ais\" \/>\n\t<meta name=\"twitter:label2\" content=\"Dur\u00e9e de lecture estim\u00e9e\" \/>\n\t<meta name=\"twitter:data2\" content=\"6 minutes\" \/>\n<script type=\"application\/ld+json\" class=\"yoast-schema-graph\">{\"@context\":\"https:\/\/schema.org\",\"@graph\":[{\"@type\":\"WebPage\",\"@id\":\"https:\/\/lecasierfrancais.fr\/index.php\/2026\/07\/17\/distributeur-automatique-de-plats-cuisines-pres-de-besancon-food-flo\/\",\"url\":\"https:\/\/lecasierfrancais.fr\/index.php\/2026\/07\/17\/distributeur-automatique-de-plats-cuisines-pres-de-besancon-food-flo\/\",\"name\":\"Distributeur automatique de plats cuisin\u00e9s pr\u00e8s de Besan\u00e7on : Food & Flo ouvre un nouveau point de vente accessible 24\/7 - Le Casier Fran\u00e7ais\",\"isPartOf\":{\"@id\":\"https:\/\/lecasierfrancais.fr\/#website\"},\"primaryImageOfPage\":{\"@id\":\"https:\/\/lecasierfrancais.fr\/index.php\/2026\/07\/17\/distributeur-automatique-de-plats-cuisines-pres-de-besancon-food-flo\/#primaryimage\"},\"image\":{\"@id\":\"https:\/\/lecasierfrancais.fr\/index.php\/2026\/07\/17\/distributeur-automatique-de-plats-cuisines-pres-de-besancon-food-flo\/#primaryimage\"},\"thumbnailUrl\":\"https:\/\/lecasierfrancais.fr\/wp-content\/uploads\/2026\/07\/IMG_4853-scaled-rbi6gh60alndqv589jbw330bjjwoo0ugtgykcglap2.jpg\",\"datePublished\":\"2026-07-17T07:00:25+00:00\",\"dateModified\":\"2026-08-17T14:37:54+00:00\",\"author\":{\"@id\":\"https:\/\/lecasierfrancais.fr\/#\/schema\/person\/80579d7647d117ad1b7aa07ec6d6cbdc\"},\"description\":\"Nouveau distributeur automatique de plats cuisin\u00e9s \u00e0 Besan\u00e7on avec Food & Flo. Une activit\u00e9 traiteur en libre-service gourmande et qualitative.\",\"breadcrumb\":{\"@id\":\"https:\/\/lecasierfrancais.fr\/index.php\/2026\/07\/17\/distributeur-automatique-de-plats-cuisines-pres-de-besancon-food-flo\/#breadcrumb\"},\"inLanguage\":\"fr-FR\",\"potentialAction\":[{\"@type\":\"ReadAction\",\"target\":[\"https:\/\/lecasierfrancais.fr\/index.php\/2026\/07\/17\/distributeur-automatique-de-plats-cuisines-pres-de-besancon-food-flo\/\"]}]},{\"@type\":\"ImageObject\",\"inLanguage\":\"fr-FR\",\"@id\":\"https:\/\/lecasierfrancais.fr\/index.php\/2026\/07\/17\/distributeur-automatique-de-plats-cuisines-pres-de-besancon-food-flo\/#primaryimage\",\"url\":\"https:\/\/lecasierfrancais.fr\/wp-content\/uploads\/2026\/07\/IMG_4853-scaled-rbi6gh60alndqv589jbw330bjjwoo0ugtgykcglap2.jpg\",\"contentUrl\":\"https:\/\/lecasierfrancais.fr\/wp-content\/uploads\/2026\/07\/IMG_4853-scaled-rbi6gh60alndqv589jbw330bjjwoo0ugtgykcglap2.jpg\",\"width\":520,\"height\":599,\"caption\":\"Un traiteur devant son laboratoire pr\u00eat \u00e0 pr\u00e9parer des petits plats\"},{\"@type\":\"BreadcrumbList\",\"@id\":\"https:\/\/lecasierfrancais.fr\/index.php\/2026\/07\/17\/distributeur-automatique-de-plats-cuisines-pres-de-besancon-food-flo\/#breadcrumb\",\"itemListElement\":[{\"@type\":\"ListItem\",\"position\":1,\"name\":\"Accueil\",\"item\":\"https:\/\/lecasierfrancais.fr\/\"},{\"@type\":\"ListItem\",\"position\":2,\"name\":\"Distributeur automatique de plats cuisin\u00e9s pr\u00e8s de Besan\u00e7on : Food &#038; Flo ouvre un nouveau point de vente accessible 24\/7\"}]},{\"@type\":\"WebSite\",\"@id\":\"https:\/\/lecasierfrancais.fr\/#website\",\"url\":\"https:\/\/lecasierfrancais.fr\/\",\"name\":\"Le Casier Fran\u00e7ais\",\"description\":\"Fabricant de casiers connect\u00e9s pour la vente directe de vos produits\",\"potentialAction\":[{\"@type\":\"SearchAction\",\"target\":{\"@type\":\"EntryPoint\",\"urlTemplate\":\"https:\/\/lecasierfrancais.fr\/?s={search_term_string}\"},\"query-input\":{\"@type\":\"PropertyValueSpecification\",\"valueRequired\":true,\"valueName\":\"search_term_string\"}}],\"inLanguage\":\"fr-FR\"},{\"@type\":\"Person\",\"@id\":\"https:\/\/lecasierfrancais.fr\/#\/schema\/person\/80579d7647d117ad1b7aa07ec6d6cbdc\",\"name\":\"Le Casier Fran\u00e7ais\",\"image\":{\"@type\":\"ImageObject\",\"inLanguage\":\"fr-FR\",\"@id\":\"https:\/\/lecasierfrancais.fr\/#\/schema\/person\/image\/\",\"url\":\"https:\/\/secure.gravatar.com\/avatar\/7c00a0dc4e3d2fb1f87672e54a902e387906b0c2b215674b3af441b7fa9ff3b1?s=96&d=mm&r=g\",\"contentUrl\":\"https:\/\/secure.gravatar.com\/avatar\/7c00a0dc4e3d2fb1f87672e54a902e387906b0c2b215674b3af441b7fa9ff3b1?s=96&d=mm&r=g\",\"caption\":\"Le Casier Fran\u00e7ais\"},\"sameAs\":[\"https:\/\/lecasierfrancais.fr\",\"https:\/\/www.facebook.com\/lecasierfrancais\/\",\"https:\/\/www.instagram.com\/lecasierfrancais\/\",\"https:\/\/www.linkedin.com\/company\/le-casier-francais\/about\/\"],\"url\":\"https:\/\/lecasierfrancais.fr\/index.php\/author\/admin4915\/\"}]}<\/script>\n<!-- \/ Yoast SEO Premium plugin. -->","yoast_head_json":{"title":"Distributeur automatique de plats cuisin\u00e9s pr\u00e8s de Besan\u00e7on : Food & Flo ouvre un nouveau point de vente accessible 24\/7 - Le Casier Fran\u00e7ais","description":"Nouveau distributeur automatique de plats cuisin\u00e9s \u00e0 Besan\u00e7on avec Food & Flo. Une activit\u00e9 traiteur en libre-service gourmande et qualitative.","robots":{"index":"index","follow":"follow","max-snippet":"max-snippet:-1","max-image-preview":"max-image-preview:large","max-video-preview":"max-video-preview:-1"},"canonical":"https:\/\/lecasierfrancais.fr\/index.php\/2026\/07\/17\/distributeur-automatique-de-plats-cuisines-pres-de-besancon-food-flo\/","og_locale":"fr_FR","og_type":"article","og_title":"Distributeur automatique de plats cuisin\u00e9s pr\u00e8s de Besan\u00e7on : Food & Flo ouvre un nouveau point de vente accessible 24\/7","og_description":"Nouveau distributeur automatique de plats cuisin\u00e9s \u00e0 Besan\u00e7on avec Food & Flo. Une activit\u00e9 traiteur en libre-service gourmande et qualitative.","og_url":"https:\/\/lecasierfrancais.fr\/index.php\/2026\/07\/17\/distributeur-automatique-de-plats-cuisines-pres-de-besancon-food-flo\/","og_site_name":"Le Casier Fran\u00e7ais","article_publisher":"https:\/\/www.facebook.com\/lecasierfrancais\/","article_author":"https:\/\/www.facebook.com\/lecasierfrancais\/","article_published_time":"2026-07-17T07:00:25+00:00","article_modified_time":"2026-08-17T14:37:54+00:00","og_image":[{"width":520,"height":599,"url":"https:\/\/lecasierfrancais.fr\/wp-content\/uploads\/2026\/07\/IMG_4853-scaled-rbi6gh60alndqv589jbw330bjjwoo0ugtgykcglap2.jpg","type":"image\/jpeg"}],"author":"Le Casier Fran\u00e7ais","twitter_card":"summary_large_image","twitter_misc":{"\u00c9crit par":"Le Casier Fran\u00e7ais","Dur\u00e9e de lecture estim\u00e9e":"6 minutes"},"schema":{"@context":"https:\/\/schema.org","@graph":[{"@type":"WebPage","@id":"https:\/\/lecasierfrancais.fr\/index.php\/2026\/07\/17\/distributeur-automatique-de-plats-cuisines-pres-de-besancon-food-flo\/","url":"https:\/\/lecasierfrancais.fr\/index.php\/2026\/07\/17\/distributeur-automatique-de-plats-cuisines-pres-de-besancon-food-flo\/","name":"Distributeur automatique de plats cuisin\u00e9s pr\u00e8s de Besan\u00e7on : Food & Flo ouvre un nouveau point de vente accessible 24\/7 - Le Casier Fran\u00e7ais","isPartOf":{"@id":"https:\/\/lecasierfrancais.fr\/#website"},"primaryImageOfPage":{"@id":"https:\/\/lecasierfrancais.fr\/index.php\/2026\/07\/17\/distributeur-automatique-de-plats-cuisines-pres-de-besancon-food-flo\/#primaryimage"},"image":{"@id":"https:\/\/lecasierfrancais.fr\/index.php\/2026\/07\/17\/distributeur-automatique-de-plats-cuisines-pres-de-besancon-food-flo\/#primaryimage"},"thumbnailUrl":"https:\/\/lecasierfrancais.fr\/wp-content\/uploads\/2026\/07\/IMG_4853-scaled-rbi6gh60alndqv589jbw330bjjwoo0ugtgykcglap2.jpg","datePublished":"2026-07-17T07:00:25+00:00","dateModified":"2026-08-17T14:37:54+00:00","author":{"@id":"https:\/\/lecasierfrancais.fr\/#\/schema\/person\/80579d7647d117ad1b7aa07ec6d6cbdc"},"description":"Nouveau distributeur automatique de plats cuisin\u00e9s \u00e0 Besan\u00e7on avec Food & Flo. Une activit\u00e9 traiteur en libre-service gourmande et qualitative.","breadcrumb":{"@id":"https:\/\/lecasierfrancais.fr\/index.php\/2026\/07\/17\/distributeur-automatique-de-plats-cuisines-pres-de-besancon-food-flo\/#breadcrumb"},"inLanguage":"fr-FR","potentialAction":[{"@type":"ReadAction","target":["https:\/\/lecasierfrancais.fr\/index.php\/2026\/07\/17\/distributeur-automatique-de-plats-cuisines-pres-de-besancon-food-flo\/"]}]},{"@type":"ImageObject","inLanguage":"fr-FR","@id":"https:\/\/lecasierfrancais.fr\/index.php\/2026\/07\/17\/distributeur-automatique-de-plats-cuisines-pres-de-besancon-food-flo\/#primaryimage","url":"https:\/\/lecasierfrancais.fr\/wp-content\/uploads\/2026\/07\/IMG_4853-scaled-rbi6gh60alndqv589jbw330bjjwoo0ugtgykcglap2.jpg","contentUrl":"https:\/\/lecasierfrancais.fr\/wp-content\/uploads\/2026\/07\/IMG_4853-scaled-rbi6gh60alndqv589jbw330bjjwoo0ugtgykcglap2.jpg","width":520,"height":599,"caption":"Un traiteur devant son laboratoire pr\u00eat \u00e0 pr\u00e9parer des petits plats"},{"@type":"BreadcrumbList","@id":"https:\/\/lecasierfrancais.fr\/index.php\/2026\/07\/17\/distributeur-automatique-de-plats-cuisines-pres-de-besancon-food-flo\/#breadcrumb","itemListElement":[{"@type":"ListItem","position":1,"name":"Accueil","item":"https:\/\/lecasierfrancais.fr\/"},{"@type":"ListItem","position":2,"name":"Distributeur automatique de plats cuisin\u00e9s pr\u00e8s de Besan\u00e7on : Food &#038; Flo ouvre un nouveau point de vente accessible 24\/7"}]},{"@type":"WebSite","@id":"https:\/\/lecasierfrancais.fr\/#website","url":"https:\/\/lecasierfrancais.fr\/","name":"Le Casier Fran\u00e7ais","description":"Fabricant de casiers connect\u00e9s pour la vente directe de vos produits","potentialAction":[{"@type":"SearchAction","target":{"@type":"EntryPoint","urlTemplate":"https:\/\/lecasierfrancais.fr\/?s={search_term_string}"},"query-input":{"@type":"PropertyValueSpecification","valueRequired":true,"valueName":"search_term_string"}}],"inLanguage":"fr-FR"},{"@type":"Person","@id":"https:\/\/lecasierfrancais.fr\/#\/schema\/person\/80579d7647d117ad1b7aa07ec6d6cbdc","name":"Le Casier Fran\u00e7ais","image":{"@type":"ImageObject","inLanguage":"fr-FR","@id":"https:\/\/lecasierfrancais.fr\/#\/schema\/person\/image\/","url":"https:\/\/secure.gravatar.com\/avatar\/7c00a0dc4e3d2fb1f87672e54a902e387906b0c2b215674b3af441b7fa9ff3b1?s=96&d=mm&r=g","contentUrl":"https:\/\/secure.gravatar.com\/avatar\/7c00a0dc4e3d2fb1f87672e54a902e387906b0c2b215674b3af441b7fa9ff3b1?s=96&d=mm&r=g","caption":"Le Casier Fran\u00e7ais"},"sameAs":["https:\/\/lecasierfrancais.fr","https:\/\/www.facebook.com\/lecasierfrancais\/","https:\/\/www.instagram.com\/lecasierfrancais\/","https:\/\/www.linkedin.com\/company\/le-casier-francais\/about\/"],"url":"https:\/\/lecasierfrancais.fr\/index.php\/author\/admin4915\/"}]}},"_links":{"self":[{"href":"https:\/\/lecasierfrancais.fr\/index.php\/wp-json\/wp\/v2\/posts\/22768","targetHints":{"allow":["GET"]}}],"collection":[{"href":"https:\/\/lecasierfrancais.fr\/index.php\/wp-json\/wp\/v2\/posts"}],"about":[{"href":"https:\/\/lecasierfrancais.fr\/index.php\/wp-json\/wp\/v2\/types\/post"}],"author":[{"embeddable":true,"href":"https:\/\/lecasierfrancais.fr\/index.php\/wp-json\/wp\/v2\/users\/3"}],"replies":[{"embeddable":true,"href":"https:\/\/lecasierfrancais.fr\/index.php\/wp-json\/wp\/v2\/comments?post=22768"}],"version-history":[{"count":9,"href":"https:\/\/lecasierfrancais.fr\/index.php\/wp-json\/wp\/v2\/posts\/22768\/revisions"}],"predecessor-version":[{"id":23610,"href":"https:\/\/lecasierfrancais.fr\/index.php\/wp-json\/wp\/v2\/posts\/22768\/revisions\/23610"}],"wp:featuredmedia":[{"embeddable":true,"href":"https:\/\/lecasierfrancais.fr\/index.php\/wp-json\/wp\/v2\/media\/22770"}],"wp:attachment":[{"href":"https:\/\/lecasierfrancais.fr\/index.php\/wp-json\/wp\/v2\/media?parent=22768"}],"wp:term":[{"taxonomy":"category","embeddable":true,"href":"https:\/\/lecasierfrancais.fr\/index.php\/wp-json\/wp\/v2\/categories?post=22768"},{"taxonomy":"post_tag","embeddable":true,"href":"https:\/\/lecasierfrancais.fr\/index.php\/wp-json\/wp\/v2\/tags?post=22768"}],"curies":[{"name":"wp","href":"https:\/\/api.w.org\/{rel}","templated":true}]}}