{"id":23856,"date":"2026-09-02T09:00:09","date_gmt":"2026-09-02T07:00:09","guid":{"rendered":"https:\/\/lecasierfrancais.fr\/?p=23856"},"modified":"2026-08-31T15:42:37","modified_gmt":"2026-08-31T13:42:37","slug":"auberge-de-saint-fergeux-158-casiers-automatiques-alimentaires-en-libre-service-pres-de-reims","status":"publish","type":"post","link":"https:\/\/lecasierfrancais.fr\/index.php\/2026\/09\/02\/auberge-de-saint-fergeux-158-casiers-automatiques-alimentaires-en-libre-service-pres-de-reims\/","title":{"rendered":"Auberge de Saint-Fergeux : 158 casiers automatiques alimentaires en libre-service pr\u00e8s de Reims"},"content":{"rendered":"[vc_row type=\u00a0\u00bbin_container\u00a0\u00bb full_screen_row_position=\u00a0\u00bbmiddle\u00a0\u00bb scene_position=\u00a0\u00bbcenter\u00a0\u00bb text_color=\u00a0\u00bbdark\u00a0\u00bb text_align=\u00a0\u00bbleft\u00a0\u00bb overlay_strength=\u00a0\u00bb0.3&Prime; shape_divider_position=\u00a0\u00bbbottom\u00a0\u00bb][vc_column column_padding=\u00a0\u00bbno-extra-padding\u00a0\u00bb column_padding_position=\u00a0\u00bball\u00a0\u00bb background_color_opacity=\u00a0\u00bb1&Prime; background_hover_color_opacity=\u00a0\u00bb1&Prime; column_shadow=\u00a0\u00bbnone\u00a0\u00bb column_border_radius=\u00a0\u00bbnone\u00a0\u00bb width=\u00a0\u00bb1\/1&Prime; tablet_text_alignment=\u00a0\u00bbdefault\u00a0\u00bb phone_text_alignment=\u00a0\u00bbdefault\u00a0\u00bb column_border_width=\u00a0\u00bbnone\u00a0\u00bb column_border_style=\u00a0\u00bbsolid\u00a0\u00bb][vc_column_text]<em><a href=\"http:\/\/auberge-saint-fergeux.fr\/\" target=\"_blank\" rel=\"noopener\">L\u2019Auberge de Saint-Fergeux,<\/a> situ\u00e9e \u00e0 Blancs-Coteaux (Gionges) pr\u00e8s d\u2019\u00c9pernay, franchit un nouveau cap dans la commercialisation de ses produits en circuit court. Face au succ\u00e8s de leur premier espace de vente autonome, les g\u00e9rants ont d\u00e9ploy\u00e9 mi-juillet une extension de casiers automatiques pr\u00e8s de Reims, passant de 109 \u00e0 158 casiers connect\u00e9s sign\u00e9s Le Casier Fran\u00e7ais.<\/em><\/p>\n<p><em>Baptis\u00e9 avec fiert\u00e9 \u00ab De la fourche \u00e0 la fourchette \u00bb, ce vaste espace en libre-service propose d\u00e9sormais une gamme d\u00e9cupl\u00e9e de produits frais, locaux et de saison, accessible 7j\/7 et 24h\/24 aux habitants pr\u00e8s de Reims comme aux visiteurs de passage en Champagne.<\/em>[\/vc_column_text][\/vc_column][\/vc_row][vc_row type=\u00a0\u00bbin_container\u00a0\u00bb full_screen_row_position=\u00a0\u00bbmiddle\u00a0\u00bb scene_position=\u00a0\u00bbcenter\u00a0\u00bb text_color=\u00a0\u00bbdark\u00a0\u00bb text_align=\u00a0\u00bbleft\u00a0\u00bb overlay_strength=\u00a0\u00bb0.3&Prime; shape_divider_position=\u00a0\u00bbbottom\u00a0\u00bb][vc_column column_padding=\u00a0\u00bbno-extra-padding\u00a0\u00bb column_padding_position=\u00a0\u00bball\u00a0\u00bb background_color_opacity=\u00a0\u00bb1&Prime; background_hover_color_opacity=\u00a0\u00bb1&Prime; column_shadow=\u00a0\u00bbnone\u00a0\u00bb column_border_radius=\u00a0\u00bbnone\u00a0\u00bb width=\u00a0\u00bb1\/1&Prime; tablet_text_alignment=\u00a0\u00bbdefault\u00a0\u00bb phone_text_alignment=\u00a0\u00bbdefault\u00a0\u00bb column_border_width=\u00a0\u00bbnone\u00a0\u00bb column_border_style=\u00a0\u00bbsolid\u00a0\u00bb]<div class=\"img-with-aniamtion-wrap center\" data-max-width=\"100%\" data-border-radius=\"none\"><div class=\"inner\"><a href=\"https:\/\/lecasierfrancais.fr\/wp-content\/uploads\/2026\/08\/accueil-auberge-saint-fergeux-gionges-e1788179723540.jpg\" class=\"pp center\"><img decoding=\"async\" data-shadow=\"none\" data-shadow-direction=\"middle\" class=\"img-with-animation \" data-delay=\"0\" height=\"333\" width=\"500\" data-animation=\"none\" src=\"https:\/\/lecasierfrancais.fr\/wp-content\/uploads\/2026\/08\/accueil-auberge-saint-fergeux-gionges-e1788179723540.jpg\"  alt=\"Auberge de Saint Fergeux\" \/><\/a><\/div><\/div>[\/vc_column][\/vc_row][vc_row type=\u00a0\u00bbin_container\u00a0\u00bb full_screen_row_position=\u00a0\u00bbmiddle\u00a0\u00bb scene_position=\u00a0\u00bbcenter\u00a0\u00bb text_color=\u00a0\u00bbdark\u00a0\u00bb text_align=\u00a0\u00bbleft\u00a0\u00bb overlay_strength=\u00a0\u00bb0.3&Prime; shape_divider_position=\u00a0\u00bbbottom\u00a0\u00bb][vc_column column_padding=\u00a0\u00bbno-extra-padding\u00a0\u00bb column_padding_position=\u00a0\u00bball\u00a0\u00bb background_color_opacity=\u00a0\u00bb1&Prime; background_hover_color_opacity=\u00a0\u00bb1&Prime; column_shadow=\u00a0\u00bbnone\u00a0\u00bb column_border_radius=\u00a0\u00bbnone\u00a0\u00bb width=\u00a0\u00bb1\/1&Prime; tablet_text_alignment=\u00a0\u00bbdefault\u00a0\u00bb phone_text_alignment=\u00a0\u00bbdefault\u00a0\u00bb column_border_width=\u00a0\u00bbnone\u00a0\u00bb column_border_style=\u00a0\u00bbsolid\u00a0\u00bb][vc_custom_heading text=\u00a0\u00bbUne offre fermi\u00e8re \u00e9largie accessible 24h\/24 \u00e0 Reims\u00a0\u00bb use_theme_fonts=\u00a0\u00bbyes\u00a0\u00bb][vc_column_text]Gr\u00e2ce \u00e0 cette mont\u00e9e en capacit\u00e9, l&rsquo;automate r\u00e9frig\u00e9r\u00e9 rassemble les<strong> sp\u00e9cialit\u00e9s maison de l&rsquo;auberge<\/strong> (notamment ses recettes de canard et plats cuisin\u00e9s du terroir) ainsi qu&rsquo;une s\u00e9lection rigoureuse d\u2019<strong>articles issus de producteurs partenaires de la r\u00e9gion.<\/strong> Les consommateurs (habitants ou <a href=\"https:\/\/tourisme-en-champagne.com\/auberge-de-saint-fergeux\/blancs-coteaux\/res0000000000032\" target=\"_blank\" rel=\"noopener\">touristes<\/a>) retrouvent ainsi en direct dans les casiers :<\/p>\n<ul>\n<li>Plats cuisin\u00e9s et terrines artisanales<\/li>\n<li>Viande et charcuterie locale<\/li>\n<li>L\u00e9gumes frais et pommes de terre<\/li>\n<li>Produits laitiers (yaourts, fromages fermiers)<\/li>\n<li>Jus artisanaux et boissons r\u00e9gionales&#8230;<\/li>\n<\/ul>\n[\/vc_column_text][\/vc_column][\/vc_row][vc_row type=\u00a0\u00bbin_container\u00a0\u00bb full_screen_row_position=\u00a0\u00bbmiddle\u00a0\u00bb scene_position=\u00a0\u00bbcenter\u00a0\u00bb text_color=\u00a0\u00bbdark\u00a0\u00bb text_align=\u00a0\u00bbleft\u00a0\u00bb overlay_strength=\u00a0\u00bb0.3&Prime; shape_divider_position=\u00a0\u00bbbottom\u00a0\u00bb][vc_column column_padding=\u00a0\u00bbno-extra-padding\u00a0\u00bb column_padding_position=\u00a0\u00bball\u00a0\u00bb background_color_opacity=\u00a0\u00bb1&Prime; background_hover_color_opacity=\u00a0\u00bb1&Prime; column_shadow=\u00a0\u00bbnone\u00a0\u00bb column_border_radius=\u00a0\u00bbnone\u00a0\u00bb width=\u00a0\u00bb1\/1&Prime; tablet_text_alignment=\u00a0\u00bbdefault\u00a0\u00bb phone_text_alignment=\u00a0\u00bbdefault\u00a0\u00bb column_border_width=\u00a0\u00bbnone\u00a0\u00bb column_border_style=\u00a0\u00bbsolid\u00a0\u00bb]<div class=\"img-with-aniamtion-wrap center\" data-max-width=\"100%\" data-border-radius=\"none\"><div class=\"inner\"><img decoding=\"async\" data-shadow=\"none\" data-shadow-direction=\"middle\" class=\"img-with-animation \" data-delay=\"0\" height=\"377\" width=\"500\" data-animation=\"none\" src=\"https:\/\/lecasierfrancais.fr\/wp-content\/uploads\/2026\/08\/Capture-decran-2026-08-31-135521-e1788181053238.jpg\"  alt=\"Distributeurs automatiques de l'Auberge de Saint Fergeux\" \/><\/div><\/div>[\/vc_column][\/vc_row][vc_row type=\u00a0\u00bbin_container\u00a0\u00bb full_screen_row_position=\u00a0\u00bbmiddle\u00a0\u00bb scene_position=\u00a0\u00bbcenter\u00a0\u00bb text_color=\u00a0\u00bbdark\u00a0\u00bb text_align=\u00a0\u00bbleft\u00a0\u00bb overlay_strength=\u00a0\u00bb0.3&Prime; shape_divider_position=\u00a0\u00bbbottom\u00a0\u00bb][vc_column column_padding=\u00a0\u00bbno-extra-padding\u00a0\u00bb column_padding_position=\u00a0\u00bball\u00a0\u00bb background_color_opacity=\u00a0\u00bb1&Prime; background_hover_color_opacity=\u00a0\u00bb1&Prime; column_shadow=\u00a0\u00bbnone\u00a0\u00bb column_border_radius=\u00a0\u00bbnone\u00a0\u00bb width=\u00a0\u00bb1\/1&Prime; tablet_text_alignment=\u00a0\u00bbdefault\u00a0\u00bb phone_text_alignment=\u00a0\u00bbdefault\u00a0\u00bb column_border_width=\u00a0\u00bbnone\u00a0\u00bb column_border_style=\u00a0\u00bbsolid\u00a0\u00bb][vc_custom_heading text=\u00a0\u00bbUne extension qui confirme la rentabilit\u00e9 du casier connect\u00e9\u00a0\u00bb use_theme_fonts=\u00a0\u00bbyes\u00a0\u00bb][vc_column_text]<strong>Passer de 109 \u00e0 158 casiers<\/strong> illustre la dynamique de croissance qu&rsquo;offre un point de vente automatis\u00e9 . En int\u00e9grant un <a href=\"https:\/\/lecasierfrancais.fr\/index.php\/le-kiosque\/\" target=\"_blank\" rel=\"noopener\">outil de gestion \u00e0 distance<\/a> en temps r\u00e9el, l&rsquo;\u00e9quipe de l&rsquo;auberge suit ses stocks \u00e0 la minute, r\u00e9approvisionne selon la demande et g\u00e9n\u00e8re du chiffre d&rsquo;affaires en continu sans mobiliser de personnel suppl\u00e9mentaire au guichet.<\/p>\n<p>Pour les producteurs et restaurateurs d\u00e9sireux de valoriser le savoir-faire local tout en diversifiant leurs canaux de distribution, ce projet d\u00e9montre qu&rsquo;une infrastructure modulaire et \u00e9volutive reste la cl\u00e9 d&rsquo;un investissement rentable et durable.[\/vc_column_text][\/vc_column][\/vc_row][vc_row type=\u00a0\u00bbin_container\u00a0\u00bb full_screen_row_position=\u00a0\u00bbmiddle\u00a0\u00bb scene_position=\u00a0\u00bbcenter\u00a0\u00bb text_color=\u00a0\u00bbdark\u00a0\u00bb text_align=\u00a0\u00bbleft\u00a0\u00bb overlay_strength=\u00a0\u00bb0.3&Prime; shape_divider_position=\u00a0\u00bbbottom\u00a0\u00bb][vc_column column_padding=\u00a0\u00bbno-extra-padding\u00a0\u00bb column_padding_position=\u00a0\u00bball\u00a0\u00bb background_color_opacity=\u00a0\u00bb1&Prime; background_hover_color_opacity=\u00a0\u00bb1&Prime; column_shadow=\u00a0\u00bbnone\u00a0\u00bb column_border_radius=\u00a0\u00bbnone\u00a0\u00bb width=\u00a0\u00bb1\/1&Prime; tablet_text_alignment=\u00a0\u00bbdefault\u00a0\u00bb phone_text_alignment=\u00a0\u00bbdefault\u00a0\u00bb column_border_width=\u00a0\u00bbnone\u00a0\u00bb column_border_style=\u00a0\u00bbsolid\u00a0\u00bb]<div class=\"divider-wrap\"><div style=\"height: 30px;\" class=\"divider\"><\/div><\/div>[vc_column_text]Nous souhaitons beaucoup de succ\u00e8s \u00e0 l&rsquo;Auberge de Saint Fergeux qui est sur une belle lanc\u00e9e.[\/vc_column_text]<div class=\"divider-wrap\"><div style=\"height: 50px;\" class=\"divider\"><\/div><\/div>[vc_zigzag color=\u00a0\u00bbvista_blue\u00a0\u00bb][vc_column_text]\ud83d\udccd<strong>Auberge de Saint Fergeux,<\/strong> 24 rue de la Croli\u00e8re \u00e0 Gionges, ouvert 24h\/24 7j\/7[\/vc_column_text][\/vc_column][\/vc_row][vc_row type=\u00a0\u00bbin_container\u00a0\u00bb full_screen_row_position=\u00a0\u00bbmiddle\u00a0\u00bb scene_position=\u00a0\u00bbcenter\u00a0\u00bb text_color=\u00a0\u00bbdark\u00a0\u00bb text_align=\u00a0\u00bbleft\u00a0\u00bb overlay_strength=\u00a0\u00bb0.3&Prime; shape_divider_position=\u00a0\u00bbbottom\u00a0\u00bb][vc_column column_padding=\u00a0\u00bbno-extra-padding\u00a0\u00bb column_padding_position=\u00a0\u00bball\u00a0\u00bb background_color_opacity=\u00a0\u00bb1&Prime; background_hover_color_opacity=\u00a0\u00bb1&Prime; column_shadow=\u00a0\u00bbnone\u00a0\u00bb column_border_radius=\u00a0\u00bbnone\u00a0\u00bb width=\u00a0\u00bb1\/1&Prime; tablet_text_alignment=\u00a0\u00bbdefault\u00a0\u00bb phone_text_alignment=\u00a0\u00bbdefault\u00a0\u00bb column_border_width=\u00a0\u00bbnone\u00a0\u00bb column_border_style=\u00a0\u00bbsolid\u00a0\u00bb]<div class=\"divider-wrap\"><div style=\"height: 100px;\" class=\"divider\"><\/div><\/div>[\/vc_column][\/vc_row][vc_row type=\u00a0\u00bbin_container\u00a0\u00bb full_screen_row_position=\u00a0\u00bbmiddle\u00a0\u00bb scene_position=\u00a0\u00bbcenter\u00a0\u00bb text_color=\u00a0\u00bbdark\u00a0\u00bb text_align=\u00a0\u00bbleft\u00a0\u00bb overlay_strength=\u00a0\u00bb0.3&Prime; shape_divider_position=\u00a0\u00bbbottom\u00a0\u00bb][vc_column column_padding=\u00a0\u00bbno-extra-padding\u00a0\u00bb column_padding_position=\u00a0\u00bball\u00a0\u00bb background_color_opacity=\u00a0\u00bb1&Prime; background_hover_color_opacity=\u00a0\u00bb1&Prime; column_shadow=\u00a0\u00bbnone\u00a0\u00bb column_border_radius=\u00a0\u00bbnone\u00a0\u00bb width=\u00a0\u00bb1\/1&Prime; tablet_text_alignment=\u00a0\u00bbdefault\u00a0\u00bb phone_text_alignment=\u00a0\u00bbdefault\u00a0\u00bb column_border_width=\u00a0\u00bbnone\u00a0\u00bb column_border_style=\u00a0\u00bbsolid\u00a0\u00bb][vc_custom_heading text=\u00a0\u00bb\u2753FAQ\u00a0\u00bb use_theme_fonts=\u00a0\u00bbyes\u00a0\u00bb]<div class=\"divider-wrap\"><div style=\"height: 30px;\" class=\"divider\"><\/div><\/div>[vc_custom_heading text=\u00a0\u00bb\ud83d\udd39Comment savoir si mon activit\u00e9 n\u00e9cessite d\u2019augmenter le nombre de casiers ?\u00a0\u00bb font_container=\u00a0\u00bbtag:h3|text_align:left\u00a0\u00bb use_theme_fonts=\u00a0\u00bbyes\u00a0\u00bb]<div class=\"divider-wrap\"><div style=\"height: 30px;\" class=\"divider\"><\/div><\/div>[vc_column_text]L&rsquo;extension de casiers devient pertinente d\u00e8s lors que le taux de rotation de vos casiers sature vos capacit\u00e9s de stockage ou que votre gamme s&rsquo;\u00e9largit \u00e0 de nouveaux partenaires producteurs. Les casiers Le Casier Fran\u00e7ais permettent d&rsquo;ajouter facilement des colonnes suppl\u00e9mentaires (temp\u00e9rature ambiante, r\u00e9frig\u00e9r\u00e9e ou mixte) \u00e0 une installation existante, sans changer de borne de commande.[\/vc_column_text]<div class=\"divider-wrap\"><div style=\"height: 30px;\" class=\"divider\"><\/div><\/div>[vc_custom_heading text=\u00a0\u00bb\ud83d\udd39Quel est le retour sur investissement d&rsquo;un espace de 150 casiers en libre-service ?\u00a0\u00bb font_container=\u00a0\u00bbtag:h3|text_align:left\u00a0\u00bb use_theme_fonts=\u00a0\u00bbyes\u00a0\u00bb][vc_column_text]Un parc de casiers connect\u00e9s g\u00e9n\u00e8re des revenus compl\u00e9mentaires 24h\/24 et 7j\/7 sans co\u00fbt salarial li\u00e9 \u00e0 la vente directe en boutique. Le suivi des ventes en ligne, la diminution des invendus gr\u00e2ce \u00e0 la visibilit\u00e9 des stocks et l\u2019attractivit\u00e9 d\u2019un assortiment complet (viandes, cr\u00e9merie, l\u00e9gumes, traiteur) permettent g\u00e9n\u00e9ralement d&rsquo;amortir rapidement l&rsquo;investissement initial tout en fid\u00e9lisant une client\u00e8le locale.[\/vc_column_text]<div class=\"divider-wrap\"><div style=\"height: 30px;\" class=\"divider\"><\/div><\/div>[vc_custom_heading text=\u00a0\u00bb\ud83d\udd39Les casiers connect\u00e9s conviennent-ils \u00e0 la vente de plats cuisin\u00e9s ?\u00a0\u00bb font_container=\u00a0\u00bbtag:h3|text_align:left\u00a0\u00bb use_theme_fonts=\u00a0\u00bbyes\u00a0\u00bb][vc_column_text]Oui, chaque module r\u00e9frig\u00e9r\u00e9 dispose d&rsquo;un syst\u00e8me de gestion active du froid conforme aux normes sanitaires alimentaires strictes. En cas de rupture de la cha\u00eene du froid ou de coupure \u00e9lectrique, le syst\u00e8me verrouille automatiquement la vente des compartiments concern\u00e9s pour prot\u00e9ger la sant\u00e9 des consommateurs et pr\u00e9server la r\u00e9putation de votre \u00e9tablissement.[\/vc_column_text][\/vc_column][\/vc_row][vc_row type=\u00a0\u00bbin_container\u00a0\u00bb full_screen_row_position=\u00a0\u00bbmiddle\u00a0\u00bb scene_position=\u00a0\u00bbcenter\u00a0\u00bb text_color=\u00a0\u00bbdark\u00a0\u00bb text_align=\u00a0\u00bbleft\u00a0\u00bb overlay_strength=\u00a0\u00bb0.3&Prime; shape_divider_position=\u00a0\u00bbbottom\u00a0\u00bb][vc_column column_padding=\u00a0\u00bbno-extra-padding\u00a0\u00bb column_padding_position=\u00a0\u00bball\u00a0\u00bb background_color_opacity=\u00a0\u00bb1&Prime; background_hover_color_opacity=\u00a0\u00bb1&Prime; column_shadow=\u00a0\u00bbnone\u00a0\u00bb column_border_radius=\u00a0\u00bbnone\u00a0\u00bb width=\u00a0\u00bb1\/1&Prime; tablet_text_alignment=\u00a0\u00bbdefault\u00a0\u00bb phone_text_alignment=\u00a0\u00bbdefault\u00a0\u00bb column_border_width=\u00a0\u00bbnone\u00a0\u00bb column_border_style=\u00a0\u00bbsolid\u00a0\u00bb]<div class=\"divider-wrap\"><div style=\"height: 100px;\" class=\"divider\"><\/div><\/div>[vc_custom_heading text=\u00a0\u00bbIls vendent aussi des produits locaux en libre-service&#8230;\u00a0\u00bb use_theme_fonts=\u00a0\u00bbyes\u00a0\u00bb]<div class=\"divider-wrap\"><div style=\"height: 30px;\" class=\"divider\"><\/div><\/div>\t\t\t<div class=\"row blog-recent columns-3\" data-style=\"default\" data-color-scheme=\"light\">\n\t\t\t\t\n\t\t\t\t\n\t\t\t\t<div class=\"col span_4 post-23856 post type-post status-publish format-standard has-post-thumbnail category-ouvertures category-produits-locaux category-reims tag-auberge-de-saint-fergeux tag-casier-connecte tag-casiers-automatiques-alimentaires tag-charcuterie tag-circuit-court tag-distributeur-automatique tag-epernay tag-fromage tag-fruits-et-legumes tag-le-casier-francais tag-libre-service tag-marne tag-plats-cuisines tag-produits-locaux tag-restaurant tag-tourisme tag-traiteur tag-viande\" >\n\t\t\t\t\t\n\t\t\t\t\t<a href=\"https:\/\/lecasierfrancais.fr\/index.php\/2026\/09\/02\/auberge-de-saint-fergeux-158-casiers-automatiques-alimentaires-en-libre-service-pres-de-reims\/\"><img decoding=\"async\" width=\"600\" height=\"403\" src=\"https:\/\/lecasierfrancais.fr\/wp-content\/uploads\/2026\/08\/accueil-auberge-saint-fergeux-gionges-600x403.jpg\" class=\"attachment-portfolio-thumb size-portfolio-thumb wp-post-image\" alt=\"Auberge de Saint Fergeux\" title=\"\" srcset=\"https:\/\/lecasierfrancais.fr\/wp-content\/uploads\/2026\/08\/accueil-auberge-saint-fergeux-gionges-600x403.jpg 600w, https:\/\/lecasierfrancais.fr\/wp-content\/uploads\/2026\/08\/accueil-auberge-saint-fergeux-gionges-400x269.jpg 400w, https:\/\/lecasierfrancais.fr\/wp-content\/uploads\/2026\/08\/accueil-auberge-saint-fergeux-gionges-200x133.jpg 200w\" sizes=\"(max-width: 600px) 100vw, 600px\" \/><\/a>\n\t\t\t\t\t\t\t<div class=\"post-header\">\n\t\t\t\t\t\t\t\t<h3 class=\"title\"><a href=\"https:\/\/lecasierfrancais.fr\/index.php\/2026\/09\/02\/auberge-de-saint-fergeux-158-casiers-automatiques-alimentaires-en-libre-service-pres-de-reims\/\">Auberge de Saint-Fergeux : 158 casiers automatiques alimentaires en libre-service pr\u00e8s de Reims<\/a><\/h3>\t\n\t\t\t\t\t\t\t\t<span class=\"meta-author\"><a href=\"https:\/\/lecasierfrancais.fr\/index.php\/author\/le-casier-francais\/\" title=\"Articles par Le Casier Francais\" rel=\"author\">Le Casier Francais<\/a> <\/span> <span class=\"meta-category\"> | <a href=\"https:\/\/lecasierfrancais.fr\/index.php\/category\/ouvertures\/\">Ouvertures<\/a>, <a href=\"https:\/\/lecasierfrancais.fr\/index.php\/category\/ouvertures\/produits-locaux\/\">Produits locaux<\/a>, <a href=\"https:\/\/lecasierfrancais.fr\/index.php\/category\/ouvertures\/reims\/\">Reims<\/a> <\/span> <span class=\"meta-comment-count\"> | <a href=\"https:\/\/lecasierfrancais.fr\/index.php\/2026\/09\/02\/auberge-de-saint-fergeux-158-casiers-automatiques-alimentaires-en-libre-service-pres-de-reims\/#respond\">\n\t\t\t\t\t\t\t\tSans Commentaire<\/a> <\/span>\n\t\t\t\t\t\t\t<\/div><!--\/post-header-->\n\t\t\t\t\t\t\t\n\t\t\t\t\t\t\t<div class=\"excerpt\">L\u2019Auberge de Saint-Fergeux, situ\u00e9e \u00e0 Blancs-Coteaux (Gionges) pr\u00e8s d\u2019\u00c9pernay, franchit un nouveau cap dans la\u2026<\/div>\t\t\t\t\t\n\t\t\t\t<\/div><!--\/col-->\n\t\t\t\t\n\t\t\t\t\n\t\t\t\t<div class=\"col span_4 post-23672 post type-post status-publish format-standard has-post-thumbnail category-ouvertures category-produits-locaux category-strasbourg tag-bas-rhin tag-boulangerie tag-casier-automatique-alimentaire tag-casier-connecte tag-circuit-court tag-distributeur-automatique tag-fruits-et-legumes tag-le-casier-francais tag-libre-service tag-pain tag-patisserie tag-strasbourg tag-vente-directe tag-viennoiseries\" >\n\t\t\t\t\t\n\t\t\t\t\t<a href=\"https:\/\/lecasierfrancais.fr\/index.php\/2026\/08\/21\/ouverture-dun-casier-automatique-pres-de-strasbourg-du-pain-et-des-fruits-et-legumes-avec-delice-sucre-et-shissele\/\"><img decoding=\"async\" width=\"600\" height=\"403\" src=\"https:\/\/lecasierfrancais.fr\/wp-content\/uploads\/2026\/08\/Capture-decran-2026-08-20-154156-600x403.jpg\" class=\"attachment-portfolio-thumb size-portfolio-thumb wp-post-image\" alt=\"Le casier automatique alimentaire de fruits et l\u00e9gumes S&#039;Hissele\" title=\"\" srcset=\"https:\/\/lecasierfrancais.fr\/wp-content\/uploads\/2026\/08\/Capture-decran-2026-08-20-154156-600x403.jpg 600w, https:\/\/lecasierfrancais.fr\/wp-content\/uploads\/2026\/08\/Capture-decran-2026-08-20-154156-400x269.jpg 400w\" sizes=\"(max-width: 600px) 100vw, 600px\" \/><\/a>\n\t\t\t\t\t\t\t<div class=\"post-header\">\n\t\t\t\t\t\t\t\t<h3 class=\"title\"><a href=\"https:\/\/lecasierfrancais.fr\/index.php\/2026\/08\/21\/ouverture-dun-casier-automatique-pres-de-strasbourg-du-pain-et-des-fruits-et-legumes-avec-delice-sucre-et-shissele\/\">Ouverture d\u2019un casier automatique pr\u00e8s de Strasbourg : du pain et des fruits et l\u00e9gumes avec D\u00e9lice Sucr\u00e9 et S\u2019Hissele<\/a><\/h3>\t\n\t\t\t\t\t\t\t\t<span class=\"meta-author\"><a href=\"https:\/\/lecasierfrancais.fr\/index.php\/author\/le-casier-francais\/\" title=\"Articles par Le Casier Francais\" rel=\"author\">Le Casier Francais<\/a> <\/span> <span class=\"meta-category\"> | <a href=\"https:\/\/lecasierfrancais.fr\/index.php\/category\/ouvertures\/\">Ouvertures<\/a>, <a href=\"https:\/\/lecasierfrancais.fr\/index.php\/category\/ouvertures\/produits-locaux\/\">Produits locaux<\/a>, <a href=\"https:\/\/lecasierfrancais.fr\/index.php\/category\/ouvertures\/strasbourg\/\">Strasbourg<\/a> <\/span> <span class=\"meta-comment-count\"> | <a href=\"https:\/\/lecasierfrancais.fr\/index.php\/2026\/08\/21\/ouverture-dun-casier-automatique-pres-de-strasbourg-du-pain-et-des-fruits-et-legumes-avec-delice-sucre-et-shissele\/#respond\">\n\t\t\t\t\t\t\t\tSans Commentaire<\/a> <\/span>\n\t\t\t\t\t\t\t<\/div><!--\/post-header-->\n\t\t\t\t\t\t\t\n\t\t\t\t\t\t\t<div class=\"excerpt\">Les habitants de Scharrachbergheim-Irmstett dans le Bas-Rhin (67), peuvent d\u00e9sormais acc\u00e9der \u00e0 des produits frais\u2026<\/div>\t\t\t\t\t\n\t\t\t\t<\/div><!--\/col-->\n\t\t\t\t\n\t\t\t\t\n\t\t\t\t<div class=\"col span_4 post-22737 post type-post status-publish format-standard has-post-thumbnail category-ouvertures category-produits-locaux category-strasbourg tag-alsace tag-casier-connecte tag-circuit-court tag-distributeur-automatique-alimentaire tag-distributeur-automatique-produits-locaux tag-distributeur-automatique-refrigere tag-double-vente tag-ferme-urban tag-le-casier-francais tag-libre-service tag-plateau-tournant tag-strasbourg\" >\n\t\t\t\t\t\n\t\t\t\t\t<a href=\"https:\/\/lecasierfrancais.fr\/index.php\/2026\/07\/15\/ouverture-ferme-urban-un-distributeur-automatique-de-produits-locaux-pres-de-strasbourg-67\/\"><img decoding=\"async\" width=\"600\" height=\"403\" src=\"https:\/\/lecasierfrancais.fr\/wp-content\/uploads\/2026\/07\/20260512_101925-1024x768-1-600x403.jpg\" class=\"attachment-portfolio-thumb size-portfolio-thumb wp-post-image\" alt=\"Casiers connect\u00e9s de la Ferme Urban\" title=\"\" srcset=\"https:\/\/lecasierfrancais.fr\/wp-content\/uploads\/2026\/07\/20260512_101925-1024x768-1-600x403.jpg 600w, https:\/\/lecasierfrancais.fr\/wp-content\/uploads\/2026\/07\/20260512_101925-1024x768-1-400x269.jpg 400w\" sizes=\"(max-width: 600px) 100vw, 600px\" \/><\/a>\n\t\t\t\t\t\t\t<div class=\"post-header\">\n\t\t\t\t\t\t\t\t<h3 class=\"title\"><a href=\"https:\/\/lecasierfrancais.fr\/index.php\/2026\/07\/15\/ouverture-ferme-urban-un-distributeur-automatique-de-produits-locaux-pres-de-strasbourg-67\/\">Ouverture Ferme Urban : un distributeur automatique de produits locaux pr\u00e8s de Strasbourg (67)<\/a><\/h3>\t\n\t\t\t\t\t\t\t\t<span class=\"meta-author\"><a href=\"https:\/\/lecasierfrancais.fr\/index.php\/author\/admin4915\/\" title=\"Articles par Le Casier Fran\u00e7ais\" rel=\"author\">Le Casier Fran\u00e7ais<\/a> <\/span> <span class=\"meta-category\"> | <a href=\"https:\/\/lecasierfrancais.fr\/index.php\/category\/ouvertures\/\">Ouvertures<\/a>, <a href=\"https:\/\/lecasierfrancais.fr\/index.php\/category\/ouvertures\/produits-locaux\/\">Produits locaux<\/a>, <a href=\"https:\/\/lecasierfrancais.fr\/index.php\/category\/ouvertures\/strasbourg\/\">Strasbourg<\/a> <\/span> <span class=\"meta-comment-count\"> | <a href=\"https:\/\/lecasierfrancais.fr\/index.php\/2026\/07\/15\/ouverture-ferme-urban-un-distributeur-automatique-de-produits-locaux-pres-de-strasbourg-67\/#respond\">\n\t\t\t\t\t\t\t\tSans Commentaire<\/a> <\/span>\n\t\t\t\t\t\t\t<\/div><!--\/post-header-->\n\t\t\t\t\t\t\t\n\t\t\t\t\t\t\t<div class=\"excerpt\">\u00c0 Schwindratsheim, pr\u00e8s de Strasbourg, la Ferme Urban franchit une nouvelle \u00e9tape dans la valorisation\u2026<\/div>\t\t\t\t\t\n\t\t\t\t<\/div><!--\/col-->\n\t\t\t\t\n\t\t\t\t\t\t\n\t\t\t<\/div><!--\/blog-recent-->\n\t\t\n\t\t<div class=\"divider-wrap\"><div style=\"height: 50px;\" class=\"divider\"><\/div><\/div>[vc_custom_heading text=\u00a0\u00bbIls ont aussi un casier connect\u00e9 pr\u00e8s de Reims&#8230;\u00a0\u00bb use_theme_fonts=\u00a0\u00bbyes\u00a0\u00bb]<div class=\"divider-wrap\"><div style=\"height: 30px;\" class=\"divider\"><\/div><\/div>\t\t\t<div class=\"row blog-recent columns-3\" data-style=\"default\" data-color-scheme=\"light\">\n\t\t\t\t\n\t\t\t\t\n\t\t\t\t<div class=\"col span_4 post-23856 post type-post status-publish format-standard has-post-thumbnail category-ouvertures category-produits-locaux category-reims tag-auberge-de-saint-fergeux tag-casier-connecte tag-casiers-automatiques-alimentaires tag-charcuterie tag-circuit-court tag-distributeur-automatique tag-epernay tag-fromage tag-fruits-et-legumes tag-le-casier-francais tag-libre-service tag-marne tag-plats-cuisines tag-produits-locaux tag-restaurant tag-tourisme tag-traiteur tag-viande\" >\n\t\t\t\t\t\n\t\t\t\t\t<a href=\"https:\/\/lecasierfrancais.fr\/index.php\/2026\/09\/02\/auberge-de-saint-fergeux-158-casiers-automatiques-alimentaires-en-libre-service-pres-de-reims\/\"><img decoding=\"async\" width=\"600\" height=\"403\" src=\"https:\/\/lecasierfrancais.fr\/wp-content\/uploads\/2026\/08\/accueil-auberge-saint-fergeux-gionges-600x403.jpg\" class=\"attachment-portfolio-thumb size-portfolio-thumb wp-post-image\" alt=\"Auberge de Saint Fergeux\" title=\"\" srcset=\"https:\/\/lecasierfrancais.fr\/wp-content\/uploads\/2026\/08\/accueil-auberge-saint-fergeux-gionges-600x403.jpg 600w, https:\/\/lecasierfrancais.fr\/wp-content\/uploads\/2026\/08\/accueil-auberge-saint-fergeux-gionges-400x269.jpg 400w, https:\/\/lecasierfrancais.fr\/wp-content\/uploads\/2026\/08\/accueil-auberge-saint-fergeux-gionges-200x133.jpg 200w\" sizes=\"(max-width: 600px) 100vw, 600px\" \/><\/a>\n\t\t\t\t\t\t\t<div class=\"post-header\">\n\t\t\t\t\t\t\t\t<h3 class=\"title\"><a href=\"https:\/\/lecasierfrancais.fr\/index.php\/2026\/09\/02\/auberge-de-saint-fergeux-158-casiers-automatiques-alimentaires-en-libre-service-pres-de-reims\/\">Auberge de Saint-Fergeux : 158 casiers automatiques alimentaires en libre-service pr\u00e8s de Reims<\/a><\/h3>\t\n\t\t\t\t\t\t\t\t<span class=\"meta-author\"><a href=\"https:\/\/lecasierfrancais.fr\/index.php\/author\/le-casier-francais\/\" title=\"Articles par Le Casier Francais\" rel=\"author\">Le Casier Francais<\/a> <\/span> <span class=\"meta-category\"> | <a href=\"https:\/\/lecasierfrancais.fr\/index.php\/category\/ouvertures\/\">Ouvertures<\/a>, <a href=\"https:\/\/lecasierfrancais.fr\/index.php\/category\/ouvertures\/produits-locaux\/\">Produits locaux<\/a>, <a href=\"https:\/\/lecasierfrancais.fr\/index.php\/category\/ouvertures\/reims\/\">Reims<\/a> <\/span> <span class=\"meta-comment-count\"> | <a href=\"https:\/\/lecasierfrancais.fr\/index.php\/2026\/09\/02\/auberge-de-saint-fergeux-158-casiers-automatiques-alimentaires-en-libre-service-pres-de-reims\/#respond\">\n\t\t\t\t\t\t\t\tSans Commentaire<\/a> <\/span>\n\t\t\t\t\t\t\t<\/div><!--\/post-header-->\n\t\t\t\t\t\t\t\n\t\t\t\t\t\t\t<div class=\"excerpt\">L\u2019Auberge de Saint-Fergeux, situ\u00e9e \u00e0 Blancs-Coteaux (Gionges) pr\u00e8s d\u2019\u00c9pernay, franchit un nouveau cap dans la\u2026<\/div>\t\t\t\t\t\n\t\t\t\t<\/div><!--\/col-->\n\t\t\t\t\n\t\t\t\t\n\t\t\t\t<div class=\"col span_4 post-8258 post type-post status-publish format-standard has-post-thumbnail category-boucherie-charcuterie-traiteur category-ouvertures category-reims tag-automatique tag-casier tag-casiers tag-circuitcourt tag-court tag-distributeur tag-distributeurautomatique tag-francais tag-lcf tag-lecasierfrancais\" >\n\t\t\t\t\t\n\t\t\t\t\t<a href=\"https:\/\/lecasierfrancais.fr\/index.php\/2020\/09\/09\/ouverture-de-la-ferme-du-tirage\/\"><img decoding=\"async\" width=\"600\" height=\"403\" src=\"https:\/\/lecasierfrancais.fr\/wp-content\/uploads\/2020\/09\/119095040_369385841117419_7495034810939140702_o-600x403.jpg\" class=\"attachment-portfolio-thumb size-portfolio-thumb wp-post-image\" alt=\"\" title=\"\" srcset=\"https:\/\/lecasierfrancais.fr\/wp-content\/uploads\/2020\/09\/119095040_369385841117419_7495034810939140702_o-600x403.jpg 600w, https:\/\/lecasierfrancais.fr\/wp-content\/uploads\/2020\/09\/119095040_369385841117419_7495034810939140702_o-400x269.jpg 400w\" sizes=\"(max-width: 600px) 100vw, 600px\" \/><\/a>\n\t\t\t\t\t\t\t<div class=\"post-header\">\n\t\t\t\t\t\t\t\t<h3 class=\"title\"><a href=\"https:\/\/lecasierfrancais.fr\/index.php\/2020\/09\/09\/ouverture-de-la-ferme-du-tirage\/\">Ouverture de La Ferme du Tirage<\/a><\/h3>\t\n\t\t\t\t\t\t\t\t<span class=\"meta-author\"><a href=\"https:\/\/lecasierfrancais.fr\/index.php\/author\/le-casier-francais\/\" title=\"Articles par Le Casier Francais\" rel=\"author\">Le Casier Francais<\/a> <\/span> <span class=\"meta-category\"> | <a href=\"https:\/\/lecasierfrancais.fr\/index.php\/category\/ouvertures\/boucherie-charcuterie-traiteur\/\">Boucherie Charcuterie Traiteur<\/a>, <a href=\"https:\/\/lecasierfrancais.fr\/index.php\/category\/ouvertures\/\">Ouvertures<\/a>, <a href=\"https:\/\/lecasierfrancais.fr\/index.php\/category\/ouvertures\/reims\/\">Reims<\/a> <\/span> <span class=\"meta-comment-count\"> | <a href=\"https:\/\/lecasierfrancais.fr\/index.php\/2020\/09\/09\/ouverture-de-la-ferme-du-tirage\/#respond\">\n\t\t\t\t\t\t\t\tSans Commentaire<\/a> <\/span>\n\t\t\t\t\t\t\t<\/div><!--\/post-header-->\n\t\t\t\t\t\t\t\n\t\t\t\t\t\t\t<div class=\"excerpt\">\ud83d\udce3\u00a0La Ferme du Tirage\u00a0vous pr\u00e9sente son nouveau distributeur automatique Le Casier Fran\u00e7ais ! \u00c0 la\u2026<\/div>\t\t\t\t\t\n\t\t\t\t<\/div><!--\/col-->\n\t\t\t\t\n\t\t\t\t\t\t\n\t\t\t<\/div><!--\/blog-recent-->\n\t\t\n\t\t[\/vc_column][\/vc_row]\n","protected":false},"excerpt":{"rendered":"<p>[vc_row type=\u00a0\u00bbin_container\u00a0\u00bb full_screen_row_position=\u00a0\u00bbmiddle\u00a0\u00bb scene_position=\u00a0\u00bbcenter\u00a0\u00bb text_color=\u00a0\u00bbdark\u00a0\u00bb text_align=\u00a0\u00bbleft\u00a0\u00bb overlay_strength=\u00a0\u00bb0.3&Prime; shape_divider_position=\u00a0\u00bbbottom\u00a0\u00bb][vc_column column_padding=\u00a0\u00bbno-extra-padding\u00a0\u00bb column_padding_position=\u00a0\u00bball\u00a0\u00bb background_color_opacity=\u00a0\u00bb1&Prime; background_hover_color_opacity=\u00a0\u00bb1&Prime; column_shadow=\u00a0\u00bbnone\u00a0\u00bb column_border_radius=\u00a0\u00bbnone\u00a0\u00bb width=\u00a0\u00bb1\/1&Prime;&#8230;<\/p>\n","protected":false},"author":8,"featured_media":23857,"comment_status":"open","ping_status":"open","sticky":false,"template":"","format":"standard","meta":{"footnotes":""},"categories":[381,907,940],"tags":[1001,594,1004,745,417,418,1003,781,614,421,567,1002,603,502,483,607,445,869],"class_list":{"0":"post-23856","1":"post","2":"type-post","3":"status-publish","4":"format-standard","5":"has-post-thumbnail","7":"category-ouvertures","8":"category-produits-locaux","9":"category-reims","10":"tag-auberge-de-saint-fergeux","11":"tag-casier-connecte","12":"tag-casiers-automatiques-alimentaires","13":"tag-charcuterie","14":"tag-circuit-court","15":"tag-distributeur-automatique","16":"tag-epernay","17":"tag-fromage","18":"tag-fruits-et-legumes","19":"tag-le-casier-francais","20":"tag-libre-service","21":"tag-marne","22":"tag-plats-cuisines","23":"tag-produits-locaux","24":"tag-restaurant","25":"tag-tourisme","26":"tag-traiteur","27":"tag-viande"},"yoast_head":"<!-- This site is optimized with the Yoast SEO Premium plugin v26.6 (Yoast SEO v26.6) - https:\/\/yoast.com\/wordpress\/plugins\/seo\/ -->\n<title>Auberge de Saint-Fergeux : 158 casiers automatiques alimentaires en libre-service pr\u00e8s de Reims - Le Casier Fran\u00e7ais<\/title>\n<meta name=\"description\" content=\"Au sein de l&#039;Auberge de Saint Fergeux, des casiers automatiques pr\u00e8s de Reims distribuent de bons produits locaux.\" \/>\n<meta name=\"robots\" content=\"index, follow, max-snippet:-1, max-image-preview:large, max-video-preview:-1\" \/>\n<link rel=\"canonical\" href=\"https:\/\/lecasierfrancais.fr\/index.php\/2026\/09\/02\/auberge-de-saint-fergeux-158-casiers-automatiques-alimentaires-en-libre-service-pres-de-reims\/\" \/>\n<meta property=\"og:locale\" content=\"fr_FR\" \/>\n<meta property=\"og:type\" content=\"article\" \/>\n<meta property=\"og:title\" content=\"Auberge de Saint-Fergeux : 158 casiers automatiques alimentaires en libre-service pr\u00e8s de Reims\" \/>\n<meta property=\"og:description\" content=\"Au sein de l&#039;Auberge de Saint Fergeux, des casiers automatiques pr\u00e8s de Reims distribuent de bons produits locaux.\" \/>\n<meta property=\"og:url\" content=\"https:\/\/lecasierfrancais.fr\/index.php\/2026\/09\/02\/auberge-de-saint-fergeux-158-casiers-automatiques-alimentaires-en-libre-service-pres-de-reims\/\" \/>\n<meta property=\"og:site_name\" content=\"Le Casier Fran\u00e7ais\" \/>\n<meta property=\"article:publisher\" content=\"https:\/\/www.facebook.com\/lecasierfrancais\/\" \/>\n<meta property=\"article:published_time\" content=\"2026-09-02T07:00:09+00:00\" \/>\n<meta property=\"og:image\" content=\"https:\/\/lecasierfrancais.fr\/wp-content\/uploads\/2026\/08\/accueil-auberge-saint-fergeux-gionges-e1788179723540.jpg\" \/>\n\t<meta property=\"og:image:width\" content=\"500\" \/>\n\t<meta property=\"og:image:height\" content=\"333\" \/>\n\t<meta property=\"og:image:type\" content=\"image\/jpeg\" \/>\n<meta name=\"author\" content=\"Le Casier Francais\" \/>\n<meta name=\"twitter:card\" content=\"summary_large_image\" \/>\n<meta name=\"twitter:label1\" content=\"\u00c9crit par\" \/>\n\t<meta name=\"twitter:data1\" content=\"Le Casier Francais\" \/>\n\t<meta name=\"twitter:label2\" content=\"Dur\u00e9e de lecture estim\u00e9e\" \/>\n\t<meta name=\"twitter:data2\" content=\"5 minutes\" \/>\n<script type=\"application\/ld+json\" class=\"yoast-schema-graph\">{\"@context\":\"https:\/\/schema.org\",\"@graph\":[{\"@type\":\"WebPage\",\"@id\":\"https:\/\/lecasierfrancais.fr\/index.php\/2026\/09\/02\/auberge-de-saint-fergeux-158-casiers-automatiques-alimentaires-en-libre-service-pres-de-reims\/\",\"url\":\"https:\/\/lecasierfrancais.fr\/index.php\/2026\/09\/02\/auberge-de-saint-fergeux-158-casiers-automatiques-alimentaires-en-libre-service-pres-de-reims\/\",\"name\":\"Auberge de Saint-Fergeux : 158 casiers automatiques alimentaires en libre-service pr\u00e8s de Reims - Le Casier Fran\u00e7ais\",\"isPartOf\":{\"@id\":\"https:\/\/lecasierfrancais.fr\/#website\"},\"primaryImageOfPage\":{\"@id\":\"https:\/\/lecasierfrancais.fr\/index.php\/2026\/09\/02\/auberge-de-saint-fergeux-158-casiers-automatiques-alimentaires-en-libre-service-pres-de-reims\/#primaryimage\"},\"image\":{\"@id\":\"https:\/\/lecasierfrancais.fr\/index.php\/2026\/09\/02\/auberge-de-saint-fergeux-158-casiers-automatiques-alimentaires-en-libre-service-pres-de-reims\/#primaryimage\"},\"thumbnailUrl\":\"https:\/\/lecasierfrancais.fr\/wp-content\/uploads\/2026\/08\/accueil-auberge-saint-fergeux-gionges-e1788179723540.jpg\",\"datePublished\":\"2026-09-02T07:00:09+00:00\",\"author\":{\"@id\":\"https:\/\/lecasierfrancais.fr\/#\/schema\/person\/7ca32438b040d2a673afe220fe3c2fbd\"},\"description\":\"Au sein de l'Auberge de Saint Fergeux, des casiers automatiques pr\u00e8s de Reims distribuent de bons produits locaux.\",\"breadcrumb\":{\"@id\":\"https:\/\/lecasierfrancais.fr\/index.php\/2026\/09\/02\/auberge-de-saint-fergeux-158-casiers-automatiques-alimentaires-en-libre-service-pres-de-reims\/#breadcrumb\"},\"inLanguage\":\"fr-FR\",\"potentialAction\":[{\"@type\":\"ReadAction\",\"target\":[\"https:\/\/lecasierfrancais.fr\/index.php\/2026\/09\/02\/auberge-de-saint-fergeux-158-casiers-automatiques-alimentaires-en-libre-service-pres-de-reims\/\"]}]},{\"@type\":\"ImageObject\",\"inLanguage\":\"fr-FR\",\"@id\":\"https:\/\/lecasierfrancais.fr\/index.php\/2026\/09\/02\/auberge-de-saint-fergeux-158-casiers-automatiques-alimentaires-en-libre-service-pres-de-reims\/#primaryimage\",\"url\":\"https:\/\/lecasierfrancais.fr\/wp-content\/uploads\/2026\/08\/accueil-auberge-saint-fergeux-gionges-e1788179723540.jpg\",\"contentUrl\":\"https:\/\/lecasierfrancais.fr\/wp-content\/uploads\/2026\/08\/accueil-auberge-saint-fergeux-gionges-e1788179723540.jpg\",\"width\":500,\"height\":333,\"caption\":\"Auberge de Saint Fergeux\"},{\"@type\":\"BreadcrumbList\",\"@id\":\"https:\/\/lecasierfrancais.fr\/index.php\/2026\/09\/02\/auberge-de-saint-fergeux-158-casiers-automatiques-alimentaires-en-libre-service-pres-de-reims\/#breadcrumb\",\"itemListElement\":[{\"@type\":\"ListItem\",\"position\":1,\"name\":\"Accueil\",\"item\":\"https:\/\/lecasierfrancais.fr\/\"},{\"@type\":\"ListItem\",\"position\":2,\"name\":\"Auberge de Saint-Fergeux : 158 casiers automatiques alimentaires en libre-service pr\u00e8s de Reims\"}]},{\"@type\":\"WebSite\",\"@id\":\"https:\/\/lecasierfrancais.fr\/#website\",\"url\":\"https:\/\/lecasierfrancais.fr\/\",\"name\":\"Le Casier Fran\u00e7ais\",\"description\":\"Fabricant de casiers connect\u00e9s pour la vente directe de vos produits\",\"potentialAction\":[{\"@type\":\"SearchAction\",\"target\":{\"@type\":\"EntryPoint\",\"urlTemplate\":\"https:\/\/lecasierfrancais.fr\/?s={search_term_string}\"},\"query-input\":{\"@type\":\"PropertyValueSpecification\",\"valueRequired\":true,\"valueName\":\"search_term_string\"}}],\"inLanguage\":\"fr-FR\"},{\"@type\":\"Person\",\"@id\":\"https:\/\/lecasierfrancais.fr\/#\/schema\/person\/7ca32438b040d2a673afe220fe3c2fbd\",\"name\":\"Le Casier Francais\",\"image\":{\"@type\":\"ImageObject\",\"inLanguage\":\"fr-FR\",\"@id\":\"https:\/\/lecasierfrancais.fr\/#\/schema\/person\/image\/\",\"url\":\"https:\/\/secure.gravatar.com\/avatar\/f29776dfd97a4c78aee2ab31cb63a0f4097b8cc071a068daac2d914eb26fbbd4?s=96&d=mm&r=g\",\"contentUrl\":\"https:\/\/secure.gravatar.com\/avatar\/f29776dfd97a4c78aee2ab31cb63a0f4097b8cc071a068daac2d914eb26fbbd4?s=96&d=mm&r=g\",\"caption\":\"Le Casier Francais\"},\"url\":\"https:\/\/lecasierfrancais.fr\/index.php\/author\/le-casier-francais\/\"}]}<\/script>\n<!-- \/ Yoast SEO Premium plugin. -->","yoast_head_json":{"title":"Auberge de Saint-Fergeux : 158 casiers automatiques alimentaires en libre-service pr\u00e8s de Reims - Le Casier Fran\u00e7ais","description":"Au sein de l'Auberge de Saint Fergeux, des casiers automatiques pr\u00e8s de Reims distribuent de bons produits locaux.","robots":{"index":"index","follow":"follow","max-snippet":"max-snippet:-1","max-image-preview":"max-image-preview:large","max-video-preview":"max-video-preview:-1"},"canonical":"https:\/\/lecasierfrancais.fr\/index.php\/2026\/09\/02\/auberge-de-saint-fergeux-158-casiers-automatiques-alimentaires-en-libre-service-pres-de-reims\/","og_locale":"fr_FR","og_type":"article","og_title":"Auberge de Saint-Fergeux : 158 casiers automatiques alimentaires en libre-service pr\u00e8s de Reims","og_description":"Au sein de l'Auberge de Saint Fergeux, des casiers automatiques pr\u00e8s de Reims distribuent de bons produits locaux.","og_url":"https:\/\/lecasierfrancais.fr\/index.php\/2026\/09\/02\/auberge-de-saint-fergeux-158-casiers-automatiques-alimentaires-en-libre-service-pres-de-reims\/","og_site_name":"Le Casier Fran\u00e7ais","article_publisher":"https:\/\/www.facebook.com\/lecasierfrancais\/","article_published_time":"2026-09-02T07:00:09+00:00","og_image":[{"width":500,"height":333,"url":"https:\/\/lecasierfrancais.fr\/wp-content\/uploads\/2026\/08\/accueil-auberge-saint-fergeux-gionges-e1788179723540.jpg","type":"image\/jpeg"}],"author":"Le Casier Francais","twitter_card":"summary_large_image","twitter_misc":{"\u00c9crit par":"Le Casier Francais","Dur\u00e9e de lecture estim\u00e9e":"5 minutes"},"schema":{"@context":"https:\/\/schema.org","@graph":[{"@type":"WebPage","@id":"https:\/\/lecasierfrancais.fr\/index.php\/2026\/09\/02\/auberge-de-saint-fergeux-158-casiers-automatiques-alimentaires-en-libre-service-pres-de-reims\/","url":"https:\/\/lecasierfrancais.fr\/index.php\/2026\/09\/02\/auberge-de-saint-fergeux-158-casiers-automatiques-alimentaires-en-libre-service-pres-de-reims\/","name":"Auberge de Saint-Fergeux : 158 casiers automatiques alimentaires en libre-service pr\u00e8s de Reims - Le Casier Fran\u00e7ais","isPartOf":{"@id":"https:\/\/lecasierfrancais.fr\/#website"},"primaryImageOfPage":{"@id":"https:\/\/lecasierfrancais.fr\/index.php\/2026\/09\/02\/auberge-de-saint-fergeux-158-casiers-automatiques-alimentaires-en-libre-service-pres-de-reims\/#primaryimage"},"image":{"@id":"https:\/\/lecasierfrancais.fr\/index.php\/2026\/09\/02\/auberge-de-saint-fergeux-158-casiers-automatiques-alimentaires-en-libre-service-pres-de-reims\/#primaryimage"},"thumbnailUrl":"https:\/\/lecasierfrancais.fr\/wp-content\/uploads\/2026\/08\/accueil-auberge-saint-fergeux-gionges-e1788179723540.jpg","datePublished":"2026-09-02T07:00:09+00:00","author":{"@id":"https:\/\/lecasierfrancais.fr\/#\/schema\/person\/7ca32438b040d2a673afe220fe3c2fbd"},"description":"Au sein de l'Auberge de Saint Fergeux, des casiers automatiques pr\u00e8s de Reims distribuent de bons produits locaux.","breadcrumb":{"@id":"https:\/\/lecasierfrancais.fr\/index.php\/2026\/09\/02\/auberge-de-saint-fergeux-158-casiers-automatiques-alimentaires-en-libre-service-pres-de-reims\/#breadcrumb"},"inLanguage":"fr-FR","potentialAction":[{"@type":"ReadAction","target":["https:\/\/lecasierfrancais.fr\/index.php\/2026\/09\/02\/auberge-de-saint-fergeux-158-casiers-automatiques-alimentaires-en-libre-service-pres-de-reims\/"]}]},{"@type":"ImageObject","inLanguage":"fr-FR","@id":"https:\/\/lecasierfrancais.fr\/index.php\/2026\/09\/02\/auberge-de-saint-fergeux-158-casiers-automatiques-alimentaires-en-libre-service-pres-de-reims\/#primaryimage","url":"https:\/\/lecasierfrancais.fr\/wp-content\/uploads\/2026\/08\/accueil-auberge-saint-fergeux-gionges-e1788179723540.jpg","contentUrl":"https:\/\/lecasierfrancais.fr\/wp-content\/uploads\/2026\/08\/accueil-auberge-saint-fergeux-gionges-e1788179723540.jpg","width":500,"height":333,"caption":"Auberge de Saint Fergeux"},{"@type":"BreadcrumbList","@id":"https:\/\/lecasierfrancais.fr\/index.php\/2026\/09\/02\/auberge-de-saint-fergeux-158-casiers-automatiques-alimentaires-en-libre-service-pres-de-reims\/#breadcrumb","itemListElement":[{"@type":"ListItem","position":1,"name":"Accueil","item":"https:\/\/lecasierfrancais.fr\/"},{"@type":"ListItem","position":2,"name":"Auberge de Saint-Fergeux : 158 casiers automatiques alimentaires en libre-service pr\u00e8s de Reims"}]},{"@type":"WebSite","@id":"https:\/\/lecasierfrancais.fr\/#website","url":"https:\/\/lecasierfrancais.fr\/","name":"Le Casier Fran\u00e7ais","description":"Fabricant de casiers connect\u00e9s pour la vente directe de vos produits","potentialAction":[{"@type":"SearchAction","target":{"@type":"EntryPoint","urlTemplate":"https:\/\/lecasierfrancais.fr\/?s={search_term_string}"},"query-input":{"@type":"PropertyValueSpecification","valueRequired":true,"valueName":"search_term_string"}}],"inLanguage":"fr-FR"},{"@type":"Person","@id":"https:\/\/lecasierfrancais.fr\/#\/schema\/person\/7ca32438b040d2a673afe220fe3c2fbd","name":"Le Casier Francais","image":{"@type":"ImageObject","inLanguage":"fr-FR","@id":"https:\/\/lecasierfrancais.fr\/#\/schema\/person\/image\/","url":"https:\/\/secure.gravatar.com\/avatar\/f29776dfd97a4c78aee2ab31cb63a0f4097b8cc071a068daac2d914eb26fbbd4?s=96&d=mm&r=g","contentUrl":"https:\/\/secure.gravatar.com\/avatar\/f29776dfd97a4c78aee2ab31cb63a0f4097b8cc071a068daac2d914eb26fbbd4?s=96&d=mm&r=g","caption":"Le Casier Francais"},"url":"https:\/\/lecasierfrancais.fr\/index.php\/author\/le-casier-francais\/"}]}},"_links":{"self":[{"href":"https:\/\/lecasierfrancais.fr\/index.php\/wp-json\/wp\/v2\/posts\/23856","targetHints":{"allow":["GET"]}}],"collection":[{"href":"https:\/\/lecasierfrancais.fr\/index.php\/wp-json\/wp\/v2\/posts"}],"about":[{"href":"https:\/\/lecasierfrancais.fr\/index.php\/wp-json\/wp\/v2\/types\/post"}],"author":[{"embeddable":true,"href":"https:\/\/lecasierfrancais.fr\/index.php\/wp-json\/wp\/v2\/users\/8"}],"replies":[{"embeddable":true,"href":"https:\/\/lecasierfrancais.fr\/index.php\/wp-json\/wp\/v2\/comments?post=23856"}],"version-history":[{"count":2,"href":"https:\/\/lecasierfrancais.fr\/index.php\/wp-json\/wp\/v2\/posts\/23856\/revisions"}],"predecessor-version":[{"id":23862,"href":"https:\/\/lecasierfrancais.fr\/index.php\/wp-json\/wp\/v2\/posts\/23856\/revisions\/23862"}],"wp:featuredmedia":[{"embeddable":true,"href":"https:\/\/lecasierfrancais.fr\/index.php\/wp-json\/wp\/v2\/media\/23857"}],"wp:attachment":[{"href":"https:\/\/lecasierfrancais.fr\/index.php\/wp-json\/wp\/v2\/media?parent=23856"}],"wp:term":[{"taxonomy":"category","embeddable":true,"href":"https:\/\/lecasierfrancais.fr\/index.php\/wp-json\/wp\/v2\/categories?post=23856"},{"taxonomy":"post_tag","embeddable":true,"href":"https:\/\/lecasierfrancais.fr\/index.php\/wp-json\/wp\/v2\/tags?post=23856"}],"curies":[{"name":"wp","href":"https:\/\/api.w.org\/{rel}","templated":true}]}}