{"id":23863,"date":"2026-09-04T09:00:17","date_gmt":"2026-09-04T07:00:17","guid":{"rendered":"https:\/\/lecasierfrancais.fr\/?p=23863"},"modified":"2026-08-31T17:15:07","modified_gmt":"2026-08-31T15:15:07","slug":"le-peuple-des-chevres-installe-son-distributeur-automatique-de-fromages-pres-de-tarbes","status":"publish","type":"post","link":"https:\/\/lecasierfrancais.fr\/index.php\/2026\/09\/04\/le-peuple-des-chevres-installe-son-distributeur-automatique-de-fromages-pres-de-tarbes\/","title":{"rendered":"Le Peuple des Ch\u00e8vres installe son distributeur automatique de fromages pr\u00e8s de Tarbes"},"content":{"rendered":"[vc_row type=\u00a0\u00bbin_container\u00a0\u00bb full_screen_row_position=\u00a0\u00bbmiddle\u00a0\u00bb scene_position=\u00a0\u00bbcenter\u00a0\u00bb text_color=\u00a0\u00bbdark\u00a0\u00bb text_align=\u00a0\u00bbleft\u00a0\u00bb overlay_strength=\u00a0\u00bb0.3&Prime; shape_divider_position=\u00a0\u00bbbottom\u00a0\u00bb][vc_column column_padding=\u00a0\u00bbno-extra-padding\u00a0\u00bb column_padding_position=\u00a0\u00bball\u00a0\u00bb background_color_opacity=\u00a0\u00bb1&Prime; background_hover_color_opacity=\u00a0\u00bb1&Prime; column_shadow=\u00a0\u00bbnone\u00a0\u00bb column_border_radius=\u00a0\u00bbnone\u00a0\u00bb width=\u00a0\u00bb1\/1&Prime; tablet_text_alignment=\u00a0\u00bbdefault\u00a0\u00bb phone_text_alignment=\u00a0\u00bbdefault\u00a0\u00bb column_border_width=\u00a0\u00bbnone\u00a0\u00bb column_border_style=\u00a0\u00bbsolid\u00a0\u00bb][vc_column_text]<em>Les amateurs de terroir pyr\u00e9n\u00e9en peuvent d\u00e9sormais acheter leurs fromages de ch\u00e8vre en libre-service et \u00e0 toute heure.\u00a0 \u00c0 Uglas, \u00e0 proximit\u00e9 imm\u00e9diate de Tarbes dans les Hautes-Pyr\u00e9n\u00e9es (65), l\u2019exploitation Le Peuple des Ch\u00e8vres s\u2019\u00e9quipe d\u2019un distributeur automatique sign\u00e9 Le Casier Fran\u00e7ais afin d&rsquo;\u00e9tendre la vente directe sans contrainte d&rsquo;horaires .<\/em>[\/vc_column_text][\/vc_column][\/vc_row][vc_row type=\u00a0\u00bbin_container\u00a0\u00bb full_screen_row_position=\u00a0\u00bbmiddle\u00a0\u00bb scene_position=\u00a0\u00bbcenter\u00a0\u00bb text_color=\u00a0\u00bbdark\u00a0\u00bb text_align=\u00a0\u00bbleft\u00a0\u00bb overlay_strength=\u00a0\u00bb0.3&Prime; shape_divider_position=\u00a0\u00bbbottom\u00a0\u00bb][vc_column column_padding=\u00a0\u00bbno-extra-padding\u00a0\u00bb column_padding_position=\u00a0\u00bball\u00a0\u00bb background_color_opacity=\u00a0\u00bb1&Prime; background_hover_color_opacity=\u00a0\u00bb1&Prime; column_shadow=\u00a0\u00bbnone\u00a0\u00bb column_border_radius=\u00a0\u00bbnone\u00a0\u00bb width=\u00a0\u00bb1\/1&Prime; tablet_text_alignment=\u00a0\u00bbdefault\u00a0\u00bb phone_text_alignment=\u00a0\u00bbdefault\u00a0\u00bb column_border_width=\u00a0\u00bbnone\u00a0\u00bb column_border_style=\u00a0\u00bbsolid\u00a0\u00bb]<div class=\"img-with-aniamtion-wrap center\" data-max-width=\"100%\" data-border-radius=\"none\"><div class=\"inner\"><a href=\"https:\/\/lecasierfrancais.fr\/wp-content\/uploads\/2026\/08\/Capture-decran-2026-08-31-164658-e1788188094957.jpg\" class=\"pp center\"><img decoding=\"async\" data-shadow=\"none\" data-shadow-direction=\"middle\" class=\"img-with-animation \" data-delay=\"0\" height=\"365\" width=\"500\" data-animation=\"none\" src=\"https:\/\/lecasierfrancais.fr\/wp-content\/uploads\/2026\/08\/Capture-decran-2026-08-31-164658-e1788188094957.jpg\"  alt=\"Panneau en bord de route indiquant la ch\u00e8vrerie Le peuple des Ch\u00e8vres\" \/><\/a><\/div><\/div>[\/vc_column][\/vc_row][vc_row type=\u00a0\u00bbin_container\u00a0\u00bb full_screen_row_position=\u00a0\u00bbmiddle\u00a0\u00bb scene_position=\u00a0\u00bbcenter\u00a0\u00bb text_color=\u00a0\u00bbdark\u00a0\u00bb text_align=\u00a0\u00bbleft\u00a0\u00bb overlay_strength=\u00a0\u00bb0.3&Prime; shape_divider_position=\u00a0\u00bbbottom\u00a0\u00bb][vc_column column_padding=\u00a0\u00bbno-extra-padding\u00a0\u00bb column_padding_position=\u00a0\u00bball\u00a0\u00bb background_color_opacity=\u00a0\u00bb1&Prime; background_hover_color_opacity=\u00a0\u00bb1&Prime; column_shadow=\u00a0\u00bbnone\u00a0\u00bb column_border_radius=\u00a0\u00bbnone\u00a0\u00bb width=\u00a0\u00bb1\/1&Prime; tablet_text_alignment=\u00a0\u00bbdefault\u00a0\u00bb phone_text_alignment=\u00a0\u00bbdefault\u00a0\u00bb column_border_width=\u00a0\u00bbnone\u00a0\u00bb column_border_style=\u00a0\u00bbsolid\u00a0\u00bb][vc_custom_heading text=\u00a0\u00bbDu fromage de ch\u00e8vre artisanal \u00e0 Tarbes disponible 24h\/24 et 7j\/7&Prime; use_theme_fonts=\u00a0\u00bbyes\u00a0\u00bb][vc_column_text]Marl\u00e8ne et Alix, \u00e9leveurs et producteurs passionn\u00e9s \u00e0 la t\u00eate de la ch\u00e8vrerie <a href=\"https:\/\/www.tourisme-hautes-pyrenees.com\/offres\/le-peuple-des-chevres-uglas-fr-4639689\/\" target=\"_blank\" rel=\"noopener\">Le Peuple des Ch\u00e8vres<\/a>, ont fait le choix de <strong>moderniser leur point de vente<\/strong> en installant une <a href=\"https:\/\/lecasierfrancais.fr\/index.php\/2026\/03\/02\/casier-connecte-pour-fromager-developper-ses-ventes-de-fromage-en-libre-service-24h-24\/\" target=\"_blank\" rel=\"noopener\">solution de distribution automatique<\/a> directement devant leur exploitation .<\/p>\n<p>Gr\u00e2ce \u00e0 cette installation accessible 24\/7, les consommateurs profitent d\u2019une <strong>fra\u00eecheur absolue en circuit court<\/strong>, m\u00eame lorsque la boutique de la ferme est ferm\u00e9e . Leur promesse r\u00e9sume \u00e0 elle seule cette nouvelle flexibilit\u00e9 : <em>\u00ab du fromage \u00e0 toute heure et m\u00eame \u00e0 pas d\u2019heure \u00bb<\/em>.<\/p>\n<p>Les produits disponibles dans le distributeur automatique sont 100% fabriqu\u00e9s sur place :<\/p>\n<ul>\n<li>Crottins affin\u00e9s et buches de ch\u00e8vre artisanales.<\/li>\n<li>Faisselles et fromages blancs onctueux.<\/li>\n<li>Tartinades fromag\u00e8res pour l&rsquo;ap\u00e9ritif.<\/li>\n<li>Box multi-fromages id\u00e9ales pour composer un plateau complet.<\/li>\n<\/ul>\n[\/vc_column_text][\/vc_column][\/vc_row][vc_row type=\u00a0\u00bbin_container\u00a0\u00bb full_screen_row_position=\u00a0\u00bbmiddle\u00a0\u00bb scene_position=\u00a0\u00bbcenter\u00a0\u00bb text_color=\u00a0\u00bbdark\u00a0\u00bb text_align=\u00a0\u00bbleft\u00a0\u00bb overlay_strength=\u00a0\u00bb0.3&Prime; shape_divider_position=\u00a0\u00bbbottom\u00a0\u00bb][vc_column column_padding=\u00a0\u00bbno-extra-padding\u00a0\u00bb column_padding_position=\u00a0\u00bball\u00a0\u00bb background_color_opacity=\u00a0\u00bb1&Prime; background_hover_color_opacity=\u00a0\u00bb1&Prime; column_shadow=\u00a0\u00bbnone\u00a0\u00bb column_border_radius=\u00a0\u00bbnone\u00a0\u00bb width=\u00a0\u00bb1\/1&Prime; tablet_text_alignment=\u00a0\u00bbdefault\u00a0\u00bb phone_text_alignment=\u00a0\u00bbdefault\u00a0\u00bb column_border_width=\u00a0\u00bbnone\u00a0\u00bb column_border_style=\u00a0\u00bbsolid\u00a0\u00bb]<div class=\"img-with-aniamtion-wrap center\" data-max-width=\"100%\" data-border-radius=\"none\"><div class=\"inner\"><a href=\"https:\/\/lecasierfrancais.fr\/wp-content\/uploads\/2026\/08\/Capture-decran-2026-08-31-164650-e1788188311404.jpg\" class=\"pp center\"><img decoding=\"async\" data-shadow=\"none\" data-shadow-direction=\"middle\" class=\"img-with-animation \" data-delay=\"0\" height=\"422\" width=\"500\" data-animation=\"none\" src=\"https:\/\/lecasierfrancais.fr\/wp-content\/uploads\/2026\/08\/Capture-decran-2026-08-31-164650-e1788188311404.jpg\"  alt=\"Installation de casiers pour fromages en libre-service\" \/><\/a><\/div><\/div>[\/vc_column][\/vc_row][vc_row type=\u00a0\u00bbin_container\u00a0\u00bb full_screen_row_position=\u00a0\u00bbmiddle\u00a0\u00bb scene_position=\u00a0\u00bbcenter\u00a0\u00bb text_color=\u00a0\u00bbdark\u00a0\u00bb text_align=\u00a0\u00bbleft\u00a0\u00bb overlay_strength=\u00a0\u00bb0.3&Prime; shape_divider_position=\u00a0\u00bbbottom\u00a0\u00bb][vc_column column_padding=\u00a0\u00bbno-extra-padding\u00a0\u00bb column_padding_position=\u00a0\u00bball\u00a0\u00bb background_color_opacity=\u00a0\u00bb1&Prime; background_hover_color_opacity=\u00a0\u00bb1&Prime; column_shadow=\u00a0\u00bbnone\u00a0\u00bb column_border_radius=\u00a0\u00bbnone\u00a0\u00bb width=\u00a0\u00bb1\/1&Prime; tablet_text_alignment=\u00a0\u00bbdefault\u00a0\u00bb phone_text_alignment=\u00a0\u00bbdefault\u00a0\u00bb column_border_width=\u00a0\u00bbnone\u00a0\u00bb column_border_style=\u00a0\u00bbsolid\u00a0\u00bb][vc_custom_heading text=\u00a0\u00bb42 casiers r\u00e9frig\u00e9r\u00e9s gr\u00e2ce \u00e0 la double vente Le Casier Fran\u00e7ais\u00a0\u00bb use_theme_fonts=\u00a0\u00bbyes\u00a0\u00bb][vc_column_text]Pour r\u00e9pondre \u00e0 une demande croissante de leurs clients, les <a href=\"https:\/\/www.tourisme-occitanie.com\/fr\/fiche\/degustation\/le-peuple-des-chevres-uglas_TFODEGMIP065V52FWJJ\/\" target=\"_blank\" rel=\"noopener\">\u00e9leveurs<\/a> ont s\u00e9lectionn\u00e9 une machine dot\u00e9e de <a href=\"https:\/\/lecasierfrancais.fr\/index.php\/innovations-double-vente\/\" target=\"_blank\" rel=\"noopener\"><strong>21 casiers \u00e0 double vente<\/strong><\/a>, offrant une capacit\u00e9 totale de <strong>42 casiers s\u00e9curis\u00e9s et r\u00e9frig\u00e9r\u00e9s<\/strong> .<\/p>\n<p>Ce syst\u00e8me intelligent permet de vendre 2 produits dans une m\u00eame cellule de vente pour<strong> optimiser la surface de vente et les temps de rechargement<\/strong> des casiers.\u00a0Les casiers r\u00e9frig\u00e9r\u00e9s maintiennent la cha\u00eene du froid en continu et garantissent une s\u00e9curit\u00e9 alimentaire optimale pour les produits laitiers frais .<\/p>\n<p>Pour l\u2019exploitant, l\u2019outil offre une <strong>gestion simplifi\u00e9e du r\u00e9assort<\/strong> et des stocks \u00e0 distance, tandis que les riverains et vacanciers b\u00e9n\u00e9ficient d\u2019un paiement simple et rapide par carte bancaire .[\/vc_column_text][\/vc_column][\/vc_row][vc_row type=\u00a0\u00bbin_container\u00a0\u00bb full_screen_row_position=\u00a0\u00bbmiddle\u00a0\u00bb scene_position=\u00a0\u00bbcenter\u00a0\u00bb text_color=\u00a0\u00bbdark\u00a0\u00bb text_align=\u00a0\u00bbleft\u00a0\u00bb overlay_strength=\u00a0\u00bb0.3&Prime; shape_divider_position=\u00a0\u00bbbottom\u00a0\u00bb][vc_column column_padding=\u00a0\u00bbno-extra-padding\u00a0\u00bb column_padding_position=\u00a0\u00bball\u00a0\u00bb background_color_opacity=\u00a0\u00bb1&Prime; background_hover_color_opacity=\u00a0\u00bb1&Prime; column_shadow=\u00a0\u00bbnone\u00a0\u00bb column_border_radius=\u00a0\u00bbnone\u00a0\u00bb width=\u00a0\u00bb1\/1&Prime; tablet_text_alignment=\u00a0\u00bbdefault\u00a0\u00bb phone_text_alignment=\u00a0\u00bbdefault\u00a0\u00bb column_border_width=\u00a0\u00bbnone\u00a0\u00bb column_border_style=\u00a0\u00bbsolid\u00a0\u00bb]<div class=\"divider-wrap\"><div style=\"height: 50px;\" class=\"divider\"><\/div><\/div>[vc_column_text]Nous souhaitons de belles ventes \u00e0 la ch\u00e8vrerie Le peuple des ch\u00e8vres et beaucoup de succ\u00e8s dans cette nouvelle aventure.[\/vc_column_text]<div class=\"divider-wrap\"><div style=\"height: 50px;\" class=\"divider\"><\/div><\/div>[vc_zigzag color=\u00a0\u00bbvista_blue\u00a0\u00bb][vc_column_text]\ud83d\udccc<strong>Le peuple des ch\u00e8vres,<\/strong> 37 route d&rsquo;Auch \u00e0 Uglas (65), ouvert 24h\/24 7j\/7[\/vc_column_text][\/vc_column][\/vc_row][vc_row type=\u00a0\u00bbin_container\u00a0\u00bb full_screen_row_position=\u00a0\u00bbmiddle\u00a0\u00bb scene_position=\u00a0\u00bbcenter\u00a0\u00bb text_color=\u00a0\u00bbdark\u00a0\u00bb text_align=\u00a0\u00bbleft\u00a0\u00bb overlay_strength=\u00a0\u00bb0.3&Prime; shape_divider_position=\u00a0\u00bbbottom\u00a0\u00bb][vc_column column_padding=\u00a0\u00bbno-extra-padding\u00a0\u00bb column_padding_position=\u00a0\u00bball\u00a0\u00bb background_color_opacity=\u00a0\u00bb1&Prime; background_hover_color_opacity=\u00a0\u00bb1&Prime; column_shadow=\u00a0\u00bbnone\u00a0\u00bb column_border_radius=\u00a0\u00bbnone\u00a0\u00bb width=\u00a0\u00bb1\/1&Prime; tablet_text_alignment=\u00a0\u00bbdefault\u00a0\u00bb phone_text_alignment=\u00a0\u00bbdefault\u00a0\u00bb column_border_width=\u00a0\u00bbnone\u00a0\u00bb column_border_style=\u00a0\u00bbsolid\u00a0\u00bb]<div class=\"divider-wrap\"><div style=\"height: 100px;\" class=\"divider\"><\/div><\/div>[vc_custom_heading text=\u00a0\u00bb\ud83d\udccdFAQ\u00a0\u00bb use_theme_fonts=\u00a0\u00bbyes\u00a0\u00bb]<div class=\"divider-wrap\"><div style=\"height: 30px;\" class=\"divider\"><\/div><\/div>[vc_custom_heading text=\u00a0\u00bb\ud83d\udd39Pourquoi installer un casier r\u00e9frig\u00e9r\u00e9 plut\u00f4t que d&rsquo;\u00e9tendre les horaires de boutique ?\u00a0\u00bb font_container=\u00a0\u00bbtag:h3|text_align:left\u00a0\u00bb use_theme_fonts=\u00a0\u00bbyes\u00a0\u00bb]<div class=\"divider-wrap\"><div style=\"height: 30px;\" class=\"divider\"><\/div><\/div>[vc_column_text]L&rsquo;installation d&rsquo;un distributeur automatique permet de capter des ventes compl\u00e9mentaires le soir, le dimanche et les jours f\u00e9ri\u00e9s sans mobiliser de personnel ni alourdir l&rsquo;astreinte quotidienne. Les producteurs pr\u00e9servent leur temps de travail tout en restant accessibles aux consommateurs modernes.[\/vc_column_text]<div class=\"divider-wrap\"><div style=\"height: 30px;\" class=\"divider\"><\/div><\/div>[vc_custom_heading text=\u00a0\u00bb\ud83d\udd39Comment fonctionne l&rsquo;option double vente sur un casier automatique ?\u00a0\u00bb font_container=\u00a0\u00bbtag:h3|text_align:left\u00a0\u00bb use_theme_fonts=\u00a0\u00bbyes\u00a0\u00bb]<div class=\"divider-wrap\"><div style=\"height: 30px;\" class=\"divider\"><\/div><\/div>[vc_column_text]La technologie double vente permet d&rsquo;associer deux compartiments ind\u00e9pendants au sein d&rsquo;une seule porte vitr\u00e9e ou d&rsquo;un m\u00eame casier. Cette configuration divise par deux l&rsquo;encombrement au sol de la machine tout en offrant deux fois plus de r\u00e9f\u00e9rences ou de stock. Plus de ventes en une seule machine, pour r\u00e9sum\u00e9 ![\/vc_column_text]<div class=\"divider-wrap\"><div style=\"height: 30px;\" class=\"divider\"><\/div><\/div>[vc_custom_heading text=\u00a0\u00bb\ud83d\udd39Le casier connect\u00e9 garantit-il la bonne conservation des fromages ?\u00a0\u00bb font_container=\u00a0\u00bbtag:h3|text_align:left\u00a0\u00bb use_theme_fonts=\u00a0\u00bbyes\u00a0\u00bb]<div class=\"divider-wrap\"><div style=\"height: 30px;\" class=\"divider\"><\/div><\/div>[vc_column_text]Les modules r\u00e9frig\u00e9r\u00e9s Le Casier Fran\u00e7ais int\u00e8grent un contr\u00f4le thermique permanent et des alertes automatiques en cas de variation de temp\u00e9rature. Les produits laitiers et fromages fermiers restent stock\u00e9s dans des conditions d&rsquo;hygi\u00e8ne rigoureuses conformes aux normes sanitaires.[\/vc_column_text][\/vc_column][\/vc_row][vc_row type=\u00a0\u00bbin_container\u00a0\u00bb full_screen_row_position=\u00a0\u00bbmiddle\u00a0\u00bb scene_position=\u00a0\u00bbcenter\u00a0\u00bb text_color=\u00a0\u00bbdark\u00a0\u00bb text_align=\u00a0\u00bbleft\u00a0\u00bb overlay_strength=\u00a0\u00bb0.3&Prime; shape_divider_position=\u00a0\u00bbbottom\u00a0\u00bb][vc_column column_padding=\u00a0\u00bbno-extra-padding\u00a0\u00bb column_padding_position=\u00a0\u00bball\u00a0\u00bb background_color_opacity=\u00a0\u00bb1&Prime; background_hover_color_opacity=\u00a0\u00bb1&Prime; column_shadow=\u00a0\u00bbnone\u00a0\u00bb column_border_radius=\u00a0\u00bbnone\u00a0\u00bb width=\u00a0\u00bb1\/1&Prime; tablet_text_alignment=\u00a0\u00bbdefault\u00a0\u00bb phone_text_alignment=\u00a0\u00bbdefault\u00a0\u00bb column_border_width=\u00a0\u00bbnone\u00a0\u00bb column_border_style=\u00a0\u00bbsolid\u00a0\u00bb]<div class=\"divider-wrap\"><div style=\"height: 100px;\" class=\"divider\"><\/div><\/div>[vc_custom_heading text=\u00a0\u00bbIls vendent aussi du fromage en libre-service&#8230;\u00a0\u00bb use_theme_fonts=\u00a0\u00bbyes\u00a0\u00bb]<div class=\"divider-wrap\"><div style=\"height: 30px;\" class=\"divider\"><\/div><\/div>\t\t\t<div class=\"row blog-recent columns-3\" data-style=\"default\" data-color-scheme=\"light\">\n\t\t\t\t\n\t\t\t\t\n\t\t\t\t<div class=\"col span_4 post-23863 post type-post status-publish format-standard has-post-thumbnail category-fromager category-ouvertures category-tarbes tag-casier-fromager tag-casier-fromages tag-chevrerie tag-circuit-court tag-distributeur-automatique-fromage tag-fromage-de-chevre tag-hautes-pyrenees tag-le-casier-francais tag-libre-service tag-occitanie tag-produits-locaux tag-tarbes tag-uglas\" >\n\t\t\t\t\t\n\t\t\t\t\t<a href=\"https:\/\/lecasierfrancais.fr\/index.php\/2026\/09\/04\/le-peuple-des-chevres-installe-son-distributeur-automatique-de-fromages-pres-de-tarbes\/\"><img decoding=\"async\" width=\"600\" height=\"403\" src=\"https:\/\/lecasierfrancais.fr\/wp-content\/uploads\/2026\/08\/Capture-decran-2026-08-31-164658-600x403.jpg\" class=\"attachment-portfolio-thumb size-portfolio-thumb wp-post-image\" alt=\"Panneau en bord de route indiquant la ch\u00e8vrerie Le peuple des Ch\u00e8vres\" title=\"\" srcset=\"https:\/\/lecasierfrancais.fr\/wp-content\/uploads\/2026\/08\/Capture-decran-2026-08-31-164658-600x403.jpg 600w, https:\/\/lecasierfrancais.fr\/wp-content\/uploads\/2026\/08\/Capture-decran-2026-08-31-164658-400x269.jpg 400w\" sizes=\"(max-width: 600px) 100vw, 600px\" \/><\/a>\n\t\t\t\t\t\t\t<div class=\"post-header\">\n\t\t\t\t\t\t\t\t<h3 class=\"title\"><a href=\"https:\/\/lecasierfrancais.fr\/index.php\/2026\/09\/04\/le-peuple-des-chevres-installe-son-distributeur-automatique-de-fromages-pres-de-tarbes\/\">Le Peuple des Ch\u00e8vres installe son distributeur automatique de fromages pr\u00e8s de Tarbes<\/a><\/h3>\t\n\t\t\t\t\t\t\t\t<span class=\"meta-author\"><a href=\"https:\/\/lecasierfrancais.fr\/index.php\/author\/le-casier-francais\/\" title=\"Articles par Le Casier Francais\" rel=\"author\">Le Casier Francais<\/a> <\/span> <span class=\"meta-category\"> | <a href=\"https:\/\/lecasierfrancais.fr\/index.php\/category\/ouvertures\/fromager\/\">Fromager<\/a>, <a href=\"https:\/\/lecasierfrancais.fr\/index.php\/category\/ouvertures\/\">Ouvertures<\/a>, <a href=\"https:\/\/lecasierfrancais.fr\/index.php\/category\/ouvertures\/tarbes\/\">Tarbes<\/a> <\/span> <span class=\"meta-comment-count\"> | <a href=\"https:\/\/lecasierfrancais.fr\/index.php\/2026\/09\/04\/le-peuple-des-chevres-installe-son-distributeur-automatique-de-fromages-pres-de-tarbes\/#respond\">\n\t\t\t\t\t\t\t\tSans Commentaire<\/a> <\/span>\n\t\t\t\t\t\t\t<\/div><!--\/post-header-->\n\t\t\t\t\t\t\t\n\t\t\t\t\t\t\t<div class=\"excerpt\">Les amateurs de terroir pyr\u00e9n\u00e9en peuvent d\u00e9sormais acheter leurs fromages de ch\u00e8vre en libre-service et\u2026<\/div>\t\t\t\t\t\n\t\t\t\t<\/div><!--\/col-->\n\t\t\t\t\n\t\t\t\t\n\t\t\t\t<div class=\"col span_4 post-22597 post type-post status-publish format-standard has-post-thumbnail category-boucherie-charcuterie-traiteur category-caen category-fromager category-ouvertures tag-casier-automatique tag-casier-connecte tag-casier-refrigere tag-distributeur-automatique-charcuterie tag-distributeur-automatique-fromage tag-distributeur-automatique-produits-locaux tag-la-cremerie-des-frangines tag-le-casier-francais tag-libre-service tag-produits-locaux\" >\n\t\t\t\t\t\n\t\t\t\t\t<a href=\"https:\/\/lecasierfrancais.fr\/index.php\/2026\/07\/08\/la-cremerie-des-frangines-ouvre-un-nouveau-distributeur-automatique-de-charcuterie-et-fromage-a-douvres-la-delivrande\/\"><img decoding=\"async\" width=\"600\" height=\"403\" src=\"https:\/\/lecasierfrancais.fr\/wp-content\/uploads\/2026\/06\/WhatsApp-Image-2026-05-07-at-07.52.27-1-600x403.jpeg\" class=\"attachment-portfolio-thumb size-portfolio-thumb wp-post-image\" alt=\"Un distributeur automatique sign\u00e9 Le Casier Fran\u00e7ais install\u00e9 pour la Cr\u00e8merie des Frangines\" title=\"\" srcset=\"https:\/\/lecasierfrancais.fr\/wp-content\/uploads\/2026\/06\/WhatsApp-Image-2026-05-07-at-07.52.27-1-600x403.jpeg 600w, https:\/\/lecasierfrancais.fr\/wp-content\/uploads\/2026\/06\/WhatsApp-Image-2026-05-07-at-07.52.27-1-400x269.jpeg 400w\" sizes=\"(max-width: 600px) 100vw, 600px\" \/><\/a>\n\t\t\t\t\t\t\t<div class=\"post-header\">\n\t\t\t\t\t\t\t\t<h3 class=\"title\"><a href=\"https:\/\/lecasierfrancais.fr\/index.php\/2026\/07\/08\/la-cremerie-des-frangines-ouvre-un-nouveau-distributeur-automatique-de-charcuterie-et-fromage-a-douvres-la-delivrande\/\">La Cr\u00e8merie des Frangines ouvre un nouveau distributeur automatique de charcuterie et fromage \u00e0 Caen<\/a><\/h3>\t\n\t\t\t\t\t\t\t\t<span class=\"meta-author\"><a href=\"https:\/\/lecasierfrancais.fr\/index.php\/author\/le-casier-francais\/\" title=\"Articles par Le Casier Francais\" rel=\"author\">Le Casier Francais<\/a> <\/span> <span class=\"meta-category\"> | <a href=\"https:\/\/lecasierfrancais.fr\/index.php\/category\/ouvertures\/boucherie-charcuterie-traiteur\/\">Boucherie Charcuterie Traiteur<\/a>, <a href=\"https:\/\/lecasierfrancais.fr\/index.php\/category\/ouvertures\/caen\/\">Caen<\/a>, <a href=\"https:\/\/lecasierfrancais.fr\/index.php\/category\/ouvertures\/fromager\/\">Fromager<\/a>, <a href=\"https:\/\/lecasierfrancais.fr\/index.php\/category\/ouvertures\/\">Ouvertures<\/a> <\/span> <span class=\"meta-comment-count\"> | <a href=\"https:\/\/lecasierfrancais.fr\/index.php\/2026\/07\/08\/la-cremerie-des-frangines-ouvre-un-nouveau-distributeur-automatique-de-charcuterie-et-fromage-a-douvres-la-delivrande\/#respond\">\n\t\t\t\t\t\t\t\tSans Commentaire<\/a> <\/span>\n\t\t\t\t\t\t\t<\/div><!--\/post-header-->\n\t\t\t\t\t\t\t\n\t\t\t\t\t\t\t<div class=\"excerpt\">La Cr\u00e8merie des Frangines poursuit son d\u00e9veloppement avec une nouvelle installation \u00e0 Douvres-la-D\u00e9livrande, pr\u00e8s de\u2026<\/div>\t\t\t\t\t\n\t\t\t\t<\/div><!--\/col-->\n\t\t\t\t\n\t\t\t\t\n\t\t\t\t<div class=\"col span_4 post-21384 post type-post status-publish format-standard has-post-thumbnail category-fromager category-ouvertures category-pau tag-casier-refrigere tag-circuit-court tag-distributeur-fromages tag-fromager tag-le-casier-francais tag-libre-service tag-vente-directe\" >\n\t\t\t\t\t\n\t\t\t\t\t<a href=\"https:\/\/lecasierfrancais.fr\/index.php\/2026\/05\/15\/installation-de-casiers-connectes-a-gurmencon-le-gaec-du-pas-daspe-developpe-la-vente-directe-de-fromages\/\"><img decoding=\"async\" width=\"600\" height=\"403\" src=\"https:\/\/lecasierfrancais.fr\/wp-content\/uploads\/2026\/05\/3-600x403.jpg\" class=\"attachment-portfolio-thumb size-portfolio-thumb wp-post-image\" alt=\"Distributeur automatique Le Casier Fran\u00e7ais en cours d&#039;installation dans les Pyr\u00e9n\u00e9es-Atlantiques\" title=\"\" srcset=\"https:\/\/lecasierfrancais.fr\/wp-content\/uploads\/2026\/05\/3-600x403.jpg 600w, https:\/\/lecasierfrancais.fr\/wp-content\/uploads\/2026\/05\/3-400x269.jpg 400w\" sizes=\"(max-width: 600px) 100vw, 600px\" \/><\/a>\n\t\t\t\t\t\t\t<div class=\"post-header\">\n\t\t\t\t\t\t\t\t<h3 class=\"title\"><a href=\"https:\/\/lecasierfrancais.fr\/index.php\/2026\/05\/15\/installation-de-casiers-connectes-a-gurmencon-le-gaec-du-pas-daspe-developpe-la-vente-directe-de-fromages\/\">Installation de casiers connect\u00e9s \u00e0 Gurmen\u00e7on : le GAEC du Pas d\u2019Aspe d\u00e9veloppe la vente directe de fromages \ud83e\uddc0<\/a><\/h3>\t\n\t\t\t\t\t\t\t\t<span class=\"meta-author\"><a href=\"https:\/\/lecasierfrancais.fr\/index.php\/author\/le-casier-francais\/\" title=\"Articles par Le Casier Francais\" rel=\"author\">Le Casier Francais<\/a> <\/span> <span class=\"meta-category\"> | <a href=\"https:\/\/lecasierfrancais.fr\/index.php\/category\/ouvertures\/fromager\/\">Fromager<\/a>, <a href=\"https:\/\/lecasierfrancais.fr\/index.php\/category\/ouvertures\/\">Ouvertures<\/a>, <a href=\"https:\/\/lecasierfrancais.fr\/index.php\/category\/ouvertures\/pau\/\">Pau<\/a> <\/span> <span class=\"meta-comment-count\"> | <a href=\"https:\/\/lecasierfrancais.fr\/index.php\/2026\/05\/15\/installation-de-casiers-connectes-a-gurmencon-le-gaec-du-pas-daspe-developpe-la-vente-directe-de-fromages\/#respond\">\n\t\t\t\t\t\t\t\tSans Commentaire<\/a> <\/span>\n\t\t\t\t\t\t\t<\/div><!--\/post-header-->\n\t\t\t\t\t\t\t\n\t\t\t\t\t\t\t<div class=\"excerpt\">En mars 2026, le GAEC du Pas d\u2019Aspe a choisi d\u2019installer un module de casiers\u2026<\/div>\t\t\t\t\t\n\t\t\t\t<\/div><!--\/col-->\n\t\t\t\t\n\t\t\t\t\t\t\n\t\t\t<\/div><!--\/blog-recent-->\n\t\t\n\t\t[\/vc_column][\/vc_row][vc_row type=\u00a0\u00bbin_container\u00a0\u00bb full_screen_row_position=\u00a0\u00bbmiddle\u00a0\u00bb scene_position=\u00a0\u00bbcenter\u00a0\u00bb text_color=\u00a0\u00bbdark\u00a0\u00bb text_align=\u00a0\u00bbleft\u00a0\u00bb overlay_strength=\u00a0\u00bb0.3&Prime; shape_divider_position=\u00a0\u00bbbottom\u00a0\u00bb][vc_column column_padding=\u00a0\u00bbno-extra-padding\u00a0\u00bb column_padding_position=\u00a0\u00bball\u00a0\u00bb background_color_opacity=\u00a0\u00bb1&Prime; background_hover_color_opacity=\u00a0\u00bb1&Prime; column_shadow=\u00a0\u00bbnone\u00a0\u00bb column_border_radius=\u00a0\u00bbnone\u00a0\u00bb width=\u00a0\u00bb1\/1&Prime; tablet_text_alignment=\u00a0\u00bbdefault\u00a0\u00bb phone_text_alignment=\u00a0\u00bbdefault\u00a0\u00bb column_border_width=\u00a0\u00bbnone\u00a0\u00bb column_border_style=\u00a0\u00bbsolid\u00a0\u00bb]<div class=\"divider-wrap\"><div style=\"height: 100px;\" class=\"divider\"><\/div><\/div>[vc_custom_heading text=\u00a0\u00bbIls ont aussi un casier pr\u00e8s de Tarbes&#8230;\u00a0\u00bb use_theme_fonts=\u00a0\u00bbyes\u00a0\u00bb]<div class=\"divider-wrap\"><div style=\"height: 30px;\" class=\"divider\"><\/div><\/div>\t\t\t<div class=\"row blog-recent columns-3\" data-style=\"default\" data-color-scheme=\"light\">\n\t\t\t\t\n\t\t\t\t\n\t\t\t\t<div class=\"col span_4 post-23863 post type-post status-publish format-standard has-post-thumbnail category-fromager category-ouvertures category-tarbes tag-casier-fromager tag-casier-fromages tag-chevrerie tag-circuit-court tag-distributeur-automatique-fromage tag-fromage-de-chevre tag-hautes-pyrenees tag-le-casier-francais tag-libre-service tag-occitanie tag-produits-locaux tag-tarbes tag-uglas\" >\n\t\t\t\t\t\n\t\t\t\t\t<a href=\"https:\/\/lecasierfrancais.fr\/index.php\/2026\/09\/04\/le-peuple-des-chevres-installe-son-distributeur-automatique-de-fromages-pres-de-tarbes\/\"><img decoding=\"async\" width=\"600\" height=\"403\" src=\"https:\/\/lecasierfrancais.fr\/wp-content\/uploads\/2026\/08\/Capture-decran-2026-08-31-164658-600x403.jpg\" class=\"attachment-portfolio-thumb size-portfolio-thumb wp-post-image\" alt=\"Panneau en bord de route indiquant la ch\u00e8vrerie Le peuple des Ch\u00e8vres\" title=\"\" srcset=\"https:\/\/lecasierfrancais.fr\/wp-content\/uploads\/2026\/08\/Capture-decran-2026-08-31-164658-600x403.jpg 600w, https:\/\/lecasierfrancais.fr\/wp-content\/uploads\/2026\/08\/Capture-decran-2026-08-31-164658-400x269.jpg 400w\" sizes=\"(max-width: 600px) 100vw, 600px\" \/><\/a>\n\t\t\t\t\t\t\t<div class=\"post-header\">\n\t\t\t\t\t\t\t\t<h3 class=\"title\"><a href=\"https:\/\/lecasierfrancais.fr\/index.php\/2026\/09\/04\/le-peuple-des-chevres-installe-son-distributeur-automatique-de-fromages-pres-de-tarbes\/\">Le Peuple des Ch\u00e8vres installe son distributeur automatique de fromages pr\u00e8s de Tarbes<\/a><\/h3>\t\n\t\t\t\t\t\t\t\t<span class=\"meta-author\"><a href=\"https:\/\/lecasierfrancais.fr\/index.php\/author\/le-casier-francais\/\" title=\"Articles par Le Casier Francais\" rel=\"author\">Le Casier Francais<\/a> <\/span> <span class=\"meta-category\"> | <a href=\"https:\/\/lecasierfrancais.fr\/index.php\/category\/ouvertures\/fromager\/\">Fromager<\/a>, <a href=\"https:\/\/lecasierfrancais.fr\/index.php\/category\/ouvertures\/\">Ouvertures<\/a>, <a href=\"https:\/\/lecasierfrancais.fr\/index.php\/category\/ouvertures\/tarbes\/\">Tarbes<\/a> <\/span> <span class=\"meta-comment-count\"> | <a href=\"https:\/\/lecasierfrancais.fr\/index.php\/2026\/09\/04\/le-peuple-des-chevres-installe-son-distributeur-automatique-de-fromages-pres-de-tarbes\/#respond\">\n\t\t\t\t\t\t\t\tSans Commentaire<\/a> <\/span>\n\t\t\t\t\t\t\t<\/div><!--\/post-header-->\n\t\t\t\t\t\t\t\n\t\t\t\t\t\t\t<div class=\"excerpt\">Les amateurs de terroir pyr\u00e9n\u00e9en peuvent d\u00e9sormais acheter leurs fromages de ch\u00e8vre en libre-service et\u2026<\/div>\t\t\t\t\t\n\t\t\t\t<\/div><!--\/col-->\n\t\t\t\t\n\t\t\t\t\n\t\t\t\t<div class=\"col span_4 post-22855 post type-post status-publish format-standard has-post-thumbnail category-boucherie-charcuterie-traiteur category-ouvertures category-tarbes tag-casier-connecte tag-casier-refrigere tag-distributeur-automatique tag-distributeur-automatique-alimentaire tag-distribution-automatique tag-hautes-pyrenees tag-la-saga-de-mavi tag-lannemezan tag-le-casier-francais tag-le-trident tag-libre-service tag-restauration tag-tarbes tag-traiteur\" >\n\t\t\t\t\t\n\t\t\t\t\t<a href=\"https:\/\/lecasierfrancais.fr\/index.php\/2026\/07\/22\/ouverture-de-la-saga-de-mavi-pres-de-tarbes-un-distributeur-automatique-de-plats-cuisines-en-libre-service\/\"><img decoding=\"async\" width=\"600\" height=\"403\" src=\"https:\/\/lecasierfrancais.fr\/wp-content\/uploads\/2026\/07\/WhatsApp-Image-2026-05-28-at-11.30.49-600x403.jpeg\" class=\"attachment-portfolio-thumb size-portfolio-thumb wp-post-image\" alt=\"Distributeur automatique Le Casier Fran\u00e7ais 21 casiers avec plateau tournant\" title=\"\" srcset=\"https:\/\/lecasierfrancais.fr\/wp-content\/uploads\/2026\/07\/WhatsApp-Image-2026-05-28-at-11.30.49-600x403.jpeg 600w, https:\/\/lecasierfrancais.fr\/wp-content\/uploads\/2026\/07\/WhatsApp-Image-2026-05-28-at-11.30.49-400x269.jpeg 400w\" sizes=\"(max-width: 600px) 100vw, 600px\" \/><\/a>\n\t\t\t\t\t\t\t<div class=\"post-header\">\n\t\t\t\t\t\t\t\t<h3 class=\"title\"><a href=\"https:\/\/lecasierfrancais.fr\/index.php\/2026\/07\/22\/ouverture-de-la-saga-de-mavi-pres-de-tarbes-un-distributeur-automatique-de-plats-cuisines-en-libre-service\/\">Ouverture de La Saga de Mavi pr\u00e8s de Tarbes : un distributeur automatique de plats cuisin\u00e9s en libre-service<\/a><\/h3>\t\n\t\t\t\t\t\t\t\t<span class=\"meta-author\"><a href=\"https:\/\/lecasierfrancais.fr\/index.php\/author\/admin4915\/\" title=\"Articles par Le Casier Fran\u00e7ais\" rel=\"author\">Le Casier Fran\u00e7ais<\/a> <\/span> <span class=\"meta-category\"> | <a href=\"https:\/\/lecasierfrancais.fr\/index.php\/category\/ouvertures\/boucherie-charcuterie-traiteur\/\">Boucherie Charcuterie Traiteur<\/a>, <a href=\"https:\/\/lecasierfrancais.fr\/index.php\/category\/ouvertures\/\">Ouvertures<\/a>, <a href=\"https:\/\/lecasierfrancais.fr\/index.php\/category\/ouvertures\/tarbes\/\">Tarbes<\/a> <\/span> <span class=\"meta-comment-count\"> | <a href=\"https:\/\/lecasierfrancais.fr\/index.php\/2026\/07\/22\/ouverture-de-la-saga-de-mavi-pres-de-tarbes-un-distributeur-automatique-de-plats-cuisines-en-libre-service\/#respond\">\n\t\t\t\t\t\t\t\tSans Commentaire<\/a> <\/span>\n\t\t\t\t\t\t\t<\/div><!--\/post-header-->\n\t\t\t\t\t\t\t\n\t\t\t\t\t\t\t<div class=\"excerpt\">\u00c0 Lannemezan pr\u00e8s de Tarbes, dans les Hautes-Pyr\u00e9n\u00e9es, une nouvelle solution de distribution automatique de\u2026<\/div>\t\t\t\t\t\n\t\t\t\t<\/div><!--\/col-->\n\t\t\t\t\n\t\t\t\t\t\t\n\t\t\t<\/div><!--\/blog-recent-->\n\t\t\n\t\t[\/vc_column][\/vc_row]\n","protected":false},"excerpt":{"rendered":"<p>[vc_row type=\u00a0\u00bbin_container\u00a0\u00bb full_screen_row_position=\u00a0\u00bbmiddle\u00a0\u00bb scene_position=\u00a0\u00bbcenter\u00a0\u00bb text_color=\u00a0\u00bbdark\u00a0\u00bb text_align=\u00a0\u00bbleft\u00a0\u00bb overlay_strength=\u00a0\u00bb0.3&Prime; shape_divider_position=\u00a0\u00bbbottom\u00a0\u00bb][vc_column column_padding=\u00a0\u00bbno-extra-padding\u00a0\u00bb column_padding_position=\u00a0\u00bball\u00a0\u00bb background_color_opacity=\u00a0\u00bb1&Prime; background_hover_color_opacity=\u00a0\u00bb1&Prime; column_shadow=\u00a0\u00bbnone\u00a0\u00bb column_border_radius=\u00a0\u00bbnone\u00a0\u00bb width=\u00a0\u00bb1\/1&Prime;&#8230;<\/p>\n","protected":false},"author":8,"featured_media":23864,"comment_status":"open","ping_status":"open","sticky":false,"template":"","format":"standard","meta":{"footnotes":""},"categories":[912,381,954],"tags":[779,1005,1007,417,876,1006,896,421,567,1009,502,897,1008],"class_list":{"0":"post-23863","1":"post","2":"type-post","3":"status-publish","4":"format-standard","5":"has-post-thumbnail","7":"category-fromager","8":"category-ouvertures","9":"category-tarbes","10":"tag-casier-fromager","11":"tag-casier-fromages","12":"tag-chevrerie","13":"tag-circuit-court","14":"tag-distributeur-automatique-fromage","15":"tag-fromage-de-chevre","16":"tag-hautes-pyrenees","17":"tag-le-casier-francais","18":"tag-libre-service","19":"tag-occitanie","20":"tag-produits-locaux","21":"tag-tarbes","22":"tag-uglas"},"yoast_head":"<!-- This site is optimized with the Yoast SEO Premium plugin v26.6 (Yoast SEO v26.6) - https:\/\/yoast.com\/wordpress\/plugins\/seo\/ -->\n<title>Le Peuple des Ch\u00e8vres installe son distributeur automatique de fromages pr\u00e8s de Tarbes - Le Casier Fran\u00e7ais<\/title>\n<meta name=\"description\" content=\"Installer un distributeur automatique \u00e0 fromages pr\u00e8s de Tarbes en plus de leur boutique ? C&#039;est le pari de la ch\u00e8vrerie Le peuple des ch\u00e8vres.\" \/>\n<meta name=\"robots\" content=\"index, follow, max-snippet:-1, max-image-preview:large, max-video-preview:-1\" \/>\n<link rel=\"canonical\" href=\"https:\/\/lecasierfrancais.fr\/index.php\/2026\/09\/04\/le-peuple-des-chevres-installe-son-distributeur-automatique-de-fromages-pres-de-tarbes\/\" \/>\n<meta property=\"og:locale\" content=\"fr_FR\" \/>\n<meta property=\"og:type\" content=\"article\" \/>\n<meta property=\"og:title\" content=\"Le Peuple des Ch\u00e8vres installe son distributeur automatique de fromages pr\u00e8s de Tarbes\" \/>\n<meta property=\"og:description\" content=\"Installer un distributeur automatique \u00e0 fromages pr\u00e8s de Tarbes en plus de leur boutique ? C&#039;est le pari de la ch\u00e8vrerie Le peuple des ch\u00e8vres.\" \/>\n<meta property=\"og:url\" content=\"https:\/\/lecasierfrancais.fr\/index.php\/2026\/09\/04\/le-peuple-des-chevres-installe-son-distributeur-automatique-de-fromages-pres-de-tarbes\/\" \/>\n<meta property=\"og:site_name\" content=\"Le Casier Fran\u00e7ais\" \/>\n<meta property=\"article:publisher\" content=\"https:\/\/www.facebook.com\/lecasierfrancais\/\" \/>\n<meta property=\"article:published_time\" content=\"2026-09-04T07:00:17+00:00\" \/>\n<meta property=\"og:image\" content=\"https:\/\/lecasierfrancais.fr\/wp-content\/uploads\/2026\/08\/Capture-decran-2026-08-31-164658-e1788188094957.jpg\" \/>\n\t<meta property=\"og:image:width\" content=\"500\" \/>\n\t<meta property=\"og:image:height\" content=\"365\" \/>\n\t<meta property=\"og:image:type\" content=\"image\/jpeg\" \/>\n<meta name=\"author\" content=\"Le Casier Francais\" \/>\n<meta name=\"twitter:card\" content=\"summary_large_image\" \/>\n<meta name=\"twitter:label1\" content=\"\u00c9crit par\" \/>\n\t<meta name=\"twitter:data1\" content=\"Le Casier Francais\" \/>\n\t<meta name=\"twitter:label2\" content=\"Dur\u00e9e de lecture estim\u00e9e\" \/>\n\t<meta name=\"twitter:data2\" content=\"5 minutes\" \/>\n<script type=\"application\/ld+json\" class=\"yoast-schema-graph\">{\"@context\":\"https:\/\/schema.org\",\"@graph\":[{\"@type\":\"WebPage\",\"@id\":\"https:\/\/lecasierfrancais.fr\/index.php\/2026\/09\/04\/le-peuple-des-chevres-installe-son-distributeur-automatique-de-fromages-pres-de-tarbes\/\",\"url\":\"https:\/\/lecasierfrancais.fr\/index.php\/2026\/09\/04\/le-peuple-des-chevres-installe-son-distributeur-automatique-de-fromages-pres-de-tarbes\/\",\"name\":\"Le Peuple des Ch\u00e8vres installe son distributeur automatique de fromages pr\u00e8s de Tarbes - Le Casier Fran\u00e7ais\",\"isPartOf\":{\"@id\":\"https:\/\/lecasierfrancais.fr\/#website\"},\"primaryImageOfPage\":{\"@id\":\"https:\/\/lecasierfrancais.fr\/index.php\/2026\/09\/04\/le-peuple-des-chevres-installe-son-distributeur-automatique-de-fromages-pres-de-tarbes\/#primaryimage\"},\"image\":{\"@id\":\"https:\/\/lecasierfrancais.fr\/index.php\/2026\/09\/04\/le-peuple-des-chevres-installe-son-distributeur-automatique-de-fromages-pres-de-tarbes\/#primaryimage\"},\"thumbnailUrl\":\"https:\/\/lecasierfrancais.fr\/wp-content\/uploads\/2026\/08\/Capture-decran-2026-08-31-164658-e1788188094957.jpg\",\"datePublished\":\"2026-09-04T07:00:17+00:00\",\"author\":{\"@id\":\"https:\/\/lecasierfrancais.fr\/#\/schema\/person\/7ca32438b040d2a673afe220fe3c2fbd\"},\"description\":\"Installer un distributeur automatique \u00e0 fromages pr\u00e8s de Tarbes en plus de leur boutique ? C'est le pari de la ch\u00e8vrerie Le peuple des ch\u00e8vres.\",\"breadcrumb\":{\"@id\":\"https:\/\/lecasierfrancais.fr\/index.php\/2026\/09\/04\/le-peuple-des-chevres-installe-son-distributeur-automatique-de-fromages-pres-de-tarbes\/#breadcrumb\"},\"inLanguage\":\"fr-FR\",\"potentialAction\":[{\"@type\":\"ReadAction\",\"target\":[\"https:\/\/lecasierfrancais.fr\/index.php\/2026\/09\/04\/le-peuple-des-chevres-installe-son-distributeur-automatique-de-fromages-pres-de-tarbes\/\"]}]},{\"@type\":\"ImageObject\",\"inLanguage\":\"fr-FR\",\"@id\":\"https:\/\/lecasierfrancais.fr\/index.php\/2026\/09\/04\/le-peuple-des-chevres-installe-son-distributeur-automatique-de-fromages-pres-de-tarbes\/#primaryimage\",\"url\":\"https:\/\/lecasierfrancais.fr\/wp-content\/uploads\/2026\/08\/Capture-decran-2026-08-31-164658-e1788188094957.jpg\",\"contentUrl\":\"https:\/\/lecasierfrancais.fr\/wp-content\/uploads\/2026\/08\/Capture-decran-2026-08-31-164658-e1788188094957.jpg\",\"width\":500,\"height\":365,\"caption\":\"Panneau en bord de route indiquant la ch\u00e8vrerie Le peuple des Ch\u00e8vres\"},{\"@type\":\"BreadcrumbList\",\"@id\":\"https:\/\/lecasierfrancais.fr\/index.php\/2026\/09\/04\/le-peuple-des-chevres-installe-son-distributeur-automatique-de-fromages-pres-de-tarbes\/#breadcrumb\",\"itemListElement\":[{\"@type\":\"ListItem\",\"position\":1,\"name\":\"Accueil\",\"item\":\"https:\/\/lecasierfrancais.fr\/\"},{\"@type\":\"ListItem\",\"position\":2,\"name\":\"Le Peuple des Ch\u00e8vres installe son distributeur automatique de fromages pr\u00e8s de Tarbes\"}]},{\"@type\":\"WebSite\",\"@id\":\"https:\/\/lecasierfrancais.fr\/#website\",\"url\":\"https:\/\/lecasierfrancais.fr\/\",\"name\":\"Le Casier Fran\u00e7ais\",\"description\":\"Fabricant de casiers connect\u00e9s pour la vente directe de vos produits\",\"potentialAction\":[{\"@type\":\"SearchAction\",\"target\":{\"@type\":\"EntryPoint\",\"urlTemplate\":\"https:\/\/lecasierfrancais.fr\/?s={search_term_string}\"},\"query-input\":{\"@type\":\"PropertyValueSpecification\",\"valueRequired\":true,\"valueName\":\"search_term_string\"}}],\"inLanguage\":\"fr-FR\"},{\"@type\":\"Person\",\"@id\":\"https:\/\/lecasierfrancais.fr\/#\/schema\/person\/7ca32438b040d2a673afe220fe3c2fbd\",\"name\":\"Le Casier Francais\",\"image\":{\"@type\":\"ImageObject\",\"inLanguage\":\"fr-FR\",\"@id\":\"https:\/\/lecasierfrancais.fr\/#\/schema\/person\/image\/\",\"url\":\"https:\/\/secure.gravatar.com\/avatar\/f29776dfd97a4c78aee2ab31cb63a0f4097b8cc071a068daac2d914eb26fbbd4?s=96&d=mm&r=g\",\"contentUrl\":\"https:\/\/secure.gravatar.com\/avatar\/f29776dfd97a4c78aee2ab31cb63a0f4097b8cc071a068daac2d914eb26fbbd4?s=96&d=mm&r=g\",\"caption\":\"Le Casier Francais\"},\"url\":\"https:\/\/lecasierfrancais.fr\/index.php\/author\/le-casier-francais\/\"}]}<\/script>\n<!-- \/ Yoast SEO Premium plugin. -->","yoast_head_json":{"title":"Le Peuple des Ch\u00e8vres installe son distributeur automatique de fromages pr\u00e8s de Tarbes - Le Casier Fran\u00e7ais","description":"Installer un distributeur automatique \u00e0 fromages pr\u00e8s de Tarbes en plus de leur boutique ? C'est le pari de la ch\u00e8vrerie Le peuple des ch\u00e8vres.","robots":{"index":"index","follow":"follow","max-snippet":"max-snippet:-1","max-image-preview":"max-image-preview:large","max-video-preview":"max-video-preview:-1"},"canonical":"https:\/\/lecasierfrancais.fr\/index.php\/2026\/09\/04\/le-peuple-des-chevres-installe-son-distributeur-automatique-de-fromages-pres-de-tarbes\/","og_locale":"fr_FR","og_type":"article","og_title":"Le Peuple des Ch\u00e8vres installe son distributeur automatique de fromages pr\u00e8s de Tarbes","og_description":"Installer un distributeur automatique \u00e0 fromages pr\u00e8s de Tarbes en plus de leur boutique ? C'est le pari de la ch\u00e8vrerie Le peuple des ch\u00e8vres.","og_url":"https:\/\/lecasierfrancais.fr\/index.php\/2026\/09\/04\/le-peuple-des-chevres-installe-son-distributeur-automatique-de-fromages-pres-de-tarbes\/","og_site_name":"Le Casier Fran\u00e7ais","article_publisher":"https:\/\/www.facebook.com\/lecasierfrancais\/","article_published_time":"2026-09-04T07:00:17+00:00","og_image":[{"width":500,"height":365,"url":"https:\/\/lecasierfrancais.fr\/wp-content\/uploads\/2026\/08\/Capture-decran-2026-08-31-164658-e1788188094957.jpg","type":"image\/jpeg"}],"author":"Le Casier Francais","twitter_card":"summary_large_image","twitter_misc":{"\u00c9crit par":"Le Casier Francais","Dur\u00e9e de lecture estim\u00e9e":"5 minutes"},"schema":{"@context":"https:\/\/schema.org","@graph":[{"@type":"WebPage","@id":"https:\/\/lecasierfrancais.fr\/index.php\/2026\/09\/04\/le-peuple-des-chevres-installe-son-distributeur-automatique-de-fromages-pres-de-tarbes\/","url":"https:\/\/lecasierfrancais.fr\/index.php\/2026\/09\/04\/le-peuple-des-chevres-installe-son-distributeur-automatique-de-fromages-pres-de-tarbes\/","name":"Le Peuple des Ch\u00e8vres installe son distributeur automatique de fromages pr\u00e8s de Tarbes - Le Casier Fran\u00e7ais","isPartOf":{"@id":"https:\/\/lecasierfrancais.fr\/#website"},"primaryImageOfPage":{"@id":"https:\/\/lecasierfrancais.fr\/index.php\/2026\/09\/04\/le-peuple-des-chevres-installe-son-distributeur-automatique-de-fromages-pres-de-tarbes\/#primaryimage"},"image":{"@id":"https:\/\/lecasierfrancais.fr\/index.php\/2026\/09\/04\/le-peuple-des-chevres-installe-son-distributeur-automatique-de-fromages-pres-de-tarbes\/#primaryimage"},"thumbnailUrl":"https:\/\/lecasierfrancais.fr\/wp-content\/uploads\/2026\/08\/Capture-decran-2026-08-31-164658-e1788188094957.jpg","datePublished":"2026-09-04T07:00:17+00:00","author":{"@id":"https:\/\/lecasierfrancais.fr\/#\/schema\/person\/7ca32438b040d2a673afe220fe3c2fbd"},"description":"Installer un distributeur automatique \u00e0 fromages pr\u00e8s de Tarbes en plus de leur boutique ? C'est le pari de la ch\u00e8vrerie Le peuple des ch\u00e8vres.","breadcrumb":{"@id":"https:\/\/lecasierfrancais.fr\/index.php\/2026\/09\/04\/le-peuple-des-chevres-installe-son-distributeur-automatique-de-fromages-pres-de-tarbes\/#breadcrumb"},"inLanguage":"fr-FR","potentialAction":[{"@type":"ReadAction","target":["https:\/\/lecasierfrancais.fr\/index.php\/2026\/09\/04\/le-peuple-des-chevres-installe-son-distributeur-automatique-de-fromages-pres-de-tarbes\/"]}]},{"@type":"ImageObject","inLanguage":"fr-FR","@id":"https:\/\/lecasierfrancais.fr\/index.php\/2026\/09\/04\/le-peuple-des-chevres-installe-son-distributeur-automatique-de-fromages-pres-de-tarbes\/#primaryimage","url":"https:\/\/lecasierfrancais.fr\/wp-content\/uploads\/2026\/08\/Capture-decran-2026-08-31-164658-e1788188094957.jpg","contentUrl":"https:\/\/lecasierfrancais.fr\/wp-content\/uploads\/2026\/08\/Capture-decran-2026-08-31-164658-e1788188094957.jpg","width":500,"height":365,"caption":"Panneau en bord de route indiquant la ch\u00e8vrerie Le peuple des Ch\u00e8vres"},{"@type":"BreadcrumbList","@id":"https:\/\/lecasierfrancais.fr\/index.php\/2026\/09\/04\/le-peuple-des-chevres-installe-son-distributeur-automatique-de-fromages-pres-de-tarbes\/#breadcrumb","itemListElement":[{"@type":"ListItem","position":1,"name":"Accueil","item":"https:\/\/lecasierfrancais.fr\/"},{"@type":"ListItem","position":2,"name":"Le Peuple des Ch\u00e8vres installe son distributeur automatique de fromages pr\u00e8s de Tarbes"}]},{"@type":"WebSite","@id":"https:\/\/lecasierfrancais.fr\/#website","url":"https:\/\/lecasierfrancais.fr\/","name":"Le Casier Fran\u00e7ais","description":"Fabricant de casiers connect\u00e9s pour la vente directe de vos produits","potentialAction":[{"@type":"SearchAction","target":{"@type":"EntryPoint","urlTemplate":"https:\/\/lecasierfrancais.fr\/?s={search_term_string}"},"query-input":{"@type":"PropertyValueSpecification","valueRequired":true,"valueName":"search_term_string"}}],"inLanguage":"fr-FR"},{"@type":"Person","@id":"https:\/\/lecasierfrancais.fr\/#\/schema\/person\/7ca32438b040d2a673afe220fe3c2fbd","name":"Le Casier Francais","image":{"@type":"ImageObject","inLanguage":"fr-FR","@id":"https:\/\/lecasierfrancais.fr\/#\/schema\/person\/image\/","url":"https:\/\/secure.gravatar.com\/avatar\/f29776dfd97a4c78aee2ab31cb63a0f4097b8cc071a068daac2d914eb26fbbd4?s=96&d=mm&r=g","contentUrl":"https:\/\/secure.gravatar.com\/avatar\/f29776dfd97a4c78aee2ab31cb63a0f4097b8cc071a068daac2d914eb26fbbd4?s=96&d=mm&r=g","caption":"Le Casier Francais"},"url":"https:\/\/lecasierfrancais.fr\/index.php\/author\/le-casier-francais\/"}]}},"_links":{"self":[{"href":"https:\/\/lecasierfrancais.fr\/index.php\/wp-json\/wp\/v2\/posts\/23863","targetHints":{"allow":["GET"]}}],"collection":[{"href":"https:\/\/lecasierfrancais.fr\/index.php\/wp-json\/wp\/v2\/posts"}],"about":[{"href":"https:\/\/lecasierfrancais.fr\/index.php\/wp-json\/wp\/v2\/types\/post"}],"author":[{"embeddable":true,"href":"https:\/\/lecasierfrancais.fr\/index.php\/wp-json\/wp\/v2\/users\/8"}],"replies":[{"embeddable":true,"href":"https:\/\/lecasierfrancais.fr\/index.php\/wp-json\/wp\/v2\/comments?post=23863"}],"version-history":[{"count":1,"href":"https:\/\/lecasierfrancais.fr\/index.php\/wp-json\/wp\/v2\/posts\/23863\/revisions"}],"predecessor-version":[{"id":23868,"href":"https:\/\/lecasierfrancais.fr\/index.php\/wp-json\/wp\/v2\/posts\/23863\/revisions\/23868"}],"wp:featuredmedia":[{"embeddable":true,"href":"https:\/\/lecasierfrancais.fr\/index.php\/wp-json\/wp\/v2\/media\/23864"}],"wp:attachment":[{"href":"https:\/\/lecasierfrancais.fr\/index.php\/wp-json\/wp\/v2\/media?parent=23863"}],"wp:term":[{"taxonomy":"category","embeddable":true,"href":"https:\/\/lecasierfrancais.fr\/index.php\/wp-json\/wp\/v2\/categories?post=23863"},{"taxonomy":"post_tag","embeddable":true,"href":"https:\/\/lecasierfrancais.fr\/index.php\/wp-json\/wp\/v2\/tags?post=23863"}],"curies":[{"name":"wp","href":"https:\/\/api.w.org\/{rel}","templated":true}]}}