{"id":8940,"date":"2021-09-15T15:04:18","date_gmt":"2021-09-15T13:04:18","guid":{"rendered":"https:\/\/lecasierfrancais.fr\/?p=8940"},"modified":"2024-06-04T16:21:49","modified_gmt":"2024-06-04T14:21:49","slug":"retrouvez-nous-au-space-a-rennes","status":"publish","type":"post","link":"https:\/\/lecasierfrancais.fr\/index.php\/2021\/09\/15\/retrouvez-nous-au-space-a-rennes\/","title":{"rendered":"Retrouvez-nous au SPACE \u00e0 Rennes"},"content":{"rendered":"<p>Retrouvez-nous au SPACE Rennes jusqu&rsquo;\u00e0 demain soir 20h ! \ud83d\udc04\ud83d\udc02<br \/>\nNotre \u00e9quipe Le Casier Fran\u00e7ais vous attend pour une d\u00e9monstration de nos casiers automatiques sur notre stand Hall 1 !<\/p>\n<p>#lecasierfrancais #LCF #restaurationcollective #agriculture #distributeurautomatique #casierautomatique #madeinfance #\u00e9v\u00e8nement #salonprofessionnel #Space #ventedirecte #circuitcourt #productionlocale<\/p>\n\n","protected":false},"excerpt":{"rendered":"<p>Retrouvez-nous au SPACE Rennes jusqu&rsquo;\u00e0 demain soir 20h ! \ud83d\udc04\ud83d\udc02 Notre \u00e9quipe Le Casier Fran\u00e7ais&#8230;<\/p>\n","protected":false},"author":8,"featured_media":8942,"comment_status":"open","ping_status":"open","sticky":false,"template":"","format":"standard","meta":{"footnotes":""},"categories":[392],"tags":[443,389,384,396,417,387,386,388,418,390,416,385,421,383,434,487,394,484,474],"class_list":{"0":"post-8940","1":"post","2":"type-post","3":"status-publish","4":"format-standard","5":"has-post-thumbnail","7":"category-salon","8":"tag-agriculture","9":"tag-automatique","10":"tag-casier","11":"tag-casiers","12":"tag-circuit-court","13":"tag-circuitcourt","14":"tag-court","15":"tag-distributeur","16":"tag-distributeur-automatique","17":"tag-distributeurautomatique","18":"tag-fabrication-francaise","19":"tag-francais","20":"tag-le-casier-francais","21":"tag-lecasierfrancais","22":"tag-madeinfrance","23":"tag-rennes","24":"tag-salon","25":"tag-salonprofessionnel","26":"tag-space"},"yoast_head":"<!-- This site is optimized with the Yoast SEO Premium plugin v26.6 (Yoast SEO v26.6) - https:\/\/yoast.com\/wordpress\/plugins\/seo\/ -->\n<title>Retrouvez-nous au SPACE \u00e0 Rennes - Le Casier Fran\u00e7ais<\/title>\n<meta name=\"robots\" content=\"index, follow, max-snippet:-1, max-image-preview:large, max-video-preview:-1\" \/>\n<link rel=\"canonical\" href=\"https:\/\/lecasierfrancais.fr\/index.php\/2021\/09\/15\/retrouvez-nous-au-space-a-rennes\/\" \/>\n<meta property=\"og:locale\" content=\"fr_FR\" \/>\n<meta property=\"og:type\" content=\"article\" \/>\n<meta property=\"og:title\" content=\"Retrouvez-nous au SPACE \u00e0 Rennes\" \/>\n<meta property=\"og:description\" content=\"Retrouvez-nous au SPACE Rennes jusqu&rsquo;\u00e0 demain soir 20h ! \ud83d\udc04\ud83d\udc02 Notre \u00e9quipe Le Casier Fran\u00e7ais...\" \/>\n<meta property=\"og:url\" content=\"https:\/\/lecasierfrancais.fr\/index.php\/2021\/09\/15\/retrouvez-nous-au-space-a-rennes\/\" \/>\n<meta property=\"og:site_name\" content=\"Le Casier Fran\u00e7ais\" \/>\n<meta property=\"article:publisher\" content=\"https:\/\/www.facebook.com\/lecasierfrancais\/\" \/>\n<meta property=\"article:published_time\" content=\"2021-09-15T13:04:18+00:00\" \/>\n<meta property=\"article:modified_time\" content=\"2024-06-04T14:21:49+00:00\" \/>\n<meta property=\"og:image\" content=\"https:\/\/lecasierfrancais.fr\/wp-content\/uploads\/2021\/09\/chrome_q5S7PzXZxI.png\" \/>\n\t<meta property=\"og:image:width\" content=\"507\" \/>\n\t<meta property=\"og:image:height\" content=\"507\" \/>\n\t<meta property=\"og:image:type\" content=\"image\/png\" \/>\n<meta name=\"author\" content=\"Le Casier Francais\" \/>\n<meta name=\"twitter:card\" content=\"summary_large_image\" \/>\n<meta name=\"twitter:label1\" content=\"\u00c9crit par\" \/>\n\t<meta name=\"twitter:data1\" content=\"Le Casier Francais\" \/>\n<script type=\"application\/ld+json\" class=\"yoast-schema-graph\">{\"@context\":\"https:\/\/schema.org\",\"@graph\":[{\"@type\":\"WebPage\",\"@id\":\"https:\/\/lecasierfrancais.fr\/index.php\/2021\/09\/15\/retrouvez-nous-au-space-a-rennes\/\",\"url\":\"https:\/\/lecasierfrancais.fr\/index.php\/2021\/09\/15\/retrouvez-nous-au-space-a-rennes\/\",\"name\":\"Retrouvez-nous au SPACE \u00e0 Rennes - Le Casier Fran\u00e7ais\",\"isPartOf\":{\"@id\":\"https:\/\/lecasierfrancais.fr\/#website\"},\"primaryImageOfPage\":{\"@id\":\"https:\/\/lecasierfrancais.fr\/index.php\/2021\/09\/15\/retrouvez-nous-au-space-a-rennes\/#primaryimage\"},\"image\":{\"@id\":\"https:\/\/lecasierfrancais.fr\/index.php\/2021\/09\/15\/retrouvez-nous-au-space-a-rennes\/#primaryimage\"},\"thumbnailUrl\":\"https:\/\/lecasierfrancais.fr\/wp-content\/uploads\/2021\/09\/chrome_q5S7PzXZxI.png\",\"datePublished\":\"2021-09-15T13:04:18+00:00\",\"dateModified\":\"2024-06-04T14:21:49+00:00\",\"author\":{\"@id\":\"https:\/\/lecasierfrancais.fr\/#\/schema\/person\/7ca32438b040d2a673afe220fe3c2fbd\"},\"breadcrumb\":{\"@id\":\"https:\/\/lecasierfrancais.fr\/index.php\/2021\/09\/15\/retrouvez-nous-au-space-a-rennes\/#breadcrumb\"},\"inLanguage\":\"fr-FR\",\"potentialAction\":[{\"@type\":\"ReadAction\",\"target\":[\"https:\/\/lecasierfrancais.fr\/index.php\/2021\/09\/15\/retrouvez-nous-au-space-a-rennes\/\"]}]},{\"@type\":\"ImageObject\",\"inLanguage\":\"fr-FR\",\"@id\":\"https:\/\/lecasierfrancais.fr\/index.php\/2021\/09\/15\/retrouvez-nous-au-space-a-rennes\/#primaryimage\",\"url\":\"https:\/\/lecasierfrancais.fr\/wp-content\/uploads\/2021\/09\/chrome_q5S7PzXZxI.png\",\"contentUrl\":\"https:\/\/lecasierfrancais.fr\/wp-content\/uploads\/2021\/09\/chrome_q5S7PzXZxI.png\",\"width\":507,\"height\":507},{\"@type\":\"BreadcrumbList\",\"@id\":\"https:\/\/lecasierfrancais.fr\/index.php\/2021\/09\/15\/retrouvez-nous-au-space-a-rennes\/#breadcrumb\",\"itemListElement\":[{\"@type\":\"ListItem\",\"position\":1,\"name\":\"Accueil\",\"item\":\"https:\/\/lecasierfrancais.fr\/\"},{\"@type\":\"ListItem\",\"position\":2,\"name\":\"Retrouvez-nous au SPACE \u00e0 Rennes\"}]},{\"@type\":\"WebSite\",\"@id\":\"https:\/\/lecasierfrancais.fr\/#website\",\"url\":\"https:\/\/lecasierfrancais.fr\/\",\"name\":\"Le Casier Fran\u00e7ais\",\"description\":\"Fabricant de casiers connect\u00e9s pour la vente directe de vos produits\",\"potentialAction\":[{\"@type\":\"SearchAction\",\"target\":{\"@type\":\"EntryPoint\",\"urlTemplate\":\"https:\/\/lecasierfrancais.fr\/?s={search_term_string}\"},\"query-input\":{\"@type\":\"PropertyValueSpecification\",\"valueRequired\":true,\"valueName\":\"search_term_string\"}}],\"inLanguage\":\"fr-FR\"},{\"@type\":\"Person\",\"@id\":\"https:\/\/lecasierfrancais.fr\/#\/schema\/person\/7ca32438b040d2a673afe220fe3c2fbd\",\"name\":\"Le Casier Francais\",\"image\":{\"@type\":\"ImageObject\",\"inLanguage\":\"fr-FR\",\"@id\":\"https:\/\/lecasierfrancais.fr\/#\/schema\/person\/image\/\",\"url\":\"https:\/\/secure.gravatar.com\/avatar\/f29776dfd97a4c78aee2ab31cb63a0f4097b8cc071a068daac2d914eb26fbbd4?s=96&d=mm&r=g\",\"contentUrl\":\"https:\/\/secure.gravatar.com\/avatar\/f29776dfd97a4c78aee2ab31cb63a0f4097b8cc071a068daac2d914eb26fbbd4?s=96&d=mm&r=g\",\"caption\":\"Le Casier Francais\"},\"url\":\"https:\/\/lecasierfrancais.fr\/index.php\/author\/le-casier-francais\/\"}]}<\/script>\n<!-- \/ Yoast SEO Premium plugin. -->","yoast_head_json":{"title":"Retrouvez-nous au SPACE \u00e0 Rennes - Le Casier Fran\u00e7ais","robots":{"index":"index","follow":"follow","max-snippet":"max-snippet:-1","max-image-preview":"max-image-preview:large","max-video-preview":"max-video-preview:-1"},"canonical":"https:\/\/lecasierfrancais.fr\/index.php\/2021\/09\/15\/retrouvez-nous-au-space-a-rennes\/","og_locale":"fr_FR","og_type":"article","og_title":"Retrouvez-nous au SPACE \u00e0 Rennes","og_description":"Retrouvez-nous au SPACE Rennes jusqu&rsquo;\u00e0 demain soir 20h ! \ud83d\udc04\ud83d\udc02 Notre \u00e9quipe Le Casier Fran\u00e7ais...","og_url":"https:\/\/lecasierfrancais.fr\/index.php\/2021\/09\/15\/retrouvez-nous-au-space-a-rennes\/","og_site_name":"Le Casier Fran\u00e7ais","article_publisher":"https:\/\/www.facebook.com\/lecasierfrancais\/","article_published_time":"2021-09-15T13:04:18+00:00","article_modified_time":"2024-06-04T14:21:49+00:00","og_image":[{"width":507,"height":507,"url":"https:\/\/lecasierfrancais.fr\/wp-content\/uploads\/2021\/09\/chrome_q5S7PzXZxI.png","type":"image\/png"}],"author":"Le Casier Francais","twitter_card":"summary_large_image","twitter_misc":{"\u00c9crit par":"Le Casier Francais"},"schema":{"@context":"https:\/\/schema.org","@graph":[{"@type":"WebPage","@id":"https:\/\/lecasierfrancais.fr\/index.php\/2021\/09\/15\/retrouvez-nous-au-space-a-rennes\/","url":"https:\/\/lecasierfrancais.fr\/index.php\/2021\/09\/15\/retrouvez-nous-au-space-a-rennes\/","name":"Retrouvez-nous au SPACE \u00e0 Rennes - Le Casier Fran\u00e7ais","isPartOf":{"@id":"https:\/\/lecasierfrancais.fr\/#website"},"primaryImageOfPage":{"@id":"https:\/\/lecasierfrancais.fr\/index.php\/2021\/09\/15\/retrouvez-nous-au-space-a-rennes\/#primaryimage"},"image":{"@id":"https:\/\/lecasierfrancais.fr\/index.php\/2021\/09\/15\/retrouvez-nous-au-space-a-rennes\/#primaryimage"},"thumbnailUrl":"https:\/\/lecasierfrancais.fr\/wp-content\/uploads\/2021\/09\/chrome_q5S7PzXZxI.png","datePublished":"2021-09-15T13:04:18+00:00","dateModified":"2024-06-04T14:21:49+00:00","author":{"@id":"https:\/\/lecasierfrancais.fr\/#\/schema\/person\/7ca32438b040d2a673afe220fe3c2fbd"},"breadcrumb":{"@id":"https:\/\/lecasierfrancais.fr\/index.php\/2021\/09\/15\/retrouvez-nous-au-space-a-rennes\/#breadcrumb"},"inLanguage":"fr-FR","potentialAction":[{"@type":"ReadAction","target":["https:\/\/lecasierfrancais.fr\/index.php\/2021\/09\/15\/retrouvez-nous-au-space-a-rennes\/"]}]},{"@type":"ImageObject","inLanguage":"fr-FR","@id":"https:\/\/lecasierfrancais.fr\/index.php\/2021\/09\/15\/retrouvez-nous-au-space-a-rennes\/#primaryimage","url":"https:\/\/lecasierfrancais.fr\/wp-content\/uploads\/2021\/09\/chrome_q5S7PzXZxI.png","contentUrl":"https:\/\/lecasierfrancais.fr\/wp-content\/uploads\/2021\/09\/chrome_q5S7PzXZxI.png","width":507,"height":507},{"@type":"BreadcrumbList","@id":"https:\/\/lecasierfrancais.fr\/index.php\/2021\/09\/15\/retrouvez-nous-au-space-a-rennes\/#breadcrumb","itemListElement":[{"@type":"ListItem","position":1,"name":"Accueil","item":"https:\/\/lecasierfrancais.fr\/"},{"@type":"ListItem","position":2,"name":"Retrouvez-nous au SPACE \u00e0 Rennes"}]},{"@type":"WebSite","@id":"https:\/\/lecasierfrancais.fr\/#website","url":"https:\/\/lecasierfrancais.fr\/","name":"Le Casier Fran\u00e7ais","description":"Fabricant de casiers connect\u00e9s pour la vente directe de vos produits","potentialAction":[{"@type":"SearchAction","target":{"@type":"EntryPoint","urlTemplate":"https:\/\/lecasierfrancais.fr\/?s={search_term_string}"},"query-input":{"@type":"PropertyValueSpecification","valueRequired":true,"valueName":"search_term_string"}}],"inLanguage":"fr-FR"},{"@type":"Person","@id":"https:\/\/lecasierfrancais.fr\/#\/schema\/person\/7ca32438b040d2a673afe220fe3c2fbd","name":"Le Casier Francais","image":{"@type":"ImageObject","inLanguage":"fr-FR","@id":"https:\/\/lecasierfrancais.fr\/#\/schema\/person\/image\/","url":"https:\/\/secure.gravatar.com\/avatar\/f29776dfd97a4c78aee2ab31cb63a0f4097b8cc071a068daac2d914eb26fbbd4?s=96&d=mm&r=g","contentUrl":"https:\/\/secure.gravatar.com\/avatar\/f29776dfd97a4c78aee2ab31cb63a0f4097b8cc071a068daac2d914eb26fbbd4?s=96&d=mm&r=g","caption":"Le Casier Francais"},"url":"https:\/\/lecasierfrancais.fr\/index.php\/author\/le-casier-francais\/"}]}},"_links":{"self":[{"href":"https:\/\/lecasierfrancais.fr\/index.php\/wp-json\/wp\/v2\/posts\/8940","targetHints":{"allow":["GET"]}}],"collection":[{"href":"https:\/\/lecasierfrancais.fr\/index.php\/wp-json\/wp\/v2\/posts"}],"about":[{"href":"https:\/\/lecasierfrancais.fr\/index.php\/wp-json\/wp\/v2\/types\/post"}],"author":[{"embeddable":true,"href":"https:\/\/lecasierfrancais.fr\/index.php\/wp-json\/wp\/v2\/users\/8"}],"replies":[{"embeddable":true,"href":"https:\/\/lecasierfrancais.fr\/index.php\/wp-json\/wp\/v2\/comments?post=8940"}],"version-history":[{"count":1,"href":"https:\/\/lecasierfrancais.fr\/index.php\/wp-json\/wp\/v2\/posts\/8940\/revisions"}],"predecessor-version":[{"id":8943,"href":"https:\/\/lecasierfrancais.fr\/index.php\/wp-json\/wp\/v2\/posts\/8940\/revisions\/8943"}],"wp:featuredmedia":[{"embeddable":true,"href":"https:\/\/lecasierfrancais.fr\/index.php\/wp-json\/wp\/v2\/media\/8942"}],"wp:attachment":[{"href":"https:\/\/lecasierfrancais.fr\/index.php\/wp-json\/wp\/v2\/media?parent=8940"}],"wp:term":[{"taxonomy":"category","embeddable":true,"href":"https:\/\/lecasierfrancais.fr\/index.php\/wp-json\/wp\/v2\/categories?post=8940"},{"taxonomy":"post_tag","embeddable":true,"href":"https:\/\/lecasierfrancais.fr\/index.php\/wp-json\/wp\/v2\/tags?post=8940"}],"curies":[{"name":"wp","href":"https:\/\/api.w.org\/{rel}","templated":true}]}}