{"id":8999,"date":"2021-11-04T15:10:08","date_gmt":"2021-11-04T14:10:08","guid":{"rendered":"https:\/\/lecasierfrancais.fr\/?p=8999"},"modified":"2024-06-04T16:21:48","modified_gmt":"2024-06-04T14:21:48","slug":"8999","status":"publish","type":"post","link":"https:\/\/lecasierfrancais.fr\/index.php\/2021\/11\/04\/8999\/","title":{"rendered":"All et l&rsquo;Universit\u00e9 Catholique de Lille"},"content":{"rendered":"[vc_row type=\u00a0\u00bbin_container\u00a0\u00bb full_screen_row_position=\u00a0\u00bbmiddle\u00a0\u00bb scene_position=\u00a0\u00bbcenter\u00a0\u00bb text_color=\u00a0\u00bbdark\u00a0\u00bb text_align=\u00a0\u00bbleft\u00a0\u00bb overlay_strength=\u00a0\u00bb0.3&Prime; shape_divider_position=\u00a0\u00bbbottom\u00a0\u00bb][vc_column column_padding=\u00a0\u00bbno-extra-padding\u00a0\u00bb column_padding_position=\u00a0\u00bball\u00a0\u00bb background_color_opacity=\u00a0\u00bb1&Prime; background_hover_color_opacity=\u00a0\u00bb1&Prime; column_shadow=\u00a0\u00bbnone\u00a0\u00bb column_border_radius=\u00a0\u00bbnone\u00a0\u00bb width=\u00a0\u00bb1\/1&Prime; tablet_text_alignment=\u00a0\u00bbdefault\u00a0\u00bb phone_text_alignment=\u00a0\u00bbdefault\u00a0\u00bb column_border_width=\u00a0\u00bbnone\u00a0\u00bb column_border_style=\u00a0\u00bbsolid\u00a0\u00bb][vc_column_text]Un grand merci aux \u00e9quipes de All, tous les services de la vie \u00e9tudiante et de l&rsquo;Universit\u00e9 Catholique de Lille pour cette sublime collaboration ! \ud83c\udf8a<br \/>\nRetrouvez cette implantation \u00e0 EuraTechnologies dans le b\u00e2timent WENOV !<br \/>\n#Lecasierfrancais #LCF #originefrancegarantie #madeinfrance #restaurantuniversitaire #euratechnologies[\/vc_column_text]<div class=\"img-with-aniamtion-wrap \" data-max-width=\"100%\" data-border-radius=\"none\"><div class=\"inner\"><img decoding=\"async\" data-shadow=\"none\" data-shadow-direction=\"middle\" class=\"img-with-animation \" data-delay=\"0\" height=\"1500\" width=\"2000\" data-animation=\"fade-in\" src=\"https:\/\/lecasierfrancais.fr\/wp-content\/uploads\/2021\/11\/IMG_3151.jpg\" srcset=\"https:\/\/lecasierfrancais.fr\/wp-content\/uploads\/2021\/11\/IMG_3151.jpg 2000w, https:\/\/lecasierfrancais.fr\/wp-content\/uploads\/2021\/11\/IMG_3151-300x225.jpg 300w, https:\/\/lecasierfrancais.fr\/wp-content\/uploads\/2021\/11\/IMG_3151-1024x768.jpg 1024w, https:\/\/lecasierfrancais.fr\/wp-content\/uploads\/2021\/11\/IMG_3151-768x576.jpg 768w, https:\/\/lecasierfrancais.fr\/wp-content\/uploads\/2021\/11\/IMG_3151-1536x1152.jpg 1536w\" sizes=\"100vw\" alt=\"\" \/><\/div><\/div><div class=\"img-with-aniamtion-wrap \" data-max-width=\"100%\" data-border-radius=\"none\"><div class=\"inner\"><img decoding=\"async\" data-shadow=\"none\" data-shadow-direction=\"middle\" class=\"img-with-animation \" data-delay=\"0\" height=\"1500\" width=\"2000\" data-animation=\"fade-in\" src=\"https:\/\/lecasierfrancais.fr\/wp-content\/uploads\/2021\/11\/252478923_698951044827562_6740398736914368445_n.jpg\" srcset=\"https:\/\/lecasierfrancais.fr\/wp-content\/uploads\/2021\/11\/252478923_698951044827562_6740398736914368445_n.jpg 2000w, https:\/\/lecasierfrancais.fr\/wp-content\/uploads\/2021\/11\/252478923_698951044827562_6740398736914368445_n-300x225.jpg 300w, https:\/\/lecasierfrancais.fr\/wp-content\/uploads\/2021\/11\/252478923_698951044827562_6740398736914368445_n-1024x768.jpg 1024w, https:\/\/lecasierfrancais.fr\/wp-content\/uploads\/2021\/11\/252478923_698951044827562_6740398736914368445_n-768x576.jpg 768w, https:\/\/lecasierfrancais.fr\/wp-content\/uploads\/2021\/11\/252478923_698951044827562_6740398736914368445_n-1536x1152.jpg 1536w\" sizes=\"100vw\" alt=\"\" \/><\/div><\/div>[\/vc_column][\/vc_row]\n","protected":false},"excerpt":{"rendered":"<p>[vc_row type=\u00a0\u00bbin_container\u00a0\u00bb full_screen_row_position=\u00a0\u00bbmiddle\u00a0\u00bb scene_position=\u00a0\u00bbcenter\u00a0\u00bb text_color=\u00a0\u00bbdark\u00a0\u00bb text_align=\u00a0\u00bbleft\u00a0\u00bb overlay_strength=\u00a0\u00bb0.3&Prime; shape_divider_position=\u00a0\u00bbbottom\u00a0\u00bb][vc_column column_padding=\u00a0\u00bbno-extra-padding\u00a0\u00bb column_padding_position=\u00a0\u00bball\u00a0\u00bb background_color_opacity=\u00a0\u00bb1&Prime; background_hover_color_opacity=\u00a0\u00bb1&Prime; column_shadow=\u00a0\u00bbnone\u00a0\u00bb column_border_radius=\u00a0\u00bbnone\u00a0\u00bb width=\u00a0\u00bb1\/1&Prime;&#8230;<\/p>\n","protected":false},"author":8,"featured_media":9001,"comment_status":"open","ping_status":"open","sticky":false,"template":"","format":"standard","meta":{"footnotes":""},"categories":[381],"tags":[513,492,407,434,420,503,437,483,511,512],"class_list":{"0":"post-8999","1":"post","2":"type-post","3":"status-publish","4":"format-standard","5":"has-post-thumbnail","7":"category-ouvertures","8":"tag-euratechnologies","9":"tag-made-in-fance","10":"tag-made-in-france","11":"tag-madeinfrance","12":"tag-origine-france","13":"tag-origine-france-garantie","14":"tag-originefrancegarantie","15":"tag-restaurant","16":"tag-restaurant-universitaire","17":"tag-restaurantuniversitaire"},"yoast_head":"<!-- This site is optimized with the Yoast SEO Premium plugin v26.6 (Yoast SEO v26.6) - https:\/\/yoast.com\/wordpress\/plugins\/seo\/ -->\n<title>All et l&#039;Universit\u00e9 Catholique de Lille - Le Casier Fran\u00e7ais<\/title>\n<meta name=\"robots\" content=\"index, follow, max-snippet:-1, max-image-preview:large, max-video-preview:-1\" \/>\n<link rel=\"canonical\" href=\"https:\/\/lecasierfrancais.fr\/index.php\/2021\/11\/04\/8999\/\" \/>\n<meta property=\"og:locale\" content=\"fr_FR\" \/>\n<meta property=\"og:type\" content=\"article\" \/>\n<meta property=\"og:title\" content=\"All et l&#039;Universit\u00e9 Catholique de Lille\" \/>\n<meta property=\"og:description\" content=\"[vc_row type=\u00a0\u00bbin_container\u00a0\u00bb full_screen_row_position=\u00a0\u00bbmiddle\u00a0\u00bb scene_position=\u00a0\u00bbcenter\u00a0\u00bb text_color=\u00a0\u00bbdark\u00a0\u00bb text_align=\u00a0\u00bbleft\u00a0\u00bb overlay_strength=\u00a0\u00bb0.3&Prime; shape_divider_position=\u00a0\u00bbbottom\u00a0\u00bb][vc_column column_padding=\u00a0\u00bbno-extra-padding\u00a0\u00bb column_padding_position=\u00a0\u00bball\u00a0\u00bb background_color_opacity=\u00a0\u00bb1&Prime; background_hover_color_opacity=\u00a0\u00bb1&Prime; column_shadow=\u00a0\u00bbnone\u00a0\u00bb column_border_radius=\u00a0\u00bbnone\u00a0\u00bb width=\u00a0\u00bb1\/1&Prime;...\" \/>\n<meta property=\"og:url\" content=\"https:\/\/lecasierfrancais.fr\/index.php\/2021\/11\/04\/8999\/\" \/>\n<meta property=\"og:site_name\" content=\"Le Casier Fran\u00e7ais\" \/>\n<meta property=\"article:publisher\" content=\"https:\/\/www.facebook.com\/lecasierfrancais\/\" \/>\n<meta property=\"article:published_time\" content=\"2021-11-04T14:10:08+00:00\" \/>\n<meta property=\"article:modified_time\" content=\"2024-06-04T14:21:48+00:00\" \/>\n<meta property=\"og:image\" content=\"https:\/\/lecasierfrancais.fr\/wp-content\/uploads\/2021\/11\/IMG_3151.jpg\" \/>\n\t<meta property=\"og:image:width\" content=\"2048\" \/>\n\t<meta property=\"og:image:height\" content=\"1536\" \/>\n\t<meta property=\"og:image:type\" content=\"image\/jpeg\" \/>\n<meta name=\"author\" content=\"Le Casier Francais\" \/>\n<meta name=\"twitter:card\" content=\"summary_large_image\" \/>\n<meta name=\"twitter:label1\" content=\"\u00c9crit par\" \/>\n\t<meta name=\"twitter:data1\" content=\"Le Casier Francais\" \/>\n\t<meta name=\"twitter:label2\" content=\"Dur\u00e9e de lecture estim\u00e9e\" \/>\n\t<meta name=\"twitter:data2\" content=\"1 minute\" \/>\n<script type=\"application\/ld+json\" class=\"yoast-schema-graph\">{\"@context\":\"https:\/\/schema.org\",\"@graph\":[{\"@type\":\"WebPage\",\"@id\":\"https:\/\/lecasierfrancais.fr\/index.php\/2021\/11\/04\/8999\/\",\"url\":\"https:\/\/lecasierfrancais.fr\/index.php\/2021\/11\/04\/8999\/\",\"name\":\"All et l'Universit\u00e9 Catholique de Lille - Le Casier Fran\u00e7ais\",\"isPartOf\":{\"@id\":\"https:\/\/lecasierfrancais.fr\/#website\"},\"primaryImageOfPage\":{\"@id\":\"https:\/\/lecasierfrancais.fr\/index.php\/2021\/11\/04\/8999\/#primaryimage\"},\"image\":{\"@id\":\"https:\/\/lecasierfrancais.fr\/index.php\/2021\/11\/04\/8999\/#primaryimage\"},\"thumbnailUrl\":\"https:\/\/lecasierfrancais.fr\/wp-content\/uploads\/2021\/11\/IMG_3151.jpg\",\"datePublished\":\"2021-11-04T14:10:08+00:00\",\"dateModified\":\"2024-06-04T14:21:48+00:00\",\"author\":{\"@id\":\"https:\/\/lecasierfrancais.fr\/#\/schema\/person\/7ca32438b040d2a673afe220fe3c2fbd\"},\"breadcrumb\":{\"@id\":\"https:\/\/lecasierfrancais.fr\/index.php\/2021\/11\/04\/8999\/#breadcrumb\"},\"inLanguage\":\"fr-FR\",\"potentialAction\":[{\"@type\":\"ReadAction\",\"target\":[\"https:\/\/lecasierfrancais.fr\/index.php\/2021\/11\/04\/8999\/\"]}]},{\"@type\":\"ImageObject\",\"inLanguage\":\"fr-FR\",\"@id\":\"https:\/\/lecasierfrancais.fr\/index.php\/2021\/11\/04\/8999\/#primaryimage\",\"url\":\"https:\/\/lecasierfrancais.fr\/wp-content\/uploads\/2021\/11\/IMG_3151.jpg\",\"contentUrl\":\"https:\/\/lecasierfrancais.fr\/wp-content\/uploads\/2021\/11\/IMG_3151.jpg\",\"width\":2000,\"height\":1500},{\"@type\":\"BreadcrumbList\",\"@id\":\"https:\/\/lecasierfrancais.fr\/index.php\/2021\/11\/04\/8999\/#breadcrumb\",\"itemListElement\":[{\"@type\":\"ListItem\",\"position\":1,\"name\":\"Accueil\",\"item\":\"https:\/\/lecasierfrancais.fr\/\"},{\"@type\":\"ListItem\",\"position\":2,\"name\":\"All et l&rsquo;Universit\u00e9 Catholique de Lille\"}]},{\"@type\":\"WebSite\",\"@id\":\"https:\/\/lecasierfrancais.fr\/#website\",\"url\":\"https:\/\/lecasierfrancais.fr\/\",\"name\":\"Le Casier Fran\u00e7ais\",\"description\":\"Fabricant de casiers connect\u00e9s pour la vente directe de vos produits\",\"potentialAction\":[{\"@type\":\"SearchAction\",\"target\":{\"@type\":\"EntryPoint\",\"urlTemplate\":\"https:\/\/lecasierfrancais.fr\/?s={search_term_string}\"},\"query-input\":{\"@type\":\"PropertyValueSpecification\",\"valueRequired\":true,\"valueName\":\"search_term_string\"}}],\"inLanguage\":\"fr-FR\"},{\"@type\":\"Person\",\"@id\":\"https:\/\/lecasierfrancais.fr\/#\/schema\/person\/7ca32438b040d2a673afe220fe3c2fbd\",\"name\":\"Le Casier Francais\",\"image\":{\"@type\":\"ImageObject\",\"inLanguage\":\"fr-FR\",\"@id\":\"https:\/\/lecasierfrancais.fr\/#\/schema\/person\/image\/\",\"url\":\"https:\/\/secure.gravatar.com\/avatar\/f29776dfd97a4c78aee2ab31cb63a0f4097b8cc071a068daac2d914eb26fbbd4?s=96&d=mm&r=g\",\"contentUrl\":\"https:\/\/secure.gravatar.com\/avatar\/f29776dfd97a4c78aee2ab31cb63a0f4097b8cc071a068daac2d914eb26fbbd4?s=96&d=mm&r=g\",\"caption\":\"Le Casier Francais\"},\"url\":\"https:\/\/lecasierfrancais.fr\/index.php\/author\/le-casier-francais\/\"}]}<\/script>\n<!-- \/ Yoast SEO Premium plugin. -->","yoast_head_json":{"title":"All et l'Universit\u00e9 Catholique de Lille - Le Casier Fran\u00e7ais","robots":{"index":"index","follow":"follow","max-snippet":"max-snippet:-1","max-image-preview":"max-image-preview:large","max-video-preview":"max-video-preview:-1"},"canonical":"https:\/\/lecasierfrancais.fr\/index.php\/2021\/11\/04\/8999\/","og_locale":"fr_FR","og_type":"article","og_title":"All et l'Universit\u00e9 Catholique de Lille","og_description":"[vc_row type=\u00a0\u00bbin_container\u00a0\u00bb full_screen_row_position=\u00a0\u00bbmiddle\u00a0\u00bb scene_position=\u00a0\u00bbcenter\u00a0\u00bb text_color=\u00a0\u00bbdark\u00a0\u00bb text_align=\u00a0\u00bbleft\u00a0\u00bb overlay_strength=\u00a0\u00bb0.3&Prime; shape_divider_position=\u00a0\u00bbbottom\u00a0\u00bb][vc_column column_padding=\u00a0\u00bbno-extra-padding\u00a0\u00bb column_padding_position=\u00a0\u00bball\u00a0\u00bb background_color_opacity=\u00a0\u00bb1&Prime; background_hover_color_opacity=\u00a0\u00bb1&Prime; column_shadow=\u00a0\u00bbnone\u00a0\u00bb column_border_radius=\u00a0\u00bbnone\u00a0\u00bb width=\u00a0\u00bb1\/1&Prime;...","og_url":"https:\/\/lecasierfrancais.fr\/index.php\/2021\/11\/04\/8999\/","og_site_name":"Le Casier Fran\u00e7ais","article_publisher":"https:\/\/www.facebook.com\/lecasierfrancais\/","article_published_time":"2021-11-04T14:10:08+00:00","article_modified_time":"2024-06-04T14:21:48+00:00","og_image":[{"width":2048,"height":1536,"url":"https:\/\/lecasierfrancais.fr\/wp-content\/uploads\/2021\/11\/IMG_3151.jpg","type":"image\/jpeg"}],"author":"Le Casier Francais","twitter_card":"summary_large_image","twitter_misc":{"\u00c9crit par":"Le Casier Francais","Dur\u00e9e de lecture estim\u00e9e":"1 minute"},"schema":{"@context":"https:\/\/schema.org","@graph":[{"@type":"WebPage","@id":"https:\/\/lecasierfrancais.fr\/index.php\/2021\/11\/04\/8999\/","url":"https:\/\/lecasierfrancais.fr\/index.php\/2021\/11\/04\/8999\/","name":"All et l'Universit\u00e9 Catholique de Lille - Le Casier Fran\u00e7ais","isPartOf":{"@id":"https:\/\/lecasierfrancais.fr\/#website"},"primaryImageOfPage":{"@id":"https:\/\/lecasierfrancais.fr\/index.php\/2021\/11\/04\/8999\/#primaryimage"},"image":{"@id":"https:\/\/lecasierfrancais.fr\/index.php\/2021\/11\/04\/8999\/#primaryimage"},"thumbnailUrl":"https:\/\/lecasierfrancais.fr\/wp-content\/uploads\/2021\/11\/IMG_3151.jpg","datePublished":"2021-11-04T14:10:08+00:00","dateModified":"2024-06-04T14:21:48+00:00","author":{"@id":"https:\/\/lecasierfrancais.fr\/#\/schema\/person\/7ca32438b040d2a673afe220fe3c2fbd"},"breadcrumb":{"@id":"https:\/\/lecasierfrancais.fr\/index.php\/2021\/11\/04\/8999\/#breadcrumb"},"inLanguage":"fr-FR","potentialAction":[{"@type":"ReadAction","target":["https:\/\/lecasierfrancais.fr\/index.php\/2021\/11\/04\/8999\/"]}]},{"@type":"ImageObject","inLanguage":"fr-FR","@id":"https:\/\/lecasierfrancais.fr\/index.php\/2021\/11\/04\/8999\/#primaryimage","url":"https:\/\/lecasierfrancais.fr\/wp-content\/uploads\/2021\/11\/IMG_3151.jpg","contentUrl":"https:\/\/lecasierfrancais.fr\/wp-content\/uploads\/2021\/11\/IMG_3151.jpg","width":2000,"height":1500},{"@type":"BreadcrumbList","@id":"https:\/\/lecasierfrancais.fr\/index.php\/2021\/11\/04\/8999\/#breadcrumb","itemListElement":[{"@type":"ListItem","position":1,"name":"Accueil","item":"https:\/\/lecasierfrancais.fr\/"},{"@type":"ListItem","position":2,"name":"All et l&rsquo;Universit\u00e9 Catholique de Lille"}]},{"@type":"WebSite","@id":"https:\/\/lecasierfrancais.fr\/#website","url":"https:\/\/lecasierfrancais.fr\/","name":"Le Casier Fran\u00e7ais","description":"Fabricant de casiers connect\u00e9s pour la vente directe de vos produits","potentialAction":[{"@type":"SearchAction","target":{"@type":"EntryPoint","urlTemplate":"https:\/\/lecasierfrancais.fr\/?s={search_term_string}"},"query-input":{"@type":"PropertyValueSpecification","valueRequired":true,"valueName":"search_term_string"}}],"inLanguage":"fr-FR"},{"@type":"Person","@id":"https:\/\/lecasierfrancais.fr\/#\/schema\/person\/7ca32438b040d2a673afe220fe3c2fbd","name":"Le Casier Francais","image":{"@type":"ImageObject","inLanguage":"fr-FR","@id":"https:\/\/lecasierfrancais.fr\/#\/schema\/person\/image\/","url":"https:\/\/secure.gravatar.com\/avatar\/f29776dfd97a4c78aee2ab31cb63a0f4097b8cc071a068daac2d914eb26fbbd4?s=96&d=mm&r=g","contentUrl":"https:\/\/secure.gravatar.com\/avatar\/f29776dfd97a4c78aee2ab31cb63a0f4097b8cc071a068daac2d914eb26fbbd4?s=96&d=mm&r=g","caption":"Le Casier Francais"},"url":"https:\/\/lecasierfrancais.fr\/index.php\/author\/le-casier-francais\/"}]}},"_links":{"self":[{"href":"https:\/\/lecasierfrancais.fr\/index.php\/wp-json\/wp\/v2\/posts\/8999","targetHints":{"allow":["GET"]}}],"collection":[{"href":"https:\/\/lecasierfrancais.fr\/index.php\/wp-json\/wp\/v2\/posts"}],"about":[{"href":"https:\/\/lecasierfrancais.fr\/index.php\/wp-json\/wp\/v2\/types\/post"}],"author":[{"embeddable":true,"href":"https:\/\/lecasierfrancais.fr\/index.php\/wp-json\/wp\/v2\/users\/8"}],"replies":[{"embeddable":true,"href":"https:\/\/lecasierfrancais.fr\/index.php\/wp-json\/wp\/v2\/comments?post=8999"}],"version-history":[{"count":2,"href":"https:\/\/lecasierfrancais.fr\/index.php\/wp-json\/wp\/v2\/posts\/8999\/revisions"}],"predecessor-version":[{"id":9003,"href":"https:\/\/lecasierfrancais.fr\/index.php\/wp-json\/wp\/v2\/posts\/8999\/revisions\/9003"}],"wp:featuredmedia":[{"embeddable":true,"href":"https:\/\/lecasierfrancais.fr\/index.php\/wp-json\/wp\/v2\/media\/9001"}],"wp:attachment":[{"href":"https:\/\/lecasierfrancais.fr\/index.php\/wp-json\/wp\/v2\/media?parent=8999"}],"wp:term":[{"taxonomy":"category","embeddable":true,"href":"https:\/\/lecasierfrancais.fr\/index.php\/wp-json\/wp\/v2\/categories?post=8999"},{"taxonomy":"post_tag","embeddable":true,"href":"https:\/\/lecasierfrancais.fr\/index.php\/wp-json\/wp\/v2\/tags?post=8999"}],"curies":[{"name":"wp","href":"https:\/\/api.w.org\/{rel}","templated":true}]}}